{"id":22717,"date":"2015-11-20T06:19:18","date_gmt":"2015-11-20T05:19:18","guid":{"rendered":"http:\/\/www.imakeyousmile.se\/?p=22717"},"modified":"2015-11-19T22:42:36","modified_gmt":"2015-11-19T21:42:36","slug":"nominerad-i-beauty-boulevard-awards","status":"publish","type":"post","link":"https:\/\/www.imakeyousmile.se\/en\/nominated-in-beauty-boulevard-awards\/","title":{"rendered":"Nominated in Beauty Boulevard Awards!"},"content":{"rendered":"<p>I love when beauty bloggers are lifted up and get some focus in the blog world, there are so many good and talented beauty bloggers and also lots of categories in beauty depending on what you are looking for - hair, nails, makeup, product reviews, videos, you name it! :)<\/p>\n<p>And that&#039;s why I was extra happy when I saw &quot;<a href=\"http:\/\/beautyboulevard.se\/category\/bb-awards\/\" target=\"_blank\">Beauty Boulevard Awards<\/a>\u201dWhich sprinkles a little extra love on us who blog about beauty. I am nominated for Best Creative Makeup \u2665<\/p>\n<p><a href=\"http:\/\/www.imakeyousmile.se\/wp-content\/uploads\/2015\/11\/Sk\u00e4rmklipp-2015-11-19-22.40.31.png\"><img loading=\"lazy\" decoding=\"async\" class=\"alignnone size-full wp-image-22721\" src=\"http:\/\/www.imakeyousmile.se\/wp-content\/uploads\/2015\/11\/Sk\u00e4rmklipp-2015-11-19-22.40.31.png\" alt=\"Screenshot 2015-11-19 22.40.31\" width=\"1302\" height=\"642\" srcset=\"https:\/\/www.imakeyousmile.se\/wp-content\/uploads\/2015\/11\/Sk\u00e4rmklipp-2015-11-19-22.40.31.png 1302w, https:\/\/www.imakeyousmile.se\/wp-content\/uploads\/2015\/11\/Sk\u00e4rmklipp-2015-11-19-22.40.31-300x148.png 300w, https:\/\/www.imakeyousmile.se\/wp-content\/uploads\/2015\/11\/Sk\u00e4rmklipp-2015-11-19-22.40.31-1024x505.png 1024w, https:\/\/www.imakeyousmile.se\/wp-content\/uploads\/2015\/11\/Sk\u00e4rmklipp-2015-11-19-22.40.31-324x160.png 324w, https:\/\/www.imakeyousmile.se\/wp-content\/uploads\/2015\/11\/Sk\u00e4rmklipp-2015-11-19-22.40.31-696x343.png 696w, https:\/\/www.imakeyousmile.se\/wp-content\/uploads\/2015\/11\/Sk\u00e4rmklipp-2015-11-19-22.40.31-1068x527.png 1068w, https:\/\/www.imakeyousmile.se\/wp-content\/uploads\/2015\/11\/Sk\u00e4rmklipp-2015-11-19-22.40.31-852x420.png 852w\" sizes=\"(max-width: 1302px) 100vw, 1302px\" \/><\/a><a href=\"http:\/\/www.imakeyousmile.se\/wp-content\/uploads\/2015\/11\/Sk\u00e4rmklipp-2015-11-19-22.18.57.png\"><img loading=\"lazy\" decoding=\"async\" class=\"alignnone size-full wp-image-22718\" src=\"http:\/\/www.imakeyousmile.se\/wp-content\/uploads\/2015\/11\/Sk\u00e4rmklipp-2015-11-19-22.18.57.png\" alt=\"Screenshot 2015-11-19 22.18.57\" width=\"2124\" height=\"1107\" srcset=\"https:\/\/www.imakeyousmile.se\/wp-content\/uploads\/2015\/11\/Sk\u00e4rmklipp-2015-11-19-22.18.57.png 2124w, https:\/\/www.imakeyousmile.se\/wp-content\/uploads\/2015\/11\/Sk\u00e4rmklipp-2015-11-19-22.18.57-300x156.png 300w, https:\/\/www.imakeyousmile.se\/wp-content\/uploads\/2015\/11\/Sk\u00e4rmklipp-2015-11-19-22.18.57-1024x534.png 1024w, https:\/\/www.imakeyousmile.se\/wp-content\/uploads\/2015\/11\/Sk\u00e4rmklipp-2015-11-19-22.18.57-696x363.png 696w, https:\/\/www.imakeyousmile.se\/wp-content\/uploads\/2015\/11\/Sk\u00e4rmklipp-2015-11-19-22.18.57-1068x557.png 1068w, https:\/\/www.imakeyousmile.se\/wp-content\/uploads\/2015\/11\/Sk\u00e4rmklipp-2015-11-19-22.18.57-806x420.png 806w\" sizes=\"(max-width: 2124px) 100vw, 2124px\" \/><\/a><\/p>\n<p><a href=\"http:\/\/beautyboulevard.se\/category\/bb-awards\/\" target=\"_blank\">click here<\/a> to vote and see all the other nominees, and get lots of good blog tips for you who want to get more inspiration in the winter darkness! :)<\/p>\n<p>Hugs are \u2665<\/p>","protected":false},"excerpt":{"rendered":"<p>Jag \u00e4lskar n\u00e4r sk\u00f6nhetsbloggare lyfts upp och f\u00e5r lite fokus i bloggv\u00e4rlden, det finns s\u00e5\u00e5 m\u00e5nga bra och duktiga sk\u00f6nhetsbloggare och \u00e4ven massa kategorier inom sk\u00f6nhet beroende p\u00e5 vad man s\u00f6ker &#8211; h\u00e5r, naglar, makeup, produktrecensioner,\u00a0videos, you name it!\u00a0:) Och d\u00e4rf\u00f6r blev jag extra glad n\u00e4r jag s\u00e5g &#8221;Beauty Boulevard Awards&#8221; som str\u00f6sslar lite extra [&hellip;]<\/p>\n","protected":false},"author":30,"featured_media":22718,"comment_status":"open","ping_status":"closed","sticky":false,"template":"","format":"standard","meta":{"footnotes":""},"categories":[3],"tags":[4199],"class_list":["post-22717","post","type-post","status-publish","format-standard","has-post-thumbnail","hentry","category-allmant","tag-beauty-boulevard-awards"],"yoast_head":"<!-- This site is optimized with the Yoast SEO Premium plugin v14.9 - https:\/\/yoast.com\/wordpress\/plugins\/seo\/ -->\n<meta name=\"description\" content=\"Nominerad i Beauty Boulevard Awards! | Helena Amiley - H\u00e4r hittar du senaste infromation om sk\u00f6nhet, livsstil, entrepren\u00f6rskap, makeup &amp; tips.\" \/>\n<meta name=\"robots\" content=\"index, follow, max-snippet:-1, max-image-preview:large, max-video-preview:-1\" \/>\n<link rel=\"canonical\" href=\"https:\/\/www.imakeyousmile.se\/en\/nominerad-i-beauty-boulevard-awards\/\" \/>\n<meta property=\"og:locale\" content=\"en_US\" \/>\n<meta property=\"og:type\" content=\"article\" \/>\n<meta property=\"og:title\" content=\"Nominerad i Beauty Boulevard Awards! | Imakeyousmile.se\" \/>\n<meta property=\"og:description\" content=\"Nominerad i Beauty Boulevard Awards! | Helena Amiley - H\u00e4r hittar du senaste infromation om sk\u00f6nhet, livsstil, entrepren\u00f6rskap, makeup &amp; tips.\" \/>\n<meta property=\"og:url\" content=\"https:\/\/www.imakeyousmile.se\/en\/nominerad-i-beauty-boulevard-awards\/\" \/>\n<meta property=\"og:site_name\" content=\"Imakeyousmile.se\" \/>\n<meta property=\"article:author\" content=\"https:\/\/www.facebook.com\/imakeyousmile.se\" \/>\n<meta property=\"article:published_time\" content=\"2015-11-20T05:19:18+00:00\" \/>\n<meta property=\"article:modified_time\" content=\"2015-11-19T21:42:36+00:00\" \/>\n<meta property=\"og:image\" content=\"https:\/\/www.imakeyousmile.se\/wp-content\/uploads\/2015\/11\/Sk\u00e4rmklipp-2015-11-19-22.18.57.png\" \/>\n\t<meta property=\"og:image:width\" content=\"2124\" \/>\n\t<meta property=\"og:image:height\" content=\"1107\" \/>\n<meta name=\"twitter:card\" content=\"summary_large_image\" \/>\n<script type=\"application\/ld+json\" class=\"yoast-schema-graph\">{\"@context\":\"https:\/\/schema.org\",\"@graph\":[{\"@type\":\"Organization\",\"@id\":\"https:\/\/www.imakeyousmile.se\/en\/#organization\",\"name\":\"Imakeyousmile\",\"url\":\"https:\/\/www.imakeyousmile.se\/en\/\",\"sameAs\":[],\"logo\":{\"@type\":\"ImageObject\",\"@id\":\"https:\/\/www.imakeyousmile.se\/en\/#logo\",\"inLanguage\":\"en-US\",\"url\":\"https:\/\/www.imakeyousmile.se\/wp-content\/uploads\/2020\/10\/HELENA-AMILEY_SVART-1-e1603367975324.png\",\"width\":280,\"height\":93,\"caption\":\"Imakeyousmile\"},\"image\":{\"@id\":\"https:\/\/www.imakeyousmile.se\/en\/#logo\"}},{\"@type\":\"WebSite\",\"@id\":\"https:\/\/www.imakeyousmile.se\/en\/#website\",\"url\":\"https:\/\/www.imakeyousmile.se\/en\/\",\"name\":\"Imakeyousmile.se\",\"description\":\"Helena Amiley - Beauty, Entrepreneur, Lifestyle\",\"publisher\":{\"@id\":\"https:\/\/www.imakeyousmile.se\/en\/#organization\"},\"potentialAction\":[{\"@type\":\"SearchAction\",\"target\":\"https:\/\/www.imakeyousmile.se\/en\/?s={search_term_string}\",\"query-input\":\"required name=search_term_string\"}],\"inLanguage\":\"en-US\"},{\"@type\":\"ImageObject\",\"@id\":\"https:\/\/www.imakeyousmile.se\/nominerad-i-beauty-boulevard-awards\/#primaryimage\",\"inLanguage\":\"en-US\",\"url\":\"https:\/\/www.imakeyousmile.se\/wp-content\/uploads\/2015\/11\/Sk\\u00e4rmklipp-2015-11-19-22.18.57.png\",\"width\":2124,\"height\":1107},{\"@type\":\"WebPage\",\"@id\":\"https:\/\/www.imakeyousmile.se\/nominerad-i-beauty-boulevard-awards\/#webpage\",\"url\":\"https:\/\/www.imakeyousmile.se\/nominerad-i-beauty-boulevard-awards\/\",\"name\":\"Nominerad i Beauty Boulevard Awards! | Imakeyousmile.se\",\"isPartOf\":{\"@id\":\"https:\/\/www.imakeyousmile.se\/en\/#website\"},\"primaryImageOfPage\":{\"@id\":\"https:\/\/www.imakeyousmile.se\/nominerad-i-beauty-boulevard-awards\/#primaryimage\"},\"datePublished\":\"2015-11-20T05:19:18+00:00\",\"dateModified\":\"2015-11-19T21:42:36+00:00\",\"description\":\"Nominerad i Beauty Boulevard Awards! | Helena Amiley - H\\u00e4r hittar du senaste infromation om sk\\u00f6nhet, livsstil, entrepren\\u00f6rskap, makeup & tips.\",\"inLanguage\":\"en-US\",\"potentialAction\":[{\"@type\":\"ReadAction\",\"target\":[\"https:\/\/www.imakeyousmile.se\/nominerad-i-beauty-boulevard-awards\/\"]}]},{\"@type\":\"Article\",\"@id\":\"https:\/\/www.imakeyousmile.se\/nominerad-i-beauty-boulevard-awards\/#article\",\"isPartOf\":{\"@id\":\"https:\/\/www.imakeyousmile.se\/nominerad-i-beauty-boulevard-awards\/#webpage\"},\"author\":{\"@id\":\"https:\/\/www.imakeyousmile.se\/en\/#\/schema\/person\/b0fd43b1c6bb1c60cfd68bff9b4a10fb\"},\"headline\":\"Nominerad i Beauty Boulevard Awards!\",\"datePublished\":\"2015-11-20T05:19:18+00:00\",\"dateModified\":\"2015-11-19T21:42:36+00:00\",\"mainEntityOfPage\":{\"@id\":\"https:\/\/www.imakeyousmile.se\/nominerad-i-beauty-boulevard-awards\/#webpage\"},\"commentCount\":5,\"publisher\":{\"@id\":\"https:\/\/www.imakeyousmile.se\/en\/#organization\"},\"image\":{\"@id\":\"https:\/\/www.imakeyousmile.se\/nominerad-i-beauty-boulevard-awards\/#primaryimage\"},\"keywords\":\"Beauty Boulevard Awards\",\"articleSection\":\"\\u00d6vrigt\",\"inLanguage\":\"en-US\",\"potentialAction\":[{\"@type\":\"CommentAction\",\"name\":\"Comment\",\"target\":[\"https:\/\/www.imakeyousmile.se\/nominerad-i-beauty-boulevard-awards\/#respond\"]}]},{\"@type\":\"Person\",\"@id\":\"https:\/\/www.imakeyousmile.se\/en\/#\/schema\/person\/b0fd43b1c6bb1c60cfd68bff9b4a10fb\",\"name\":\"Helena Amiley\",\"image\":{\"@type\":\"ImageObject\",\"@id\":\"https:\/\/www.imakeyousmile.se\/en\/#personlogo\",\"inLanguage\":\"en-US\",\"url\":\"https:\/\/secure.gravatar.com\/avatar\/5645558e1e355457a23368d7e1b4c904?s=96&d=mm&r=g\",\"caption\":\"Helena Amiley\"},\"description\":\"Jag skriver mest om sk\\u00f6nhet men bjuder \\u00e4ven p\\u00e5 glimtar fr\\u00e5n entrepren\\u00f6rlivet och bygget av v\\u00e5r egen camper van. Vanlife here we come!\",\"sameAs\":[\"https:\/\/www.facebook.com\/imakeyousmile.se\",\"https:\/\/www.instagram.com\/helenaamiley\",\"https:\/\/www.youtube.com\/channel\/UCR5iB6rvpV6Yr8ZjpQfr5mg?view_as=subscriber\"]}]}<\/script>\n<!-- \/ Yoast SEO Premium plugin. -->","_links":{"self":[{"href":"https:\/\/www.imakeyousmile.se\/en\/wp-json\/wp\/v2\/posts\/22717"}],"collection":[{"href":"https:\/\/www.imakeyousmile.se\/en\/wp-json\/wp\/v2\/posts"}],"about":[{"href":"https:\/\/www.imakeyousmile.se\/en\/wp-json\/wp\/v2\/types\/post"}],"author":[{"embeddable":true,"href":"https:\/\/www.imakeyousmile.se\/en\/wp-json\/wp\/v2\/users\/30"}],"replies":[{"embeddable":true,"href":"https:\/\/www.imakeyousmile.se\/en\/wp-json\/wp\/v2\/comments?post=22717"}],"version-history":[{"count":2,"href":"https:\/\/www.imakeyousmile.se\/en\/wp-json\/wp\/v2\/posts\/22717\/revisions"}],"predecessor-version":[{"id":22722,"href":"https:\/\/www.imakeyousmile.se\/en\/wp-json\/wp\/v2\/posts\/22717\/revisions\/22722"}],"wp:featuredmedia":[{"embeddable":true,"href":"https:\/\/www.imakeyousmile.se\/en\/wp-json\/wp\/v2\/media\/22718"}],"wp:attachment":[{"href":"https:\/\/www.imakeyousmile.se\/en\/wp-json\/wp\/v2\/media?parent=22717"}],"wp:term":[{"taxonomy":"category","embeddable":true,"href":"https:\/\/www.imakeyousmile.se\/en\/wp-json\/wp\/v2\/categories?post=22717"},{"taxonomy":"post_tag","embeddable":true,"href":"https:\/\/www.imakeyousmile.se\/en\/wp-json\/wp\/v2\/tags?post=22717"}],"curies":[{"name":"wp","href":"https:\/\/api.w.org\/{rel}","templated":true}]}}