{"id":22900,"date":"2015-12-02T15:31:12","date_gmt":"2015-12-02T14:31:12","guid":{"rendered":"http:\/\/www.imakeyousmile.se\/?p=22900"},"modified":"2020-10-22T17:06:07","modified_gmt":"2020-10-22T15:06:07","slug":"forvandling-bade-pa-insida-och-utsida","status":"publish","type":"post","link":"https:\/\/www.imakeyousmile.se\/en\/transformation-both-on-inside-and-outside\/","title":{"rendered":"Transformation both inside and out!"},"content":{"rendered":"<p>Beauty comes from within, and you notice this not least when you work with beauty, which is mainly about the surface. But the outside and the inside are connected, and it is important to enjoy both to feel good!<\/p>\n<p>People think that everything related to beauty is unnecessary &quot;<em>color the lashes, what should they be good for?<\/em>&quot;But it&#039;s very rare it&#039;s about vanity, and if you do not work with this you rarely see the biggest difference in a customer who comes in compared to when he goes out - and that is self-esteem :)<\/p>\n<p>But sometimes when I take pictures of my customers (which unfortunately happens quite rarely) you can actually get proof of this in black and white. When they not only feel uncomfortable, dull and boring when taking the pre-image, but actually look like that too. And then in the afterimage, the transformation is much greater than the straws you have pulled from the eyebrows and the color you put on the lashes, as the person also shines with radiance \u2665<br \/>\n<a href=\"http:\/\/www.imakeyousmile.se\/wp-content\/uploads\/2015\/12\/sk\u00f6nhet-kommer-inifr\u00e5n.jpg\"><br \/>\n<\/a> <a href=\"http:\/\/www.imakeyousmile.se\/wp-content\/uploads\/2015\/12\/\u00f6gonfranspermanent.jpg\"><img loading=\"lazy\" decoding=\"async\" class=\"alignnone size-full wp-image-22902\" src=\"http:\/\/www.imakeyousmile.se\/wp-content\/uploads\/2015\/12\/\u00f6gonfranspermanent.jpg\" alt=\"eyelash permanent\" width=\"2100\" height=\"1760\" srcset=\"https:\/\/www.imakeyousmile.se\/wp-content\/uploads\/2015\/12\/\u00f6gonfranspermanent.jpg 2100w, https:\/\/www.imakeyousmile.se\/wp-content\/uploads\/2015\/12\/\u00f6gonfranspermanent-300x251.jpg 300w, https:\/\/www.imakeyousmile.se\/wp-content\/uploads\/2015\/12\/\u00f6gonfranspermanent-1024x858.jpg 1024w, https:\/\/www.imakeyousmile.se\/wp-content\/uploads\/2015\/12\/\u00f6gonfranspermanent-696x583.jpg 696w, https:\/\/www.imakeyousmile.se\/wp-content\/uploads\/2015\/12\/\u00f6gonfranspermanent-1068x895.jpg 1068w, https:\/\/www.imakeyousmile.se\/wp-content\/uploads\/2015\/12\/\u00f6gonfranspermanent-501x420.jpg 501w\" sizes=\"(max-width: 2100px) 100vw, 2100px\" \/><\/a><\/p>\n<p>Here is a transformation that Sandra and I made together yesterday, eyebrow plucking, eyelash permanent and eyelash coloring. I plucked the eyebrows and Sandra colored and permanent the eyelashes (permanent bend that lifts the lashes).<\/p>\n<p>Super nice both for people who do not want to put on make-up at all, and for people who put on make-up but want to save time in the morning :)<\/p>\n<p>And here you also see the difference in self-esteem:<\/p>\n<p><a href=\"http:\/\/www.imakeyousmile.se\/wp-content\/uploads\/2015\/12\/sk\u00f6nhet-kommer-inifr\u00e5n.jpg\"><img loading=\"lazy\" decoding=\"async\" class=\"alignnone size-full wp-image-22901\" src=\"http:\/\/www.imakeyousmile.se\/wp-content\/uploads\/2015\/12\/sk\u00f6nhet-kommer-inifr\u00e5n.jpg\" alt=\"beauty-comes-from-within\" width=\"1818\" height=\"1460\" srcset=\"https:\/\/www.imakeyousmile.se\/wp-content\/uploads\/2015\/12\/sk\u00f6nhet-kommer-inifr\u00e5n.jpg 1818w, https:\/\/www.imakeyousmile.se\/wp-content\/uploads\/2015\/12\/sk\u00f6nhet-kommer-inifr\u00e5n-300x241.jpg 300w, https:\/\/www.imakeyousmile.se\/wp-content\/uploads\/2015\/12\/sk\u00f6nhet-kommer-inifr\u00e5n-1024x822.jpg 1024w, https:\/\/www.imakeyousmile.se\/wp-content\/uploads\/2015\/12\/sk\u00f6nhet-kommer-inifr\u00e5n-696x559.jpg 696w, https:\/\/www.imakeyousmile.se\/wp-content\/uploads\/2015\/12\/sk\u00f6nhet-kommer-inifr\u00e5n-1068x858.jpg 1068w, https:\/\/www.imakeyousmile.se\/wp-content\/uploads\/2015\/12\/sk\u00f6nhet-kommer-inifr\u00e5n-523x420.jpg 523w\" sizes=\"(max-width: 1818px) 100vw, 1818px\" \/><\/a><\/p>\n<p>Difference huh? This is not only a transformation on lashes and eyebrows, but also on the inside! You can not believe that there is only a difference of about an hour between the pictures. Fine, fine Oili! \u201d<em>Now I&#039;m going home and reflect<\/em>She said before going home \u2665<\/p>\n<p>If you want to book an appointment to fix eyebrows and lashes here in Uppsala, you can do it directly online <a href=\"http:\/\/creativemakeup.se\/boka-tid\/\" target=\"_blank\" rel=\"noopener noreferrer\">Creativemakeup.se<\/a>!<\/p>\n<p><strong>Prices<\/strong><br \/>\nEyelash permanent + lash coloring SEK 795<br \/>\nEyebrow plucking SEK 225<br \/>\nEyebrow picking + eyebrow dyeing SEK 350<\/p>\n<p>We offer self-confidence;)<\/p>","protected":false},"excerpt":{"rendered":"<p>Sk\u00f6nhet kommer inifr\u00e5n, och det m\u00e4rker man inte minst n\u00e4r man jobbar med\u00a0sk\u00f6nhet som fr\u00e4mst handlar om ytan. Men utsidan och insidan h\u00e4nger ihop, och det \u00e4r viktigt att trivas med b\u00e5da tv\u00e5 f\u00f6r att m\u00e5 bra! Folk t\u00e4nker att\u00a0allt som r\u00f6r sk\u00f6nhet \u00e4r on\u00f6digt &#8221;f\u00e4rga fransarna, vad ska de vara bra f\u00f6r?&#8221;\u00a0men det \u00e4r [&hellip;]<\/p>\n","protected":false},"author":30,"featured_media":22901,"comment_status":"open","ping_status":"closed","sticky":false,"template":"","format":"standard","meta":{"footnotes":""},"categories":[7003,12,61,3919],"tags":[4248,4249,3615,3616,4246,4247],"class_list":["post-22900","post","type-post","status-publish","format-standard","has-post-thumbnail","hentry","category-fore-efter-kunder","category-ogonbryn","category-ogonfransar","category-sminktips","tag-brynplockning-fore-efter","tag-brynplockning-uppsala","tag-ogonfranspermanent","tag-ogonfranspermanent-uppsala","tag-permanenta-ogonfransar","tag-plocka-brynen"],"yoast_head":"<!-- This site is optimized with the Yoast SEO Premium plugin v14.9 - https:\/\/yoast.com\/wordpress\/plugins\/seo\/ -->\n<meta name=\"description\" content=\"F\u00f6rvandling b\u00e5de p\u00e5 insida och utsida! | Helena Amiley - H\u00e4r hittar du senaste infromation om sk\u00f6nhet, livsstil, entrepren\u00f6rskap, makeup &amp; tips.\" \/>\n<meta name=\"robots\" content=\"index, follow, max-snippet:-1, max-image-preview:large, max-video-preview:-1\" \/>\n<link rel=\"canonical\" href=\"https:\/\/www.imakeyousmile.se\/en\/forvandling-bade-pa-insida-och-utsida\/\" \/>\n<meta property=\"og:locale\" content=\"en_US\" \/>\n<meta property=\"og:type\" content=\"article\" \/>\n<meta property=\"og:title\" content=\"F\u00f6rvandling b\u00e5de p\u00e5 insida och utsida! | Imakeyousmile.se\" \/>\n<meta property=\"og:description\" content=\"F\u00f6rvandling b\u00e5de p\u00e5 insida och utsida! | Helena Amiley - H\u00e4r hittar du senaste infromation om sk\u00f6nhet, livsstil, entrepren\u00f6rskap, makeup &amp; tips.\" \/>\n<meta property=\"og:url\" content=\"https:\/\/www.imakeyousmile.se\/en\/forvandling-bade-pa-insida-och-utsida\/\" \/>\n<meta property=\"og:site_name\" content=\"Imakeyousmile.se\" \/>\n<meta property=\"article:author\" content=\"https:\/\/www.facebook.com\/imakeyousmile.se\" \/>\n<meta property=\"article:published_time\" content=\"2015-12-02T14:31:12+00:00\" \/>\n<meta property=\"article:modified_time\" content=\"2020-10-22T15:06:07+00:00\" \/>\n<meta property=\"og:image\" content=\"https:\/\/www.imakeyousmile.se\/wp-content\/uploads\/2015\/12\/sk\u00f6nhet-kommer-inifr\u00e5n.jpg\" \/>\n\t<meta property=\"og:image:width\" content=\"1818\" \/>\n\t<meta property=\"og:image:height\" content=\"1460\" \/>\n<meta name=\"twitter:card\" content=\"summary_large_image\" \/>\n<script type=\"application\/ld+json\" class=\"yoast-schema-graph\">{\"@context\":\"https:\/\/schema.org\",\"@graph\":[{\"@type\":\"Organization\",\"@id\":\"https:\/\/www.imakeyousmile.se\/en\/#organization\",\"name\":\"Imakeyousmile\",\"url\":\"https:\/\/www.imakeyousmile.se\/en\/\",\"sameAs\":[],\"logo\":{\"@type\":\"ImageObject\",\"@id\":\"https:\/\/www.imakeyousmile.se\/en\/#logo\",\"inLanguage\":\"en-US\",\"url\":\"https:\/\/www.imakeyousmile.se\/wp-content\/uploads\/2020\/10\/HELENA-AMILEY_SVART-1-e1603367975324.png\",\"width\":280,\"height\":93,\"caption\":\"Imakeyousmile\"},\"image\":{\"@id\":\"https:\/\/www.imakeyousmile.se\/en\/#logo\"}},{\"@type\":\"WebSite\",\"@id\":\"https:\/\/www.imakeyousmile.se\/en\/#website\",\"url\":\"https:\/\/www.imakeyousmile.se\/en\/\",\"name\":\"Imakeyousmile.se\",\"description\":\"Helena Amiley - Beauty, Entrepreneur, Lifestyle\",\"publisher\":{\"@id\":\"https:\/\/www.imakeyousmile.se\/en\/#organization\"},\"potentialAction\":[{\"@type\":\"SearchAction\",\"target\":\"https:\/\/www.imakeyousmile.se\/en\/?s={search_term_string}\",\"query-input\":\"required name=search_term_string\"}],\"inLanguage\":\"en-US\"},{\"@type\":\"ImageObject\",\"@id\":\"https:\/\/www.imakeyousmile.se\/forvandling-bade-pa-insida-och-utsida\/#primaryimage\",\"inLanguage\":\"en-US\",\"url\":\"https:\/\/www.imakeyousmile.se\/wp-content\/uploads\/2015\/12\/sk\\u00f6nhet-kommer-inifr\\u00e5n.jpg\",\"width\":1818,\"height\":1460},{\"@type\":\"WebPage\",\"@id\":\"https:\/\/www.imakeyousmile.se\/forvandling-bade-pa-insida-och-utsida\/#webpage\",\"url\":\"https:\/\/www.imakeyousmile.se\/forvandling-bade-pa-insida-och-utsida\/\",\"name\":\"F\\u00f6rvandling b\\u00e5de p\\u00e5 insida och utsida! | Imakeyousmile.se\",\"isPartOf\":{\"@id\":\"https:\/\/www.imakeyousmile.se\/en\/#website\"},\"primaryImageOfPage\":{\"@id\":\"https:\/\/www.imakeyousmile.se\/forvandling-bade-pa-insida-och-utsida\/#primaryimage\"},\"datePublished\":\"2015-12-02T14:31:12+00:00\",\"dateModified\":\"2020-10-22T15:06:07+00:00\",\"description\":\"F\\u00f6rvandling b\\u00e5de p\\u00e5 insida och utsida! | Helena Amiley - H\\u00e4r hittar du senaste infromation om sk\\u00f6nhet, livsstil, entrepren\\u00f6rskap, makeup & tips.\",\"inLanguage\":\"en-US\",\"potentialAction\":[{\"@type\":\"ReadAction\",\"target\":[\"https:\/\/www.imakeyousmile.se\/forvandling-bade-pa-insida-och-utsida\/\"]}]},{\"@type\":\"Article\",\"@id\":\"https:\/\/www.imakeyousmile.se\/forvandling-bade-pa-insida-och-utsida\/#article\",\"isPartOf\":{\"@id\":\"https:\/\/www.imakeyousmile.se\/forvandling-bade-pa-insida-och-utsida\/#webpage\"},\"author\":{\"@id\":\"https:\/\/www.imakeyousmile.se\/en\/#\/schema\/person\/b0fd43b1c6bb1c60cfd68bff9b4a10fb\"},\"headline\":\"F\\u00f6rvandling b\\u00e5de p\\u00e5 insida och utsida!\",\"datePublished\":\"2015-12-02T14:31:12+00:00\",\"dateModified\":\"2020-10-22T15:06:07+00:00\",\"mainEntityOfPage\":{\"@id\":\"https:\/\/www.imakeyousmile.se\/forvandling-bade-pa-insida-och-utsida\/#webpage\"},\"commentCount\":2,\"publisher\":{\"@id\":\"https:\/\/www.imakeyousmile.se\/en\/#organization\"},\"image\":{\"@id\":\"https:\/\/www.imakeyousmile.se\/forvandling-bade-pa-insida-och-utsida\/#primaryimage\"},\"keywords\":\"brynplockning f\\u00f6re efter,brynplockning uppsala,\\u00f6gonfranspermanent,\\u00f6gonfranspermanent uppsala,permanenta \\u00f6gonfransar,plocka brynen\",\"articleSection\":\"F\\u00f6re &amp; efter (kundjobb),\\u00d6gonbryn,\\u00d6gonfransar,Sminktips\",\"inLanguage\":\"en-US\",\"potentialAction\":[{\"@type\":\"CommentAction\",\"name\":\"Comment\",\"target\":[\"https:\/\/www.imakeyousmile.se\/forvandling-bade-pa-insida-och-utsida\/#respond\"]}]},{\"@type\":\"Person\",\"@id\":\"https:\/\/www.imakeyousmile.se\/en\/#\/schema\/person\/b0fd43b1c6bb1c60cfd68bff9b4a10fb\",\"name\":\"Helena Amiley\",\"image\":{\"@type\":\"ImageObject\",\"@id\":\"https:\/\/www.imakeyousmile.se\/en\/#personlogo\",\"inLanguage\":\"en-US\",\"url\":\"https:\/\/secure.gravatar.com\/avatar\/5645558e1e355457a23368d7e1b4c904?s=96&d=mm&r=g\",\"caption\":\"Helena Amiley\"},\"description\":\"Jag skriver mest om sk\\u00f6nhet men bjuder \\u00e4ven p\\u00e5 glimtar fr\\u00e5n entrepren\\u00f6rlivet och bygget av v\\u00e5r egen camper van. Vanlife here we come!\",\"sameAs\":[\"https:\/\/www.facebook.com\/imakeyousmile.se\",\"https:\/\/www.instagram.com\/helenaamiley\",\"https:\/\/www.youtube.com\/channel\/UCR5iB6rvpV6Yr8ZjpQfr5mg?view_as=subscriber\"]}]}<\/script>\n<!-- \/ Yoast SEO Premium plugin. -->","_links":{"self":[{"href":"https:\/\/www.imakeyousmile.se\/en\/wp-json\/wp\/v2\/posts\/22900"}],"collection":[{"href":"https:\/\/www.imakeyousmile.se\/en\/wp-json\/wp\/v2\/posts"}],"about":[{"href":"https:\/\/www.imakeyousmile.se\/en\/wp-json\/wp\/v2\/types\/post"}],"author":[{"embeddable":true,"href":"https:\/\/www.imakeyousmile.se\/en\/wp-json\/wp\/v2\/users\/30"}],"replies":[{"embeddable":true,"href":"https:\/\/www.imakeyousmile.se\/en\/wp-json\/wp\/v2\/comments?post=22900"}],"version-history":[{"count":5,"href":"https:\/\/www.imakeyousmile.se\/en\/wp-json\/wp\/v2\/posts\/22900\/revisions"}],"predecessor-version":[{"id":37578,"href":"https:\/\/www.imakeyousmile.se\/en\/wp-json\/wp\/v2\/posts\/22900\/revisions\/37578"}],"wp:featuredmedia":[{"embeddable":true,"href":"https:\/\/www.imakeyousmile.se\/en\/wp-json\/wp\/v2\/media\/22901"}],"wp:attachment":[{"href":"https:\/\/www.imakeyousmile.se\/en\/wp-json\/wp\/v2\/media?parent=22900"}],"wp:term":[{"taxonomy":"category","embeddable":true,"href":"https:\/\/www.imakeyousmile.se\/en\/wp-json\/wp\/v2\/categories?post=22900"},{"taxonomy":"post_tag","embeddable":true,"href":"https:\/\/www.imakeyousmile.se\/en\/wp-json\/wp\/v2\/tags?post=22900"}],"curies":[{"name":"wp","href":"https:\/\/api.w.org\/{rel}","templated":true}]}}