{"id":23403,"date":"2013-12-20T15:18:06","date_gmt":"2013-12-20T14:18:06","guid":{"rendered":"http:\/\/www.imakeyousmile.se\/?p=23403"},"modified":"2015-12-20T15:18:28","modified_gmt":"2015-12-20T14:18:28","slug":"nyarssminkningar-grona-ogon","status":"publish","type":"post","link":"https:\/\/www.imakeyousmile.se\/en\/nyarsminkningar-grona-ogon\/","title":{"rendered":"New Year make-up green eyes"},"content":{"rendered":"<p>Tomorrow is the time, then New Year&#039;s Eve is here and the day when you should feel the most beautiful all year round! Less is more is not a suitable saying at the moment if you say so :)<\/p>\n<p>The day before yesterday, you got to treat yourself to cold make-up with brown eyes, yesterday you got a whole bunch of warm and golden looks with blue eyes. Today it is you with green eyes who will be inspired for tomorrow&#039;s adventure!<\/p>\n<p>Green is highlighted by purple \/ purple-pink, and here comes a picture bomb with such party make-up! :)<\/p>\n<p><a href=\"http:\/\/modernmom.se\/skonhet\/wp-content\/uploads\/sites\/13\/2013\/12\/ny\u00e5rssminkningar-gr\u00f6na-\u00f6gon.jpg\"><img loading=\"lazy\" decoding=\"async\" class=\"alignnone size-large wp-image-4594\" src=\"http:\/\/modernmom.se\/skonhet\/wp-content\/uploads\/sites\/13\/2013\/12\/ny\u00e5rssminkningar-gr\u00f6na-\u00f6gon-670x2829.jpg\" alt=\"new year makeup green eyes\" width=\"670\" height=\"2829\" \/><\/a><\/p>\n<p>&nbsp;<\/p>\n<p>Of course, everyone fits in these make-ups, so if you see someone you like, go for it! That certain colors emphasize each other more has nothing to do with what you fit in and not.<\/p>\n<p>Hope you feel mega inspired!<\/p>\n<p>There are many more party make-ups further back in the archive both here at Modern Mom and at <a href=\"http:\/\/www.imakeyousmile.se\/en\/\" target=\"_blank\">Imakeyousmile.se<\/a>.<\/p>\n<p>Hug, Helena<\/p>","protected":false},"excerpt":{"rendered":"<p>Imorgon \u00e4r det dags, d\u00e5 \u00e4r ny\u00e5rsafton h\u00e4r och dagen d\u00e5 man ska k\u00e4nna sig snyggast p\u00e5 hela \u00e5ret! Less is more \u00e4r inget passande ordspr\u00e5k f\u00f6r tillf\u00e4llet om man s\u00e4ger s\u00e5 :) I f\u00f6rrg\u00e5r fick ni med bruna \u00f6gon gotta er i kalla sminkningar, ig\u00e5r fick ni med bl\u00e5a \u00f6gon ett helt g\u00e4ng med [&hellip;]<\/p>\n","protected":false},"author":30,"featured_media":0,"comment_status":"open","ping_status":"closed","sticky":false,"template":"","format":"standard","meta":{"footnotes":""},"categories":[3],"tags":[],"class_list":["post-23403","post","type-post","status-publish","format-standard","hentry","category-allmant"],"yoast_head":"<!-- This site is optimized with the Yoast SEO Premium plugin v14.9 - https:\/\/yoast.com\/wordpress\/plugins\/seo\/ -->\n<meta name=\"description\" content=\"Ny\u00e5rssminkningar gr\u00f6na \u00f6gon | Helena Amiley - H\u00e4r hittar du senaste infromation om sk\u00f6nhet, livsstil, entrepren\u00f6rskap, makeup &amp; tips.\" \/>\n<meta name=\"robots\" content=\"index, follow, max-snippet:-1, max-image-preview:large, max-video-preview:-1\" \/>\n<link rel=\"canonical\" href=\"https:\/\/www.imakeyousmile.se\/en\/nyarssminkningar-grona-ogon\/\" \/>\n<meta property=\"og:locale\" content=\"en_US\" \/>\n<meta property=\"og:type\" content=\"article\" \/>\n<meta property=\"og:title\" content=\"Ny\u00e5rssminkningar gr\u00f6na \u00f6gon | Imakeyousmile.se\" \/>\n<meta property=\"og:description\" content=\"Ny\u00e5rssminkningar gr\u00f6na \u00f6gon | Helena Amiley - H\u00e4r hittar du senaste infromation om sk\u00f6nhet, livsstil, entrepren\u00f6rskap, makeup &amp; tips.\" \/>\n<meta property=\"og:url\" content=\"https:\/\/www.imakeyousmile.se\/en\/nyarssminkningar-grona-ogon\/\" \/>\n<meta property=\"og:site_name\" content=\"Imakeyousmile.se\" \/>\n<meta property=\"article:author\" content=\"https:\/\/www.facebook.com\/imakeyousmile.se\" \/>\n<meta property=\"article:published_time\" content=\"2013-12-20T14:18:06+00:00\" \/>\n<meta property=\"article:modified_time\" content=\"2015-12-20T14:18:28+00:00\" \/>\n<meta property=\"og:image\" content=\"http:\/\/modernmom.se\/skonhet\/wp-content\/uploads\/sites\/13\/2013\/12\/ny\u00e5rssminkningar-gr\u00f6na-\u00f6gon-670x2829.jpg\" \/>\n<meta name=\"twitter:card\" content=\"summary_large_image\" \/>\n<script type=\"application\/ld+json\" class=\"yoast-schema-graph\">{\"@context\":\"https:\/\/schema.org\",\"@graph\":[{\"@type\":\"Organization\",\"@id\":\"https:\/\/www.imakeyousmile.se\/en\/#organization\",\"name\":\"Imakeyousmile\",\"url\":\"https:\/\/www.imakeyousmile.se\/en\/\",\"sameAs\":[],\"logo\":{\"@type\":\"ImageObject\",\"@id\":\"https:\/\/www.imakeyousmile.se\/en\/#logo\",\"inLanguage\":\"en-US\",\"url\":\"https:\/\/www.imakeyousmile.se\/wp-content\/uploads\/2020\/10\/HELENA-AMILEY_SVART-1-e1603367975324.png\",\"width\":280,\"height\":93,\"caption\":\"Imakeyousmile\"},\"image\":{\"@id\":\"https:\/\/www.imakeyousmile.se\/en\/#logo\"}},{\"@type\":\"WebSite\",\"@id\":\"https:\/\/www.imakeyousmile.se\/en\/#website\",\"url\":\"https:\/\/www.imakeyousmile.se\/en\/\",\"name\":\"Imakeyousmile.se\",\"description\":\"Helena Amiley - Beauty, Entrepreneur, Lifestyle\",\"publisher\":{\"@id\":\"https:\/\/www.imakeyousmile.se\/en\/#organization\"},\"potentialAction\":[{\"@type\":\"SearchAction\",\"target\":\"https:\/\/www.imakeyousmile.se\/en\/?s={search_term_string}\",\"query-input\":\"required name=search_term_string\"}],\"inLanguage\":\"en-US\"},{\"@type\":\"ImageObject\",\"@id\":\"https:\/\/www.imakeyousmile.se\/nyarssminkningar-grona-ogon\/#primaryimage\",\"inLanguage\":\"en-US\",\"url\":\"http:\/\/modernmom.se\/skonhet\/wp-content\/uploads\/sites\/13\/2013\/12\/ny\\u00e5rssminkningar-gr\\u00f6na-\\u00f6gon-670x2829.jpg\"},{\"@type\":\"WebPage\",\"@id\":\"https:\/\/www.imakeyousmile.se\/nyarssminkningar-grona-ogon\/#webpage\",\"url\":\"https:\/\/www.imakeyousmile.se\/nyarssminkningar-grona-ogon\/\",\"name\":\"Ny\\u00e5rssminkningar gr\\u00f6na \\u00f6gon | Imakeyousmile.se\",\"isPartOf\":{\"@id\":\"https:\/\/www.imakeyousmile.se\/en\/#website\"},\"primaryImageOfPage\":{\"@id\":\"https:\/\/www.imakeyousmile.se\/nyarssminkningar-grona-ogon\/#primaryimage\"},\"datePublished\":\"2013-12-20T14:18:06+00:00\",\"dateModified\":\"2015-12-20T14:18:28+00:00\",\"description\":\"Ny\\u00e5rssminkningar gr\\u00f6na \\u00f6gon | Helena Amiley - H\\u00e4r hittar du senaste infromation om sk\\u00f6nhet, livsstil, entrepren\\u00f6rskap, makeup & tips.\",\"inLanguage\":\"en-US\",\"potentialAction\":[{\"@type\":\"ReadAction\",\"target\":[\"https:\/\/www.imakeyousmile.se\/nyarssminkningar-grona-ogon\/\"]}]},{\"@type\":\"Article\",\"@id\":\"https:\/\/www.imakeyousmile.se\/nyarssminkningar-grona-ogon\/#article\",\"isPartOf\":{\"@id\":\"https:\/\/www.imakeyousmile.se\/nyarssminkningar-grona-ogon\/#webpage\"},\"author\":{\"@id\":\"https:\/\/www.imakeyousmile.se\/en\/#\/schema\/person\/b0fd43b1c6bb1c60cfd68bff9b4a10fb\"},\"headline\":\"Ny\\u00e5rssminkningar gr\\u00f6na \\u00f6gon\",\"datePublished\":\"2013-12-20T14:18:06+00:00\",\"dateModified\":\"2015-12-20T14:18:28+00:00\",\"mainEntityOfPage\":{\"@id\":\"https:\/\/www.imakeyousmile.se\/nyarssminkningar-grona-ogon\/#webpage\"},\"commentCount\":0,\"publisher\":{\"@id\":\"https:\/\/www.imakeyousmile.se\/en\/#organization\"},\"image\":{\"@id\":\"https:\/\/www.imakeyousmile.se\/nyarssminkningar-grona-ogon\/#primaryimage\"},\"articleSection\":\"\\u00d6vrigt\",\"inLanguage\":\"en-US\",\"potentialAction\":[{\"@type\":\"CommentAction\",\"name\":\"Comment\",\"target\":[\"https:\/\/www.imakeyousmile.se\/nyarssminkningar-grona-ogon\/#respond\"]}]},{\"@type\":\"Person\",\"@id\":\"https:\/\/www.imakeyousmile.se\/en\/#\/schema\/person\/b0fd43b1c6bb1c60cfd68bff9b4a10fb\",\"name\":\"Helena Amiley\",\"image\":{\"@type\":\"ImageObject\",\"@id\":\"https:\/\/www.imakeyousmile.se\/en\/#personlogo\",\"inLanguage\":\"en-US\",\"url\":\"https:\/\/secure.gravatar.com\/avatar\/5645558e1e355457a23368d7e1b4c904?s=96&d=mm&r=g\",\"caption\":\"Helena Amiley\"},\"description\":\"Jag skriver mest om sk\\u00f6nhet men bjuder \\u00e4ven p\\u00e5 glimtar fr\\u00e5n entrepren\\u00f6rlivet och bygget av v\\u00e5r egen camper van. Vanlife here we come!\",\"sameAs\":[\"https:\/\/www.facebook.com\/imakeyousmile.se\",\"https:\/\/www.instagram.com\/helenaamiley\",\"https:\/\/www.youtube.com\/channel\/UCR5iB6rvpV6Yr8ZjpQfr5mg?view_as=subscriber\"]}]}<\/script>\n<!-- \/ Yoast SEO Premium plugin. -->","_links":{"self":[{"href":"https:\/\/www.imakeyousmile.se\/en\/wp-json\/wp\/v2\/posts\/23403"}],"collection":[{"href":"https:\/\/www.imakeyousmile.se\/en\/wp-json\/wp\/v2\/posts"}],"about":[{"href":"https:\/\/www.imakeyousmile.se\/en\/wp-json\/wp\/v2\/types\/post"}],"author":[{"embeddable":true,"href":"https:\/\/www.imakeyousmile.se\/en\/wp-json\/wp\/v2\/users\/30"}],"replies":[{"embeddable":true,"href":"https:\/\/www.imakeyousmile.se\/en\/wp-json\/wp\/v2\/comments?post=23403"}],"version-history":[{"count":2,"href":"https:\/\/www.imakeyousmile.se\/en\/wp-json\/wp\/v2\/posts\/23403\/revisions"}],"predecessor-version":[{"id":23405,"href":"https:\/\/www.imakeyousmile.se\/en\/wp-json\/wp\/v2\/posts\/23403\/revisions\/23405"}],"wp:attachment":[{"href":"https:\/\/www.imakeyousmile.se\/en\/wp-json\/wp\/v2\/media?parent=23403"}],"wp:term":[{"taxonomy":"category","embeddable":true,"href":"https:\/\/www.imakeyousmile.se\/en\/wp-json\/wp\/v2\/categories?post=23403"},{"taxonomy":"post_tag","embeddable":true,"href":"https:\/\/www.imakeyousmile.se\/en\/wp-json\/wp\/v2\/tags?post=23403"}],"curies":[{"name":"wp","href":"https:\/\/api.w.org\/{rel}","templated":true}]}}