{"id":24224,"date":"2016-01-25T17:27:50","date_gmt":"2016-01-25T16:27:50","guid":{"rendered":"http:\/\/www.imakeyousmile.se\/?p=24224"},"modified":"2021-09-28T12:49:51","modified_gmt":"2021-09-28T10:49:51","slug":"isadora-spring-make-up-2016","status":"publish","type":"post","link":"https:\/\/www.imakeyousmile.se\/en\/isadora-spring-make-up-2016\/","title":{"rendered":"IsaDora Spring Make-up"},"content":{"rendered":"<p>Last week I received a press release with IsaDora&#039;s new spring collection, always just as fun! So I thought I would show it to you today :)<\/p>\n<p><a href=\"http:\/\/www.imakeyousmile.se\/wp-content\/uploads\/2016\/01\/IMG_8646_1111.jpg\"><img loading=\"lazy\" decoding=\"async\" class=\"alignnone size-full wp-image-24231\" src=\"http:\/\/www.imakeyousmile.se\/wp-content\/uploads\/2016\/01\/IMG_8646_1111.jpg\" alt=\"IMG_8646_111\" width=\"2500\" height=\"1942\" srcset=\"https:\/\/www.imakeyousmile.se\/wp-content\/uploads\/2016\/01\/IMG_8646_1111.jpg 2500w, https:\/\/www.imakeyousmile.se\/wp-content\/uploads\/2016\/01\/IMG_8646_1111-300x233.jpg 300w, https:\/\/www.imakeyousmile.se\/wp-content\/uploads\/2016\/01\/IMG_8646_1111-1024x795.jpg 1024w, https:\/\/www.imakeyousmile.se\/wp-content\/uploads\/2016\/01\/IMG_8646_1111-696x541.jpg 696w, https:\/\/www.imakeyousmile.se\/wp-content\/uploads\/2016\/01\/IMG_8646_1111-1068x830.jpg 1068w, https:\/\/www.imakeyousmile.se\/wp-content\/uploads\/2016\/01\/IMG_8646_1111-541x420.jpg 541w\" sizes=\"(max-width: 2500px) 100vw, 2500px\" \/><\/a><\/p>\n<p>IsaDora&#039;s spring look is inspired by &quot;a day on the Riviera&quot; and focuses on pastel colors, carpet and silky textures as well as dramatic details such as a wide eyeliner or voluminous eyelashes.<\/p>\n<p>The look includes:<\/p>\n<p><a href=\"http:\/\/www.imakeyousmile.se\/wp-content\/uploads\/2016\/01\/IMG_8656_111.jpg\"><img loading=\"lazy\" decoding=\"async\" class=\"alignnone size-full wp-image-24226\" src=\"http:\/\/www.imakeyousmile.se\/wp-content\/uploads\/2016\/01\/IMG_8656_111.jpg\" alt=\"IMG_8656_111\" width=\"2500\" height=\"1327\" srcset=\"https:\/\/www.imakeyousmile.se\/wp-content\/uploads\/2016\/01\/IMG_8656_111.jpg 2500w, https:\/\/www.imakeyousmile.se\/wp-content\/uploads\/2016\/01\/IMG_8656_111-300x159.jpg 300w, https:\/\/www.imakeyousmile.se\/wp-content\/uploads\/2016\/01\/IMG_8656_111-1024x544.jpg 1024w, https:\/\/www.imakeyousmile.se\/wp-content\/uploads\/2016\/01\/IMG_8656_111-696x369.jpg 696w, https:\/\/www.imakeyousmile.se\/wp-content\/uploads\/2016\/01\/IMG_8656_111-1068x567.jpg 1068w, https:\/\/www.imakeyousmile.se\/wp-content\/uploads\/2016\/01\/IMG_8656_111-791x420.jpg 791w\" sizes=\"(max-width: 2500px) 100vw, 2500px\" \/><\/a><\/p>\n<p><strong>IsaDora Multivitamin Gloss -<\/strong> The caring lip gloss has now come in the new shade Sheer Almond which is a light beige shade, perfect noodle lips for people with light skin.<\/p>\n<p><strong>IsaDora Big Bold Mascara -<\/strong> Mascara that gives a lot of volume<\/p>\n<p><strong>IsaDora Twist-Up Matt Lip -<\/strong> It was not long ago that these lovely lipsticks were launched, and they are already available in four new shades! Bare n Beautiful, Bohemian, Nude Rose and Vintage Pink are the new shades that are all beige and pink tones.<\/p>\n<p><strong>IsaDora Velvet Matt Nail -<\/strong> Velvet and matte nails in a total of six new shades!<\/p>\n<p><strong>IsaDora Eye Shadow Quartet -<\/strong> The popular eyeshadow palettes are now available in two new shades, Nude Rose and Nude Sand.<\/p>\n<p><strong>IsaDora Twin Tip Eye Liner -<\/strong> A new eyeliner that is flat on one side for wide lines, and narrow on the other side for thin lines. It is also water resistant.<\/p>\n<p><a href=\"http:\/\/www.imakeyousmile.se\/wp-content\/uploads\/2016\/01\/IMG_8666_111.jpg\"><img loading=\"lazy\" decoding=\"async\" class=\"alignnone size-full wp-image-24227\" src=\"http:\/\/www.imakeyousmile.se\/wp-content\/uploads\/2016\/01\/IMG_8666_111.jpg\" alt=\"IMG_8666_111\" width=\"2814\" height=\"1398\" srcset=\"https:\/\/www.imakeyousmile.se\/wp-content\/uploads\/2016\/01\/IMG_8666_111.jpg 2560w, https:\/\/www.imakeyousmile.se\/wp-content\/uploads\/2016\/01\/IMG_8666_111-300x149.jpg 300w, https:\/\/www.imakeyousmile.se\/wp-content\/uploads\/2016\/01\/IMG_8666_111-1024x509.jpg 1024w, https:\/\/www.imakeyousmile.se\/wp-content\/uploads\/2016\/01\/IMG_8666_111-324x160.jpg 324w, https:\/\/www.imakeyousmile.se\/wp-content\/uploads\/2016\/01\/IMG_8666_111-696x346.jpg 696w, https:\/\/www.imakeyousmile.se\/wp-content\/uploads\/2016\/01\/IMG_8666_111-1068x531.jpg 1068w, https:\/\/www.imakeyousmile.se\/wp-content\/uploads\/2016\/01\/IMG_8666_111-845x420.jpg 845w\" sizes=\"(max-width: 2814px) 100vw, 2814px\" \/><\/a><\/p>\n<p>The lipsticks are my favorites, I like these very much! Not as durable as matte lip products often are, but otherwise super good :)<\/p>\n<p><a href=\"http:\/\/www.imakeyousmile.se\/wp-content\/uploads\/2016\/01\/IMG_8687_1111.jpg\"><img loading=\"lazy\" decoding=\"async\" class=\"alignnone size-full wp-image-24229\" src=\"http:\/\/www.imakeyousmile.se\/wp-content\/uploads\/2016\/01\/IMG_8687_1111.jpg\" alt=\"IMG_8687_1111\" width=\"3246\" height=\"1708\" srcset=\"https:\/\/www.imakeyousmile.se\/wp-content\/uploads\/2016\/01\/IMG_8687_1111.jpg 2560w, https:\/\/www.imakeyousmile.se\/wp-content\/uploads\/2016\/01\/IMG_8687_1111-300x158.jpg 300w, https:\/\/www.imakeyousmile.se\/wp-content\/uploads\/2016\/01\/IMG_8687_1111-1024x539.jpg 1024w, https:\/\/www.imakeyousmile.se\/wp-content\/uploads\/2016\/01\/IMG_8687_1111-696x366.jpg 696w, https:\/\/www.imakeyousmile.se\/wp-content\/uploads\/2016\/01\/IMG_8687_1111-1068x562.jpg 1068w, https:\/\/www.imakeyousmile.se\/wp-content\/uploads\/2016\/01\/IMG_8687_1111-798x420.jpg 798w\" sizes=\"(max-width: 3246px) 100vw, 3246px\" \/><\/a><\/p>\n<p>IsaDora&#039;s eye shadows are getting better and better too, pigment rich and easy to work with :) Did a make-up with these today that you will see tomorrow.<\/p>\n<p><a href=\"http:\/\/www.imakeyousmile.se\/wp-content\/uploads\/2016\/01\/IMG_8683_111.jpg\"><img loading=\"lazy\" decoding=\"async\" class=\"alignnone size-full wp-image-24228\" src=\"http:\/\/www.imakeyousmile.se\/wp-content\/uploads\/2016\/01\/IMG_8683_111.jpg\" alt=\"IMG_8683_111\" width=\"2500\" height=\"1394\" srcset=\"https:\/\/www.imakeyousmile.se\/wp-content\/uploads\/2016\/01\/IMG_8683_111.jpg 2500w, https:\/\/www.imakeyousmile.se\/wp-content\/uploads\/2016\/01\/IMG_8683_111-300x167.jpg 300w, https:\/\/www.imakeyousmile.se\/wp-content\/uploads\/2016\/01\/IMG_8683_111-1024x571.jpg 1024w, https:\/\/www.imakeyousmile.se\/wp-content\/uploads\/2016\/01\/IMG_8683_111-696x388.jpg 696w, https:\/\/www.imakeyousmile.se\/wp-content\/uploads\/2016\/01\/IMG_8683_111-1068x596.jpg 1068w, https:\/\/www.imakeyousmile.se\/wp-content\/uploads\/2016\/01\/IMG_8683_111-753x420.jpg 753w\" sizes=\"(max-width: 2500px) 100vw, 2500px\" \/><\/a>Incredibly eager to try these goodies! What lovely colors!<br \/>\n<a href=\"http:\/\/www.imakeyousmile.se\/wp-content\/uploads\/2016\/01\/IMG_8687_1111.jpg\"><br \/>\n<\/a> <a href=\"http:\/\/www.imakeyousmile.se\/wp-content\/uploads\/2016\/01\/IMG_8692_111.jpg\"><img loading=\"lazy\" decoding=\"async\" class=\"alignnone size-full wp-image-24230\" src=\"http:\/\/www.imakeyousmile.se\/wp-content\/uploads\/2016\/01\/IMG_8692_111.jpg\" alt=\"IMG_8692_111\" width=\"990\" height=\"564\" srcset=\"https:\/\/www.imakeyousmile.se\/wp-content\/uploads\/2016\/01\/IMG_8692_111.jpg 990w, https:\/\/www.imakeyousmile.se\/wp-content\/uploads\/2016\/01\/IMG_8692_111-300x171.jpg 300w, https:\/\/www.imakeyousmile.se\/wp-content\/uploads\/2016\/01\/IMG_8692_111-696x397.jpg 696w, https:\/\/www.imakeyousmile.se\/wp-content\/uploads\/2016\/01\/IMG_8692_111-737x420.jpg 737w\" sizes=\"(max-width: 990px) 100vw, 990px\" \/><\/a>And this is what the eyeliner looks like, here you can see better what I mean by it being flat on one side and narrow on the other. Exciting!<\/p>\n<p>Lyko has already launched the products on its webshop, you will find them all <a href=\"https:\/\/ion.lyko.com\/t\/t?a=1117786221&#038;as=1548102449&#038;t=2&#038;tk=1&#038;epi=search-replae-isadora&#038;url=https:\/\/lyko.com\/sv\/isadora?fromsearch=isadora\" target=\"_blank\" rel=\"noopener\"><strong>here<\/strong><\/a>!*<\/p>\n<p>What do you think? Do you find something you crave? :)<\/p>\n<p>&nbsp;<\/p>\n<p><img decoding=\"async\" id=\"hola-icon-globe\" style=\"top: 3506.74609375px; left: -23px;\" src=\"safari-extension:\/\/com.devdanpro.HolaTranslator.Extension-5USUM255P7\/96a01806\/holaIconWhite.svg\" \/><\/p>","protected":false},"excerpt":{"rendered":"<p>F\u00f6rra veckan fick jag hem ett pressutskick med IsaDoras nya v\u00e5r-kollektion, alltid lika roligt! S\u00e5 jag t\u00e4nkte visa den f\u00f6r er idag :) IsaDoras v\u00e5rlook \u00e4r inspirerad av &#8221;en dag p\u00e5 Rivieran&#8221;och fokuserar p\u00e5 pastellf\u00e4rger, matta och silkeslena strukturer samt dramatiska detaljer s\u00e5 som en bred eyeliner eller volymfulla \u00f6gonfransar. I looken\u00a0ing\u00e5r: IsaDora Multivitamin Gloss [&hellip;]<\/p>\n","protected":false},"author":30,"featured_media":24231,"comment_status":"open","ping_status":"closed","sticky":false,"template":"","format":"standard","meta":{"footnotes":""},"categories":[59],"tags":[135,4530,4531,4529],"class_list":["post-24224","post","type-post","status-publish","format-standard","has-post-thumbnail","hentry","category-recensioner-produkttips","tag-isadora","tag-isadora-2016","tag-isadora-lelook","tag-isadora-spring-makeup"],"yoast_head":"<!-- This site is optimized with the Yoast SEO Premium plugin v14.9 - https:\/\/yoast.com\/wordpress\/plugins\/seo\/ -->\n<meta name=\"description\" content=\"IsaDora Spring Make-up | Helena Amiley - H\u00e4r hittar du senaste infromation om sk\u00f6nhet, livsstil, entrepren\u00f6rskap, makeup &amp; tips.\" \/>\n<meta name=\"robots\" content=\"index, follow, max-snippet:-1, max-image-preview:large, max-video-preview:-1\" \/>\n<link rel=\"canonical\" href=\"https:\/\/www.imakeyousmile.se\/en\/isadora-spring-make-up-2016\/\" \/>\n<meta property=\"og:locale\" content=\"en_US\" \/>\n<meta property=\"og:type\" content=\"article\" \/>\n<meta property=\"og:title\" content=\"IsaDora Spring Make-up | Imakeyousmile.se\" \/>\n<meta property=\"og:description\" content=\"IsaDora Spring Make-up | Helena Amiley - H\u00e4r hittar du senaste infromation om sk\u00f6nhet, livsstil, entrepren\u00f6rskap, makeup &amp; tips.\" \/>\n<meta property=\"og:url\" content=\"https:\/\/www.imakeyousmile.se\/en\/isadora-spring-make-up-2016\/\" \/>\n<meta property=\"og:site_name\" content=\"Imakeyousmile.se\" \/>\n<meta property=\"article:author\" content=\"https:\/\/www.facebook.com\/imakeyousmile.se\" \/>\n<meta property=\"article:published_time\" content=\"2016-01-25T16:27:50+00:00\" \/>\n<meta property=\"article:modified_time\" content=\"2021-09-28T10:49:51+00:00\" \/>\n<meta property=\"og:image\" content=\"https:\/\/www.imakeyousmile.se\/wp-content\/uploads\/2016\/01\/IMG_8646_1111.jpg\" \/>\n\t<meta property=\"og:image:width\" content=\"2500\" \/>\n\t<meta property=\"og:image:height\" content=\"1942\" \/>\n<meta name=\"twitter:card\" content=\"summary_large_image\" \/>\n<script type=\"application\/ld+json\" class=\"yoast-schema-graph\">{\"@context\":\"https:\/\/schema.org\",\"@graph\":[{\"@type\":\"Organization\",\"@id\":\"https:\/\/www.imakeyousmile.se\/en\/#organization\",\"name\":\"Imakeyousmile\",\"url\":\"https:\/\/www.imakeyousmile.se\/en\/\",\"sameAs\":[],\"logo\":{\"@type\":\"ImageObject\",\"@id\":\"https:\/\/www.imakeyousmile.se\/en\/#logo\",\"inLanguage\":\"en-US\",\"url\":\"https:\/\/www.imakeyousmile.se\/wp-content\/uploads\/2020\/10\/HELENA-AMILEY_SVART-1-e1603367975324.png\",\"width\":280,\"height\":93,\"caption\":\"Imakeyousmile\"},\"image\":{\"@id\":\"https:\/\/www.imakeyousmile.se\/en\/#logo\"}},{\"@type\":\"WebSite\",\"@id\":\"https:\/\/www.imakeyousmile.se\/en\/#website\",\"url\":\"https:\/\/www.imakeyousmile.se\/en\/\",\"name\":\"Imakeyousmile.se\",\"description\":\"Helena Amiley - Beauty, Entrepreneur, Lifestyle\",\"publisher\":{\"@id\":\"https:\/\/www.imakeyousmile.se\/en\/#organization\"},\"potentialAction\":[{\"@type\":\"SearchAction\",\"target\":\"https:\/\/www.imakeyousmile.se\/en\/?s={search_term_string}\",\"query-input\":\"required name=search_term_string\"}],\"inLanguage\":\"en-US\"},{\"@type\":\"ImageObject\",\"@id\":\"https:\/\/www.imakeyousmile.se\/isadora-spring-make-up-2016\/#primaryimage\",\"inLanguage\":\"en-US\",\"url\":\"https:\/\/www.imakeyousmile.se\/wp-content\/uploads\/2016\/01\/IMG_8646_1111.jpg\",\"width\":2500,\"height\":1942},{\"@type\":\"WebPage\",\"@id\":\"https:\/\/www.imakeyousmile.se\/isadora-spring-make-up-2016\/#webpage\",\"url\":\"https:\/\/www.imakeyousmile.se\/isadora-spring-make-up-2016\/\",\"name\":\"IsaDora Spring Make-up | Imakeyousmile.se\",\"isPartOf\":{\"@id\":\"https:\/\/www.imakeyousmile.se\/en\/#website\"},\"primaryImageOfPage\":{\"@id\":\"https:\/\/www.imakeyousmile.se\/isadora-spring-make-up-2016\/#primaryimage\"},\"datePublished\":\"2016-01-25T16:27:50+00:00\",\"dateModified\":\"2021-09-28T10:49:51+00:00\",\"description\":\"IsaDora Spring Make-up | Helena Amiley - H\\u00e4r hittar du senaste infromation om sk\\u00f6nhet, livsstil, entrepren\\u00f6rskap, makeup & tips.\",\"inLanguage\":\"en-US\",\"potentialAction\":[{\"@type\":\"ReadAction\",\"target\":[\"https:\/\/www.imakeyousmile.se\/isadora-spring-make-up-2016\/\"]}]},{\"@type\":\"Article\",\"@id\":\"https:\/\/www.imakeyousmile.se\/isadora-spring-make-up-2016\/#article\",\"isPartOf\":{\"@id\":\"https:\/\/www.imakeyousmile.se\/isadora-spring-make-up-2016\/#webpage\"},\"author\":{\"@id\":\"https:\/\/www.imakeyousmile.se\/en\/#\/schema\/person\/b0fd43b1c6bb1c60cfd68bff9b4a10fb\"},\"headline\":\"IsaDora Spring Make-up\",\"datePublished\":\"2016-01-25T16:27:50+00:00\",\"dateModified\":\"2021-09-28T10:49:51+00:00\",\"mainEntityOfPage\":{\"@id\":\"https:\/\/www.imakeyousmile.se\/isadora-spring-make-up-2016\/#webpage\"},\"commentCount\":1,\"publisher\":{\"@id\":\"https:\/\/www.imakeyousmile.se\/en\/#organization\"},\"image\":{\"@id\":\"https:\/\/www.imakeyousmile.se\/isadora-spring-make-up-2016\/#primaryimage\"},\"keywords\":\"IsaDora,isadora 2016,isadora lelook,isadora spring makeup\",\"articleSection\":\"Recensioner &amp; Produkttips\",\"inLanguage\":\"en-US\",\"potentialAction\":[{\"@type\":\"CommentAction\",\"name\":\"Comment\",\"target\":[\"https:\/\/www.imakeyousmile.se\/isadora-spring-make-up-2016\/#respond\"]}]},{\"@type\":\"Person\",\"@id\":\"https:\/\/www.imakeyousmile.se\/en\/#\/schema\/person\/b0fd43b1c6bb1c60cfd68bff9b4a10fb\",\"name\":\"Helena Amiley\",\"image\":{\"@type\":\"ImageObject\",\"@id\":\"https:\/\/www.imakeyousmile.se\/en\/#personlogo\",\"inLanguage\":\"en-US\",\"url\":\"https:\/\/secure.gravatar.com\/avatar\/5645558e1e355457a23368d7e1b4c904?s=96&d=mm&r=g\",\"caption\":\"Helena Amiley\"},\"description\":\"Jag skriver mest om sk\\u00f6nhet men bjuder \\u00e4ven p\\u00e5 glimtar fr\\u00e5n entrepren\\u00f6rlivet och bygget av v\\u00e5r egen camper van. Vanlife here we come!\",\"sameAs\":[\"https:\/\/www.facebook.com\/imakeyousmile.se\",\"https:\/\/www.instagram.com\/helenaamiley\",\"https:\/\/www.youtube.com\/channel\/UCR5iB6rvpV6Yr8ZjpQfr5mg?view_as=subscriber\"]}]}<\/script>\n<!-- \/ Yoast SEO Premium plugin. -->","_links":{"self":[{"href":"https:\/\/www.imakeyousmile.se\/en\/wp-json\/wp\/v2\/posts\/24224"}],"collection":[{"href":"https:\/\/www.imakeyousmile.se\/en\/wp-json\/wp\/v2\/posts"}],"about":[{"href":"https:\/\/www.imakeyousmile.se\/en\/wp-json\/wp\/v2\/types\/post"}],"author":[{"embeddable":true,"href":"https:\/\/www.imakeyousmile.se\/en\/wp-json\/wp\/v2\/users\/30"}],"replies":[{"embeddable":true,"href":"https:\/\/www.imakeyousmile.se\/en\/wp-json\/wp\/v2\/comments?post=24224"}],"version-history":[{"count":3,"href":"https:\/\/www.imakeyousmile.se\/en\/wp-json\/wp\/v2\/posts\/24224\/revisions"}],"predecessor-version":[{"id":41408,"href":"https:\/\/www.imakeyousmile.se\/en\/wp-json\/wp\/v2\/posts\/24224\/revisions\/41408"}],"wp:featuredmedia":[{"embeddable":true,"href":"https:\/\/www.imakeyousmile.se\/en\/wp-json\/wp\/v2\/media\/24231"}],"wp:attachment":[{"href":"https:\/\/www.imakeyousmile.se\/en\/wp-json\/wp\/v2\/media?parent=24224"}],"wp:term":[{"taxonomy":"category","embeddable":true,"href":"https:\/\/www.imakeyousmile.se\/en\/wp-json\/wp\/v2\/categories?post=24224"},{"taxonomy":"post_tag","embeddable":true,"href":"https:\/\/www.imakeyousmile.se\/en\/wp-json\/wp\/v2\/tags?post=24224"}],"curies":[{"name":"wp","href":"https:\/\/api.w.org\/{rel}","templated":true}]}}