{"id":24386,"date":"2016-02-02T10:08:45","date_gmt":"2016-02-02T09:08:45","guid":{"rendered":"http:\/\/www.imakeyousmile.se\/?p=24386"},"modified":"2016-02-02T10:08:45","modified_gmt":"2016-02-02T09:08:45","slug":"kort-datum-70-rabatt-pa-lyxig-palett-fran-dr-hauschka","status":"publish","type":"post","link":"https:\/\/www.imakeyousmile.se\/en\/short-date-70-discount-on-luxury-palette-from-dr-hauschka\/","title":{"rendered":"Short date - 70% discount on luxury palette from Dr. Hauschka!"},"content":{"rendered":"<p>The skin around the eyes is very thin and sensitive, so if you have a specific color scale that you always use, I think it is smart to buy a good and caring palette instead of using eye shadows with less good quality.<\/p>\n<p><a href=\"https:\/\/ion.lyko.com\/t\/t?a=1117786221&#038;as=1548102449&#038;t=2&#038;tk=1&#038;epi=search-replace-palette&#038;url=https:\/\/lyko.com\/sv\/smink\/paletter?fromsearch=palette\" target=\"_blank\">Dr. Hauschka Stone Color Palette<\/a>\u00a0the contents include jojoba oil, silk and medicinal herbs that give a smooth and caring eye shadow, and the shades are down to earth and very nice!<\/p>\n<p>The box is glossy black and luxurious, and the shadows are large and last super long! In addition, the box contains a make-up mirror, which I think is super good. <strong>Regular price is SEK 345<\/strong> but due to short dates, we are now selling these out only <strong><span style=\"color: #ff0000;\">99:-<\/span><\/strong>!<\/p>\n<p><a href=\"http:\/\/www.imakeyousmile.se\/wp-content\/uploads\/2016\/02\/1363325-origpic-62bfd4-510x600.jpg\"><img loading=\"lazy\" decoding=\"async\" class=\"alignnone size-full wp-image-24387\" src=\"http:\/\/www.imakeyousmile.se\/wp-content\/uploads\/2016\/02\/1363325-origpic-62bfd4-510x600.jpg\" alt=\"1363325-origpic-62bfd4-510x600\" width=\"510\" height=\"263\" srcset=\"https:\/\/www.imakeyousmile.se\/wp-content\/uploads\/2016\/02\/1363325-origpic-62bfd4-510x600.jpg 510w, https:\/\/www.imakeyousmile.se\/wp-content\/uploads\/2016\/02\/1363325-origpic-62bfd4-510x600-300x155.jpg 300w\" sizes=\"(max-width: 510px) 100vw, 510px\" \/><\/a><\/p>\n<p>The eye shadows are matte and this palette is the perfect investment for you who love natural and earthy shades! You can vary between everything from light everyday make-up to dark party sweets.<\/p>\n<p>In addition, the shadows are super easy to fade out, they are quite &quot;light&quot; and the pigment moves easily when you blur with the brush. So I think many of you who have a hard time fading shadows will think it&#039;s good!<\/p>\n<p><a href=\"http:\/\/www.imakeyousmile.se\/wp-content\/uploads\/2016\/02\/IMG_0204_111-kopia-510x600.jpg\"><img loading=\"lazy\" decoding=\"async\" class=\"alignnone size-full wp-image-24391\" src=\"http:\/\/www.imakeyousmile.se\/wp-content\/uploads\/2016\/02\/IMG_0204_111-kopia-510x600.jpg\" alt=\"IMG_0204_111-copy-510x600\" width=\"510\" height=\"416\" srcset=\"https:\/\/www.imakeyousmile.se\/wp-content\/uploads\/2016\/02\/IMG_0204_111-kopia-510x600.jpg 510w, https:\/\/www.imakeyousmile.se\/wp-content\/uploads\/2016\/02\/IMG_0204_111-kopia-510x600-300x245.jpg 300w\" sizes=\"(max-width: 510px) 100vw, 510px\" \/><\/a><\/p>\n<p>The palette contains the shades 01 sand, 02 light brown, 03 soft gray and 04 anthracite. The shadows are simple and nice to combine with each other, but can just as well be used alone.<\/p>\n<p>01 sand is great as a highlighter in the corner of the eye and under the eyebrow on all kinds of make-up, and for people with fair skin it is also great as a highlighter on the face.<\/p>\n<p>Here is an almost exactly one year old cat eye make - up that I have done with this particular palette:<\/p>\n<p><a href=\"http:\/\/www.imakeyousmile.se\/wp-content\/uploads\/2016\/02\/1422027017-7902.jpg\"><img loading=\"lazy\" decoding=\"async\" class=\"alignnone size-full wp-image-24388\" src=\"http:\/\/www.imakeyousmile.se\/wp-content\/uploads\/2016\/02\/1422027017-7902.jpg\" alt=\"1422027017-7902\" width=\"1500\" height=\"789\" srcset=\"https:\/\/www.imakeyousmile.se\/wp-content\/uploads\/2016\/02\/1422027017-7902.jpg 1500w, https:\/\/www.imakeyousmile.se\/wp-content\/uploads\/2016\/02\/1422027017-7902-300x158.jpg 300w, https:\/\/www.imakeyousmile.se\/wp-content\/uploads\/2016\/02\/1422027017-7902-1024x539.jpg 1024w, https:\/\/www.imakeyousmile.se\/wp-content\/uploads\/2016\/02\/1422027017-7902-696x366.jpg 696w, https:\/\/www.imakeyousmile.se\/wp-content\/uploads\/2016\/02\/1422027017-7902-1068x562.jpg 1068w, https:\/\/www.imakeyousmile.se\/wp-content\/uploads\/2016\/02\/1422027017-7902-798x420.jpg 798w\" sizes=\"(max-width: 1500px) 100vw, 1500px\" \/><\/a><\/p>\n<p>1. Apply it\u00a0<strong>light shade<\/strong>\u00a0below the eyebrow.<br \/>\n2.\u00a0<strong>Brown eye shadow<\/strong>\u00a0along the globe line.<br \/>\n<em>(Accidentally deleted one of the pictures in between, sorry for that, my trash is full so I did not have the strength to look it up again)<\/em><br \/>\n3.\u00a0<strong>Light eye shadow\u00a0<\/strong>deepest on the eyelid.<br \/>\n<strong>Dark eye shadow<\/strong>\u00a0at the end of the eyelid and up towards the globe line.<br \/>\n4.\u00a0<strong>Eyeliner\u00a0<\/strong>with wing,\u00a0<a href=\"https:\/\/ion.lyko.com\/t\/t?a=1117786221&#038;as=1548102449&#038;t=2&#038;tk=1&#038;epi=search-replace-kajaleyeliner&#038;url=https:\/\/lyko.com\/sv\/sok?q=kajal+eyeliner\" target=\"_blank\">Oriflame The ONE Eye Liner Stylo<\/a>.<br \/>\n5.\u00a0<strong>Black mascara<\/strong>\u00a0on the upper lashes,\u00a0<a href=\"http:\/\/creativemakeup.se\/produkt-kategori\/marken\/paese\/\" target=\"_blank\">Paese Adore 3D Lash Mascara<\/a>.<\/p>\n<p><a href=\"http:\/\/www.imakeyousmile.se\/wp-content\/uploads\/2016\/02\/1422027255-7902.jpg\"><img loading=\"lazy\" decoding=\"async\" class=\"alignnone size-full wp-image-24389\" src=\"http:\/\/www.imakeyousmile.se\/wp-content\/uploads\/2016\/02\/1422027255-7902.jpg\" alt=\"1422027255-7902\" width=\"1297\" height=\"1500\" srcset=\"https:\/\/www.imakeyousmile.se\/wp-content\/uploads\/2016\/02\/1422027255-7902.jpg 1297w, https:\/\/www.imakeyousmile.se\/wp-content\/uploads\/2016\/02\/1422027255-7902-259x300.jpg 259w, https:\/\/www.imakeyousmile.se\/wp-content\/uploads\/2016\/02\/1422027255-7902-885x1024.jpg 885w, https:\/\/www.imakeyousmile.se\/wp-content\/uploads\/2016\/02\/1422027255-7902-696x805.jpg 696w, https:\/\/www.imakeyousmile.se\/wp-content\/uploads\/2016\/02\/1422027255-7902-1068x1235.jpg 1068w, https:\/\/www.imakeyousmile.se\/wp-content\/uploads\/2016\/02\/1422027255-7902-363x420.jpg 363w\" sizes=\"(max-width: 1297px) 100vw, 1297px\" \/><\/a><\/p>\n<p>The lipstick is\u00a0<a href=\"http:\/\/creativemakeup.se\/produkt\/paese-lappstift\/\" target=\"_blank\">Paese Lipstick<\/a>\u00a0with argan oil in shade 41.<\/p>\n<p><a href=\"http:\/\/www.imakeyousmile.se\/wp-content\/uploads\/2016\/02\/1422027319-7902.jpg\"><img loading=\"lazy\" decoding=\"async\" class=\"alignnone size-full wp-image-24390\" src=\"http:\/\/www.imakeyousmile.se\/wp-content\/uploads\/2016\/02\/1422027319-7902.jpg\" alt=\"1422027319-7902\" width=\"1500\" height=\"1267\" srcset=\"https:\/\/www.imakeyousmile.se\/wp-content\/uploads\/2016\/02\/1422027319-7902.jpg 1500w, https:\/\/www.imakeyousmile.se\/wp-content\/uploads\/2016\/02\/1422027319-7902-300x253.jpg 300w, https:\/\/www.imakeyousmile.se\/wp-content\/uploads\/2016\/02\/1422027319-7902-1024x865.jpg 1024w, https:\/\/www.imakeyousmile.se\/wp-content\/uploads\/2016\/02\/1422027319-7902-696x588.jpg 696w, https:\/\/www.imakeyousmile.se\/wp-content\/uploads\/2016\/02\/1422027319-7902-1068x902.jpg 1068w, https:\/\/www.imakeyousmile.se\/wp-content\/uploads\/2016\/02\/1422027319-7902-497x420.jpg 497w\" sizes=\"(max-width: 1500px) 100vw, 1500px\" \/><\/a><\/p>\n<p>We only have a few palettes with short dates, so the sale applies as long as the stock lasts, which is not huge :) <a href=\"https:\/\/ion.lyko.com\/t\/t?a=1117786221&#038;as=1548102449&#038;t=2&#038;tk=1&#038;epi=search-replace-palette&#038;url=https:\/\/lyko.com\/sv\/smink\/paletter?fromsearch=palette\" target=\"_blank\"><strong>click here<\/strong><\/a> to shop at Byher.se.<\/p>\n<p>The sale also applies in the store, for those of you who have the roads past us in Uppsala.<\/p>\n<p>Hugs are! \u2665<\/p>","protected":false},"excerpt":{"rendered":"<p>Huden kring \u00f6gonen \u00e4r v\u00e4ldigt tunn och k\u00e4nslig, s\u00e5 har man en specifik f\u00e4rgskala som man alltid anv\u00e4nder s\u00e5\u00a0tycker jag att det \u00e4r smart att k\u00f6pa en bra och v\u00e5rdande palett ist\u00e4llet f\u00f6r att anv\u00e4nda \u00f6gonskuggor med mindre bra kvalitet. Dr Hauschka Stone Colour Palett\u00a0inneh\u00e5llet bland annat\u00a0jojobaolja, silke och l\u00e4ke\u00f6rter som ger en len och [&hellip;]<\/p>\n","protected":false},"author":30,"featured_media":24387,"comment_status":"open","ping_status":"closed","sticky":false,"template":"","format":"standard","meta":{"footnotes":""},"categories":[59],"tags":[105,4579,4578,4580],"class_list":["post-24386","post","type-post","status-publish","format-standard","has-post-thumbnail","hentry","category-recensioner-produkttips","tag-billiga-ogonskuggor","tag-dr-hauschka-stone-color-palette","tag-dr-hauschka","tag-naturliga-ogonskuggor"],"yoast_head":"<!-- This site is optimized with the Yoast SEO Premium plugin v14.9 - https:\/\/yoast.com\/wordpress\/plugins\/seo\/ -->\n<meta name=\"description\" content=\"Kort datum - 70% rabatt p\u00e5 lyxig palett fr\u00e5n Dr. Hauschka! | Helena Amiley - H\u00e4r hittar du senaste infromation om sk\u00f6nhet, livsstil, entrepren\u00f6rskap, makeup &amp; tips.\" \/>\n<meta name=\"robots\" content=\"index, follow, max-snippet:-1, max-image-preview:large, max-video-preview:-1\" \/>\n<link rel=\"canonical\" href=\"https:\/\/www.imakeyousmile.se\/en\/kort-datum-70-rabatt-pa-lyxig-palett-fran-dr-hauschka\/\" \/>\n<meta property=\"og:locale\" content=\"en_US\" \/>\n<meta property=\"og:type\" content=\"article\" \/>\n<meta property=\"og:title\" content=\"Kort datum - 70% rabatt p\u00e5 lyxig palett fr\u00e5n Dr. Hauschka! | Imakeyousmile.se\" \/>\n<meta property=\"og:description\" content=\"Kort datum - 70% rabatt p\u00e5 lyxig palett fr\u00e5n Dr. Hauschka! | Helena Amiley - H\u00e4r hittar du senaste infromation om sk\u00f6nhet, livsstil, entrepren\u00f6rskap, makeup &amp; tips.\" \/>\n<meta property=\"og:url\" content=\"https:\/\/www.imakeyousmile.se\/en\/kort-datum-70-rabatt-pa-lyxig-palett-fran-dr-hauschka\/\" \/>\n<meta property=\"og:site_name\" content=\"Imakeyousmile.se\" \/>\n<meta property=\"article:author\" content=\"https:\/\/www.facebook.com\/imakeyousmile.se\" \/>\n<meta property=\"article:published_time\" content=\"2016-02-02T09:08:45+00:00\" \/>\n<meta property=\"og:image\" content=\"https:\/\/www.imakeyousmile.se\/wp-content\/uploads\/2016\/02\/1363325-origpic-62bfd4-510x600.jpg\" \/>\n\t<meta property=\"og:image:width\" content=\"510\" \/>\n\t<meta property=\"og:image:height\" content=\"263\" \/>\n<meta name=\"twitter:card\" content=\"summary_large_image\" \/>\n<script type=\"application\/ld+json\" class=\"yoast-schema-graph\">{\"@context\":\"https:\/\/schema.org\",\"@graph\":[{\"@type\":\"Organization\",\"@id\":\"https:\/\/www.imakeyousmile.se\/en\/#organization\",\"name\":\"Imakeyousmile\",\"url\":\"https:\/\/www.imakeyousmile.se\/en\/\",\"sameAs\":[],\"logo\":{\"@type\":\"ImageObject\",\"@id\":\"https:\/\/www.imakeyousmile.se\/en\/#logo\",\"inLanguage\":\"en-US\",\"url\":\"https:\/\/www.imakeyousmile.se\/wp-content\/uploads\/2020\/10\/HELENA-AMILEY_SVART-1-e1603367975324.png\",\"width\":280,\"height\":93,\"caption\":\"Imakeyousmile\"},\"image\":{\"@id\":\"https:\/\/www.imakeyousmile.se\/en\/#logo\"}},{\"@type\":\"WebSite\",\"@id\":\"https:\/\/www.imakeyousmile.se\/en\/#website\",\"url\":\"https:\/\/www.imakeyousmile.se\/en\/\",\"name\":\"Imakeyousmile.se\",\"description\":\"Helena Amiley - Beauty, Entrepreneur, Lifestyle\",\"publisher\":{\"@id\":\"https:\/\/www.imakeyousmile.se\/en\/#organization\"},\"potentialAction\":[{\"@type\":\"SearchAction\",\"target\":\"https:\/\/www.imakeyousmile.se\/en\/?s={search_term_string}\",\"query-input\":\"required name=search_term_string\"}],\"inLanguage\":\"en-US\"},{\"@type\":\"ImageObject\",\"@id\":\"https:\/\/www.imakeyousmile.se\/kort-datum-70-rabatt-pa-lyxig-palett-fran-dr-hauschka\/#primaryimage\",\"inLanguage\":\"en-US\",\"url\":\"https:\/\/www.imakeyousmile.se\/wp-content\/uploads\/2016\/02\/1363325-origpic-62bfd4-510x600.jpg\",\"width\":510,\"height\":263},{\"@type\":\"WebPage\",\"@id\":\"https:\/\/www.imakeyousmile.se\/kort-datum-70-rabatt-pa-lyxig-palett-fran-dr-hauschka\/#webpage\",\"url\":\"https:\/\/www.imakeyousmile.se\/kort-datum-70-rabatt-pa-lyxig-palett-fran-dr-hauschka\/\",\"name\":\"Kort datum - 70% rabatt p\\u00e5 lyxig palett fr\\u00e5n Dr. Hauschka! | Imakeyousmile.se\",\"isPartOf\":{\"@id\":\"https:\/\/www.imakeyousmile.se\/en\/#website\"},\"primaryImageOfPage\":{\"@id\":\"https:\/\/www.imakeyousmile.se\/kort-datum-70-rabatt-pa-lyxig-palett-fran-dr-hauschka\/#primaryimage\"},\"datePublished\":\"2016-02-02T09:08:45+00:00\",\"dateModified\":\"2016-02-02T09:08:45+00:00\",\"description\":\"Kort datum - 70% rabatt p\\u00e5 lyxig palett fr\\u00e5n Dr. Hauschka! | Helena Amiley - H\\u00e4r hittar du senaste infromation om sk\\u00f6nhet, livsstil, entrepren\\u00f6rskap, makeup & tips.\",\"inLanguage\":\"en-US\",\"potentialAction\":[{\"@type\":\"ReadAction\",\"target\":[\"https:\/\/www.imakeyousmile.se\/kort-datum-70-rabatt-pa-lyxig-palett-fran-dr-hauschka\/\"]}]},{\"@type\":\"Article\",\"@id\":\"https:\/\/www.imakeyousmile.se\/kort-datum-70-rabatt-pa-lyxig-palett-fran-dr-hauschka\/#article\",\"isPartOf\":{\"@id\":\"https:\/\/www.imakeyousmile.se\/kort-datum-70-rabatt-pa-lyxig-palett-fran-dr-hauschka\/#webpage\"},\"author\":{\"@id\":\"https:\/\/www.imakeyousmile.se\/en\/#\/schema\/person\/b0fd43b1c6bb1c60cfd68bff9b4a10fb\"},\"headline\":\"Kort datum &#8211; 70% rabatt p\\u00e5 lyxig palett fr\\u00e5n Dr. Hauschka!\",\"datePublished\":\"2016-02-02T09:08:45+00:00\",\"dateModified\":\"2016-02-02T09:08:45+00:00\",\"mainEntityOfPage\":{\"@id\":\"https:\/\/www.imakeyousmile.se\/kort-datum-70-rabatt-pa-lyxig-palett-fran-dr-hauschka\/#webpage\"},\"commentCount\":1,\"publisher\":{\"@id\":\"https:\/\/www.imakeyousmile.se\/en\/#organization\"},\"image\":{\"@id\":\"https:\/\/www.imakeyousmile.se\/kort-datum-70-rabatt-pa-lyxig-palett-fran-dr-hauschka\/#primaryimage\"},\"keywords\":\"billiga \\u00f6gonskuggor,dr hauschka stone color palette,dr. hauschka,naturliga \\u00f6gonskuggor\",\"articleSection\":\"Recensioner &amp; Produkttips\",\"inLanguage\":\"en-US\",\"potentialAction\":[{\"@type\":\"CommentAction\",\"name\":\"Comment\",\"target\":[\"https:\/\/www.imakeyousmile.se\/kort-datum-70-rabatt-pa-lyxig-palett-fran-dr-hauschka\/#respond\"]}]},{\"@type\":\"Person\",\"@id\":\"https:\/\/www.imakeyousmile.se\/en\/#\/schema\/person\/b0fd43b1c6bb1c60cfd68bff9b4a10fb\",\"name\":\"Helena Amiley\",\"image\":{\"@type\":\"ImageObject\",\"@id\":\"https:\/\/www.imakeyousmile.se\/en\/#personlogo\",\"inLanguage\":\"en-US\",\"url\":\"https:\/\/secure.gravatar.com\/avatar\/5645558e1e355457a23368d7e1b4c904?s=96&d=mm&r=g\",\"caption\":\"Helena Amiley\"},\"description\":\"Jag skriver mest om sk\\u00f6nhet men bjuder \\u00e4ven p\\u00e5 glimtar fr\\u00e5n entrepren\\u00f6rlivet och bygget av v\\u00e5r egen camper van. Vanlife here we come!\",\"sameAs\":[\"https:\/\/www.facebook.com\/imakeyousmile.se\",\"https:\/\/www.instagram.com\/helenaamiley\",\"https:\/\/www.youtube.com\/channel\/UCR5iB6rvpV6Yr8ZjpQfr5mg?view_as=subscriber\"]}]}<\/script>\n<!-- \/ Yoast SEO Premium plugin. -->","_links":{"self":[{"href":"https:\/\/www.imakeyousmile.se\/en\/wp-json\/wp\/v2\/posts\/24386"}],"collection":[{"href":"https:\/\/www.imakeyousmile.se\/en\/wp-json\/wp\/v2\/posts"}],"about":[{"href":"https:\/\/www.imakeyousmile.se\/en\/wp-json\/wp\/v2\/types\/post"}],"author":[{"embeddable":true,"href":"https:\/\/www.imakeyousmile.se\/en\/wp-json\/wp\/v2\/users\/30"}],"replies":[{"embeddable":true,"href":"https:\/\/www.imakeyousmile.se\/en\/wp-json\/wp\/v2\/comments?post=24386"}],"version-history":[{"count":1,"href":"https:\/\/www.imakeyousmile.se\/en\/wp-json\/wp\/v2\/posts\/24386\/revisions"}],"predecessor-version":[{"id":24392,"href":"https:\/\/www.imakeyousmile.se\/en\/wp-json\/wp\/v2\/posts\/24386\/revisions\/24392"}],"wp:featuredmedia":[{"embeddable":true,"href":"https:\/\/www.imakeyousmile.se\/en\/wp-json\/wp\/v2\/media\/24387"}],"wp:attachment":[{"href":"https:\/\/www.imakeyousmile.se\/en\/wp-json\/wp\/v2\/media?parent=24386"}],"wp:term":[{"taxonomy":"category","embeddable":true,"href":"https:\/\/www.imakeyousmile.se\/en\/wp-json\/wp\/v2\/categories?post=24386"},{"taxonomy":"post_tag","embeddable":true,"href":"https:\/\/www.imakeyousmile.se\/en\/wp-json\/wp\/v2\/tags?post=24386"}],"curies":[{"name":"wp","href":"https:\/\/api.w.org\/{rel}","templated":true}]}}