{"id":24411,"date":"2016-02-04T12:30:56","date_gmt":"2016-02-04T11:30:56","guid":{"rendered":"http:\/\/www.imakeyousmile.se\/?p=24411"},"modified":"2016-02-04T09:23:57","modified_gmt":"2016-02-04T08:23:57","slug":"alla-hjartans-dag-sminkning-5","status":"publish","type":"post","link":"https:\/\/www.imakeyousmile.se\/en\/all-heart-day-makeup-5\/","title":{"rendered":"Valentine&#039;s Day make-up"},"content":{"rendered":"<p>Love is in the air here at work! Not only in my and Miska&#039;s room as it always is;) but also in the shop windows and with cozy Valentine&#039;s Day offers \u2665<\/p>\n<p>And today I thought I would show you a Valentine&#039;s Day make-up with red lips and eyeliner with a wing that gives you flirty cat eyes!<\/p>\n<p>We currently have a superb Valentine&#039;s Day offer on this waterproof eyeliner from Paese,\u00a0<strong>regular price is 189: -<\/strong> but now before Valentine&#039;s Day it only costs <strong><span style=\"color: #ff0000;\">89:-<\/span><\/strong>! Good, is not it? :) You can find it at Byher.se\u00a0<a href=\"http:\/\/creativemakeup.se\/produkt\/paese-penliner\/\" target=\"_blank\">here<\/a>!<\/p>\n<p>Hope you like the makeup!<\/p>\n<p><a href=\"http:\/\/www.imakeyousmile.se\/wp-content\/uploads\/2016\/02\/IMG_0025_1111.jpg\"><img loading=\"lazy\" decoding=\"async\" class=\"alignnone size-full wp-image-24437\" src=\"http:\/\/www.imakeyousmile.se\/wp-content\/uploads\/2016\/02\/IMG_0025_1111.jpg\" alt=\"IMG_0025_111\" width=\"2500\" height=\"1769\" srcset=\"https:\/\/www.imakeyousmile.se\/wp-content\/uploads\/2016\/02\/IMG_0025_1111.jpg 2500w, https:\/\/www.imakeyousmile.se\/wp-content\/uploads\/2016\/02\/IMG_0025_1111-300x212.jpg 300w, https:\/\/www.imakeyousmile.se\/wp-content\/uploads\/2016\/02\/IMG_0025_1111-1024x725.jpg 1024w, https:\/\/www.imakeyousmile.se\/wp-content\/uploads\/2016\/02\/IMG_0025_1111-100x70.jpg 100w, https:\/\/www.imakeyousmile.se\/wp-content\/uploads\/2016\/02\/IMG_0025_1111-696x492.jpg 696w, https:\/\/www.imakeyousmile.se\/wp-content\/uploads\/2016\/02\/IMG_0025_1111-1068x756.jpg 1068w, https:\/\/www.imakeyousmile.se\/wp-content\/uploads\/2016\/02\/IMG_0025_1111-594x420.jpg 594w\" sizes=\"(max-width: 2500px) 100vw, 2500px\" \/><\/a><\/p>\n<p>Bassmink:<br \/>\nFace primer -\u00a0<a href=\"http:\/\/creativemakeup.se\/produkt\/paese-makeup-base\/\" target=\"_blank\">Paese Makeup Base (Matte)<\/a><br \/>\nFoundation - <a href=\"https:\/\/ion.lyko.com\/t\/t?a=1117786221&#038;as=1548102449&#038;t=2&#038;tk=1&#038;epi=search-replace-skintint&#038;url=https:\/\/lyko.com\/sv\/pixi\/pixi-h2o-skintint-2nude\" target=\"_blank\">Pixi H2O Skintint<\/a> (Cream)<br \/>\nPowder that neutralizes red -\u00a0<a href=\"https:\/\/ion.lyko.com\/t\/t?a=1117786221&#038;as=1548102449&#038;t=2&#038;tk=1&#038;epi=search-replace-rednessrelief&#038;url=https:\/\/lyko.com\/sv\/glo-skin-beauty\/glo-skin-bea-rednessrelief-powder\/\" target=\"_blank\">gloMinerals Redness Relief Powder<\/a><br \/>\nContouring -\u00a0<a href=\"https:\/\/ion.lyko.com\/t\/t?a=1117786221&#038;as=1548102449&#038;t=2&#038;tk=1&#038;epi=search-replace-pixipalette&#038;url=https:\/\/lyko.com\/sv\/sok?q=pixi+palette\/\" target=\"_blank\">Pixi Book Of Beauty Contour Creator<\/a><br \/>\nRouge - <a href=\"http:\/\/creativemakeup.se\/produkt\/paese-powder-blush-med-arganolja\/\" target=\"_blank\">Paese Powder Blush<\/a> (35)<br \/>\nMakeup Fixing Mist -\u00a0<a href=\"https:\/\/ion.lyko.com\/t\/t?a=1117786221&#038;as=1548102449&#038;t=2&#038;tk=1&#038;epi=search-replace-fixingmist&#038;url=https:\/\/lyko.com\/sv\/pixi\/pixi-makeup-fixing-mist\" target=\"_blank\">Pixi Makeup Fixing Mist<\/a><br \/>\nDehydrating powders -\u00a0<a href=\"http:\/\/creativemakeup.se\/produkt\/paese-bamboo-silk-powder\/\" target=\"_blank\">Paese Bamboo Silk Powder<\/a><\/p>\n<p>Red, matte lipstick - <a href=\"https:\/\/ion.lyko.com\/t\/t?a=1117786221&#038;as=1548102449&#038;t=2&#038;tk=1&#038;epi=search-replace-glosuede&#038;url=https:\/\/lyko.com\/sv\/glo-skin-beauty\/glominerals-glosuedematte-crayon-tradema\" target=\"_blank\">gloMinerals Suede Matte Crayon<\/a> (Crush)<\/p>\n<p><a href=\"http:\/\/www.imakeyousmile.se\/wp-content\/uploads\/2016\/02\/tutoriisen_1111.jpg\"><img loading=\"lazy\" decoding=\"async\" class=\"alignnone size-full wp-image-24440\" src=\"http:\/\/www.imakeyousmile.se\/wp-content\/uploads\/2016\/02\/tutoriisen_1111.jpg\" alt=\"tutoriisen_111\" width=\"2500\" height=\"1715\" srcset=\"https:\/\/www.imakeyousmile.se\/wp-content\/uploads\/2016\/02\/tutoriisen_1111.jpg 2500w, https:\/\/www.imakeyousmile.se\/wp-content\/uploads\/2016\/02\/tutoriisen_1111-300x206.jpg 300w, https:\/\/www.imakeyousmile.se\/wp-content\/uploads\/2016\/02\/tutoriisen_1111-1024x702.jpg 1024w, https:\/\/www.imakeyousmile.se\/wp-content\/uploads\/2016\/02\/tutoriisen_1111-100x70.jpg 100w, https:\/\/www.imakeyousmile.se\/wp-content\/uploads\/2016\/02\/tutoriisen_1111-218x150.jpg 218w, https:\/\/www.imakeyousmile.se\/wp-content\/uploads\/2016\/02\/tutoriisen_1111-696x477.jpg 696w, https:\/\/www.imakeyousmile.se\/wp-content\/uploads\/2016\/02\/tutoriisen_1111-1068x733.jpg 1068w, https:\/\/www.imakeyousmile.se\/wp-content\/uploads\/2016\/02\/tutoriisen_1111-612x420.jpg 612w\" sizes=\"(max-width: 2500px) 100vw, 2500px\" \/><\/a><\/p>\n<ol>\n<li>Eyeshadow primer, <a href=\"https:\/\/ion.lyko.com\/t\/t?a=1117786221&#038;as=1548102449&#038;t=2&#038;tk=1&#038;epi=search-replace-pixiprimer&#038;url=https:\/\/lyko.com\/sv\/sok?q=pixi+primer\" target=\"_blank\">Pixi Eye Bright Primer<\/a><br \/>\nLight eye shadow, <a href=\"http:\/\/creativemakeup.se\/produkt\/paese-diamond-trio-eyeshadow\/\" target=\"_blank\">Paese Eyeshadow Trio <\/a>(714)<\/li>\n<li>Brown eyeshadow at the end of the eyelid and along the globe line, <a href=\"https:\/\/ion.lyko.com\/t\/t?a=1117786221&#038;as=1548102449&#038;t=2&#038;tk=1&#038;epi=search-replace-pixipalette&#038;url=https:\/\/lyko.com\/sv\/sok?q=pixi+palette\/\" target=\"_blank\">Pixi Book Of Beauty Contour Creator<\/a><\/li>\n<li>Eyeliner with wing, <a href=\"http:\/\/creativemakeup.se\/produkt\/paese-penliner\/\" target=\"_blank\">Paese Penliner<\/a><\/li>\n<li>Black mascara + loose lashes, <a href=\"http:\/\/creativemakeup.se\/produkt\/santhilea-magnetic-lash-mascara\/\" target=\"_blank\">Magnetic Lash Mascara<\/a><\/li>\n<\/ol>\n<p><a href=\"http:\/\/www.imakeyousmile.se\/wp-content\/uploads\/2016\/02\/IMG_9945_1111.jpg\"><img loading=\"lazy\" decoding=\"async\" class=\"alignnone size-full wp-image-24438\" src=\"http:\/\/www.imakeyousmile.se\/wp-content\/uploads\/2016\/02\/IMG_9945_1111.jpg\" alt=\"IMG_9945_111\" width=\"2500\" height=\"1698\" srcset=\"https:\/\/www.imakeyousmile.se\/wp-content\/uploads\/2016\/02\/IMG_9945_1111.jpg 2500w, https:\/\/www.imakeyousmile.se\/wp-content\/uploads\/2016\/02\/IMG_9945_1111-300x204.jpg 300w, https:\/\/www.imakeyousmile.se\/wp-content\/uploads\/2016\/02\/IMG_9945_1111-1024x696.jpg 1024w, https:\/\/www.imakeyousmile.se\/wp-content\/uploads\/2016\/02\/IMG_9945_1111-696x473.jpg 696w, https:\/\/www.imakeyousmile.se\/wp-content\/uploads\/2016\/02\/IMG_9945_1111-1068x725.jpg 1068w, https:\/\/www.imakeyousmile.se\/wp-content\/uploads\/2016\/02\/IMG_9945_1111-618x420.jpg 618w\" sizes=\"(max-width: 2500px) 100vw, 2500px\" \/><\/a><a href=\"http:\/\/www.imakeyousmile.se\/wp-content\/uploads\/2016\/02\/IMG_9977_1111.jpg\"><img loading=\"lazy\" decoding=\"async\" class=\"alignnone size-full wp-image-24439\" src=\"http:\/\/www.imakeyousmile.se\/wp-content\/uploads\/2016\/02\/IMG_9977_1111.jpg\" alt=\"IMG_9977_111\" width=\"2500\" height=\"2195\" srcset=\"https:\/\/www.imakeyousmile.se\/wp-content\/uploads\/2016\/02\/IMG_9977_1111.jpg 2500w, https:\/\/www.imakeyousmile.se\/wp-content\/uploads\/2016\/02\/IMG_9977_1111-300x263.jpg 300w, https:\/\/www.imakeyousmile.se\/wp-content\/uploads\/2016\/02\/IMG_9977_1111-1024x899.jpg 1024w, https:\/\/www.imakeyousmile.se\/wp-content\/uploads\/2016\/02\/IMG_9977_1111-696x611.jpg 696w, https:\/\/www.imakeyousmile.se\/wp-content\/uploads\/2016\/02\/IMG_9977_1111-1068x938.jpg 1068w, https:\/\/www.imakeyousmile.se\/wp-content\/uploads\/2016\/02\/IMG_9977_1111-478x420.jpg 478w\" sizes=\"(max-width: 2500px) 100vw, 2500px\" \/><\/a><a href=\"http:\/\/www.imakeyousmile.se\/wp-content\/uploads\/2016\/02\/IMG_9889_111.jpg\"><img loading=\"lazy\" decoding=\"async\" class=\"alignnone size-full wp-image-24426\" src=\"http:\/\/www.imakeyousmile.se\/wp-content\/uploads\/2016\/02\/IMG_9889_111.jpg\" alt=\"IMG_9889_111\" width=\"2500\" height=\"1818\" srcset=\"https:\/\/www.imakeyousmile.se\/wp-content\/uploads\/2016\/02\/IMG_9889_111.jpg 2500w, https:\/\/www.imakeyousmile.se\/wp-content\/uploads\/2016\/02\/IMG_9889_111-300x218.jpg 300w, https:\/\/www.imakeyousmile.se\/wp-content\/uploads\/2016\/02\/IMG_9889_111-1024x745.jpg 1024w, https:\/\/www.imakeyousmile.se\/wp-content\/uploads\/2016\/02\/IMG_9889_111-324x235.jpg 324w, https:\/\/www.imakeyousmile.se\/wp-content\/uploads\/2016\/02\/IMG_9889_111-696x506.jpg 696w, https:\/\/www.imakeyousmile.se\/wp-content\/uploads\/2016\/02\/IMG_9889_111-1068x777.jpg 1068w, https:\/\/www.imakeyousmile.se\/wp-content\/uploads\/2016\/02\/IMG_9889_111-578x420.jpg 578w\" sizes=\"(max-width: 2500px) 100vw, 2500px\" \/><\/a><\/p>\n<p>\u2665 PUSS ON IS! \u2665<\/p>","protected":false},"excerpt":{"rendered":"<p>Love is in the air h\u00e4r p\u00e5 jobbet! Inte bara i mitt och Miskas rum som det alltid \u00e4r ;) utan \u00e4ven i skyltf\u00f6nstrena och med mysiga Alla Hj\u00e4rtans Dag-erbjudanden\u00a0\u2665 Och idag t\u00e4nkte jag\u00a0visa er\u00a0en Alla Hj\u00e4rtans Dag-sminkning med r\u00f6da l\u00e4ppar och eyeliner med vinge som ger dig flirtiga katt\u00f6gon! Vi har just nu ett [&hellip;]<\/p>\n","protected":false},"author":30,"featured_media":0,"comment_status":"open","ping_status":"closed","sticky":false,"template":"","format":"standard","meta":{"footnotes":""},"categories":[2827,3044],"tags":[1737,1733,1736,1542,4231,19,4299,1864,1865,2754,58,4582,3417,3974,4260,4386,2573,3224,15,4380,3687,4308,3772,3697,4315,844,543,433,54,52,407,4589,629,3810],"class_list":["post-24411","post","type-post","status-publish","format-standard","hentry","category-vardagssminkningar","category-temasminkningar","tag-alla-hjartans-dag","tag-alla-hjartans-dag-erbjudande","tag-alla-hjartans-dag-sminkning","tag-eyeliner-vinge","tag-glo-matte-crayon","tag-glominerals","tag-glominerals-redness-relief-powder","tag-magnetic-lash","tag-magnetic-lash-mascara","tag-makeup-pictorial","tag-makeup-tutorial","tag-natural-makeup","tag-paese","tag-paese-bamboo-silk-powder","tag-paese-diamond-trio","tag-paese-makeup-base","tag-paese-penliner","tag-paese-powder-blush","tag-partysminkning","tag-pictorial","tag-pixi","tag-pixi-book-of-beauty-contour-creator","tag-pixi-eye-bright-primer","tag-pixi-h2o-skintint","tag-pixi-makeup-fixing-mist","tag-red-lips","tag-roda-lappar","tag-skonhetsblogg","tag-sminkblogg","tag-steg-for-steg-2","tag-tutorial","tag-valentines-makeup","tag-vardagssminkning","tag-winged-eyeliner"],"yoast_head":"<!-- This site is optimized with the Yoast SEO Premium plugin v14.9 - https:\/\/yoast.com\/wordpress\/plugins\/seo\/ -->\n<meta name=\"description\" content=\"Alla Hj\u00e4rtans Dag-sminkning | Helena Amiley - H\u00e4r hittar du senaste infromation om sk\u00f6nhet, livsstil, entrepren\u00f6rskap, makeup &amp; tips.\" \/>\n<meta name=\"robots\" content=\"index, follow, max-snippet:-1, max-image-preview:large, max-video-preview:-1\" \/>\n<link rel=\"canonical\" href=\"https:\/\/www.imakeyousmile.se\/en\/alla-hjartans-dag-sminkning-5\/\" \/>\n<meta property=\"og:locale\" content=\"en_US\" \/>\n<meta property=\"og:type\" content=\"article\" \/>\n<meta property=\"og:title\" content=\"Alla Hj\u00e4rtans Dag-sminkning | Imakeyousmile.se\" \/>\n<meta property=\"og:description\" content=\"Alla Hj\u00e4rtans Dag-sminkning | Helena Amiley - H\u00e4r hittar du senaste infromation om sk\u00f6nhet, livsstil, entrepren\u00f6rskap, makeup &amp; tips.\" \/>\n<meta property=\"og:url\" content=\"https:\/\/www.imakeyousmile.se\/en\/alla-hjartans-dag-sminkning-5\/\" \/>\n<meta property=\"og:site_name\" content=\"Imakeyousmile.se\" \/>\n<meta property=\"article:author\" content=\"https:\/\/www.facebook.com\/imakeyousmile.se\" \/>\n<meta property=\"article:published_time\" content=\"2016-02-04T11:30:56+00:00\" \/>\n<meta property=\"article:modified_time\" content=\"2016-02-04T08:23:57+00:00\" \/>\n<meta property=\"og:image\" content=\"http:\/\/www.imakeyousmile.se\/wp-content\/uploads\/2016\/02\/IMG_0025_1111.jpg\" \/>\n<meta name=\"twitter:card\" content=\"summary_large_image\" \/>\n<script type=\"application\/ld+json\" class=\"yoast-schema-graph\">{\"@context\":\"https:\/\/schema.org\",\"@graph\":[{\"@type\":\"Organization\",\"@id\":\"https:\/\/www.imakeyousmile.se\/en\/#organization\",\"name\":\"Imakeyousmile\",\"url\":\"https:\/\/www.imakeyousmile.se\/en\/\",\"sameAs\":[],\"logo\":{\"@type\":\"ImageObject\",\"@id\":\"https:\/\/www.imakeyousmile.se\/en\/#logo\",\"inLanguage\":\"en-US\",\"url\":\"https:\/\/www.imakeyousmile.se\/wp-content\/uploads\/2020\/10\/HELENA-AMILEY_SVART-1-e1603367975324.png\",\"width\":280,\"height\":93,\"caption\":\"Imakeyousmile\"},\"image\":{\"@id\":\"https:\/\/www.imakeyousmile.se\/en\/#logo\"}},{\"@type\":\"WebSite\",\"@id\":\"https:\/\/www.imakeyousmile.se\/en\/#website\",\"url\":\"https:\/\/www.imakeyousmile.se\/en\/\",\"name\":\"Imakeyousmile.se\",\"description\":\"Helena Amiley - Beauty, Entrepreneur, Lifestyle\",\"publisher\":{\"@id\":\"https:\/\/www.imakeyousmile.se\/en\/#organization\"},\"potentialAction\":[{\"@type\":\"SearchAction\",\"target\":\"https:\/\/www.imakeyousmile.se\/en\/?s={search_term_string}\",\"query-input\":\"required name=search_term_string\"}],\"inLanguage\":\"en-US\"},{\"@type\":\"ImageObject\",\"@id\":\"https:\/\/www.imakeyousmile.se\/alla-hjartans-dag-sminkning-5\/#primaryimage\",\"inLanguage\":\"en-US\",\"url\":\"http:\/\/www.imakeyousmile.se\/wp-content\/uploads\/2016\/02\/IMG_0025_1111.jpg\"},{\"@type\":\"WebPage\",\"@id\":\"https:\/\/www.imakeyousmile.se\/alla-hjartans-dag-sminkning-5\/#webpage\",\"url\":\"https:\/\/www.imakeyousmile.se\/alla-hjartans-dag-sminkning-5\/\",\"name\":\"Alla Hj\\u00e4rtans Dag-sminkning | Imakeyousmile.se\",\"isPartOf\":{\"@id\":\"https:\/\/www.imakeyousmile.se\/en\/#website\"},\"primaryImageOfPage\":{\"@id\":\"https:\/\/www.imakeyousmile.se\/alla-hjartans-dag-sminkning-5\/#primaryimage\"},\"datePublished\":\"2016-02-04T11:30:56+00:00\",\"dateModified\":\"2016-02-04T08:23:57+00:00\",\"description\":\"Alla Hj\\u00e4rtans Dag-sminkning | Helena Amiley - H\\u00e4r hittar du senaste infromation om sk\\u00f6nhet, livsstil, entrepren\\u00f6rskap, makeup & tips.\",\"inLanguage\":\"en-US\",\"potentialAction\":[{\"@type\":\"ReadAction\",\"target\":[\"https:\/\/www.imakeyousmile.se\/alla-hjartans-dag-sminkning-5\/\"]}]},{\"@type\":\"Article\",\"@id\":\"https:\/\/www.imakeyousmile.se\/alla-hjartans-dag-sminkning-5\/#article\",\"isPartOf\":{\"@id\":\"https:\/\/www.imakeyousmile.se\/alla-hjartans-dag-sminkning-5\/#webpage\"},\"author\":{\"@id\":\"https:\/\/www.imakeyousmile.se\/en\/#\/schema\/person\/b0fd43b1c6bb1c60cfd68bff9b4a10fb\"},\"headline\":\"Alla Hj\\u00e4rtans Dag-sminkning\",\"datePublished\":\"2016-02-04T11:30:56+00:00\",\"dateModified\":\"2016-02-04T08:23:57+00:00\",\"mainEntityOfPage\":{\"@id\":\"https:\/\/www.imakeyousmile.se\/alla-hjartans-dag-sminkning-5\/#webpage\"},\"commentCount\":4,\"publisher\":{\"@id\":\"https:\/\/www.imakeyousmile.se\/en\/#organization\"},\"image\":{\"@id\":\"https:\/\/www.imakeyousmile.se\/alla-hjartans-dag-sminkning-5\/#primaryimage\"},\"keywords\":\"alla hj\\u00e4rtans dag,alla hj\\u00e4rtans dag erbjudande,alla hj\\u00e4rtans dag sminkning,eyeliner vinge,glo matte crayon,gloMinerals,glominerals redness relief powder,magnetic lash,magnetic lash mascara,makeup pictorial.,makeup tutorial,natural makeup,paese,paese bamboo silk powder,paese diamond trio,paese makeup base,paese penliner,paese powder blush,Partysminkning,pictorial,pixi,pixi book of beauty contour creator,pixi eye bright primer,pixi h2o skintint,pixi makeup fixing mist,red lips,r\\u00f6da l\\u00e4ppar,sk\\u00f6nhetsblogg,sminkblogg,steg f\\u00f6r steg,tutorial,valentines makeup,vardagssminkning,winged eyeliner\",\"articleSection\":\"Neutrala \/ milda sminkningar,Temasminkningar\",\"inLanguage\":\"en-US\",\"potentialAction\":[{\"@type\":\"CommentAction\",\"name\":\"Comment\",\"target\":[\"https:\/\/www.imakeyousmile.se\/alla-hjartans-dag-sminkning-5\/#respond\"]}]},{\"@type\":\"Person\",\"@id\":\"https:\/\/www.imakeyousmile.se\/en\/#\/schema\/person\/b0fd43b1c6bb1c60cfd68bff9b4a10fb\",\"name\":\"Helena Amiley\",\"image\":{\"@type\":\"ImageObject\",\"@id\":\"https:\/\/www.imakeyousmile.se\/en\/#personlogo\",\"inLanguage\":\"en-US\",\"url\":\"https:\/\/secure.gravatar.com\/avatar\/5645558e1e355457a23368d7e1b4c904?s=96&d=mm&r=g\",\"caption\":\"Helena Amiley\"},\"description\":\"Jag skriver mest om sk\\u00f6nhet men bjuder \\u00e4ven p\\u00e5 glimtar fr\\u00e5n entrepren\\u00f6rlivet och bygget av v\\u00e5r egen camper van. Vanlife here we come!\",\"sameAs\":[\"https:\/\/www.facebook.com\/imakeyousmile.se\",\"https:\/\/www.instagram.com\/helenaamiley\",\"https:\/\/www.youtube.com\/channel\/UCR5iB6rvpV6Yr8ZjpQfr5mg?view_as=subscriber\"]}]}<\/script>\n<!-- \/ Yoast SEO Premium plugin. -->","_links":{"self":[{"href":"https:\/\/www.imakeyousmile.se\/en\/wp-json\/wp\/v2\/posts\/24411"}],"collection":[{"href":"https:\/\/www.imakeyousmile.se\/en\/wp-json\/wp\/v2\/posts"}],"about":[{"href":"https:\/\/www.imakeyousmile.se\/en\/wp-json\/wp\/v2\/types\/post"}],"author":[{"embeddable":true,"href":"https:\/\/www.imakeyousmile.se\/en\/wp-json\/wp\/v2\/users\/30"}],"replies":[{"embeddable":true,"href":"https:\/\/www.imakeyousmile.se\/en\/wp-json\/wp\/v2\/comments?post=24411"}],"version-history":[{"count":7,"href":"https:\/\/www.imakeyousmile.se\/en\/wp-json\/wp\/v2\/posts\/24411\/revisions"}],"predecessor-version":[{"id":24442,"href":"https:\/\/www.imakeyousmile.se\/en\/wp-json\/wp\/v2\/posts\/24411\/revisions\/24442"}],"wp:attachment":[{"href":"https:\/\/www.imakeyousmile.se\/en\/wp-json\/wp\/v2\/media?parent=24411"}],"wp:term":[{"taxonomy":"category","embeddable":true,"href":"https:\/\/www.imakeyousmile.se\/en\/wp-json\/wp\/v2\/categories?post=24411"},{"taxonomy":"post_tag","embeddable":true,"href":"https:\/\/www.imakeyousmile.se\/en\/wp-json\/wp\/v2\/tags?post=24411"}],"curies":[{"name":"wp","href":"https:\/\/api.w.org\/{rel}","templated":true}]}}