{"id":25626,"date":"2016-04-18T18:54:10","date_gmt":"2016-04-18T16:54:10","guid":{"rendered":"http:\/\/www.imakeyousmile.se\/?p=25626"},"modified":"2016-04-18T18:54:10","modified_gmt":"2016-04-18T16:54:10","slug":"extraknacker-som-fotograf","status":"publish","type":"post","link":"https:\/\/www.imakeyousmile.se\/en\/extra-cracker-as-photographer\/","title":{"rendered":"Extra cracks as a photographer"},"content":{"rendered":"<p>I&#039;m not very good at taking pictures, I know my stuff and know exactly what settings I should have and where the flashes should be for good make-up pictures for my posts, then it will be pretty good, but everything that is beyond that is not really my thing.<\/p>\n<p>But we are currently planning signage for our shop windows and needed a good picture to show our beard products, and it felt a bit unnecessary to hire a photographer when I am still sitting on all the equipment really :)<\/p>\n<p>So with some photo tips on how to get shadows on the face (which I otherwise put my soul into not getting in the pictures) it actually turned out pretty good!<\/p>\n<p><a href=\"http:\/\/www.imakeyousmile.se\/wp-content\/uploads\/2016\/04\/bloggen.jpg\"><img loading=\"lazy\" decoding=\"async\" class=\"alignnone size-full wp-image-25627\" src=\"http:\/\/www.imakeyousmile.se\/wp-content\/uploads\/2016\/04\/bloggen.jpg\" alt=\"the blog\" width=\"800\" height=\"951\" srcset=\"https:\/\/www.imakeyousmile.se\/wp-content\/uploads\/2016\/04\/bloggen.jpg 800w, https:\/\/www.imakeyousmile.se\/wp-content\/uploads\/2016\/04\/bloggen-252x300.jpg 252w, https:\/\/www.imakeyousmile.se\/wp-content\/uploads\/2016\/04\/bloggen-696x827.jpg 696w, https:\/\/www.imakeyousmile.se\/wp-content\/uploads\/2016\/04\/bloggen-353x420.jpg 353w\" sizes=\"(max-width: 800px) 100vw, 800px\" \/><\/a><\/p>\n<p>Not so crazy huh? You will soon see this picture in our shop window on Vaksalagatan in Uppsala!<\/p>\n<p>We will put up signs and show the outside more what we do here, right now we have some products in our windows but otherwise nothing so you see our nice premises but do not really understand exactly what we offer for treatments and so on.<\/p>\n<p>There will be a lot of before and after pictures, among other things, great fun! Shows you when everything is ready :)<\/p>\n<p>Hug \u2665<\/p>","protected":false},"excerpt":{"rendered":"<p>Jag \u00e4r inte speciellt duktig p\u00e5 att fota, jag kan mina grejer och vet exakt vilka inst\u00e4llningar jag ska ha och vart blixtarna ska st\u00e5 f\u00f6r att det ska bli bra sminkbilder till mina inl\u00e4gg, d\u00e5 blir det ganska bra, men allt som \u00e4r ut\u00f6ver det \u00e4r inte riktigt min grej. Men vi h\u00e5ller just [&hellip;]<\/p>\n","protected":false},"author":30,"featured_media":25627,"comment_status":"open","ping_status":"closed","sticky":false,"template":"","format":"standard","meta":{"footnotes":""},"categories":[4032],"tags":[4886,4565,4323,4887],"class_list":["post-25626","post","type-post","status-publish","format-standard","has-post-thumbnail","hentry","category-creative-makeup-by-her","tag-skagg-uppsala","tag-skaggprodukter","tag-skaggvard","tag-skaggvard-uppsala"],"yoast_head":"<!-- This site is optimized with the Yoast SEO Premium plugin v14.9 - https:\/\/yoast.com\/wordpress\/plugins\/seo\/ -->\n<meta name=\"description\" content=\"Extrakn\u00e4cker som fotograf | Helena Amiley - H\u00e4r hittar du senaste infromation om sk\u00f6nhet, livsstil, entrepren\u00f6rskap, makeup &amp; tips.\" \/>\n<meta name=\"robots\" content=\"index, follow, max-snippet:-1, max-image-preview:large, max-video-preview:-1\" \/>\n<link rel=\"canonical\" href=\"https:\/\/www.imakeyousmile.se\/en\/extraknacker-som-fotograf\/\" \/>\n<meta property=\"og:locale\" content=\"en_US\" \/>\n<meta property=\"og:type\" content=\"article\" \/>\n<meta property=\"og:title\" content=\"Extrakn\u00e4cker som fotograf | Imakeyousmile.se\" \/>\n<meta property=\"og:description\" content=\"Extrakn\u00e4cker som fotograf | Helena Amiley - H\u00e4r hittar du senaste infromation om sk\u00f6nhet, livsstil, entrepren\u00f6rskap, makeup &amp; tips.\" \/>\n<meta property=\"og:url\" content=\"https:\/\/www.imakeyousmile.se\/en\/extraknacker-som-fotograf\/\" \/>\n<meta property=\"og:site_name\" content=\"Imakeyousmile.se\" \/>\n<meta property=\"article:author\" content=\"https:\/\/www.facebook.com\/imakeyousmile.se\" \/>\n<meta property=\"article:published_time\" content=\"2016-04-18T16:54:10+00:00\" \/>\n<meta property=\"og:image\" content=\"https:\/\/www.imakeyousmile.se\/wp-content\/uploads\/2016\/04\/bloggen.jpg\" \/>\n\t<meta property=\"og:image:width\" content=\"800\" \/>\n\t<meta property=\"og:image:height\" content=\"951\" \/>\n<meta name=\"twitter:card\" content=\"summary_large_image\" \/>\n<script type=\"application\/ld+json\" class=\"yoast-schema-graph\">{\"@context\":\"https:\/\/schema.org\",\"@graph\":[{\"@type\":\"Organization\",\"@id\":\"https:\/\/www.imakeyousmile.se\/en\/#organization\",\"name\":\"Imakeyousmile\",\"url\":\"https:\/\/www.imakeyousmile.se\/en\/\",\"sameAs\":[],\"logo\":{\"@type\":\"ImageObject\",\"@id\":\"https:\/\/www.imakeyousmile.se\/en\/#logo\",\"inLanguage\":\"en-US\",\"url\":\"https:\/\/www.imakeyousmile.se\/wp-content\/uploads\/2020\/10\/HELENA-AMILEY_SVART-1-e1603367975324.png\",\"width\":280,\"height\":93,\"caption\":\"Imakeyousmile\"},\"image\":{\"@id\":\"https:\/\/www.imakeyousmile.se\/en\/#logo\"}},{\"@type\":\"WebSite\",\"@id\":\"https:\/\/www.imakeyousmile.se\/en\/#website\",\"url\":\"https:\/\/www.imakeyousmile.se\/en\/\",\"name\":\"Imakeyousmile.se\",\"description\":\"Helena Amiley - Beauty, Entrepreneur, Lifestyle\",\"publisher\":{\"@id\":\"https:\/\/www.imakeyousmile.se\/en\/#organization\"},\"potentialAction\":[{\"@type\":\"SearchAction\",\"target\":\"https:\/\/www.imakeyousmile.se\/en\/?s={search_term_string}\",\"query-input\":\"required name=search_term_string\"}],\"inLanguage\":\"en-US\"},{\"@type\":\"ImageObject\",\"@id\":\"https:\/\/www.imakeyousmile.se\/extraknacker-som-fotograf\/#primaryimage\",\"inLanguage\":\"en-US\",\"url\":\"https:\/\/www.imakeyousmile.se\/wp-content\/uploads\/2016\/04\/bloggen.jpg\",\"width\":800,\"height\":951},{\"@type\":\"WebPage\",\"@id\":\"https:\/\/www.imakeyousmile.se\/extraknacker-som-fotograf\/#webpage\",\"url\":\"https:\/\/www.imakeyousmile.se\/extraknacker-som-fotograf\/\",\"name\":\"Extrakn\\u00e4cker som fotograf | Imakeyousmile.se\",\"isPartOf\":{\"@id\":\"https:\/\/www.imakeyousmile.se\/en\/#website\"},\"primaryImageOfPage\":{\"@id\":\"https:\/\/www.imakeyousmile.se\/extraknacker-som-fotograf\/#primaryimage\"},\"datePublished\":\"2016-04-18T16:54:10+00:00\",\"dateModified\":\"2016-04-18T16:54:10+00:00\",\"description\":\"Extrakn\\u00e4cker som fotograf | Helena Amiley - H\\u00e4r hittar du senaste infromation om sk\\u00f6nhet, livsstil, entrepren\\u00f6rskap, makeup & tips.\",\"inLanguage\":\"en-US\",\"potentialAction\":[{\"@type\":\"ReadAction\",\"target\":[\"https:\/\/www.imakeyousmile.se\/extraknacker-som-fotograf\/\"]}]},{\"@type\":\"Article\",\"@id\":\"https:\/\/www.imakeyousmile.se\/extraknacker-som-fotograf\/#article\",\"isPartOf\":{\"@id\":\"https:\/\/www.imakeyousmile.se\/extraknacker-som-fotograf\/#webpage\"},\"author\":{\"@id\":\"https:\/\/www.imakeyousmile.se\/en\/#\/schema\/person\/b0fd43b1c6bb1c60cfd68bff9b4a10fb\"},\"headline\":\"Extrakn\\u00e4cker som fotograf\",\"datePublished\":\"2016-04-18T16:54:10+00:00\",\"dateModified\":\"2016-04-18T16:54:10+00:00\",\"mainEntityOfPage\":{\"@id\":\"https:\/\/www.imakeyousmile.se\/extraknacker-som-fotograf\/#webpage\"},\"commentCount\":1,\"publisher\":{\"@id\":\"https:\/\/www.imakeyousmile.se\/en\/#organization\"},\"image\":{\"@id\":\"https:\/\/www.imakeyousmile.se\/extraknacker-som-fotograf\/#primaryimage\"},\"keywords\":\"sk\\u00e4gg uppsala,sk\\u00e4ggprodukter,sk\\u00e4ggv\\u00e5rd,sk\\u00e4ggv\\u00e5rd uppsala\",\"articleSection\":\"Creative Makeup\",\"inLanguage\":\"en-US\",\"potentialAction\":[{\"@type\":\"CommentAction\",\"name\":\"Comment\",\"target\":[\"https:\/\/www.imakeyousmile.se\/extraknacker-som-fotograf\/#respond\"]}]},{\"@type\":\"Person\",\"@id\":\"https:\/\/www.imakeyousmile.se\/en\/#\/schema\/person\/b0fd43b1c6bb1c60cfd68bff9b4a10fb\",\"name\":\"Helena Amiley\",\"image\":{\"@type\":\"ImageObject\",\"@id\":\"https:\/\/www.imakeyousmile.se\/en\/#personlogo\",\"inLanguage\":\"en-US\",\"url\":\"https:\/\/secure.gravatar.com\/avatar\/5645558e1e355457a23368d7e1b4c904?s=96&d=mm&r=g\",\"caption\":\"Helena Amiley\"},\"description\":\"Jag skriver mest om sk\\u00f6nhet men bjuder \\u00e4ven p\\u00e5 glimtar fr\\u00e5n entrepren\\u00f6rlivet och bygget av v\\u00e5r egen camper van. Vanlife here we come!\",\"sameAs\":[\"https:\/\/www.facebook.com\/imakeyousmile.se\",\"https:\/\/www.instagram.com\/helenaamiley\",\"https:\/\/www.youtube.com\/channel\/UCR5iB6rvpV6Yr8ZjpQfr5mg?view_as=subscriber\"]}]}<\/script>\n<!-- \/ Yoast SEO Premium plugin. -->","_links":{"self":[{"href":"https:\/\/www.imakeyousmile.se\/en\/wp-json\/wp\/v2\/posts\/25626"}],"collection":[{"href":"https:\/\/www.imakeyousmile.se\/en\/wp-json\/wp\/v2\/posts"}],"about":[{"href":"https:\/\/www.imakeyousmile.se\/en\/wp-json\/wp\/v2\/types\/post"}],"author":[{"embeddable":true,"href":"https:\/\/www.imakeyousmile.se\/en\/wp-json\/wp\/v2\/users\/30"}],"replies":[{"embeddable":true,"href":"https:\/\/www.imakeyousmile.se\/en\/wp-json\/wp\/v2\/comments?post=25626"}],"version-history":[{"count":1,"href":"https:\/\/www.imakeyousmile.se\/en\/wp-json\/wp\/v2\/posts\/25626\/revisions"}],"predecessor-version":[{"id":25628,"href":"https:\/\/www.imakeyousmile.se\/en\/wp-json\/wp\/v2\/posts\/25626\/revisions\/25628"}],"wp:featuredmedia":[{"embeddable":true,"href":"https:\/\/www.imakeyousmile.se\/en\/wp-json\/wp\/v2\/media\/25627"}],"wp:attachment":[{"href":"https:\/\/www.imakeyousmile.se\/en\/wp-json\/wp\/v2\/media?parent=25626"}],"wp:term":[{"taxonomy":"category","embeddable":true,"href":"https:\/\/www.imakeyousmile.se\/en\/wp-json\/wp\/v2\/categories?post=25626"},{"taxonomy":"post_tag","embeddable":true,"href":"https:\/\/www.imakeyousmile.se\/en\/wp-json\/wp\/v2\/tags?post=25626"}],"curies":[{"name":"wp","href":"https:\/\/api.w.org\/{rel}","templated":true}]}}