{"id":25871,"date":"2016-05-04T20:13:35","date_gmt":"2016-05-04T18:13:35","guid":{"rendered":"http:\/\/www.imakeyousmile.se\/?p=25871"},"modified":"2020-10-22T18:32:49","modified_gmt":"2020-10-22T16:32:49","slug":"foretagsutveckling","status":"publish","type":"post","link":"https:\/\/www.imakeyousmile.se\/en\/business-development\/","title":{"rendered":"Business development"},"content":{"rendered":"<p>It was a long time since we talked a little entrepreneurship here in the blog! :) I got very positive feedback when I wrote more about it before, so here is an update on the situation and some cash mobile pictures of what my day has looked like!<\/p>\n<p>For a year, I have gone from working from home with only a blog and webshop, to starting up a 360 sqm salon in central Uppsala with 6 employees and 3 co-owners. We just got the reports from March which turned out to be a real record month! And in June, By Her AB has been around for a whole year and if sales continue as they have in recent months, we have a final figure that we are all MORE than proud of :)<\/p>\n<p>If we are satisfied? If we feel ready? <strong>Answer no!<\/strong><\/p>\n<p>The most fun thing about our team is that no one is one who thinks small and short-term, we dare to think big and constantly get new ideas that many had not even dared to think haha.<\/p>\n<p>But to grow, and above all to have a business that <em>capable of<\/em> to grow fast, you have to have a good foundation to stand on. Therefore, we have now started business development with Peragenda, which will be with us for 1 1\/2 years to come. We have met at some long meetings already, and are finally starting to get started properly!<\/p>\n<p><img loading=\"lazy\" decoding=\"async\" class=\"alignnone size-full wp-image-25879\" src=\"http:\/\/www.imakeyousmile.se\/wp-content\/uploads\/2016\/05\/IMG_0767_111-kopia.jpg\" alt=\"IMG_0767_111 copy\" width=\"2500\" height=\"1875\" srcset=\"https:\/\/www.imakeyousmile.se\/wp-content\/uploads\/2016\/05\/IMG_0767_111-kopia.jpg 2500w, https:\/\/www.imakeyousmile.se\/wp-content\/uploads\/2016\/05\/IMG_0767_111-kopia-300x225.jpg 300w, https:\/\/www.imakeyousmile.se\/wp-content\/uploads\/2016\/05\/IMG_0767_111-kopia-768x576.jpg 768w, https:\/\/www.imakeyousmile.se\/wp-content\/uploads\/2016\/05\/IMG_0767_111-kopia-1024x768.jpg 1024w, https:\/\/www.imakeyousmile.se\/wp-content\/uploads\/2016\/05\/IMG_0767_111-kopia-80x60.jpg 80w, https:\/\/www.imakeyousmile.se\/wp-content\/uploads\/2016\/05\/IMG_0767_111-kopia-265x198.jpg 265w, https:\/\/www.imakeyousmile.se\/wp-content\/uploads\/2016\/05\/IMG_0767_111-kopia-696x522.jpg 696w, https:\/\/www.imakeyousmile.se\/wp-content\/uploads\/2016\/05\/IMG_0767_111-kopia-1068x801.jpg 1068w, https:\/\/www.imakeyousmile.se\/wp-content\/uploads\/2016\/05\/IMG_0767_111-kopia-560x420.jpg 560w\" sizes=\"(max-width: 2500px) 100vw, 2500px\" \/><\/p>\n<p>The whole start has been spent going through our business and looking at it properly. There have been a lot of lectures and lots of information and knowledge about business building, and it&#039;s so sickly interesting and inspiring!<\/p>\n<p>There are so many companies that only invest in marketing and sales to get as much money as possible, but when you do not invest in the foundation of the company, it ends up that everyone just runs around like whirlwinds and &quot;extinguishes fires&quot; and emergency. solutions that need to be fixed now now, preferably yesterday. And it&#039;s neither fun nor effective.<\/p>\n<p>We want structure, 100% control of the situation and above all a really great workplace! :) That&#039;s why we have now invested in business development with Peragenda and I feel inspired at my fingertips :)<\/p>\n<p>We have partly looked at what shortcomings and opportunities we have, but above all what we\u00a0<strong>wants<\/strong>\u00a0achieve!<\/p>\n<p>Without clear goals, you are not as effective, and above all, goals are an incredible driving force. It&#039;s so easy to just look ahead all the time that you never realize that &quot;today I&#039;m exactly where I used to want to be&quot; and give yourself a pat on the back and celebrate properly, before moving on to the next step: )<\/p>\n<p><img loading=\"lazy\" decoding=\"async\" class=\"alignnone size-full wp-image-25875\" src=\"http:\/\/www.imakeyousmile.se\/wp-content\/uploads\/2016\/05\/IMG_0775_1111.jpg\" alt=\"IMG_0775_1111\" width=\"2070\" height=\"1976\" srcset=\"https:\/\/www.imakeyousmile.se\/wp-content\/uploads\/2016\/05\/IMG_0775_1111.jpg 2070w, https:\/\/www.imakeyousmile.se\/wp-content\/uploads\/2016\/05\/IMG_0775_1111-300x286.jpg 300w, https:\/\/www.imakeyousmile.se\/wp-content\/uploads\/2016\/05\/IMG_0775_1111-768x733.jpg 768w, https:\/\/www.imakeyousmile.se\/wp-content\/uploads\/2016\/05\/IMG_0775_1111-1024x977.jpg 1024w, https:\/\/www.imakeyousmile.se\/wp-content\/uploads\/2016\/05\/IMG_0775_1111-696x664.jpg 696w, https:\/\/www.imakeyousmile.se\/wp-content\/uploads\/2016\/05\/IMG_0775_1111-1068x1020.jpg 1068w, https:\/\/www.imakeyousmile.se\/wp-content\/uploads\/2016\/05\/IMG_0775_1111-440x420.jpg 440w\" sizes=\"(max-width: 2070px) 100vw, 2070px\" \/><\/p>\n<p>Here you see me with Matilda and Tommy who own Peragenda :)<\/p>\n<p>Today we finally finished with our goal picture, and have three clean goals set that we should have reached last June 30, 2017.<\/p>\n<p><img loading=\"lazy\" decoding=\"async\" class=\"alignnone size-full wp-image-25874\" src=\"http:\/\/www.imakeyousmile.se\/wp-content\/uploads\/2016\/05\/IMG_0771_111.jpg\" alt=\"IMG_0771_111\" width=\"3024\" height=\"3181\" srcset=\"https:\/\/www.imakeyousmile.se\/wp-content\/uploads\/2016\/05\/IMG_0771_111.jpg 2434w, https:\/\/www.imakeyousmile.se\/wp-content\/uploads\/2016\/05\/IMG_0771_111-285x300.jpg 285w, https:\/\/www.imakeyousmile.se\/wp-content\/uploads\/2016\/05\/IMG_0771_111-768x808.jpg 768w, https:\/\/www.imakeyousmile.se\/wp-content\/uploads\/2016\/05\/IMG_0771_111-973x1024.jpg 973w, https:\/\/www.imakeyousmile.se\/wp-content\/uploads\/2016\/05\/IMG_0771_111-696x732.jpg 696w, https:\/\/www.imakeyousmile.se\/wp-content\/uploads\/2016\/05\/IMG_0771_111-1068x1123.jpg 1068w, https:\/\/www.imakeyousmile.se\/wp-content\/uploads\/2016\/05\/IMG_0771_111-399x420.jpg 399w\" sizes=\"(max-width: 3024px) 100vw, 3024px\" \/><\/p>\n<p>Annika and our goals! :) Have blurred them a bit so you can not read, I like to share goals and such thoughts <em>when<\/em> I have reached the goals, not before haha.<\/p>\n<p>When you split up your thoughts and goals like this (good to do even in private), you realize how much you have in your head unnecessarily. There were so extremely many points (before we &quot;cleaned&quot; and came to 3 pieces in the end) that have been a stressful moment in the back of my mind, but when you really start to think about what each point means, you realize that you do only the most important parts, the rest will come automatically. Fascinating indeed! :)<\/p>\n<p>I could chat about this for ages, hope you find it interesting! But now I&#039;m going to start washing and donating a lot here at home. Will wash 100 bandage rolls (wraps for the UCW treatment) which will be a total of 8 washing machines, pjuh.<\/p>\n<p>Hope you have a great evening! Hug \u2665<\/p>","protected":false},"excerpt":{"rendered":"<p>Det var l\u00e4nge sen vi pratade lite entrepren\u00f6rsskap h\u00e4r i bloggen! :) Jag fick mycket positiv feedback n\u00e4r jag skrev mer om det f\u00f6rut, s\u00e5 h\u00e4r kommer en uppdatering p\u00e5 l\u00e4get och lite kassa mobilbilder p\u00e5 hur min dag har sett ut! Jag har under ett \u00e5rs tid g\u00e5tt fr\u00e5n att jobba hemifr\u00e5n med enbart [&hellip;]<\/p>\n","protected":false},"author":30,"featured_media":25874,"comment_status":"open","ping_status":"closed","sticky":false,"template":"","format":"standard","meta":{"footnotes":""},"categories":[4070,7006],"tags":[4954,4953,4216],"class_list":["post-25871","post","type-post","status-publish","format-standard","has-post-thumbnail","hentry","category-entreprenorskap","category-entreprenorslivet","tag-foretagsutveckling","tag-peragenda","tag-ung-foretagare"],"yoast_head":"<!-- This site is optimized with the Yoast SEO Premium plugin v14.9 - https:\/\/yoast.com\/wordpress\/plugins\/seo\/ -->\n<meta name=\"description\" content=\"F\u00f6retagsutveckling | Helena Amiley - H\u00e4r hittar du senaste infromation om sk\u00f6nhet, livsstil, entrepren\u00f6rskap, makeup &amp; tips.\" \/>\n<meta name=\"robots\" content=\"index, follow, max-snippet:-1, max-image-preview:large, max-video-preview:-1\" \/>\n<link rel=\"canonical\" href=\"https:\/\/www.imakeyousmile.se\/en\/foretagsutveckling\/\" \/>\n<meta property=\"og:locale\" content=\"en_US\" \/>\n<meta property=\"og:type\" content=\"article\" \/>\n<meta property=\"og:title\" content=\"F\u00f6retagsutveckling | Imakeyousmile.se\" \/>\n<meta property=\"og:description\" content=\"F\u00f6retagsutveckling | Helena Amiley - H\u00e4r hittar du senaste infromation om sk\u00f6nhet, livsstil, entrepren\u00f6rskap, makeup &amp; tips.\" \/>\n<meta property=\"og:url\" content=\"https:\/\/www.imakeyousmile.se\/en\/foretagsutveckling\/\" \/>\n<meta property=\"og:site_name\" content=\"Imakeyousmile.se\" \/>\n<meta property=\"article:author\" content=\"https:\/\/www.facebook.com\/imakeyousmile.se\" \/>\n<meta property=\"article:published_time\" content=\"2016-05-04T18:13:35+00:00\" \/>\n<meta property=\"article:modified_time\" content=\"2020-10-22T16:32:49+00:00\" \/>\n<meta property=\"og:image\" content=\"https:\/\/www.imakeyousmile.se\/wp-content\/uploads\/2016\/05\/IMG_0771_111.jpg\" \/>\n\t<meta property=\"og:image:width\" content=\"2434\" \/>\n\t<meta property=\"og:image:height\" content=\"2560\" \/>\n<meta name=\"twitter:card\" content=\"summary_large_image\" \/>\n<script type=\"application\/ld+json\" class=\"yoast-schema-graph\">{\"@context\":\"https:\/\/schema.org\",\"@graph\":[{\"@type\":\"Organization\",\"@id\":\"https:\/\/www.imakeyousmile.se\/en\/#organization\",\"name\":\"Imakeyousmile\",\"url\":\"https:\/\/www.imakeyousmile.se\/en\/\",\"sameAs\":[],\"logo\":{\"@type\":\"ImageObject\",\"@id\":\"https:\/\/www.imakeyousmile.se\/en\/#logo\",\"inLanguage\":\"en-US\",\"url\":\"https:\/\/www.imakeyousmile.se\/wp-content\/uploads\/2020\/10\/HELENA-AMILEY_SVART-1-e1603367975324.png\",\"width\":280,\"height\":93,\"caption\":\"Imakeyousmile\"},\"image\":{\"@id\":\"https:\/\/www.imakeyousmile.se\/en\/#logo\"}},{\"@type\":\"WebSite\",\"@id\":\"https:\/\/www.imakeyousmile.se\/en\/#website\",\"url\":\"https:\/\/www.imakeyousmile.se\/en\/\",\"name\":\"Imakeyousmile.se\",\"description\":\"Helena Amiley - Beauty, Entrepreneur, Lifestyle\",\"publisher\":{\"@id\":\"https:\/\/www.imakeyousmile.se\/en\/#organization\"},\"potentialAction\":[{\"@type\":\"SearchAction\",\"target\":\"https:\/\/www.imakeyousmile.se\/en\/?s={search_term_string}\",\"query-input\":\"required name=search_term_string\"}],\"inLanguage\":\"en-US\"},{\"@type\":\"ImageObject\",\"@id\":\"https:\/\/www.imakeyousmile.se\/foretagsutveckling\/#primaryimage\",\"inLanguage\":\"en-US\",\"url\":\"https:\/\/www.imakeyousmile.se\/wp-content\/uploads\/2016\/05\/IMG_0771_111.jpg\",\"width\":2434,\"height\":2560},{\"@type\":\"WebPage\",\"@id\":\"https:\/\/www.imakeyousmile.se\/foretagsutveckling\/#webpage\",\"url\":\"https:\/\/www.imakeyousmile.se\/foretagsutveckling\/\",\"name\":\"F\\u00f6retagsutveckling | Imakeyousmile.se\",\"isPartOf\":{\"@id\":\"https:\/\/www.imakeyousmile.se\/en\/#website\"},\"primaryImageOfPage\":{\"@id\":\"https:\/\/www.imakeyousmile.se\/foretagsutveckling\/#primaryimage\"},\"datePublished\":\"2016-05-04T18:13:35+00:00\",\"dateModified\":\"2020-10-22T16:32:49+00:00\",\"description\":\"F\\u00f6retagsutveckling | Helena Amiley - H\\u00e4r hittar du senaste infromation om sk\\u00f6nhet, livsstil, entrepren\\u00f6rskap, makeup & tips.\",\"inLanguage\":\"en-US\",\"potentialAction\":[{\"@type\":\"ReadAction\",\"target\":[\"https:\/\/www.imakeyousmile.se\/foretagsutveckling\/\"]}]},{\"@type\":\"Article\",\"@id\":\"https:\/\/www.imakeyousmile.se\/foretagsutveckling\/#article\",\"isPartOf\":{\"@id\":\"https:\/\/www.imakeyousmile.se\/foretagsutveckling\/#webpage\"},\"author\":{\"@id\":\"https:\/\/www.imakeyousmile.se\/en\/#\/schema\/person\/b0fd43b1c6bb1c60cfd68bff9b4a10fb\"},\"headline\":\"F\\u00f6retagsutveckling\",\"datePublished\":\"2016-05-04T18:13:35+00:00\",\"dateModified\":\"2020-10-22T16:32:49+00:00\",\"mainEntityOfPage\":{\"@id\":\"https:\/\/www.imakeyousmile.se\/foretagsutveckling\/#webpage\"},\"commentCount\":0,\"publisher\":{\"@id\":\"https:\/\/www.imakeyousmile.se\/en\/#organization\"},\"image\":{\"@id\":\"https:\/\/www.imakeyousmile.se\/foretagsutveckling\/#primaryimage\"},\"keywords\":\"f\\u00f6retagsutveckling,peragenda,ung f\\u00f6retagare\",\"articleSection\":\"Entrepren\\u00f6rskap,Entrepren\\u00f6rslivet\",\"inLanguage\":\"en-US\",\"potentialAction\":[{\"@type\":\"CommentAction\",\"name\":\"Comment\",\"target\":[\"https:\/\/www.imakeyousmile.se\/foretagsutveckling\/#respond\"]}]},{\"@type\":\"Person\",\"@id\":\"https:\/\/www.imakeyousmile.se\/en\/#\/schema\/person\/b0fd43b1c6bb1c60cfd68bff9b4a10fb\",\"name\":\"Helena Amiley\",\"image\":{\"@type\":\"ImageObject\",\"@id\":\"https:\/\/www.imakeyousmile.se\/en\/#personlogo\",\"inLanguage\":\"en-US\",\"url\":\"https:\/\/secure.gravatar.com\/avatar\/5645558e1e355457a23368d7e1b4c904?s=96&d=mm&r=g\",\"caption\":\"Helena Amiley\"},\"description\":\"Jag skriver mest om sk\\u00f6nhet men bjuder \\u00e4ven p\\u00e5 glimtar fr\\u00e5n entrepren\\u00f6rlivet och bygget av v\\u00e5r egen camper van. Vanlife here we come!\",\"sameAs\":[\"https:\/\/www.facebook.com\/imakeyousmile.se\",\"https:\/\/www.instagram.com\/helenaamiley\",\"https:\/\/www.youtube.com\/channel\/UCR5iB6rvpV6Yr8ZjpQfr5mg?view_as=subscriber\"]}]}<\/script>\n<!-- \/ Yoast SEO Premium plugin. -->","_links":{"self":[{"href":"https:\/\/www.imakeyousmile.se\/en\/wp-json\/wp\/v2\/posts\/25871"}],"collection":[{"href":"https:\/\/www.imakeyousmile.se\/en\/wp-json\/wp\/v2\/posts"}],"about":[{"href":"https:\/\/www.imakeyousmile.se\/en\/wp-json\/wp\/v2\/types\/post"}],"author":[{"embeddable":true,"href":"https:\/\/www.imakeyousmile.se\/en\/wp-json\/wp\/v2\/users\/30"}],"replies":[{"embeddable":true,"href":"https:\/\/www.imakeyousmile.se\/en\/wp-json\/wp\/v2\/comments?post=25871"}],"version-history":[{"count":6,"href":"https:\/\/www.imakeyousmile.se\/en\/wp-json\/wp\/v2\/posts\/25871\/revisions"}],"predecessor-version":[{"id":25881,"href":"https:\/\/www.imakeyousmile.se\/en\/wp-json\/wp\/v2\/posts\/25871\/revisions\/25881"}],"wp:featuredmedia":[{"embeddable":true,"href":"https:\/\/www.imakeyousmile.se\/en\/wp-json\/wp\/v2\/media\/25874"}],"wp:attachment":[{"href":"https:\/\/www.imakeyousmile.se\/en\/wp-json\/wp\/v2\/media?parent=25871"}],"wp:term":[{"taxonomy":"category","embeddable":true,"href":"https:\/\/www.imakeyousmile.se\/en\/wp-json\/wp\/v2\/categories?post=25871"},{"taxonomy":"post_tag","embeddable":true,"href":"https:\/\/www.imakeyousmile.se\/en\/wp-json\/wp\/v2\/tags?post=25871"}],"curies":[{"name":"wp","href":"https:\/\/api.w.org\/{rel}","templated":true}]}}