{"id":26298,"date":"2016-06-08T18:06:04","date_gmt":"2016-06-08T16:06:04","guid":{"rendered":"http:\/\/www.imakeyousmile.se\/?p=26298"},"modified":"2021-09-01T06:45:37","modified_gmt":"2021-09-01T04:45:37","slug":"foundation-som-tal-vatten-vattenresistent-foundation","status":"publish","type":"post","link":"https:\/\/www.imakeyousmile.se\/en\/magic-foundation-on-the-summer\/","title":{"rendered":"Water-resistant foundation! (Water resistant foundation)"},"content":{"rendered":"<p>Do you sweat a lot? Are you having a hard time finding a foundation that can withstand rain and snow weather? Do you have a lot of wrinkles and want a foundation that does not &quot;collect&quot; in the lines as soon as it is hot or humid in the air? Then you should continue reading here:<\/p>\n<p>Pixi H2O Skintint is a semi-covered foundation that resembles a bb-cream in the properties, it evens out the skin tone and gives a medium coverage that looks incredibly natural on the skin. But the big difference is that this is not a regular cream, but a colored gel that sinks into the skin and becomes water resistant!<\/p>\n<p>Exactly one year ago today, I published my first post about <a href=\"https:\/\/ion.lyko.com\/t\/t?a=1117786221&amp;as=1548102449&amp;t=2&amp;tk=1&amp;epi=search-replace-skintint&amp;url=https:\/\/lyko.com\/sv\/pixi\/pixi-h2o-skintint-2nude\" target=\"_blank\" rel=\"noopener\">Pixi H2O Skintint<\/a>, a water-resistant gel foundation that is MAGICAL in the summer!<\/p>\n<p>Here you get a favorite in replay of that blog post:<\/p>\n<p><a href=\"http:\/\/www.imakeyousmile.se\/wp-content\/uploads\/2015\/06\/IMG_5386_111.jpg\"><img loading=\"lazy\" decoding=\"async\" class=\"alignnone size-large wp-image-20461 td-animation-stack-type0-1\" src=\"http:\/\/www.imakeyousmile.se\/wp-content\/uploads\/2015\/06\/IMG_5386_111-1024x786.jpg\" sizes=\"(max-width: 700px) 100vw, 700px\" srcset=\"\" alt=\"IMG_5386_111\" width=\"700\" height=\"537\" \/><\/a><\/p>\n<p>This cream is reminiscent of a bb-cream \/ cc-cream in properties, it evens out the skin tone and gives a medium coverage that looks incredibly natural on the skin. But the big difference is that this is not a regular cream, but a colored gel!<\/p>\n<p><strong>Application<\/strong><br \/>\n\u2665 The gel sinks very well into the skin and leaves a very natural result.<br \/>\n\u2665 The gel is water-based and contains moisturizing ingredients, which makes it suitable for both people with dry and oily skin.<br \/>\n\u2665 You can easily supplement with concealer if you have blemishes that interfere, as this does not cover 100%. But it makes blemishes less visible and removes red areas almost completely, so the result is incredibly nice even without concealer.<br \/>\n\u2665 If you want extra coverage in some area, it is also possible to dab on extra there, without the result being uneven or cakey.<br \/>\n\u2665 You do not need to use powder over, but I who like a matte result supplement with powder as well.<\/p>\n<p><strong>Results<\/strong><br \/>\n\u2665 You get an even and radiant complexion that looks unmade up but perfect.<br \/>\n\u2665 Available in 3 shades that adapt to your own skin tone, choose a shade according to how light \/ dark the skin tone is.<br \/>\n\u2665 The durability is wow-good! It is water resistant and fits like a glove, you can even touch your face without it becoming uneven or ugly.<\/p>\n<p><strong>Ingredients<\/strong><br \/>\n\u2665 It contains green tea that is rich in antioxidants, moisturizing rose water, caring English chamomile and relaxing lavender that together soothe and care for the skin.<\/p>\n<p><strong>Award<\/strong><br \/>\n\u2665 Costs SEK 349 for 35 ml, available for purchase\u00a0<a href=\"https:\/\/ion.lyko.com\/t\/t?a=1117786221&amp;as=1548102449&amp;t=2&amp;tk=1&amp;epi=search-replace-skintint&amp;url=https:\/\/lyko.com\/sv\/pixi\/pixi-h2o-skintint-2nude\" target=\"_blank\" rel=\"noopener\">HERE<\/a>.<\/p>\n<p><strong>Reviews<\/strong><br \/>\nAt Byher.se you can also read customer reviews on this, all are 5-star!<\/p>\n<p><a href=\"http:\/\/www.imakeyousmile.se\/wp-content\/uploads\/2015\/06\/IMG_5344_111.jpg\"><img loading=\"lazy\" decoding=\"async\" class=\"alignnone size-large wp-image-20463 td-animation-stack-type0-1\" src=\"http:\/\/www.imakeyousmile.se\/wp-content\/uploads\/2015\/06\/IMG_5344_111-1024x959.jpg\" sizes=\"(max-width: 700px) 100vw, 700px\" srcset=\"\" alt=\"IMG_5344_111\" width=\"700\" height=\"656\" \/><\/a><\/p>\n<p>The packaging is a smart and hygienic pump!<\/p>\n<p><a href=\"http:\/\/www.imakeyousmile.se\/wp-content\/uploads\/2015\/06\/pixi-h2o-skintint-recension.jpg\"><img loading=\"lazy\" decoding=\"async\" class=\"alignnone size-large wp-image-20464 td-animation-stack-type0-1\" src=\"http:\/\/www.imakeyousmile.se\/wp-content\/uploads\/2015\/06\/pixi-h2o-skintint-recension-1024x534.jpg\" sizes=\"(max-width: 700px) 100vw, 700px\" srcset=\"\" alt=\"pixi-h2o-skintint-review\" width=\"700\" height=\"365\" \/><\/a><\/p>\n<p>Here you see before and after:<\/p>\n<p><a href=\"http:\/\/www.imakeyousmile.se\/wp-content\/uploads\/2015\/06\/pixi-h2o-skintint-f%C3%B6re-efter.jpg\"><img loading=\"lazy\" decoding=\"async\" class=\"alignnone size-large wp-image-20462 td-animation-stack-type0-1\" src=\"http:\/\/www.imakeyousmile.se\/wp-content\/uploads\/2015\/06\/pixi-h2o-skintint-f%C3%B6re-efter-1024x730.jpg\" sizes=\"(max-width: 700px) 100vw, 700px\" srcset=\"\" alt=\"pixi-h2o-skintint-before-after\" width=\"700\" height=\"499\" \/><\/a><\/p>\n<p>Fint va? :) I have the shade Nude in the pictures.<\/p>\n<p>Two big thumbs up!<\/p>\n<p>&nbsp;<\/p>\n<p><img decoding=\"async\" id=\"hola-icon-globe\" style=\"top: -31.488971710205078px; left: -67px;\" src=\"safari-extension:\/\/com.devdanpro.HolaTranslator.Extension-5USUM255P7\/a00b416\/holaIconWhite.svg\" \/><\/p>","protected":false},"excerpt":{"rendered":"<p>Svettas du mycket? Har du sv\u00e5rt att hitta en foundation som h\u00e5ller i regn och sn\u00f6-v\u00e4der? Har du mycket rynkor\u00a0och vill ha en foundation som\u00a0inte \u201csamlas\u201d i linjerna s\u00e5 fort det \u00e4r varmt eller fuktigt i luften? D\u00e5 b\u00f6r du forts\u00e4tta l\u00e4sa h\u00e4r: Pixi H2O Skintint \u00e4r en semit\u00e4ckade foundation\u00a0som\u00a0p\u00e5minner om en bb-cream i egenskaperna, [&hellip;]<\/p>\n","protected":false},"author":30,"featured_media":26299,"comment_status":"open","ping_status":"closed","sticky":false,"template":"","format":"standard","meta":{"footnotes":""},"categories":[24,59,3919],"tags":[],"class_list":["post-26298","post","type-post","status-publish","format-standard","has-post-thumbnail","hentry","category-grundsmink","category-recensioner-produkttips","category-sminktips"],"yoast_head":"<!-- This site is optimized with the Yoast SEO Premium plugin v14.9 - https:\/\/yoast.com\/wordpress\/plugins\/seo\/ -->\n<meta name=\"description\" content=\"Foundation som t\u00e5l vatten! (Vattenresistent foundation) | Helena Amiley - H\u00e4r hittar du senaste infromation om sk\u00f6nhet, livsstil, entrepren\u00f6rskap, makeup &amp; tips.\" \/>\n<meta name=\"robots\" content=\"index, follow, max-snippet:-1, max-image-preview:large, max-video-preview:-1\" \/>\n<link rel=\"canonical\" href=\"https:\/\/www.imakeyousmile.se\/en\/foundation-som-tal-vatten-vattenresistent-foundation\/\" \/>\n<meta property=\"og:locale\" content=\"en_US\" \/>\n<meta property=\"og:type\" content=\"article\" \/>\n<meta property=\"og:title\" content=\"Foundation som t\u00e5l vatten! (Vattenresistent foundation) | Imakeyousmile.se\" \/>\n<meta property=\"og:description\" content=\"Foundation som t\u00e5l vatten! (Vattenresistent foundation) | Helena Amiley - H\u00e4r hittar du senaste infromation om sk\u00f6nhet, livsstil, entrepren\u00f6rskap, makeup &amp; tips.\" \/>\n<meta property=\"og:url\" content=\"https:\/\/www.imakeyousmile.se\/en\/foundation-som-tal-vatten-vattenresistent-foundation\/\" \/>\n<meta property=\"og:site_name\" content=\"Imakeyousmile.se\" \/>\n<meta property=\"article:author\" content=\"https:\/\/www.facebook.com\/imakeyousmile.se\" \/>\n<meta property=\"article:published_time\" content=\"2016-06-08T16:06:04+00:00\" \/>\n<meta property=\"article:modified_time\" content=\"2021-09-01T04:45:37+00:00\" \/>\n<meta property=\"og:image\" content=\"https:\/\/www.imakeyousmile.se\/wp-content\/uploads\/2016\/06\/IMG_5386_111-1024x786.jpg\" \/>\n\t<meta property=\"og:image:width\" content=\"1024\" \/>\n\t<meta property=\"og:image:height\" content=\"786\" \/>\n<meta name=\"twitter:card\" content=\"summary_large_image\" \/>\n<script type=\"application\/ld+json\" class=\"yoast-schema-graph\">{\"@context\":\"https:\/\/schema.org\",\"@graph\":[{\"@type\":\"Organization\",\"@id\":\"https:\/\/www.imakeyousmile.se\/en\/#organization\",\"name\":\"Imakeyousmile\",\"url\":\"https:\/\/www.imakeyousmile.se\/en\/\",\"sameAs\":[],\"logo\":{\"@type\":\"ImageObject\",\"@id\":\"https:\/\/www.imakeyousmile.se\/en\/#logo\",\"inLanguage\":\"en-US\",\"url\":\"https:\/\/www.imakeyousmile.se\/wp-content\/uploads\/2020\/10\/HELENA-AMILEY_SVART-1-e1603367975324.png\",\"width\":280,\"height\":93,\"caption\":\"Imakeyousmile\"},\"image\":{\"@id\":\"https:\/\/www.imakeyousmile.se\/en\/#logo\"}},{\"@type\":\"WebSite\",\"@id\":\"https:\/\/www.imakeyousmile.se\/en\/#website\",\"url\":\"https:\/\/www.imakeyousmile.se\/en\/\",\"name\":\"Imakeyousmile.se\",\"description\":\"Helena Amiley - Beauty, Entrepreneur, Lifestyle\",\"publisher\":{\"@id\":\"https:\/\/www.imakeyousmile.se\/en\/#organization\"},\"potentialAction\":[{\"@type\":\"SearchAction\",\"target\":\"https:\/\/www.imakeyousmile.se\/en\/?s={search_term_string}\",\"query-input\":\"required name=search_term_string\"}],\"inLanguage\":\"en-US\"},{\"@type\":\"ImageObject\",\"@id\":\"https:\/\/www.imakeyousmile.se\/foundation-som-tal-vatten-vattenresistent-foundation\/#primaryimage\",\"inLanguage\":\"en-US\",\"url\":\"https:\/\/www.imakeyousmile.se\/wp-content\/uploads\/2016\/06\/IMG_5386_111-1024x786.jpg\",\"width\":1024,\"height\":786},{\"@type\":\"WebPage\",\"@id\":\"https:\/\/www.imakeyousmile.se\/foundation-som-tal-vatten-vattenresistent-foundation\/#webpage\",\"url\":\"https:\/\/www.imakeyousmile.se\/foundation-som-tal-vatten-vattenresistent-foundation\/\",\"name\":\"Foundation som t\\u00e5l vatten! (Vattenresistent foundation) | Imakeyousmile.se\",\"isPartOf\":{\"@id\":\"https:\/\/www.imakeyousmile.se\/en\/#website\"},\"primaryImageOfPage\":{\"@id\":\"https:\/\/www.imakeyousmile.se\/foundation-som-tal-vatten-vattenresistent-foundation\/#primaryimage\"},\"datePublished\":\"2016-06-08T16:06:04+00:00\",\"dateModified\":\"2021-09-01T04:45:37+00:00\",\"description\":\"Foundation som t\\u00e5l vatten! (Vattenresistent foundation) | Helena Amiley - H\\u00e4r hittar du senaste infromation om sk\\u00f6nhet, livsstil, entrepren\\u00f6rskap, makeup & tips.\",\"inLanguage\":\"en-US\",\"potentialAction\":[{\"@type\":\"ReadAction\",\"target\":[\"https:\/\/www.imakeyousmile.se\/foundation-som-tal-vatten-vattenresistent-foundation\/\"]}]},{\"@type\":\"Article\",\"@id\":\"https:\/\/www.imakeyousmile.se\/foundation-som-tal-vatten-vattenresistent-foundation\/#article\",\"isPartOf\":{\"@id\":\"https:\/\/www.imakeyousmile.se\/foundation-som-tal-vatten-vattenresistent-foundation\/#webpage\"},\"author\":{\"@id\":\"https:\/\/www.imakeyousmile.se\/en\/#\/schema\/person\/b0fd43b1c6bb1c60cfd68bff9b4a10fb\"},\"headline\":\"Foundation som t\\u00e5l vatten! (Vattenresistent foundation)\",\"datePublished\":\"2016-06-08T16:06:04+00:00\",\"dateModified\":\"2021-09-01T04:45:37+00:00\",\"mainEntityOfPage\":{\"@id\":\"https:\/\/www.imakeyousmile.se\/foundation-som-tal-vatten-vattenresistent-foundation\/#webpage\"},\"commentCount\":1,\"publisher\":{\"@id\":\"https:\/\/www.imakeyousmile.se\/en\/#organization\"},\"image\":{\"@id\":\"https:\/\/www.imakeyousmile.se\/foundation-som-tal-vatten-vattenresistent-foundation\/#primaryimage\"},\"articleSection\":\"Bassmink,Recensioner &amp; Produkttips,Sminktips\",\"inLanguage\":\"en-US\",\"potentialAction\":[{\"@type\":\"CommentAction\",\"name\":\"Comment\",\"target\":[\"https:\/\/www.imakeyousmile.se\/foundation-som-tal-vatten-vattenresistent-foundation\/#respond\"]}]},{\"@type\":\"Person\",\"@id\":\"https:\/\/www.imakeyousmile.se\/en\/#\/schema\/person\/b0fd43b1c6bb1c60cfd68bff9b4a10fb\",\"name\":\"Helena Amiley\",\"image\":{\"@type\":\"ImageObject\",\"@id\":\"https:\/\/www.imakeyousmile.se\/en\/#personlogo\",\"inLanguage\":\"en-US\",\"url\":\"https:\/\/secure.gravatar.com\/avatar\/5645558e1e355457a23368d7e1b4c904?s=96&d=mm&r=g\",\"caption\":\"Helena Amiley\"},\"description\":\"Jag skriver mest om sk\\u00f6nhet men bjuder \\u00e4ven p\\u00e5 glimtar fr\\u00e5n entrepren\\u00f6rlivet och bygget av v\\u00e5r egen camper van. Vanlife here we come!\",\"sameAs\":[\"https:\/\/www.facebook.com\/imakeyousmile.se\",\"https:\/\/www.instagram.com\/helenaamiley\",\"https:\/\/www.youtube.com\/channel\/UCR5iB6rvpV6Yr8ZjpQfr5mg?view_as=subscriber\"]}]}<\/script>\n<!-- \/ Yoast SEO Premium plugin. -->","_links":{"self":[{"href":"https:\/\/www.imakeyousmile.se\/en\/wp-json\/wp\/v2\/posts\/26298"}],"collection":[{"href":"https:\/\/www.imakeyousmile.se\/en\/wp-json\/wp\/v2\/posts"}],"about":[{"href":"https:\/\/www.imakeyousmile.se\/en\/wp-json\/wp\/v2\/types\/post"}],"author":[{"embeddable":true,"href":"https:\/\/www.imakeyousmile.se\/en\/wp-json\/wp\/v2\/users\/30"}],"replies":[{"embeddable":true,"href":"https:\/\/www.imakeyousmile.se\/en\/wp-json\/wp\/v2\/comments?post=26298"}],"version-history":[{"count":3,"href":"https:\/\/www.imakeyousmile.se\/en\/wp-json\/wp\/v2\/posts\/26298\/revisions"}],"predecessor-version":[{"id":40478,"href":"https:\/\/www.imakeyousmile.se\/en\/wp-json\/wp\/v2\/posts\/26298\/revisions\/40478"}],"wp:featuredmedia":[{"embeddable":true,"href":"https:\/\/www.imakeyousmile.se\/en\/wp-json\/wp\/v2\/media\/26299"}],"wp:attachment":[{"href":"https:\/\/www.imakeyousmile.se\/en\/wp-json\/wp\/v2\/media?parent=26298"}],"wp:term":[{"taxonomy":"category","embeddable":true,"href":"https:\/\/www.imakeyousmile.se\/en\/wp-json\/wp\/v2\/categories?post=26298"},{"taxonomy":"post_tag","embeddable":true,"href":"https:\/\/www.imakeyousmile.se\/en\/wp-json\/wp\/v2\/tags?post=26298"}],"curies":[{"name":"wp","href":"https:\/\/api.w.org\/{rel}","templated":true}]}}