{"id":26453,"date":"2016-06-29T06:00:34","date_gmt":"2016-06-29T04:00:34","guid":{"rendered":"http:\/\/www.imakeyousmile.se\/?p=26453"},"modified":"2016-06-28T23:30:55","modified_gmt":"2016-06-28T21:30:55","slug":"eyeliner-inspiration","status":"publish","type":"post","link":"https:\/\/www.imakeyousmile.se\/en\/eyeliner-inspiration\/","title":{"rendered":"Eyeliner inspiration"},"content":{"rendered":"<p>As you probably already know by now, I love eyeliner makeup of all kinds! Especially in the summer, it is perfect when you want to feel a little extra nice but may not want to put on so much make-up! So before I place myself in the deck chair, I thought I would invite you to some wonderful eyeliner inspiration :)<\/p>\n<p><img loading=\"lazy\" decoding=\"async\" class=\"alignnone size-full wp-image-26454\" src=\"http:\/\/www.imakeyousmile.se\/wp-content\/uploads\/2016\/06\/eyelinerkollage.jpg\" alt=\"eyelinerkollage\" width=\"2500\" height=\"2056\" srcset=\"https:\/\/www.imakeyousmile.se\/wp-content\/uploads\/2016\/06\/eyelinerkollage.jpg 2500w, https:\/\/www.imakeyousmile.se\/wp-content\/uploads\/2016\/06\/eyelinerkollage-300x247.jpg 300w, https:\/\/www.imakeyousmile.se\/wp-content\/uploads\/2016\/06\/eyelinerkollage-768x632.jpg 768w, https:\/\/www.imakeyousmile.se\/wp-content\/uploads\/2016\/06\/eyelinerkollage-1024x842.jpg 1024w, https:\/\/www.imakeyousmile.se\/wp-content\/uploads\/2016\/06\/eyelinerkollage-696x572.jpg 696w, https:\/\/www.imakeyousmile.se\/wp-content\/uploads\/2016\/06\/eyelinerkollage-1068x878.jpg 1068w, https:\/\/www.imakeyousmile.se\/wp-content\/uploads\/2016\/06\/eyelinerkollage-511x420.jpg 511w\" sizes=\"(max-width: 2500px) 100vw, 2500px\" \/><\/p>\n<p>Hope you were inspired \u2665 Maybe you have a favorite?<\/p>\n<p>&nbsp;<\/p>","protected":false},"excerpt":{"rendered":"<p>Jag som ni s\u00e4kert redan vet vid det h\u00e4r laget \u00e4lskar eyelinersminkningar i alla dess slag! Speciellt p\u00e5 sommaren \u00e4r det perfekt n\u00e4r man vill k\u00e4nna sig lite extra fin men kanske inte vill sminka sig s\u00e5 mycket! S\u00e5 innan jag placerar mig i solstolen s\u00e5 t\u00e4nkte jag bjuda er p\u00e5 lite h\u00e4rlig eyelinerinspiration :) [&hellip;]<\/p>\n","protected":false},"author":30,"featured_media":26454,"comment_status":"open","ping_status":"closed","sticky":false,"template":"","format":"standard","meta":{"footnotes":""},"categories":[2828,9,2827,2623],"tags":[4045,4775,4059,4869,509,5052,5051,525,634,3544,56,386,5053,4964,54,3810],"class_list":["post-26453","post","type-post","status-publish","format-standard","has-post-thumbnail","hentry","category-fargstarka-sminkningar","category-partysminkningar","category-vardagssminkningar","category-sminkningar","tag-beauty-blog","tag-black-eyeliner","tag-blue-eyeliner","tag-everyday-makeup","tag-eyeliner","tag-eyeliner-inspiration","tag-eyeliner-inspo","tag-eyelinervinge","tag-glitter-eyeliner","tag-green-eyeliner","tag-makeup-blog","tag-party-makeup","tag-pink-eyeliner","tag-silver-eyeliner","tag-sminkblogg","tag-winged-eyeliner"],"yoast_head":"<!-- This site is optimized with the Yoast SEO Premium plugin v14.9 - https:\/\/yoast.com\/wordpress\/plugins\/seo\/ -->\n<meta name=\"description\" content=\"Eyeliner inspiration | Helena Amiley - H\u00e4r hittar du senaste infromation om sk\u00f6nhet, livsstil, entrepren\u00f6rskap, makeup &amp; tips.\" \/>\n<meta name=\"robots\" content=\"index, follow, max-snippet:-1, max-image-preview:large, max-video-preview:-1\" \/>\n<link rel=\"canonical\" href=\"https:\/\/www.imakeyousmile.se\/en\/eyeliner-inspiration\/\" \/>\n<meta property=\"og:locale\" content=\"en_US\" \/>\n<meta property=\"og:type\" content=\"article\" \/>\n<meta property=\"og:title\" content=\"Eyeliner inspiration | Imakeyousmile.se\" \/>\n<meta property=\"og:description\" content=\"Eyeliner inspiration | Helena Amiley - H\u00e4r hittar du senaste infromation om sk\u00f6nhet, livsstil, entrepren\u00f6rskap, makeup &amp; tips.\" \/>\n<meta property=\"og:url\" content=\"https:\/\/www.imakeyousmile.se\/en\/eyeliner-inspiration\/\" \/>\n<meta property=\"og:site_name\" content=\"Imakeyousmile.se\" \/>\n<meta property=\"article:author\" content=\"https:\/\/www.facebook.com\/imakeyousmile.se\" \/>\n<meta property=\"article:published_time\" content=\"2016-06-29T04:00:34+00:00\" \/>\n<meta property=\"article:modified_time\" content=\"2016-06-28T21:30:55+00:00\" \/>\n<meta property=\"og:image\" content=\"https:\/\/www.imakeyousmile.se\/wp-content\/uploads\/2016\/06\/eyelinerkollage.jpg\" \/>\n\t<meta property=\"og:image:width\" content=\"2500\" \/>\n\t<meta property=\"og:image:height\" content=\"2056\" \/>\n<meta name=\"twitter:card\" content=\"summary_large_image\" \/>\n<script type=\"application\/ld+json\" class=\"yoast-schema-graph\">{\"@context\":\"https:\/\/schema.org\",\"@graph\":[{\"@type\":\"Organization\",\"@id\":\"https:\/\/www.imakeyousmile.se\/en\/#organization\",\"name\":\"Imakeyousmile\",\"url\":\"https:\/\/www.imakeyousmile.se\/en\/\",\"sameAs\":[],\"logo\":{\"@type\":\"ImageObject\",\"@id\":\"https:\/\/www.imakeyousmile.se\/en\/#logo\",\"inLanguage\":\"en-US\",\"url\":\"https:\/\/www.imakeyousmile.se\/wp-content\/uploads\/2020\/10\/HELENA-AMILEY_SVART-1-e1603367975324.png\",\"width\":280,\"height\":93,\"caption\":\"Imakeyousmile\"},\"image\":{\"@id\":\"https:\/\/www.imakeyousmile.se\/en\/#logo\"}},{\"@type\":\"WebSite\",\"@id\":\"https:\/\/www.imakeyousmile.se\/en\/#website\",\"url\":\"https:\/\/www.imakeyousmile.se\/en\/\",\"name\":\"Imakeyousmile.se\",\"description\":\"Helena Amiley - Beauty, Entrepreneur, Lifestyle\",\"publisher\":{\"@id\":\"https:\/\/www.imakeyousmile.se\/en\/#organization\"},\"potentialAction\":[{\"@type\":\"SearchAction\",\"target\":\"https:\/\/www.imakeyousmile.se\/en\/?s={search_term_string}\",\"query-input\":\"required name=search_term_string\"}],\"inLanguage\":\"en-US\"},{\"@type\":\"ImageObject\",\"@id\":\"https:\/\/www.imakeyousmile.se\/eyeliner-inspiration\/#primaryimage\",\"inLanguage\":\"en-US\",\"url\":\"https:\/\/www.imakeyousmile.se\/wp-content\/uploads\/2016\/06\/eyelinerkollage.jpg\",\"width\":2500,\"height\":2056},{\"@type\":\"WebPage\",\"@id\":\"https:\/\/www.imakeyousmile.se\/eyeliner-inspiration\/#webpage\",\"url\":\"https:\/\/www.imakeyousmile.se\/eyeliner-inspiration\/\",\"name\":\"Eyeliner inspiration | Imakeyousmile.se\",\"isPartOf\":{\"@id\":\"https:\/\/www.imakeyousmile.se\/en\/#website\"},\"primaryImageOfPage\":{\"@id\":\"https:\/\/www.imakeyousmile.se\/eyeliner-inspiration\/#primaryimage\"},\"datePublished\":\"2016-06-29T04:00:34+00:00\",\"dateModified\":\"2016-06-28T21:30:55+00:00\",\"description\":\"Eyeliner inspiration | Helena Amiley - H\\u00e4r hittar du senaste infromation om sk\\u00f6nhet, livsstil, entrepren\\u00f6rskap, makeup & tips.\",\"inLanguage\":\"en-US\",\"potentialAction\":[{\"@type\":\"ReadAction\",\"target\":[\"https:\/\/www.imakeyousmile.se\/eyeliner-inspiration\/\"]}]},{\"@type\":\"Article\",\"@id\":\"https:\/\/www.imakeyousmile.se\/eyeliner-inspiration\/#article\",\"isPartOf\":{\"@id\":\"https:\/\/www.imakeyousmile.se\/eyeliner-inspiration\/#webpage\"},\"author\":{\"@id\":\"https:\/\/www.imakeyousmile.se\/en\/#\/schema\/person\/b0fd43b1c6bb1c60cfd68bff9b4a10fb\"},\"headline\":\"Eyeliner inspiration\",\"datePublished\":\"2016-06-29T04:00:34+00:00\",\"dateModified\":\"2016-06-28T21:30:55+00:00\",\"mainEntityOfPage\":{\"@id\":\"https:\/\/www.imakeyousmile.se\/eyeliner-inspiration\/#webpage\"},\"commentCount\":4,\"publisher\":{\"@id\":\"https:\/\/www.imakeyousmile.se\/en\/#organization\"},\"image\":{\"@id\":\"https:\/\/www.imakeyousmile.se\/eyeliner-inspiration\/#primaryimage\"},\"keywords\":\"beauty blog,black eyeliner,blue eyeliner,everyday makeup,eyeliner,eyeliner inspiration,eyeliner inspo,eyelinervinge,glitter eyeliner,green eyeliner,makeup blog,party makeup,pink eyeliner,silver eyeliner,sminkblogg,winged eyeliner\",\"articleSection\":\"F\\u00e4rgstarka sminkningar,M\\u00f6rka \/ festliga sminkningar,Neutrala \/ milda sminkningar,Sminkningar\",\"inLanguage\":\"en-US\",\"potentialAction\":[{\"@type\":\"CommentAction\",\"name\":\"Comment\",\"target\":[\"https:\/\/www.imakeyousmile.se\/eyeliner-inspiration\/#respond\"]}]},{\"@type\":\"Person\",\"@id\":\"https:\/\/www.imakeyousmile.se\/en\/#\/schema\/person\/b0fd43b1c6bb1c60cfd68bff9b4a10fb\",\"name\":\"Helena Amiley\",\"image\":{\"@type\":\"ImageObject\",\"@id\":\"https:\/\/www.imakeyousmile.se\/en\/#personlogo\",\"inLanguage\":\"en-US\",\"url\":\"https:\/\/secure.gravatar.com\/avatar\/5645558e1e355457a23368d7e1b4c904?s=96&d=mm&r=g\",\"caption\":\"Helena Amiley\"},\"description\":\"Jag skriver mest om sk\\u00f6nhet men bjuder \\u00e4ven p\\u00e5 glimtar fr\\u00e5n entrepren\\u00f6rlivet och bygget av v\\u00e5r egen camper van. Vanlife here we come!\",\"sameAs\":[\"https:\/\/www.facebook.com\/imakeyousmile.se\",\"https:\/\/www.instagram.com\/helenaamiley\",\"https:\/\/www.youtube.com\/channel\/UCR5iB6rvpV6Yr8ZjpQfr5mg?view_as=subscriber\"]}]}<\/script>\n<!-- \/ Yoast SEO Premium plugin. -->","_links":{"self":[{"href":"https:\/\/www.imakeyousmile.se\/en\/wp-json\/wp\/v2\/posts\/26453"}],"collection":[{"href":"https:\/\/www.imakeyousmile.se\/en\/wp-json\/wp\/v2\/posts"}],"about":[{"href":"https:\/\/www.imakeyousmile.se\/en\/wp-json\/wp\/v2\/types\/post"}],"author":[{"embeddable":true,"href":"https:\/\/www.imakeyousmile.se\/en\/wp-json\/wp\/v2\/users\/30"}],"replies":[{"embeddable":true,"href":"https:\/\/www.imakeyousmile.se\/en\/wp-json\/wp\/v2\/comments?post=26453"}],"version-history":[{"count":1,"href":"https:\/\/www.imakeyousmile.se\/en\/wp-json\/wp\/v2\/posts\/26453\/revisions"}],"predecessor-version":[{"id":26455,"href":"https:\/\/www.imakeyousmile.se\/en\/wp-json\/wp\/v2\/posts\/26453\/revisions\/26455"}],"wp:featuredmedia":[{"embeddable":true,"href":"https:\/\/www.imakeyousmile.se\/en\/wp-json\/wp\/v2\/media\/26454"}],"wp:attachment":[{"href":"https:\/\/www.imakeyousmile.se\/en\/wp-json\/wp\/v2\/media?parent=26453"}],"wp:term":[{"taxonomy":"category","embeddable":true,"href":"https:\/\/www.imakeyousmile.se\/en\/wp-json\/wp\/v2\/categories?post=26453"},{"taxonomy":"post_tag","embeddable":true,"href":"https:\/\/www.imakeyousmile.se\/en\/wp-json\/wp\/v2\/tags?post=26453"}],"curies":[{"name":"wp","href":"https:\/\/api.w.org\/{rel}","templated":true}]}}