{"id":26485,"date":"2016-07-06T20:56:12","date_gmt":"2016-07-06T18:56:12","guid":{"rendered":"http:\/\/www.imakeyousmile.se\/?p=26485"},"modified":"2016-07-06T20:56:12","modified_gmt":"2016-07-06T18:56:12","slug":"naturlig-sommarlook","status":"publish","type":"post","link":"https:\/\/www.imakeyousmile.se\/en\/natural-summer-look\/","title":{"rendered":"Natural summer look"},"content":{"rendered":"<p>Today I sat in front of the makeup mirror again, as I missed it \u2665 Have probably never gone this long without makeup ever since I went in the sixth type, abstinence!<\/p>\n<p>However, the working day did not start so well as my camera broke after only a few photos, so typical !! But it is several years old and has been used incredibly often so it was well on time maybe. Have another camera that I can use instead, but it took so long before I gave up hope on the broken one and got started settings and everything on the new one, so I only had time with the base today since I was full of customers.<\/p>\n<p>But, you can see today&#039;s bass at least haha :) You have not really seen me since <a href=\"http:\/\/www.imakeyousmile.se\/en\/page\/2\/\" target=\"_blank\">my makeup<\/a> I did 3 weeks ago, and now I am both a little, a little browner and above all really sun-bleached in my hair, my lengths are blonde! Here&#039;s what I look like today:<\/p>\n<p><img loading=\"lazy\" decoding=\"async\" class=\"alignnone size-full wp-image-26487\" src=\"http:\/\/www.imakeyousmile.se\/wp-content\/uploads\/2016\/07\/IMG_0616_111.jpg\" alt=\"IMG_0616_111\" width=\"2500\" height=\"2617\" srcset=\"https:\/\/www.imakeyousmile.se\/wp-content\/uploads\/2016\/07\/IMG_0616_111.jpg 2446w, https:\/\/www.imakeyousmile.se\/wp-content\/uploads\/2016\/07\/IMG_0616_111-287x300.jpg 287w, https:\/\/www.imakeyousmile.se\/wp-content\/uploads\/2016\/07\/IMG_0616_111-768x804.jpg 768w, https:\/\/www.imakeyousmile.se\/wp-content\/uploads\/2016\/07\/IMG_0616_111-978x1024.jpg 978w, https:\/\/www.imakeyousmile.se\/wp-content\/uploads\/2016\/07\/IMG_0616_111-696x729.jpg 696w, https:\/\/www.imakeyousmile.se\/wp-content\/uploads\/2016\/07\/IMG_0616_111-1068x1118.jpg 1068w, https:\/\/www.imakeyousmile.se\/wp-content\/uploads\/2016\/07\/IMG_0616_111-401x420.jpg 401w\" sizes=\"(max-width: 2500px) 100vw, 2500px\" \/><\/p>\n<p>Summery bright lips, a light base and lighter eyebrows than I usually have. A nice and suitable summer base for colored lashes, or permanent makeup that I have :)<\/p>\n<p>What do you think?<\/p>\n<p><strong>Bassmink:<\/strong><br \/>\nFoundation -\u00a0<a href=\"https:\/\/ion.lyko.com\/t\/t?a=1117786221&#038;as=1548102449&#038;t=2&#038;tk=1&#038;epi=search-replace-skintint&#038;url=https:\/\/lyko.com\/sv\/pixi\/pixi-h2o-skintint-2nude\" target=\"_blank\">Pixi H2O Skintint\u00a0<\/a>(Cream)<br \/>\nPowder that neutralizes red -\u00a0<a href=\"https:\/\/ion.lyko.com\/t\/t?a=1117786221&#038;as=1548102449&#038;t=2&#038;tk=1&#038;epi=search-replace-rednessrelief&#038;url=https:\/\/lyko.com\/sv\/glo-skin-beauty\/glo-skin-bea-rednessrelief-powder\/\">gloMinerals Redness Relief Powder<br \/>\n<\/a>Contouring -\u00a0<a href=\"https:\/\/ion.lyko.com\/t\/t?a=1117786221&#038;as=1548102449&#038;t=2&#038;tk=1&#038;epi=search-replace-pixipalette&#038;url=https:\/\/lyko.com\/sv\/sok?q=pixi+palette\/\">Pixi Book Of Beauty Contour Creator<br \/>\n<\/a><a href=\"https:\/\/ion.lyko.com\/t\/t?a=1117786221&#038;as=1548102449&#038;t=2&#038;tk=1&#038;epi=search-replace-pixipalette&#038;url=https:\/\/lyko.com\/sv\/sok?q=pixi+palette\/\">\u2028<\/a>Rouge -\u00a0<a href=\"https:\/\/ion.lyko.com\/t\/t?a=1117786221&#038;as=1548102449&#038;t=2&#038;tk=1&#038;epi=search-replace-globlush&#038;url=https:\/\/lyko.com\/sv\/glo-skin-beauty\/glominerals-blush-sweet\">gloMinerals Powder blush<\/a>\u00a0(Papaya)<a href=\"http:\/\/creativemakeup.se\/produkt\/paese-bamboo-silk-powder\/\"><br \/>\n<\/a>Fixing Mist -\u00a0<a href=\"https:\/\/ion.lyko.com\/t\/t?a=1117786221&#038;as=1548102449&#038;t=2&#038;tk=1&#038;epi=search-replace-fixingmist&#038;url=https:\/\/lyko.com\/sv\/pixi\/pixi-makeup-fixing-mist\">Pixi Makeup Fixing Mist<\/a><\/p>\n<p><strong>Eyebrows -<\/strong><a href=\"https:\/\/ion.lyko.com\/t\/t?a=1117786221&#038;as=1548102449&#038;t=2&#038;tk=1&#038;epi=search-replace-brow-duo&#038;url=https:\/\/lyko.com\/sv\/pixi\/pixi-natural-brow-duo-natural-brown\/\" target=\"_blank\">\u00a0Pixi Natural Brow Duo\u00a0<\/a>(Natural Brown)<br \/>\n<strong>Lips -<\/strong><a href=\"https:\/\/ion.jordklok.se\/t\/t?a=1236848151&#038;as=1548102449&#038;t=2&#038;tk=1&#038;epi=search-replace-benecoslipliner&#038;url=https:\/\/www.jordklok.se\/sv\/articles\/2.68.3596\/benecos-natural-lipliner-113-g?q=Benecos%20Natural%20Lipliner,%201,13%20g\/\" target=\"_blank\">\u00a0<\/a><a href=\"http:\/\/creativemakeup.se\/produkt\/paese-lappstift\/\">Paese Lipstick (16)<\/a><\/p>\n<p><img loading=\"lazy\" decoding=\"async\" class=\"alignnone size-full wp-image-26486\" src=\"http:\/\/www.imakeyousmile.se\/wp-content\/uploads\/2016\/07\/IMG_0600_111.jpg\" alt=\"IMG_0600_111\" width=\"2500\" height=\"2748\" srcset=\"https:\/\/www.imakeyousmile.se\/wp-content\/uploads\/2016\/07\/IMG_0600_111.jpg 2329w, https:\/\/www.imakeyousmile.se\/wp-content\/uploads\/2016\/07\/IMG_0600_111-273x300.jpg 273w, https:\/\/www.imakeyousmile.se\/wp-content\/uploads\/2016\/07\/IMG_0600_111-768x844.jpg 768w, https:\/\/www.imakeyousmile.se\/wp-content\/uploads\/2016\/07\/IMG_0600_111-932x1024.jpg 932w, https:\/\/www.imakeyousmile.se\/wp-content\/uploads\/2016\/07\/IMG_0600_111-696x765.jpg 696w, https:\/\/www.imakeyousmile.se\/wp-content\/uploads\/2016\/07\/IMG_0600_111-1068x1174.jpg 1068w, https:\/\/www.imakeyousmile.se\/wp-content\/uploads\/2016\/07\/IMG_0600_111-382x420.jpg 382w\" sizes=\"(max-width: 2500px) 100vw, 2500px\" \/><\/p>\n<p>Love this lipstick \u2665<\/p>\n<p><img loading=\"lazy\" decoding=\"async\" class=\"alignnone size-full wp-image-26488\" src=\"http:\/\/www.imakeyousmile.se\/wp-content\/uploads\/2016\/07\/IMG_0620_111.jpg\" alt=\"IMG_0620_111\" width=\"2500\" height=\"2279\" srcset=\"https:\/\/www.imakeyousmile.se\/wp-content\/uploads\/2016\/07\/IMG_0620_111.jpg 2500w, https:\/\/www.imakeyousmile.se\/wp-content\/uploads\/2016\/07\/IMG_0620_111-300x273.jpg 300w, https:\/\/www.imakeyousmile.se\/wp-content\/uploads\/2016\/07\/IMG_0620_111-768x700.jpg 768w, https:\/\/www.imakeyousmile.se\/wp-content\/uploads\/2016\/07\/IMG_0620_111-1024x933.jpg 1024w, https:\/\/www.imakeyousmile.se\/wp-content\/uploads\/2016\/07\/IMG_0620_111-696x634.jpg 696w, https:\/\/www.imakeyousmile.se\/wp-content\/uploads\/2016\/07\/IMG_0620_111-1068x974.jpg 1068w, https:\/\/www.imakeyousmile.se\/wp-content\/uploads\/2016\/07\/IMG_0620_111-461x420.jpg 461w\" sizes=\"(max-width: 2500px) 100vw, 2500px\" \/><\/p>\n<p>Now I am home again, and the first day of work has gone very well! Feels so fun to be able to recommend awesome products, shape nice eyebrows and make people feel good again :) I have the best job in the world!<\/p>\n<p>Hope you have a great evening \u2665<\/p>","protected":false},"excerpt":{"rendered":"<p>Idag satt jag framf\u00f6r sminkspegeln igen, som jag saknat den\u00a0\u2665 Har nog aldrig g\u00e5tt s\u00e5 h\u00e4r l\u00e4nge utan smink n\u00e5gonsin sen jag gick i sexan\u00a0typ, abstinens! Dock startade arbetsdagen inte s\u00e5 bra d\u00e5 min kamera gick s\u00f6nder efter bara n\u00e5gra f\u00e5 foton, s\u00e5 typiskt!! Men den \u00e4r flera \u00e5r gammal och har anv\u00e4nts otroligt flitigt [&hellip;]<\/p>\n","protected":false},"author":30,"featured_media":26487,"comment_status":"open","ping_status":"closed","sticky":false,"template":"","format":"standard","meta":{"footnotes":""},"categories":[24,3919],"tags":[],"class_list":["post-26485","post","type-post","status-publish","format-standard","has-post-thumbnail","hentry","category-grundsmink","category-sminktips"],"yoast_head":"<!-- This site is optimized with the Yoast SEO Premium plugin v14.9 - https:\/\/yoast.com\/wordpress\/plugins\/seo\/ -->\n<meta name=\"description\" content=\"Naturlig sommarlook | Helena Amiley - H\u00e4r hittar du senaste infromation om sk\u00f6nhet, livsstil, entrepren\u00f6rskap, makeup &amp; tips.\" \/>\n<meta name=\"robots\" content=\"index, follow, max-snippet:-1, max-image-preview:large, max-video-preview:-1\" \/>\n<link rel=\"canonical\" href=\"https:\/\/www.imakeyousmile.se\/en\/naturlig-sommarlook\/\" \/>\n<meta property=\"og:locale\" content=\"en_US\" \/>\n<meta property=\"og:type\" content=\"article\" \/>\n<meta property=\"og:title\" content=\"Naturlig sommarlook | Imakeyousmile.se\" \/>\n<meta property=\"og:description\" content=\"Naturlig sommarlook | Helena Amiley - H\u00e4r hittar du senaste infromation om sk\u00f6nhet, livsstil, entrepren\u00f6rskap, makeup &amp; tips.\" \/>\n<meta property=\"og:url\" content=\"https:\/\/www.imakeyousmile.se\/en\/naturlig-sommarlook\/\" \/>\n<meta property=\"og:site_name\" content=\"Imakeyousmile.se\" \/>\n<meta property=\"article:author\" content=\"https:\/\/www.facebook.com\/imakeyousmile.se\" \/>\n<meta property=\"article:published_time\" content=\"2016-07-06T18:56:12+00:00\" \/>\n<meta property=\"og:image\" content=\"https:\/\/www.imakeyousmile.se\/wp-content\/uploads\/2016\/07\/IMG_0616_111.jpg\" \/>\n\t<meta property=\"og:image:width\" content=\"2446\" \/>\n\t<meta property=\"og:image:height\" content=\"2560\" \/>\n<meta name=\"twitter:card\" content=\"summary_large_image\" \/>\n<script type=\"application\/ld+json\" class=\"yoast-schema-graph\">{\"@context\":\"https:\/\/schema.org\",\"@graph\":[{\"@type\":\"Organization\",\"@id\":\"https:\/\/www.imakeyousmile.se\/en\/#organization\",\"name\":\"Imakeyousmile\",\"url\":\"https:\/\/www.imakeyousmile.se\/en\/\",\"sameAs\":[],\"logo\":{\"@type\":\"ImageObject\",\"@id\":\"https:\/\/www.imakeyousmile.se\/en\/#logo\",\"inLanguage\":\"en-US\",\"url\":\"https:\/\/www.imakeyousmile.se\/wp-content\/uploads\/2020\/10\/HELENA-AMILEY_SVART-1-e1603367975324.png\",\"width\":280,\"height\":93,\"caption\":\"Imakeyousmile\"},\"image\":{\"@id\":\"https:\/\/www.imakeyousmile.se\/en\/#logo\"}},{\"@type\":\"WebSite\",\"@id\":\"https:\/\/www.imakeyousmile.se\/en\/#website\",\"url\":\"https:\/\/www.imakeyousmile.se\/en\/\",\"name\":\"Imakeyousmile.se\",\"description\":\"Helena Amiley - Beauty, Entrepreneur, Lifestyle\",\"publisher\":{\"@id\":\"https:\/\/www.imakeyousmile.se\/en\/#organization\"},\"potentialAction\":[{\"@type\":\"SearchAction\",\"target\":\"https:\/\/www.imakeyousmile.se\/en\/?s={search_term_string}\",\"query-input\":\"required name=search_term_string\"}],\"inLanguage\":\"en-US\"},{\"@type\":\"ImageObject\",\"@id\":\"https:\/\/www.imakeyousmile.se\/naturlig-sommarlook\/#primaryimage\",\"inLanguage\":\"en-US\",\"url\":\"https:\/\/www.imakeyousmile.se\/wp-content\/uploads\/2016\/07\/IMG_0616_111.jpg\",\"width\":2446,\"height\":2560},{\"@type\":\"WebPage\",\"@id\":\"https:\/\/www.imakeyousmile.se\/naturlig-sommarlook\/#webpage\",\"url\":\"https:\/\/www.imakeyousmile.se\/naturlig-sommarlook\/\",\"name\":\"Naturlig sommarlook | Imakeyousmile.se\",\"isPartOf\":{\"@id\":\"https:\/\/www.imakeyousmile.se\/en\/#website\"},\"primaryImageOfPage\":{\"@id\":\"https:\/\/www.imakeyousmile.se\/naturlig-sommarlook\/#primaryimage\"},\"datePublished\":\"2016-07-06T18:56:12+00:00\",\"dateModified\":\"2016-07-06T18:56:12+00:00\",\"description\":\"Naturlig sommarlook | Helena Amiley - H\\u00e4r hittar du senaste infromation om sk\\u00f6nhet, livsstil, entrepren\\u00f6rskap, makeup & tips.\",\"inLanguage\":\"en-US\",\"potentialAction\":[{\"@type\":\"ReadAction\",\"target\":[\"https:\/\/www.imakeyousmile.se\/naturlig-sommarlook\/\"]}]},{\"@type\":\"Article\",\"@id\":\"https:\/\/www.imakeyousmile.se\/naturlig-sommarlook\/#article\",\"isPartOf\":{\"@id\":\"https:\/\/www.imakeyousmile.se\/naturlig-sommarlook\/#webpage\"},\"author\":{\"@id\":\"https:\/\/www.imakeyousmile.se\/en\/#\/schema\/person\/b0fd43b1c6bb1c60cfd68bff9b4a10fb\"},\"headline\":\"Naturlig sommarlook\",\"datePublished\":\"2016-07-06T18:56:12+00:00\",\"dateModified\":\"2016-07-06T18:56:12+00:00\",\"mainEntityOfPage\":{\"@id\":\"https:\/\/www.imakeyousmile.se\/naturlig-sommarlook\/#webpage\"},\"commentCount\":5,\"publisher\":{\"@id\":\"https:\/\/www.imakeyousmile.se\/en\/#organization\"},\"image\":{\"@id\":\"https:\/\/www.imakeyousmile.se\/naturlig-sommarlook\/#primaryimage\"},\"articleSection\":\"Bassmink,Sminktips\",\"inLanguage\":\"en-US\",\"potentialAction\":[{\"@type\":\"CommentAction\",\"name\":\"Comment\",\"target\":[\"https:\/\/www.imakeyousmile.se\/naturlig-sommarlook\/#respond\"]}]},{\"@type\":\"Person\",\"@id\":\"https:\/\/www.imakeyousmile.se\/en\/#\/schema\/person\/b0fd43b1c6bb1c60cfd68bff9b4a10fb\",\"name\":\"Helena Amiley\",\"image\":{\"@type\":\"ImageObject\",\"@id\":\"https:\/\/www.imakeyousmile.se\/en\/#personlogo\",\"inLanguage\":\"en-US\",\"url\":\"https:\/\/secure.gravatar.com\/avatar\/5645558e1e355457a23368d7e1b4c904?s=96&d=mm&r=g\",\"caption\":\"Helena Amiley\"},\"description\":\"Jag skriver mest om sk\\u00f6nhet men bjuder \\u00e4ven p\\u00e5 glimtar fr\\u00e5n entrepren\\u00f6rlivet och bygget av v\\u00e5r egen camper van. Vanlife here we come!\",\"sameAs\":[\"https:\/\/www.facebook.com\/imakeyousmile.se\",\"https:\/\/www.instagram.com\/helenaamiley\",\"https:\/\/www.youtube.com\/channel\/UCR5iB6rvpV6Yr8ZjpQfr5mg?view_as=subscriber\"]}]}<\/script>\n<!-- \/ Yoast SEO Premium plugin. -->","_links":{"self":[{"href":"https:\/\/www.imakeyousmile.se\/en\/wp-json\/wp\/v2\/posts\/26485"}],"collection":[{"href":"https:\/\/www.imakeyousmile.se\/en\/wp-json\/wp\/v2\/posts"}],"about":[{"href":"https:\/\/www.imakeyousmile.se\/en\/wp-json\/wp\/v2\/types\/post"}],"author":[{"embeddable":true,"href":"https:\/\/www.imakeyousmile.se\/en\/wp-json\/wp\/v2\/users\/30"}],"replies":[{"embeddable":true,"href":"https:\/\/www.imakeyousmile.se\/en\/wp-json\/wp\/v2\/comments?post=26485"}],"version-history":[{"count":2,"href":"https:\/\/www.imakeyousmile.se\/en\/wp-json\/wp\/v2\/posts\/26485\/revisions"}],"predecessor-version":[{"id":26490,"href":"https:\/\/www.imakeyousmile.se\/en\/wp-json\/wp\/v2\/posts\/26485\/revisions\/26490"}],"wp:featuredmedia":[{"embeddable":true,"href":"https:\/\/www.imakeyousmile.se\/en\/wp-json\/wp\/v2\/media\/26487"}],"wp:attachment":[{"href":"https:\/\/www.imakeyousmile.se\/en\/wp-json\/wp\/v2\/media?parent=26485"}],"wp:term":[{"taxonomy":"category","embeddable":true,"href":"https:\/\/www.imakeyousmile.se\/en\/wp-json\/wp\/v2\/categories?post=26485"},{"taxonomy":"post_tag","embeddable":true,"href":"https:\/\/www.imakeyousmile.se\/en\/wp-json\/wp\/v2\/tags?post=26485"}],"curies":[{"name":"wp","href":"https:\/\/api.w.org\/{rel}","templated":true}]}}