{"id":26526,"date":"2016-07-13T17:59:02","date_gmt":"2016-07-13T15:59:02","guid":{"rendered":"http:\/\/www.imakeyousmile.se\/?p=26526"},"modified":"2016-07-13T17:59:02","modified_gmt":"2016-07-13T15:59:02","slug":"fodelsedagssminkning","status":"publish","type":"post","link":"https:\/\/www.imakeyousmile.se\/en\/birthday-makeup\/","title":{"rendered":"Birthday makeup"},"content":{"rendered":"<p>You know what? It&#039;s my birthday today!!! :)<\/p>\n<p>Now I am 23 summers old and celebrating my birthday at work for the first time in my whole life. I have always had summer vacation or not been scheduled for my birthday, so it feels a little different actually but we only opened at 14.00 today so I have had a cozy birthday morning with the family who sang me up with packages in the morning (the happiest in the world!) And then have I had a really wonderful working day with a lot of congratulations from nice customers and colleagues \u2665<\/p>\n<p>And even though it&#039;s hard with the first birthday without my mother, it still feels like she&#039;s with me all day! She has always made my birthday feel so incredibly special, and celebrating it will always feel magical thanks to her :)<\/p>\n<p>I, who have barely put on my make-up in four weeks, have dressed up a little extra for the day! Curls in my hair and a new dress that I got as a birthday present, and a quick but extra nice make-up with eyeliner and red lips.<\/p>\n<p><img loading=\"lazy\" decoding=\"async\" class=\"alignnone size-full wp-image-26530\" src=\"http:\/\/www.imakeyousmile.se\/wp-content\/uploads\/2016\/07\/IMG_0952_111.jpg\" alt=\"IMG_0952_111\" width=\"2500\" height=\"2480\" srcset=\"https:\/\/www.imakeyousmile.se\/wp-content\/uploads\/2016\/07\/IMG_0952_111.jpg 2500w, https:\/\/www.imakeyousmile.se\/wp-content\/uploads\/2016\/07\/IMG_0952_111-150x150.jpg 150w, https:\/\/www.imakeyousmile.se\/wp-content\/uploads\/2016\/07\/IMG_0952_111-300x298.jpg 300w, https:\/\/www.imakeyousmile.se\/wp-content\/uploads\/2016\/07\/IMG_0952_111-768x762.jpg 768w, https:\/\/www.imakeyousmile.se\/wp-content\/uploads\/2016\/07\/IMG_0952_111-1024x1016.jpg 1024w, https:\/\/www.imakeyousmile.se\/wp-content\/uploads\/2016\/07\/IMG_0952_111-696x690.jpg 696w, https:\/\/www.imakeyousmile.se\/wp-content\/uploads\/2016\/07\/IMG_0952_111-1068x1059.jpg 1068w, https:\/\/www.imakeyousmile.se\/wp-content\/uploads\/2016\/07\/IMG_0952_111-423x420.jpg 423w\" sizes=\"(max-width: 2500px) 100vw, 2500px\" \/><\/p>\n<p>Nice huh? :)<\/p>\n<p><img loading=\"lazy\" decoding=\"async\" class=\"alignnone size-full wp-image-26527\" src=\"http:\/\/www.imakeyousmile.se\/wp-content\/uploads\/2016\/07\/IMG_0869_111.jpg\" alt=\"IMG_0869_111\" width=\"2500\" height=\"2228\" srcset=\"https:\/\/www.imakeyousmile.se\/wp-content\/uploads\/2016\/07\/IMG_0869_111.jpg 2500w, https:\/\/www.imakeyousmile.se\/wp-content\/uploads\/2016\/07\/IMG_0869_111-300x267.jpg 300w, https:\/\/www.imakeyousmile.se\/wp-content\/uploads\/2016\/07\/IMG_0869_111-768x684.jpg 768w, https:\/\/www.imakeyousmile.se\/wp-content\/uploads\/2016\/07\/IMG_0869_111-1024x913.jpg 1024w, https:\/\/www.imakeyousmile.se\/wp-content\/uploads\/2016\/07\/IMG_0869_111-696x620.jpg 696w, https:\/\/www.imakeyousmile.se\/wp-content\/uploads\/2016\/07\/IMG_0869_111-1068x952.jpg 1068w, https:\/\/www.imakeyousmile.se\/wp-content\/uploads\/2016\/07\/IMG_0869_111-471x420.jpg 471w\" sizes=\"(max-width: 2500px) 100vw, 2500px\" \/><\/p>\n<p><strong>Bassmink:<\/strong><br \/>\nFoundation -\u00a0<a href=\"https:\/\/ion.lyko.com\/t\/t?a=1117786221&#038;as=1548102449&#038;t=2&#038;tk=1&#038;epi=search-replace-skintint&#038;url=https:\/\/lyko.com\/sv\/pixi\/pixi-h2o-skintint-2nude\" target=\"_blank\">Pixi H2O Skintint\u00a0<\/a>(Warm)<br \/>\nPowder that neutralizes red -\u00a0<a href=\"https:\/\/ion.lyko.com\/t\/t?a=1117786221&#038;as=1548102449&#038;t=2&#038;tk=1&#038;epi=search-replace-rednessrelief&#038;url=https:\/\/lyko.com\/sv\/glo-skin-beauty\/glo-skin-bea-rednessrelief-powder\/\">gloMinerals Redness Relief Powder<br \/>\n<\/a>Contouring -\u00a0<a href=\"https:\/\/ion.lyko.com\/t\/t?a=1117786221&#038;as=1548102449&#038;t=2&#038;tk=1&#038;epi=search-replace-pixipalette&#038;url=https:\/\/lyko.com\/sv\/sok?q=pixi+palette\/\">Pixi Book Of Beauty Contour Creator<br \/>\n<\/a><a href=\"https:\/\/ion.lyko.com\/t\/t?a=1117786221&#038;as=1548102449&#038;t=2&#038;tk=1&#038;epi=search-replace-pixipalette&#038;url=https:\/\/lyko.com\/sv\/sok?q=pixi+palette\/\">\u2028<\/a>Rouge -\u00a0<a href=\"http:\/\/creativemakeup.se\/produkt\/paese-powder-blush-med-arganolja\/\" target=\"_blank\">Paese Powder Blush\u00a0<\/a>(45)<a href=\"http:\/\/creativemakeup.se\/produkt\/paese-bamboo-silk-powder\/\"><br \/>\n<\/a>Fixing Mist -\u00a0<a href=\"https:\/\/ion.lyko.com\/t\/t?a=1117786221&#038;as=1548102449&#038;t=2&#038;tk=1&#038;epi=search-replace-fixingmist&#038;url=https:\/\/lyko.com\/sv\/pixi\/pixi-makeup-fixing-mist\">Pixi Makeup Fixing Mist<\/a><\/p>\n<p><strong>Eyebrows -<\/strong><a href=\"https:\/\/ion.lyko.com\/t\/t?a=1117786221&#038;as=1548102449&#038;t=2&#038;tk=1&#038;epi=search-replace-brow-duo&#038;url=https:\/\/lyko.com\/sv\/pixi\/pixi-natural-brow-duo-natural-brown\/\" target=\"_blank\">\u00a0Pixi Natural Brow Duo\u00a0<\/a>(Natural Brown)<br \/>\n<strong>Lips -<\/strong><a href=\"https:\/\/ion.lyko.com\/t\/t?a=1117786221&#038;as=1548102449&#038;t=2&#038;tk=1&#038;epi=search-replace-glosuede&#038;url=https:\/\/lyko.com\/sv\/glo-skin-beauty\/glominerals-glosuedematte-crayon-tradema\" target=\"_blank\"> gloMinerals Suede Matte Crayon (Bombshell)<\/a><\/p>\n<p><strong>Eyes:<\/strong><br \/>\nBlack eyeliner,<a href=\"https:\/\/ion.lyko.com\/t\/t?a=1117786221&#038;as=1548102449&#038;t=2&#038;tk=1&#038;epi=search-repace-lashlineink&#038;url=https:\/\/lyko.com\/sv\/pixi\/pixi-lash-line-ink-black\" target=\"_blank\"> Pixi Lash Line Ink<\/a><br \/>\nBlack mascara on all lashes,\u00a0<a href=\"http:\/\/creativemakeup.se\/produkt\/santhilea-magnetic-lash-mascara\/\" target=\"_blank\">Magnetic Lash Mascara<\/a><\/p>\n<p><img loading=\"lazy\" decoding=\"async\" class=\"alignnone size-full wp-image-26528\" src=\"http:\/\/www.imakeyousmile.se\/wp-content\/uploads\/2016\/07\/IMG_0910_111.jpg\" alt=\"IMG_0910_111\" width=\"2393\" height=\"3073\" srcset=\"https:\/\/www.imakeyousmile.se\/wp-content\/uploads\/2016\/07\/IMG_0910_111.jpg 1994w, https:\/\/www.imakeyousmile.se\/wp-content\/uploads\/2016\/07\/IMG_0910_111-234x300.jpg 234w, https:\/\/www.imakeyousmile.se\/wp-content\/uploads\/2016\/07\/IMG_0910_111-768x986.jpg 768w, https:\/\/www.imakeyousmile.se\/wp-content\/uploads\/2016\/07\/IMG_0910_111-797x1024.jpg 797w, https:\/\/www.imakeyousmile.se\/wp-content\/uploads\/2016\/07\/IMG_0910_111-696x894.jpg 696w, https:\/\/www.imakeyousmile.se\/wp-content\/uploads\/2016\/07\/IMG_0910_111-1068x1371.jpg 1068w, https:\/\/www.imakeyousmile.se\/wp-content\/uploads\/2016\/07\/IMG_0910_111-327x420.jpg 327w\" sizes=\"(max-width: 2393px) 100vw, 2393px\" \/><\/p>\n<p>A make-up that fits evenly, both for everyday, party, gala and ball. And it does not take much longer than a &quot;just-base-and-mascara make-up&quot;, just eyeliner and lipstick and you are done! :)<\/p>\n<p><img loading=\"lazy\" decoding=\"async\" class=\"alignnone size-full wp-image-26529\" src=\"http:\/\/www.imakeyousmile.se\/wp-content\/uploads\/2016\/07\/IMG_0929_111.jpg\" alt=\"IMG_0929_111\" width=\"2269\" height=\"2125\" srcset=\"https:\/\/www.imakeyousmile.se\/wp-content\/uploads\/2016\/07\/IMG_0929_111.jpg 2269w, https:\/\/www.imakeyousmile.se\/wp-content\/uploads\/2016\/07\/IMG_0929_111-300x281.jpg 300w, https:\/\/www.imakeyousmile.se\/wp-content\/uploads\/2016\/07\/IMG_0929_111-768x719.jpg 768w, https:\/\/www.imakeyousmile.se\/wp-content\/uploads\/2016\/07\/IMG_0929_111-1024x959.jpg 1024w, https:\/\/www.imakeyousmile.se\/wp-content\/uploads\/2016\/07\/IMG_0929_111-696x652.jpg 696w, https:\/\/www.imakeyousmile.se\/wp-content\/uploads\/2016\/07\/IMG_0929_111-1068x1000.jpg 1068w, https:\/\/www.imakeyousmile.se\/wp-content\/uploads\/2016\/07\/IMG_0929_111-448x420.jpg 448w\" sizes=\"(max-width: 2269px) 100vw, 2269px\" \/> I love, love, love this lipstick from <a href=\"https:\/\/ion.lyko.com\/t\/t?a=1117786221&#038;as=1548102449&#038;t=2&#038;tk=1&#038;epi=search-replace-glosuede&#038;url=https:\/\/lyko.com\/sv\/glo-skin-beauty\/glominerals-glosuedematte-crayon-tradema\" target=\"_blank\">gloMinerals<\/a>! Red lips without having to improve on the precipice in the quarter, it is matte and lasts incredibly well! Now that I am writing this, it is 6 pm, I put on make-up at 1 pm, and still have not improved at all - and still do not need it :)<\/p>\n<p>Now I will have a meeting with Annika and Miska and at the same time eat a small bite to eat, we have a lot to catch up on now that we have barely talked about work for a whole month.<\/p>\n<p>Hugs are! \u2665<\/p>","protected":false},"excerpt":{"rendered":"<p>Vet ni vad? Jag fyller \u00e5r idag!!! :) Nu \u00e4r jag 23 somrar gammal och firar f\u00f6r f\u00f6rsta g\u00e5ngen i hela mitt liv min f\u00f6delsedag p\u00e5 jobbet. Jag har alltid haft sommarlov eller inte varit schemalagd p\u00e5 min f\u00f6delsedag, s\u00e5 det k\u00e4nns lite annorlunda faktiskt men vi \u00f6ppnade f\u00f6rst 14.00 idag s\u00e5 jag har haft [&hellip;]<\/p>\n","protected":false},"author":30,"featured_media":26527,"comment_status":"open","ping_status":"closed","sticky":false,"template":"","format":"standard","meta":{"footnotes":""},"categories":[9,2827,3919,3044],"tags":[],"class_list":["post-26526","post","type-post","status-publish","format-standard","has-post-thumbnail","hentry","category-partysminkningar","category-vardagssminkningar","category-sminktips","category-temasminkningar"],"yoast_head":"<!-- This site is optimized with the Yoast SEO Premium plugin v14.9 - https:\/\/yoast.com\/wordpress\/plugins\/seo\/ -->\n<meta name=\"description\" content=\"F\u00f6delsedagssminkning | Helena Amiley - H\u00e4r hittar du senaste infromation om sk\u00f6nhet, livsstil, entrepren\u00f6rskap, makeup &amp; tips.\" \/>\n<meta name=\"robots\" content=\"index, follow, max-snippet:-1, max-image-preview:large, max-video-preview:-1\" \/>\n<link rel=\"canonical\" href=\"https:\/\/www.imakeyousmile.se\/en\/fodelsedagssminkning\/\" \/>\n<meta property=\"og:locale\" content=\"en_US\" \/>\n<meta property=\"og:type\" content=\"article\" \/>\n<meta property=\"og:title\" content=\"F\u00f6delsedagssminkning | Imakeyousmile.se\" \/>\n<meta property=\"og:description\" content=\"F\u00f6delsedagssminkning | Helena Amiley - H\u00e4r hittar du senaste infromation om sk\u00f6nhet, livsstil, entrepren\u00f6rskap, makeup &amp; tips.\" \/>\n<meta property=\"og:url\" content=\"https:\/\/www.imakeyousmile.se\/en\/fodelsedagssminkning\/\" \/>\n<meta property=\"og:site_name\" content=\"Imakeyousmile.se\" \/>\n<meta property=\"article:author\" content=\"https:\/\/www.facebook.com\/imakeyousmile.se\" \/>\n<meta property=\"article:published_time\" content=\"2016-07-13T15:59:02+00:00\" \/>\n<meta property=\"og:image\" content=\"https:\/\/www.imakeyousmile.se\/wp-content\/uploads\/2016\/07\/IMG_0869_111.jpg\" \/>\n\t<meta property=\"og:image:width\" content=\"2500\" \/>\n\t<meta property=\"og:image:height\" content=\"2228\" \/>\n<meta name=\"twitter:card\" content=\"summary_large_image\" \/>\n<script type=\"application\/ld+json\" class=\"yoast-schema-graph\">{\"@context\":\"https:\/\/schema.org\",\"@graph\":[{\"@type\":\"Organization\",\"@id\":\"https:\/\/www.imakeyousmile.se\/en\/#organization\",\"name\":\"Imakeyousmile\",\"url\":\"https:\/\/www.imakeyousmile.se\/en\/\",\"sameAs\":[],\"logo\":{\"@type\":\"ImageObject\",\"@id\":\"https:\/\/www.imakeyousmile.se\/en\/#logo\",\"inLanguage\":\"en-US\",\"url\":\"https:\/\/www.imakeyousmile.se\/wp-content\/uploads\/2020\/10\/HELENA-AMILEY_SVART-1-e1603367975324.png\",\"width\":280,\"height\":93,\"caption\":\"Imakeyousmile\"},\"image\":{\"@id\":\"https:\/\/www.imakeyousmile.se\/en\/#logo\"}},{\"@type\":\"WebSite\",\"@id\":\"https:\/\/www.imakeyousmile.se\/en\/#website\",\"url\":\"https:\/\/www.imakeyousmile.se\/en\/\",\"name\":\"Imakeyousmile.se\",\"description\":\"Helena Amiley - Beauty, Entrepreneur, Lifestyle\",\"publisher\":{\"@id\":\"https:\/\/www.imakeyousmile.se\/en\/#organization\"},\"potentialAction\":[{\"@type\":\"SearchAction\",\"target\":\"https:\/\/www.imakeyousmile.se\/en\/?s={search_term_string}\",\"query-input\":\"required name=search_term_string\"}],\"inLanguage\":\"en-US\"},{\"@type\":\"ImageObject\",\"@id\":\"https:\/\/www.imakeyousmile.se\/fodelsedagssminkning\/#primaryimage\",\"inLanguage\":\"en-US\",\"url\":\"https:\/\/www.imakeyousmile.se\/wp-content\/uploads\/2016\/07\/IMG_0869_111.jpg\",\"width\":2500,\"height\":2228},{\"@type\":\"WebPage\",\"@id\":\"https:\/\/www.imakeyousmile.se\/fodelsedagssminkning\/#webpage\",\"url\":\"https:\/\/www.imakeyousmile.se\/fodelsedagssminkning\/\",\"name\":\"F\\u00f6delsedagssminkning | Imakeyousmile.se\",\"isPartOf\":{\"@id\":\"https:\/\/www.imakeyousmile.se\/en\/#website\"},\"primaryImageOfPage\":{\"@id\":\"https:\/\/www.imakeyousmile.se\/fodelsedagssminkning\/#primaryimage\"},\"datePublished\":\"2016-07-13T15:59:02+00:00\",\"dateModified\":\"2016-07-13T15:59:02+00:00\",\"description\":\"F\\u00f6delsedagssminkning | Helena Amiley - H\\u00e4r hittar du senaste infromation om sk\\u00f6nhet, livsstil, entrepren\\u00f6rskap, makeup & tips.\",\"inLanguage\":\"en-US\",\"potentialAction\":[{\"@type\":\"ReadAction\",\"target\":[\"https:\/\/www.imakeyousmile.se\/fodelsedagssminkning\/\"]}]},{\"@type\":\"Article\",\"@id\":\"https:\/\/www.imakeyousmile.se\/fodelsedagssminkning\/#article\",\"isPartOf\":{\"@id\":\"https:\/\/www.imakeyousmile.se\/fodelsedagssminkning\/#webpage\"},\"author\":{\"@id\":\"https:\/\/www.imakeyousmile.se\/en\/#\/schema\/person\/b0fd43b1c6bb1c60cfd68bff9b4a10fb\"},\"headline\":\"F\\u00f6delsedagssminkning\",\"datePublished\":\"2016-07-13T15:59:02+00:00\",\"dateModified\":\"2016-07-13T15:59:02+00:00\",\"mainEntityOfPage\":{\"@id\":\"https:\/\/www.imakeyousmile.se\/fodelsedagssminkning\/#webpage\"},\"commentCount\":18,\"publisher\":{\"@id\":\"https:\/\/www.imakeyousmile.se\/en\/#organization\"},\"image\":{\"@id\":\"https:\/\/www.imakeyousmile.se\/fodelsedagssminkning\/#primaryimage\"},\"articleSection\":\"M\\u00f6rka \/ festliga sminkningar,Neutrala \/ milda sminkningar,Sminktips,Temasminkningar\",\"inLanguage\":\"en-US\",\"potentialAction\":[{\"@type\":\"CommentAction\",\"name\":\"Comment\",\"target\":[\"https:\/\/www.imakeyousmile.se\/fodelsedagssminkning\/#respond\"]}]},{\"@type\":\"Person\",\"@id\":\"https:\/\/www.imakeyousmile.se\/en\/#\/schema\/person\/b0fd43b1c6bb1c60cfd68bff9b4a10fb\",\"name\":\"Helena Amiley\",\"image\":{\"@type\":\"ImageObject\",\"@id\":\"https:\/\/www.imakeyousmile.se\/en\/#personlogo\",\"inLanguage\":\"en-US\",\"url\":\"https:\/\/secure.gravatar.com\/avatar\/5645558e1e355457a23368d7e1b4c904?s=96&d=mm&r=g\",\"caption\":\"Helena Amiley\"},\"description\":\"Jag skriver mest om sk\\u00f6nhet men bjuder \\u00e4ven p\\u00e5 glimtar fr\\u00e5n entrepren\\u00f6rlivet och bygget av v\\u00e5r egen camper van. Vanlife here we come!\",\"sameAs\":[\"https:\/\/www.facebook.com\/imakeyousmile.se\",\"https:\/\/www.instagram.com\/helenaamiley\",\"https:\/\/www.youtube.com\/channel\/UCR5iB6rvpV6Yr8ZjpQfr5mg?view_as=subscriber\"]}]}<\/script>\n<!-- \/ Yoast SEO Premium plugin. -->","_links":{"self":[{"href":"https:\/\/www.imakeyousmile.se\/en\/wp-json\/wp\/v2\/posts\/26526"}],"collection":[{"href":"https:\/\/www.imakeyousmile.se\/en\/wp-json\/wp\/v2\/posts"}],"about":[{"href":"https:\/\/www.imakeyousmile.se\/en\/wp-json\/wp\/v2\/types\/post"}],"author":[{"embeddable":true,"href":"https:\/\/www.imakeyousmile.se\/en\/wp-json\/wp\/v2\/users\/30"}],"replies":[{"embeddable":true,"href":"https:\/\/www.imakeyousmile.se\/en\/wp-json\/wp\/v2\/comments?post=26526"}],"version-history":[{"count":1,"href":"https:\/\/www.imakeyousmile.se\/en\/wp-json\/wp\/v2\/posts\/26526\/revisions"}],"predecessor-version":[{"id":26531,"href":"https:\/\/www.imakeyousmile.se\/en\/wp-json\/wp\/v2\/posts\/26526\/revisions\/26531"}],"wp:featuredmedia":[{"embeddable":true,"href":"https:\/\/www.imakeyousmile.se\/en\/wp-json\/wp\/v2\/media\/26527"}],"wp:attachment":[{"href":"https:\/\/www.imakeyousmile.se\/en\/wp-json\/wp\/v2\/media?parent=26526"}],"wp:term":[{"taxonomy":"category","embeddable":true,"href":"https:\/\/www.imakeyousmile.se\/en\/wp-json\/wp\/v2\/categories?post=26526"},{"taxonomy":"post_tag","embeddable":true,"href":"https:\/\/www.imakeyousmile.se\/en\/wp-json\/wp\/v2\/tags?post=26526"}],"curies":[{"name":"wp","href":"https:\/\/api.w.org\/{rel}","templated":true}]}}