{"id":26532,"date":"2016-07-14T18:09:03","date_gmt":"2016-07-14T16:09:03","guid":{"rendered":"http:\/\/www.imakeyousmile.se\/?p=26532"},"modified":"2016-07-14T18:09:03","modified_gmt":"2016-07-14T16:09:03","slug":"alopecia-tatuerade-ogonbryn-eyeliner","status":"publish","type":"post","link":"https:\/\/www.imakeyousmile.se\/en\/alopecia-tattooed-eyebrow-eyeliner\/","title":{"rendered":"Alopecia - Tattooed eyebrows &amp; eyeliner"},"content":{"rendered":"<p>Do you remember the make-up on Anneli who has alopecia that I showed you in April? You can read that post <a href=\"http:\/\/www.imakeyousmile.se\/en\/sminktips-alopecia\/\" target=\"_blank\"><strong>here<\/strong><\/a> where I show before and after and write about makeup tips for people who do not have eyelashes or eyebrows.<\/p>\n<p>Today Anneli was with us at Creative Makeup By Her in Uppsala again, but this time it was not for makeup tips and products but for permanent makeup! :)<\/p>\n<p>Look how beautiful she is, and how awesome Annika is:<\/p>\n<p><img loading=\"lazy\" decoding=\"async\" class=\"alignnone size-full wp-image-26535\" src=\"http:\/\/www.imakeyousmile.se\/wp-content\/uploads\/2016\/07\/IMG_1191_111.jpg\" alt=\"IMG_1191_111\" width=\"2500\" height=\"2082\" srcset=\"https:\/\/www.imakeyousmile.se\/wp-content\/uploads\/2016\/07\/IMG_1191_111.jpg 2500w, https:\/\/www.imakeyousmile.se\/wp-content\/uploads\/2016\/07\/IMG_1191_111-300x250.jpg 300w, https:\/\/www.imakeyousmile.se\/wp-content\/uploads\/2016\/07\/IMG_1191_111-768x640.jpg 768w, https:\/\/www.imakeyousmile.se\/wp-content\/uploads\/2016\/07\/IMG_1191_111-1024x853.jpg 1024w, https:\/\/www.imakeyousmile.se\/wp-content\/uploads\/2016\/07\/IMG_1191_111-696x580.jpg 696w, https:\/\/www.imakeyousmile.se\/wp-content\/uploads\/2016\/07\/IMG_1191_111-1068x889.jpg 1068w, https:\/\/www.imakeyousmile.se\/wp-content\/uploads\/2016\/07\/IMG_1191_111-504x420.jpg 504w\" sizes=\"(max-width: 2500px) 100vw, 2500px\" \/><img loading=\"lazy\" decoding=\"async\" class=\"alignnone size-full wp-image-26533\" src=\"http:\/\/www.imakeyousmile.se\/wp-content\/uploads\/2016\/07\/IMG_0984_vattenst\u00e4mpel.jpg\" alt=\"IMG_0984_ watermark\" width=\"2778\" height=\"1230\" srcset=\"https:\/\/www.imakeyousmile.se\/wp-content\/uploads\/2016\/07\/IMG_0984_vattenst\u00e4mpel.jpg 2560w, https:\/\/www.imakeyousmile.se\/wp-content\/uploads\/2016\/07\/IMG_0984_vattenst\u00e4mpel-300x133.jpg 300w, https:\/\/www.imakeyousmile.se\/wp-content\/uploads\/2016\/07\/IMG_0984_vattenst\u00e4mpel-768x340.jpg 768w, https:\/\/www.imakeyousmile.se\/wp-content\/uploads\/2016\/07\/IMG_0984_vattenst\u00e4mpel-1024x453.jpg 1024w, https:\/\/www.imakeyousmile.se\/wp-content\/uploads\/2016\/07\/IMG_0984_vattenst\u00e4mpel-696x308.jpg 696w, https:\/\/www.imakeyousmile.se\/wp-content\/uploads\/2016\/07\/IMG_0984_vattenst\u00e4mpel-1068x473.jpg 1068w, https:\/\/www.imakeyousmile.se\/wp-content\/uploads\/2016\/07\/IMG_0984_vattenst\u00e4mpel-949x420.jpg 949w\" sizes=\"(max-width: 2778px) 100vw, 2778px\" \/> <img loading=\"lazy\" decoding=\"async\" class=\"alignnone size-full wp-image-26534\" src=\"http:\/\/www.imakeyousmile.se\/wp-content\/uploads\/2016\/07\/IMG_1186_vattenst\u00e4mpel.jpg\" alt=\"IMG_1186_ watermark\" width=\"2674\" height=\"2268\" srcset=\"https:\/\/www.imakeyousmile.se\/wp-content\/uploads\/2016\/07\/IMG_1186_vattenst\u00e4mpel.jpg 2560w, https:\/\/www.imakeyousmile.se\/wp-content\/uploads\/2016\/07\/IMG_1186_vattenst\u00e4mpel-300x254.jpg 300w, https:\/\/www.imakeyousmile.se\/wp-content\/uploads\/2016\/07\/IMG_1186_vattenst\u00e4mpel-768x651.jpg 768w, https:\/\/www.imakeyousmile.se\/wp-content\/uploads\/2016\/07\/IMG_1186_vattenst\u00e4mpel-1024x869.jpg 1024w, https:\/\/www.imakeyousmile.se\/wp-content\/uploads\/2016\/07\/IMG_1186_vattenst\u00e4mpel-696x590.jpg 696w, https:\/\/www.imakeyousmile.se\/wp-content\/uploads\/2016\/07\/IMG_1186_vattenst\u00e4mpel-1068x906.jpg 1068w, https:\/\/www.imakeyousmile.se\/wp-content\/uploads\/2016\/07\/IMG_1186_vattenst\u00e4mpel-495x420.jpg 495w\" sizes=\"(max-width: 2674px) 100vw, 2674px\" \/><\/p>\n<p>What difference does it make? The world&#039;s most wonderful person, both inside and out :) \u2665<\/p>\n<p>You can book an appointment for permanent makeup directly in the spring <a href=\"http:\/\/creativemakeup.se\/boka-tid\/\" target=\"_blank\">website<\/a>, and the price for all this that Anneli has done is 9500: - (eyebrows, eyeliner medium up + eyeliner down) but if you have alopecia, you can get the eyebrows paid by the county council.<\/p>\n<p>Hugs are!<\/p>","protected":false},"excerpt":{"rendered":"<p>Kommer ni ih\u00e5g sminkningen\u00a0p\u00e5 Anneli som har alopecia som jag visade er i april? Ni kan l\u00e4sa det inl\u00e4gget h\u00e4r d\u00e4r jag visar f\u00f6re och efter och skriver om sminktips f\u00f6r personer som inte har \u00f6gonfransar eller \u00f6gonbryn. Idag var Anneli hos oss p\u00e5 Creative Makeup By Her i Uppsala igen, men den h\u00e4r g\u00e5ngen [&hellip;]<\/p>\n","protected":false},"author":30,"featured_media":26535,"comment_status":"open","ping_status":"closed","sticky":false,"template":"","format":"standard","meta":{"footnotes":""},"categories":[12,65,59],"tags":[3992,4833,5068,5066,5065,5067,553,4001,5069],"class_list":["post-26532","post","type-post","status-publish","format-standard","has-post-thumbnail","hentry","category-ogonbryn","category-permanent-make-up","category-recensioner-produkttips","tag-3d-ogonbryn","tag-alopecia","tag-alopecia-kostemisk-tatuering","tag-alopecia-permanent-makeup","tag-alopecia-smink","tag-alopecia-tatuera-ogonbryn","tag-annika-soderlund","tag-creative-makeup-by-her","tag-tatuera-ogonbryn-inga-harstran"],"yoast_head":"<!-- This site is optimized with the Yoast SEO Premium plugin v14.9 - https:\/\/yoast.com\/wordpress\/plugins\/seo\/ -->\n<meta name=\"description\" content=\"Alopecia - Tatuerade \u00f6gonbryn &amp; eyeliner | Helena Amiley - H\u00e4r hittar du senaste infromation om sk\u00f6nhet, livsstil, entrepren\u00f6rskap, makeup &amp; tips.\" \/>\n<meta name=\"robots\" content=\"index, follow, max-snippet:-1, max-image-preview:large, max-video-preview:-1\" \/>\n<link rel=\"canonical\" href=\"https:\/\/www.imakeyousmile.se\/en\/alopecia-tatuerade-ogonbryn-eyeliner\/\" \/>\n<meta property=\"og:locale\" content=\"en_US\" \/>\n<meta property=\"og:type\" content=\"article\" \/>\n<meta property=\"og:title\" content=\"Alopecia - Tatuerade \u00f6gonbryn &amp; eyeliner | Imakeyousmile.se\" \/>\n<meta property=\"og:description\" content=\"Alopecia - Tatuerade \u00f6gonbryn &amp; eyeliner | Helena Amiley - H\u00e4r hittar du senaste infromation om sk\u00f6nhet, livsstil, entrepren\u00f6rskap, makeup &amp; tips.\" \/>\n<meta property=\"og:url\" content=\"https:\/\/www.imakeyousmile.se\/en\/alopecia-tatuerade-ogonbryn-eyeliner\/\" \/>\n<meta property=\"og:site_name\" content=\"Imakeyousmile.se\" \/>\n<meta property=\"article:author\" content=\"https:\/\/www.facebook.com\/imakeyousmile.se\" \/>\n<meta property=\"article:published_time\" content=\"2016-07-14T16:09:03+00:00\" \/>\n<meta property=\"og:image\" content=\"https:\/\/www.imakeyousmile.se\/wp-content\/uploads\/2016\/07\/IMG_1191_111.jpg\" \/>\n\t<meta property=\"og:image:width\" content=\"2500\" \/>\n\t<meta property=\"og:image:height\" content=\"2082\" \/>\n<meta name=\"twitter:card\" content=\"summary_large_image\" \/>\n<script type=\"application\/ld+json\" class=\"yoast-schema-graph\">{\"@context\":\"https:\/\/schema.org\",\"@graph\":[{\"@type\":\"Organization\",\"@id\":\"https:\/\/www.imakeyousmile.se\/en\/#organization\",\"name\":\"Imakeyousmile\",\"url\":\"https:\/\/www.imakeyousmile.se\/en\/\",\"sameAs\":[],\"logo\":{\"@type\":\"ImageObject\",\"@id\":\"https:\/\/www.imakeyousmile.se\/en\/#logo\",\"inLanguage\":\"en-US\",\"url\":\"https:\/\/www.imakeyousmile.se\/wp-content\/uploads\/2020\/10\/HELENA-AMILEY_SVART-1-e1603367975324.png\",\"width\":280,\"height\":93,\"caption\":\"Imakeyousmile\"},\"image\":{\"@id\":\"https:\/\/www.imakeyousmile.se\/en\/#logo\"}},{\"@type\":\"WebSite\",\"@id\":\"https:\/\/www.imakeyousmile.se\/en\/#website\",\"url\":\"https:\/\/www.imakeyousmile.se\/en\/\",\"name\":\"Imakeyousmile.se\",\"description\":\"Helena Amiley - Beauty, Entrepreneur, Lifestyle\",\"publisher\":{\"@id\":\"https:\/\/www.imakeyousmile.se\/en\/#organization\"},\"potentialAction\":[{\"@type\":\"SearchAction\",\"target\":\"https:\/\/www.imakeyousmile.se\/en\/?s={search_term_string}\",\"query-input\":\"required name=search_term_string\"}],\"inLanguage\":\"en-US\"},{\"@type\":\"ImageObject\",\"@id\":\"https:\/\/www.imakeyousmile.se\/alopecia-tatuerade-ogonbryn-eyeliner\/#primaryimage\",\"inLanguage\":\"en-US\",\"url\":\"https:\/\/www.imakeyousmile.se\/wp-content\/uploads\/2016\/07\/IMG_1191_111.jpg\",\"width\":2500,\"height\":2082},{\"@type\":\"WebPage\",\"@id\":\"https:\/\/www.imakeyousmile.se\/alopecia-tatuerade-ogonbryn-eyeliner\/#webpage\",\"url\":\"https:\/\/www.imakeyousmile.se\/alopecia-tatuerade-ogonbryn-eyeliner\/\",\"name\":\"Alopecia - Tatuerade \\u00f6gonbryn & eyeliner | Imakeyousmile.se\",\"isPartOf\":{\"@id\":\"https:\/\/www.imakeyousmile.se\/en\/#website\"},\"primaryImageOfPage\":{\"@id\":\"https:\/\/www.imakeyousmile.se\/alopecia-tatuerade-ogonbryn-eyeliner\/#primaryimage\"},\"datePublished\":\"2016-07-14T16:09:03+00:00\",\"dateModified\":\"2016-07-14T16:09:03+00:00\",\"description\":\"Alopecia - Tatuerade \\u00f6gonbryn & eyeliner | Helena Amiley - H\\u00e4r hittar du senaste infromation om sk\\u00f6nhet, livsstil, entrepren\\u00f6rskap, makeup & tips.\",\"inLanguage\":\"en-US\",\"potentialAction\":[{\"@type\":\"ReadAction\",\"target\":[\"https:\/\/www.imakeyousmile.se\/alopecia-tatuerade-ogonbryn-eyeliner\/\"]}]},{\"@type\":\"Article\",\"@id\":\"https:\/\/www.imakeyousmile.se\/alopecia-tatuerade-ogonbryn-eyeliner\/#article\",\"isPartOf\":{\"@id\":\"https:\/\/www.imakeyousmile.se\/alopecia-tatuerade-ogonbryn-eyeliner\/#webpage\"},\"author\":{\"@id\":\"https:\/\/www.imakeyousmile.se\/en\/#\/schema\/person\/b0fd43b1c6bb1c60cfd68bff9b4a10fb\"},\"headline\":\"Alopecia &#8211; Tatuerade \\u00f6gonbryn &#038; eyeliner\",\"datePublished\":\"2016-07-14T16:09:03+00:00\",\"dateModified\":\"2016-07-14T16:09:03+00:00\",\"mainEntityOfPage\":{\"@id\":\"https:\/\/www.imakeyousmile.se\/alopecia-tatuerade-ogonbryn-eyeliner\/#webpage\"},\"commentCount\":2,\"publisher\":{\"@id\":\"https:\/\/www.imakeyousmile.se\/en\/#organization\"},\"image\":{\"@id\":\"https:\/\/www.imakeyousmile.se\/alopecia-tatuerade-ogonbryn-eyeliner\/#primaryimage\"},\"keywords\":\"3d \\u00f6gonbryn,alopecia,alopecia kostemisk tatuering,alopecia permanent makeup,alopecia smink,alopecia tatuera \\u00f6gonbryn,annika s\\u00f6derlund,creative makeup by her,tatuera \\u00f6gonbryn inga h\\u00e5rstr\\u00e5n\",\"articleSection\":\"\\u00d6gonbryn,Permanent makeup,Recensioner &amp; Produkttips\",\"inLanguage\":\"en-US\",\"potentialAction\":[{\"@type\":\"CommentAction\",\"name\":\"Comment\",\"target\":[\"https:\/\/www.imakeyousmile.se\/alopecia-tatuerade-ogonbryn-eyeliner\/#respond\"]}]},{\"@type\":\"Person\",\"@id\":\"https:\/\/www.imakeyousmile.se\/en\/#\/schema\/person\/b0fd43b1c6bb1c60cfd68bff9b4a10fb\",\"name\":\"Helena Amiley\",\"image\":{\"@type\":\"ImageObject\",\"@id\":\"https:\/\/www.imakeyousmile.se\/en\/#personlogo\",\"inLanguage\":\"en-US\",\"url\":\"https:\/\/secure.gravatar.com\/avatar\/5645558e1e355457a23368d7e1b4c904?s=96&d=mm&r=g\",\"caption\":\"Helena Amiley\"},\"description\":\"Jag skriver mest om sk\\u00f6nhet men bjuder \\u00e4ven p\\u00e5 glimtar fr\\u00e5n entrepren\\u00f6rlivet och bygget av v\\u00e5r egen camper van. Vanlife here we come!\",\"sameAs\":[\"https:\/\/www.facebook.com\/imakeyousmile.se\",\"https:\/\/www.instagram.com\/helenaamiley\",\"https:\/\/www.youtube.com\/channel\/UCR5iB6rvpV6Yr8ZjpQfr5mg?view_as=subscriber\"]}]}<\/script>\n<!-- \/ Yoast SEO Premium plugin. -->","_links":{"self":[{"href":"https:\/\/www.imakeyousmile.se\/en\/wp-json\/wp\/v2\/posts\/26532"}],"collection":[{"href":"https:\/\/www.imakeyousmile.se\/en\/wp-json\/wp\/v2\/posts"}],"about":[{"href":"https:\/\/www.imakeyousmile.se\/en\/wp-json\/wp\/v2\/types\/post"}],"author":[{"embeddable":true,"href":"https:\/\/www.imakeyousmile.se\/en\/wp-json\/wp\/v2\/users\/30"}],"replies":[{"embeddable":true,"href":"https:\/\/www.imakeyousmile.se\/en\/wp-json\/wp\/v2\/comments?post=26532"}],"version-history":[{"count":1,"href":"https:\/\/www.imakeyousmile.se\/en\/wp-json\/wp\/v2\/posts\/26532\/revisions"}],"predecessor-version":[{"id":26536,"href":"https:\/\/www.imakeyousmile.se\/en\/wp-json\/wp\/v2\/posts\/26532\/revisions\/26536"}],"wp:featuredmedia":[{"embeddable":true,"href":"https:\/\/www.imakeyousmile.se\/en\/wp-json\/wp\/v2\/media\/26535"}],"wp:attachment":[{"href":"https:\/\/www.imakeyousmile.se\/en\/wp-json\/wp\/v2\/media?parent=26532"}],"wp:term":[{"taxonomy":"category","embeddable":true,"href":"https:\/\/www.imakeyousmile.se\/en\/wp-json\/wp\/v2\/categories?post=26532"},{"taxonomy":"post_tag","embeddable":true,"href":"https:\/\/www.imakeyousmile.se\/en\/wp-json\/wp\/v2\/tags?post=26532"}],"curies":[{"name":"wp","href":"https:\/\/api.w.org\/{rel}","templated":true}]}}