{"id":26628,"date":"2016-07-27T16:52:13","date_gmt":"2016-07-27T14:52:13","guid":{"rendered":"http:\/\/www.imakeyousmile.se\/?p=26628"},"modified":"2016-07-27T17:23:41","modified_gmt":"2016-07-27T15:23:41","slug":"en-sommar-i-kollektiv","status":"publish","type":"post","link":"https:\/\/www.imakeyousmile.se\/en\/a-summer-in-collective\/","title":{"rendered":"A summer in a collective"},"content":{"rendered":"<p>Do you enjoy summer as much as I do? So warm and wonderful \u2665<\/p>\n<p>I&#039;m still in a deep mourning work as you may understand, but one thing that feels important to me who lived so close to a person with mental illness - is to always enjoy life. I am a real everyday enjoyer and am grateful for everything good around me, both big and small things and currently enjoy incredibly much of the beautiful summer and my wonderful family that we spend time with every day :)<\/p>\n<p>I&#039;ve had really hard weeks and it&#039;s still going up and down, but I&#039;m starting to feel more and more like myself again which is really nice! Everything practical after mum can not be grabbed even then estate registration and all that has not yet started, but I pulled myself up and started to fix a lot at the salon! Repaint make-up chairs, for example, as I do in the garage at home in the house, and clean all make-up and product boxes. Nice to &quot;come back&quot; and kickstart yourself!<\/p>\n<p>My sisters and I have suddenly become homeowners, and our dream (and plan if everything practically and financially goes together) is to keep the house and live together as a small collective :) Wonderful huh?<\/p>\n<p>This is what it looked like with us the other day:<\/p>\n<p><img loading=\"lazy\" decoding=\"async\" class=\"alignnone size-full wp-image-26632\" src=\"http:\/\/www.imakeyousmile.se\/wp-content\/uploads\/2016\/07\/jag-och-miska-1.jpg\" alt=\"I-and-miss\" width=\"2307\" height=\"2378\" srcset=\"https:\/\/www.imakeyousmile.se\/wp-content\/uploads\/2016\/07\/jag-och-miska-1.jpg 2307w, https:\/\/www.imakeyousmile.se\/wp-content\/uploads\/2016\/07\/jag-och-miska-1-291x300.jpg 291w, https:\/\/www.imakeyousmile.se\/wp-content\/uploads\/2016\/07\/jag-och-miska-1-768x792.jpg 768w, https:\/\/www.imakeyousmile.se\/wp-content\/uploads\/2016\/07\/jag-och-miska-1-993x1024.jpg 993w, https:\/\/www.imakeyousmile.se\/wp-content\/uploads\/2016\/07\/jag-och-miska-1-696x717.jpg 696w, https:\/\/www.imakeyousmile.se\/wp-content\/uploads\/2016\/07\/jag-och-miska-1-1068x1101.jpg 1068w, https:\/\/www.imakeyousmile.se\/wp-content\/uploads\/2016\/07\/jag-och-miska-1-407x420.jpg 407w\" sizes=\"(max-width: 2307px) 100vw, 2307px\" \/><\/p>\n<p>Me and Miska on the stairs in the garden \u2665<\/p>\n<p><img loading=\"lazy\" decoding=\"async\" class=\"alignnone size-full wp-image-26631\" src=\"http:\/\/www.imakeyousmile.se\/wp-content\/uploads\/2016\/07\/sommar.jpg\" alt=\"summer\" width=\"2000\" height=\"3000\" srcset=\"https:\/\/www.imakeyousmile.se\/wp-content\/uploads\/2016\/07\/sommar.jpg 1707w, https:\/\/www.imakeyousmile.se\/wp-content\/uploads\/2016\/07\/sommar-200x300.jpg 200w, https:\/\/www.imakeyousmile.se\/wp-content\/uploads\/2016\/07\/sommar-768x1152.jpg 768w, https:\/\/www.imakeyousmile.se\/wp-content\/uploads\/2016\/07\/sommar-683x1024.jpg 683w, https:\/\/www.imakeyousmile.se\/wp-content\/uploads\/2016\/07\/sommar-696x1044.jpg 696w, https:\/\/www.imakeyousmile.se\/wp-content\/uploads\/2016\/07\/sommar-1068x1602.jpg 1068w, https:\/\/www.imakeyousmile.se\/wp-content\/uploads\/2016\/07\/sommar-280x420.jpg 280w\" sizes=\"(max-width: 2000px) 100vw, 2000px\" \/><\/p>\n<p>Both Miska and her sister&#039;s boyfriend Glenn are real fans of skateboarding and tried to teach me a little bit! It went like that haha, but very fun!<\/p>\n<p><img loading=\"lazy\" decoding=\"async\" class=\"alignnone size-full wp-image-26630\" src=\"http:\/\/www.imakeyousmile.se\/wp-content\/uploads\/2016\/07\/sommar-skateboard.jpg\" alt=\"summer skateboard\" width=\"2200\" height=\"2813\" srcset=\"https:\/\/www.imakeyousmile.se\/wp-content\/uploads\/2016\/07\/sommar-skateboard.jpg 2002w, https:\/\/www.imakeyousmile.se\/wp-content\/uploads\/2016\/07\/sommar-skateboard-235x300.jpg 235w, https:\/\/www.imakeyousmile.se\/wp-content\/uploads\/2016\/07\/sommar-skateboard-768x982.jpg 768w, https:\/\/www.imakeyousmile.se\/wp-content\/uploads\/2016\/07\/sommar-skateboard-801x1024.jpg 801w, https:\/\/www.imakeyousmile.se\/wp-content\/uploads\/2016\/07\/sommar-skateboard-696x890.jpg 696w, https:\/\/www.imakeyousmile.se\/wp-content\/uploads\/2016\/07\/sommar-skateboard-1068x1366.jpg 1068w, https:\/\/www.imakeyousmile.se\/wp-content\/uploads\/2016\/07\/sommar-skateboard-328x420.jpg 328w\" sizes=\"(max-width: 2200px) 100vw, 2200px\" \/><\/p>\n<p>Hard to keep the balance on this thing!<\/p>\n<p>We spend every spare moment and every day when Miska and I come home from work, dinner is on. How well can you have it on a scale? Do not know what I would have done without Miska and my crazy family :) May start vlogging in our collective then haha.<\/p>\n<p>By the way, we have received papers from the autopsy now as well and it was as we thought - that it was the mother&#039;s body that could not take it anymore, so it was not a conscious choice on her part to end life. She self-medicated her depression with alcohol for several years and has been anything but kind to her health lately, and in the end her body could no longer bear it. Just wanted to write it, as many have thought she committed suicide, but now we know that it was not so \u2665<\/p>\n<p>Now I will continue working at the salon for a while before it is time to go home. Hope you all have a nice afternoon and evening!<\/p>\n<p>Kiss &amp; Hug \u2665<\/p>","protected":false},"excerpt":{"rendered":"<p>Njuter ni av sommaren lika mycket som jag g\u00f6r? S\u00e5 varmt och h\u00e4rligt\u00a0\u2665 Jag \u00e4r fortfarande inne i ett djupt sorgarbete som ni kanske f\u00f6rst\u00e5r, men en sak som k\u00e4nns viktig f\u00f6r mig som levt s\u00e5 n\u00e4ra en person med psykisk oh\u00e4lsa &#8211; det \u00e4r att alltid njuta av livet. Jag \u00e4r en riktig vardagsnjutare [&hellip;]<\/p>\n","protected":false},"author":30,"featured_media":26632,"comment_status":"open","ping_status":"closed","sticky":false,"template":"","format":"standard","meta":{"footnotes":""},"categories":[3],"tags":[5088],"class_list":["post-26628","post","type-post","status-publish","format-standard","has-post-thumbnail","hentry","category-allmant","tag-bo-i-kollektiv"],"yoast_head":"<!-- This site is optimized with the Yoast SEO Premium plugin v14.9 - https:\/\/yoast.com\/wordpress\/plugins\/seo\/ -->\n<meta name=\"description\" content=\"En sommar i kollektiv | Helena Amiley - H\u00e4r hittar du senaste infromation om sk\u00f6nhet, livsstil, entrepren\u00f6rskap, makeup &amp; tips.\" \/>\n<meta name=\"robots\" content=\"index, follow, max-snippet:-1, max-image-preview:large, max-video-preview:-1\" \/>\n<link rel=\"canonical\" href=\"https:\/\/www.imakeyousmile.se\/en\/en-sommar-i-kollektiv\/\" \/>\n<meta property=\"og:locale\" content=\"en_US\" \/>\n<meta property=\"og:type\" content=\"article\" \/>\n<meta property=\"og:title\" content=\"En sommar i kollektiv | Imakeyousmile.se\" \/>\n<meta property=\"og:description\" content=\"En sommar i kollektiv | Helena Amiley - H\u00e4r hittar du senaste infromation om sk\u00f6nhet, livsstil, entrepren\u00f6rskap, makeup &amp; tips.\" \/>\n<meta property=\"og:url\" content=\"https:\/\/www.imakeyousmile.se\/en\/en-sommar-i-kollektiv\/\" \/>\n<meta property=\"og:site_name\" content=\"Imakeyousmile.se\" \/>\n<meta property=\"article:author\" content=\"https:\/\/www.facebook.com\/imakeyousmile.se\" \/>\n<meta property=\"article:published_time\" content=\"2016-07-27T14:52:13+00:00\" \/>\n<meta property=\"article:modified_time\" content=\"2016-07-27T15:23:41+00:00\" \/>\n<meta property=\"og:image\" content=\"https:\/\/www.imakeyousmile.se\/wp-content\/uploads\/2016\/07\/jag-och-miska-1-993x1024.jpg\" \/>\n\t<meta property=\"og:image:width\" content=\"993\" \/>\n\t<meta property=\"og:image:height\" content=\"1024\" \/>\n<meta name=\"twitter:card\" content=\"summary_large_image\" \/>\n<script type=\"application\/ld+json\" class=\"yoast-schema-graph\">{\"@context\":\"https:\/\/schema.org\",\"@graph\":[{\"@type\":\"Organization\",\"@id\":\"https:\/\/www.imakeyousmile.se\/en\/#organization\",\"name\":\"Imakeyousmile\",\"url\":\"https:\/\/www.imakeyousmile.se\/en\/\",\"sameAs\":[],\"logo\":{\"@type\":\"ImageObject\",\"@id\":\"https:\/\/www.imakeyousmile.se\/en\/#logo\",\"inLanguage\":\"en-US\",\"url\":\"https:\/\/www.imakeyousmile.se\/wp-content\/uploads\/2020\/10\/HELENA-AMILEY_SVART-1-e1603367975324.png\",\"width\":280,\"height\":93,\"caption\":\"Imakeyousmile\"},\"image\":{\"@id\":\"https:\/\/www.imakeyousmile.se\/en\/#logo\"}},{\"@type\":\"WebSite\",\"@id\":\"https:\/\/www.imakeyousmile.se\/en\/#website\",\"url\":\"https:\/\/www.imakeyousmile.se\/en\/\",\"name\":\"Imakeyousmile.se\",\"description\":\"Helena Amiley - Beauty, Entrepreneur, Lifestyle\",\"publisher\":{\"@id\":\"https:\/\/www.imakeyousmile.se\/en\/#organization\"},\"potentialAction\":[{\"@type\":\"SearchAction\",\"target\":\"https:\/\/www.imakeyousmile.se\/en\/?s={search_term_string}\",\"query-input\":\"required name=search_term_string\"}],\"inLanguage\":\"en-US\"},{\"@type\":\"ImageObject\",\"@id\":\"https:\/\/www.imakeyousmile.se\/en-sommar-i-kollektiv\/#primaryimage\",\"inLanguage\":\"en-US\",\"url\":\"https:\/\/www.imakeyousmile.se\/wp-content\/uploads\/2016\/07\/jag-och-miska-1.jpg\",\"width\":2307,\"height\":2378},{\"@type\":\"WebPage\",\"@id\":\"https:\/\/www.imakeyousmile.se\/en-sommar-i-kollektiv\/#webpage\",\"url\":\"https:\/\/www.imakeyousmile.se\/en-sommar-i-kollektiv\/\",\"name\":\"En sommar i kollektiv | Imakeyousmile.se\",\"isPartOf\":{\"@id\":\"https:\/\/www.imakeyousmile.se\/en\/#website\"},\"primaryImageOfPage\":{\"@id\":\"https:\/\/www.imakeyousmile.se\/en-sommar-i-kollektiv\/#primaryimage\"},\"datePublished\":\"2016-07-27T14:52:13+00:00\",\"dateModified\":\"2016-07-27T15:23:41+00:00\",\"description\":\"En sommar i kollektiv | Helena Amiley - H\\u00e4r hittar du senaste infromation om sk\\u00f6nhet, livsstil, entrepren\\u00f6rskap, makeup & tips.\",\"inLanguage\":\"en-US\",\"potentialAction\":[{\"@type\":\"ReadAction\",\"target\":[\"https:\/\/www.imakeyousmile.se\/en-sommar-i-kollektiv\/\"]}]},{\"@type\":\"Article\",\"@id\":\"https:\/\/www.imakeyousmile.se\/en-sommar-i-kollektiv\/#article\",\"isPartOf\":{\"@id\":\"https:\/\/www.imakeyousmile.se\/en-sommar-i-kollektiv\/#webpage\"},\"author\":{\"@id\":\"https:\/\/www.imakeyousmile.se\/en\/#\/schema\/person\/b0fd43b1c6bb1c60cfd68bff9b4a10fb\"},\"headline\":\"En sommar i kollektiv\",\"datePublished\":\"2016-07-27T14:52:13+00:00\",\"dateModified\":\"2016-07-27T15:23:41+00:00\",\"mainEntityOfPage\":{\"@id\":\"https:\/\/www.imakeyousmile.se\/en-sommar-i-kollektiv\/#webpage\"},\"commentCount\":4,\"publisher\":{\"@id\":\"https:\/\/www.imakeyousmile.se\/en\/#organization\"},\"image\":{\"@id\":\"https:\/\/www.imakeyousmile.se\/en-sommar-i-kollektiv\/#primaryimage\"},\"keywords\":\"bo i kollektiv\",\"articleSection\":\"\\u00d6vrigt\",\"inLanguage\":\"en-US\",\"potentialAction\":[{\"@type\":\"CommentAction\",\"name\":\"Comment\",\"target\":[\"https:\/\/www.imakeyousmile.se\/en-sommar-i-kollektiv\/#respond\"]}]},{\"@type\":\"Person\",\"@id\":\"https:\/\/www.imakeyousmile.se\/en\/#\/schema\/person\/b0fd43b1c6bb1c60cfd68bff9b4a10fb\",\"name\":\"Helena Amiley\",\"image\":{\"@type\":\"ImageObject\",\"@id\":\"https:\/\/www.imakeyousmile.se\/en\/#personlogo\",\"inLanguage\":\"en-US\",\"url\":\"https:\/\/secure.gravatar.com\/avatar\/5645558e1e355457a23368d7e1b4c904?s=96&d=mm&r=g\",\"caption\":\"Helena Amiley\"},\"description\":\"Jag skriver mest om sk\\u00f6nhet men bjuder \\u00e4ven p\\u00e5 glimtar fr\\u00e5n entrepren\\u00f6rlivet och bygget av v\\u00e5r egen camper van. Vanlife here we come!\",\"sameAs\":[\"https:\/\/www.facebook.com\/imakeyousmile.se\",\"https:\/\/www.instagram.com\/helenaamiley\",\"https:\/\/www.youtube.com\/channel\/UCR5iB6rvpV6Yr8ZjpQfr5mg?view_as=subscriber\"]}]}<\/script>\n<!-- \/ Yoast SEO Premium plugin. -->","_links":{"self":[{"href":"https:\/\/www.imakeyousmile.se\/en\/wp-json\/wp\/v2\/posts\/26628"}],"collection":[{"href":"https:\/\/www.imakeyousmile.se\/en\/wp-json\/wp\/v2\/posts"}],"about":[{"href":"https:\/\/www.imakeyousmile.se\/en\/wp-json\/wp\/v2\/types\/post"}],"author":[{"embeddable":true,"href":"https:\/\/www.imakeyousmile.se\/en\/wp-json\/wp\/v2\/users\/30"}],"replies":[{"embeddable":true,"href":"https:\/\/www.imakeyousmile.se\/en\/wp-json\/wp\/v2\/comments?post=26628"}],"version-history":[{"count":6,"href":"https:\/\/www.imakeyousmile.se\/en\/wp-json\/wp\/v2\/posts\/26628\/revisions"}],"predecessor-version":[{"id":26638,"href":"https:\/\/www.imakeyousmile.se\/en\/wp-json\/wp\/v2\/posts\/26628\/revisions\/26638"}],"wp:featuredmedia":[{"embeddable":true,"href":"https:\/\/www.imakeyousmile.se\/en\/wp-json\/wp\/v2\/media\/26632"}],"wp:attachment":[{"href":"https:\/\/www.imakeyousmile.se\/en\/wp-json\/wp\/v2\/media?parent=26628"}],"wp:term":[{"taxonomy":"category","embeddable":true,"href":"https:\/\/www.imakeyousmile.se\/en\/wp-json\/wp\/v2\/categories?post=26628"},{"taxonomy":"post_tag","embeddable":true,"href":"https:\/\/www.imakeyousmile.se\/en\/wp-json\/wp\/v2\/tags?post=26628"}],"curies":[{"name":"wp","href":"https:\/\/api.w.org\/{rel}","templated":true}]}}