{"id":2689,"date":"2015-02-22T14:27:47","date_gmt":"2015-02-22T13:27:47","guid":{"rendered":"http:\/\/finest.se\/helenaronnblad\/?p=2689"},"modified":"2021-10-07T12:12:22","modified_gmt":"2021-10-07T10:12:22","slug":"oriflame-the-one-5-in-1-wonderlash-mascara","status":"publish","type":"post","link":"https:\/\/www.imakeyousmile.se\/en\/oriflame-the-one-5-in-1-wonderlash-mascara\/","title":{"rendered":"Oriflame The ONE 5-in-1 WonderLash Mascara"},"content":{"rendered":"<p>Oriflame&#039;s popular mascara \u201d<a href=\"https:\/\/ion.lyko.com\/t\/t?a=1117786221&amp;as=1548102449&amp;t=2&amp;tk=1&amp;epi=search-replace-mascara&amp;url=https:\/\/lyko.com\/sv\/smink\/ogon\/mascara\" target=\"_blank\" rel=\"noopener\">Wonderlash mascara<\/a>Has been relatively recently renewed and is now included in The ONE series. I liked their previous mascara, it was one of my favorites actually, and have now also tested the new variant :)<\/p>\n<p>Just like with the previous version, I mainly love the separation (!) But it also gives a nice bend and length. Two thumbs up! And to be honest, I do not immediately notice any difference between the old and the new actually.<\/p>\n<p><img loading=\"lazy\" decoding=\"async\" class=\"alignnone size-full wp-image-39955\" src=\"https:\/\/www.imakeyousmile.se\/wp-content\/uploads\/2021\/03\/utvald-bild-eyeliner-och-losfransar.jpg\" alt=\"\" width=\"1000\" height=\"726\" srcset=\"https:\/\/www.imakeyousmile.se\/wp-content\/uploads\/2021\/03\/utvald-bild-eyeliner-och-losfransar.jpg 1000w, https:\/\/www.imakeyousmile.se\/wp-content\/uploads\/2021\/03\/utvald-bild-eyeliner-och-losfransar-300x218.jpg 300w, https:\/\/www.imakeyousmile.se\/wp-content\/uploads\/2021\/03\/utvald-bild-eyeliner-och-losfransar-768x558.jpg 768w, https:\/\/www.imakeyousmile.se\/wp-content\/uploads\/2021\/03\/utvald-bild-eyeliner-och-losfransar-16x12.jpg 16w, https:\/\/www.imakeyousmile.se\/wp-content\/uploads\/2021\/03\/utvald-bild-eyeliner-och-losfransar-696x505.jpg 696w, https:\/\/www.imakeyousmile.se\/wp-content\/uploads\/2021\/03\/utvald-bild-eyeliner-och-losfransar-579x420.jpg 579w, https:\/\/www.imakeyousmile.se\/wp-content\/uploads\/2021\/03\/utvald-bild-eyeliner-och-losfransar-324x235.jpg 324w\" sizes=\"(max-width: 1000px) 100vw, 1000px\" \/><\/p>\n<p>I must honestly say that I do not know exactly what differs apart from the packaging, but I have understood it as if the sleeve and the formula are changed, but the brush is at least the same as before - a rubber brush with small spikes on one side and longer on Other.<\/p>\n<p>I think the brush is really good, I prefer <em>most often<\/em> rubber brushes that comb the lashes, and it really does. This one accesses all lashes, even inside the corner of the eye.<\/p>\n<p>The mascara costs SEK 159 and can be bought online\u00a0<strong><a href=\"https:\/\/ion.lyko.com\/t\/t?a=1117786221&amp;as=1548102449&amp;t=2&amp;tk=1&amp;epi=search-replace-mascara&amp;url=https:\/\/lyko.com\/sv\/smink\/ogon\/mascara\" target=\"_blank\" rel=\"noopener\">HERE<\/a><\/strong>!<\/p>\n<p>The only negative is that it smears a little on the brow bone if you get oily during the day. Not as much as some may do, but a little.<\/p>\n<p>Any of you who have also tested and like this one? :)<\/p>\n<p>&nbsp;<\/p>\n<p>&nbsp;<\/p>","protected":false},"excerpt":{"rendered":"<p>Oriflames popul\u00e4ra mascara &#8221;Wonderlash mascara&#8221; har relativt\u00a0nyligen f\u00f6rnyats och r\u00e4knas nu in i The ONE-serien. Jag gillade deras tidigare mascara, det var en av mina favoriter faktiskt, och har nu \u00e4ven testat den nya varianten :) Precis som med den tidigare versionen s\u00e5 \u00e4lskar jag fr\u00e4mst separationen (!) men den ger \u00e4ven en fin b\u00f6j [&hellip;]<\/p>\n","protected":false},"author":30,"featured_media":0,"comment_status":"open","ping_status":"open","sticky":false,"template":"","format":"standard","meta":{"footnotes":""},"categories":[59],"tags":[],"class_list":["post-2689","post","type-post","status-publish","format-standard","hentry","category-recensioner-produkttips"],"yoast_head":"<!-- This site is optimized with the Yoast SEO Premium plugin v14.9 - https:\/\/yoast.com\/wordpress\/plugins\/seo\/ -->\n<meta name=\"description\" content=\"Oriflame The ONE 5-in-1 WonderLash Mascara | Helena Amiley - H\u00e4r hittar du senaste infromation om sk\u00f6nhet, livsstil, entrepren\u00f6rskap, makeup &amp; tips.\" \/>\n<meta name=\"robots\" content=\"index, follow, max-snippet:-1, max-image-preview:large, max-video-preview:-1\" \/>\n<link rel=\"canonical\" href=\"https:\/\/www.imakeyousmile.se\/en\/oriflame-the-one-5-in-1-wonderlash-mascara\/\" \/>\n<meta property=\"og:locale\" content=\"en_US\" \/>\n<meta property=\"og:type\" content=\"article\" \/>\n<meta property=\"og:title\" content=\"Oriflame The ONE 5-in-1 WonderLash Mascara | Imakeyousmile.se\" \/>\n<meta property=\"og:description\" content=\"Oriflame The ONE 5-in-1 WonderLash Mascara | Helena Amiley - H\u00e4r hittar du senaste infromation om sk\u00f6nhet, livsstil, entrepren\u00f6rskap, makeup &amp; tips.\" \/>\n<meta property=\"og:url\" content=\"https:\/\/www.imakeyousmile.se\/en\/oriflame-the-one-5-in-1-wonderlash-mascara\/\" \/>\n<meta property=\"og:site_name\" content=\"Imakeyousmile.se\" \/>\n<meta property=\"article:author\" content=\"https:\/\/www.facebook.com\/imakeyousmile.se\" \/>\n<meta property=\"article:published_time\" content=\"2015-02-22T13:27:47+00:00\" \/>\n<meta property=\"article:modified_time\" content=\"2021-10-07T10:12:22+00:00\" \/>\n<meta property=\"og:image\" content=\"https:\/\/www.imakeyousmile.se\/wp-content\/uploads\/2021\/03\/utvald-bild-eyeliner-och-losfransar.jpg\" \/>\n<meta name=\"twitter:card\" content=\"summary_large_image\" \/>\n<script type=\"application\/ld+json\" class=\"yoast-schema-graph\">{\"@context\":\"https:\/\/schema.org\",\"@graph\":[{\"@type\":\"Organization\",\"@id\":\"https:\/\/www.imakeyousmile.se\/en\/#organization\",\"name\":\"Imakeyousmile\",\"url\":\"https:\/\/www.imakeyousmile.se\/en\/\",\"sameAs\":[],\"logo\":{\"@type\":\"ImageObject\",\"@id\":\"https:\/\/www.imakeyousmile.se\/en\/#logo\",\"inLanguage\":\"en-US\",\"url\":\"https:\/\/www.imakeyousmile.se\/wp-content\/uploads\/2020\/10\/HELENA-AMILEY_SVART-1-e1603367975324.png\",\"width\":280,\"height\":93,\"caption\":\"Imakeyousmile\"},\"image\":{\"@id\":\"https:\/\/www.imakeyousmile.se\/en\/#logo\"}},{\"@type\":\"WebSite\",\"@id\":\"https:\/\/www.imakeyousmile.se\/en\/#website\",\"url\":\"https:\/\/www.imakeyousmile.se\/en\/\",\"name\":\"Imakeyousmile.se\",\"description\":\"Helena Amiley - Beauty, Entrepreneur, Lifestyle\",\"publisher\":{\"@id\":\"https:\/\/www.imakeyousmile.se\/en\/#organization\"},\"potentialAction\":[{\"@type\":\"SearchAction\",\"target\":\"https:\/\/www.imakeyousmile.se\/en\/?s={search_term_string}\",\"query-input\":\"required name=search_term_string\"}],\"inLanguage\":\"en-US\"},{\"@type\":\"ImageObject\",\"@id\":\"https:\/\/www.imakeyousmile.se\/oriflame-the-one-5-in-1-wonderlash-mascara\/#primaryimage\",\"inLanguage\":\"en-US\",\"url\":\"https:\/\/www.imakeyousmile.se\/wp-content\/uploads\/2021\/03\/utvald-bild-eyeliner-och-losfransar.jpg\",\"width\":1000,\"height\":726},{\"@type\":\"WebPage\",\"@id\":\"https:\/\/www.imakeyousmile.se\/oriflame-the-one-5-in-1-wonderlash-mascara\/#webpage\",\"url\":\"https:\/\/www.imakeyousmile.se\/oriflame-the-one-5-in-1-wonderlash-mascara\/\",\"name\":\"Oriflame The ONE 5-in-1 WonderLash Mascara | Imakeyousmile.se\",\"isPartOf\":{\"@id\":\"https:\/\/www.imakeyousmile.se\/en\/#website\"},\"primaryImageOfPage\":{\"@id\":\"https:\/\/www.imakeyousmile.se\/oriflame-the-one-5-in-1-wonderlash-mascara\/#primaryimage\"},\"datePublished\":\"2015-02-22T13:27:47+00:00\",\"dateModified\":\"2021-10-07T10:12:22+00:00\",\"description\":\"Oriflame The ONE 5-in-1 WonderLash Mascara | Helena Amiley - H\\u00e4r hittar du senaste infromation om sk\\u00f6nhet, livsstil, entrepren\\u00f6rskap, makeup & tips.\",\"inLanguage\":\"en-US\",\"potentialAction\":[{\"@type\":\"ReadAction\",\"target\":[\"https:\/\/www.imakeyousmile.se\/oriflame-the-one-5-in-1-wonderlash-mascara\/\"]}]},{\"@type\":\"Article\",\"@id\":\"https:\/\/www.imakeyousmile.se\/oriflame-the-one-5-in-1-wonderlash-mascara\/#article\",\"isPartOf\":{\"@id\":\"https:\/\/www.imakeyousmile.se\/oriflame-the-one-5-in-1-wonderlash-mascara\/#webpage\"},\"author\":{\"@id\":\"https:\/\/www.imakeyousmile.se\/en\/#\/schema\/person\/b0fd43b1c6bb1c60cfd68bff9b4a10fb\"},\"headline\":\"Oriflame The ONE 5-in-1 WonderLash Mascara\",\"datePublished\":\"2015-02-22T13:27:47+00:00\",\"dateModified\":\"2021-10-07T10:12:22+00:00\",\"mainEntityOfPage\":{\"@id\":\"https:\/\/www.imakeyousmile.se\/oriflame-the-one-5-in-1-wonderlash-mascara\/#webpage\"},\"commentCount\":1,\"publisher\":{\"@id\":\"https:\/\/www.imakeyousmile.se\/en\/#organization\"},\"image\":{\"@id\":\"https:\/\/www.imakeyousmile.se\/oriflame-the-one-5-in-1-wonderlash-mascara\/#primaryimage\"},\"articleSection\":\"Recensioner &amp; Produkttips\",\"inLanguage\":\"en-US\",\"potentialAction\":[{\"@type\":\"CommentAction\",\"name\":\"Comment\",\"target\":[\"https:\/\/www.imakeyousmile.se\/oriflame-the-one-5-in-1-wonderlash-mascara\/#respond\"]}]},{\"@type\":\"Person\",\"@id\":\"https:\/\/www.imakeyousmile.se\/en\/#\/schema\/person\/b0fd43b1c6bb1c60cfd68bff9b4a10fb\",\"name\":\"Helena Amiley\",\"image\":{\"@type\":\"ImageObject\",\"@id\":\"https:\/\/www.imakeyousmile.se\/en\/#personlogo\",\"inLanguage\":\"en-US\",\"url\":\"https:\/\/secure.gravatar.com\/avatar\/5645558e1e355457a23368d7e1b4c904?s=96&d=mm&r=g\",\"caption\":\"Helena Amiley\"},\"description\":\"Jag skriver mest om sk\\u00f6nhet men bjuder \\u00e4ven p\\u00e5 glimtar fr\\u00e5n entrepren\\u00f6rlivet och bygget av v\\u00e5r egen camper van. Vanlife here we come!\",\"sameAs\":[\"https:\/\/www.facebook.com\/imakeyousmile.se\",\"https:\/\/www.instagram.com\/helenaamiley\",\"https:\/\/www.youtube.com\/channel\/UCR5iB6rvpV6Yr8ZjpQfr5mg?view_as=subscriber\"]}]}<\/script>\n<!-- \/ Yoast SEO Premium plugin. -->","_links":{"self":[{"href":"https:\/\/www.imakeyousmile.se\/en\/wp-json\/wp\/v2\/posts\/2689"}],"collection":[{"href":"https:\/\/www.imakeyousmile.se\/en\/wp-json\/wp\/v2\/posts"}],"about":[{"href":"https:\/\/www.imakeyousmile.se\/en\/wp-json\/wp\/v2\/types\/post"}],"author":[{"embeddable":true,"href":"https:\/\/www.imakeyousmile.se\/en\/wp-json\/wp\/v2\/users\/30"}],"replies":[{"embeddable":true,"href":"https:\/\/www.imakeyousmile.se\/en\/wp-json\/wp\/v2\/comments?post=2689"}],"version-history":[{"count":2,"href":"https:\/\/www.imakeyousmile.se\/en\/wp-json\/wp\/v2\/posts\/2689\/revisions"}],"predecessor-version":[{"id":41945,"href":"https:\/\/www.imakeyousmile.se\/en\/wp-json\/wp\/v2\/posts\/2689\/revisions\/41945"}],"wp:attachment":[{"href":"https:\/\/www.imakeyousmile.se\/en\/wp-json\/wp\/v2\/media?parent=2689"}],"wp:term":[{"taxonomy":"category","embeddable":true,"href":"https:\/\/www.imakeyousmile.se\/en\/wp-json\/wp\/v2\/categories?post=2689"},{"taxonomy":"post_tag","embeddable":true,"href":"https:\/\/www.imakeyousmile.se\/en\/wp-json\/wp\/v2\/tags?post=2689"}],"curies":[{"name":"wp","href":"https:\/\/api.w.org\/{rel}","templated":true}]}}