{"id":27249,"date":"2016-10-16T12:29:55","date_gmt":"2016-10-16T10:29:55","guid":{"rendered":"http:\/\/www.imakeyousmile.se\/?p=27249"},"modified":"2021-09-27T19:07:24","modified_gmt":"2021-09-27T17:07:24","slug":"beauty-wellness-event-i-uppsala","status":"publish","type":"post","link":"https:\/\/www.imakeyousmile.se\/en\/beauty-wellness-event-i-uppsala\/","title":{"rendered":"Beauty &amp; Wellness event in Uppsala"},"content":{"rendered":"<p>Do you remember the Beauty &amp; Wellness event that I invited you to on October 5 in Uppsala? :)<\/p>\n<p>It was so successful! There were over 100 people who came, the whole team from the salon was on site and we were all busy all the time doing hair tests, showing products, talking permanent makeup and teeth whitening, handing out goodie bags and making reservations with the evening&#039;s awesome offers.<\/p>\n<p>It was really fun, especially to mingle with so many wonderful people!<\/p>\n<p>Here is a short film and photos from the event:<\/p>\n<p><iframe loading=\"lazy\" src=\"https:\/\/www.youtube.com\/embed\/vmZkfHWocE0\" width=\"560\" height=\"315\" frameborder=\"0\" allowfullscreen=\"allowfullscreen\"><\/iframe><img loading=\"lazy\" decoding=\"async\" class=\"alignnone size-large wp-image-27253\" src=\"http:\/\/www.imakeyousmile.se\/wp-content\/uploads\/2016\/10\/IMG_6949_111-1024x683.jpg\" alt=\"img_6949_111\" width=\"640\" height=\"427\" srcset=\"https:\/\/www.imakeyousmile.se\/wp-content\/uploads\/2016\/10\/IMG_6949_111-1024x683.jpg 1024w, https:\/\/www.imakeyousmile.se\/wp-content\/uploads\/2016\/10\/IMG_6949_111-300x200.jpg 300w, https:\/\/www.imakeyousmile.se\/wp-content\/uploads\/2016\/10\/IMG_6949_111-768x512.jpg 768w, https:\/\/www.imakeyousmile.se\/wp-content\/uploads\/2016\/10\/IMG_6949_111-696x464.jpg 696w, https:\/\/www.imakeyousmile.se\/wp-content\/uploads\/2016\/10\/IMG_6949_111-1068x712.jpg 1068w, https:\/\/www.imakeyousmile.se\/wp-content\/uploads\/2016\/10\/IMG_6949_111-630x420.jpg 630w\" sizes=\"(max-width: 640px) 100vw, 640px\" \/><\/p>\n<p>So nice in the event part at Hotell Gillet!<\/p>\n<p><img loading=\"lazy\" decoding=\"async\" class=\"alignnone size-large wp-image-27250\" src=\"http:\/\/www.imakeyousmile.se\/wp-content\/uploads\/2016\/10\/IMG_6930_111-1024x770.jpg\" alt=\"img_6930_111\" width=\"640\" height=\"481\" srcset=\"https:\/\/www.imakeyousmile.se\/wp-content\/uploads\/2016\/10\/IMG_6930_111-1024x770.jpg 1024w, https:\/\/www.imakeyousmile.se\/wp-content\/uploads\/2016\/10\/IMG_6930_111-300x226.jpg 300w, https:\/\/www.imakeyousmile.se\/wp-content\/uploads\/2016\/10\/IMG_6930_111-768x578.jpg 768w, https:\/\/www.imakeyousmile.se\/wp-content\/uploads\/2016\/10\/IMG_6930_111-80x60.jpg 80w, https:\/\/www.imakeyousmile.se\/wp-content\/uploads\/2016\/10\/IMG_6930_111-265x198.jpg 265w, https:\/\/www.imakeyousmile.se\/wp-content\/uploads\/2016\/10\/IMG_6930_111-696x523.jpg 696w, https:\/\/www.imakeyousmile.se\/wp-content\/uploads\/2016\/10\/IMG_6930_111-1068x803.jpg 1068w, https:\/\/www.imakeyousmile.se\/wp-content\/uploads\/2016\/10\/IMG_6930_111-559x420.jpg 559w\" sizes=\"(max-width: 640px) 100vw, 640px\" \/><\/p>\n<p>My wonderful makeup mirror from <a href=\"http:\/\/sminkspegel.se\" target=\"_blank\" rel=\"noopener\">sminkspegel.se<\/a>\u00a0got to follow, it&#039;s cruel! I got it as a Christmas present from my mother 3 or 4 years ago, and it still works flawlessly even though I use it every time I put on make-up (which is significantly more than most people haha).<\/p>\n<p><img loading=\"lazy\" decoding=\"async\" class=\"alignnone size-large wp-image-27251\" src=\"http:\/\/www.imakeyousmile.se\/wp-content\/uploads\/2016\/10\/IMG_6932_111-1024x776.jpg\" alt=\"img_6932_111\" width=\"640\" height=\"485\" srcset=\"https:\/\/www.imakeyousmile.se\/wp-content\/uploads\/2016\/10\/IMG_6932_111-1024x776.jpg 1024w, https:\/\/www.imakeyousmile.se\/wp-content\/uploads\/2016\/10\/IMG_6932_111-300x227.jpg 300w, https:\/\/www.imakeyousmile.se\/wp-content\/uploads\/2016\/10\/IMG_6932_111-768x582.jpg 768w, https:\/\/www.imakeyousmile.se\/wp-content\/uploads\/2016\/10\/IMG_6932_111-80x60.jpg 80w, https:\/\/www.imakeyousmile.se\/wp-content\/uploads\/2016\/10\/IMG_6932_111-696x528.jpg 696w, https:\/\/www.imakeyousmile.se\/wp-content\/uploads\/2016\/10\/IMG_6932_111-1068x810.jpg 1068w, https:\/\/www.imakeyousmile.se\/wp-content\/uploads\/2016\/10\/IMG_6932_111-554x420.jpg 554w, https:\/\/www.imakeyousmile.se\/wp-content\/uploads\/2016\/10\/IMG_6932_111.jpg 2000w\" sizes=\"(max-width: 640px) 100vw, 640px\" \/><\/p>\n<p>Best machine! Here you test your hair and see how much strength and elasticity the hair has to know which products to use and how to care for the hair.<\/p>\n<p><img loading=\"lazy\" decoding=\"async\" class=\"alignnone size-large wp-image-27252\" src=\"http:\/\/www.imakeyousmile.se\/wp-content\/uploads\/2016\/10\/IMG_6937_111-1024x693.jpg\" alt=\"img_6937_111\" width=\"640\" height=\"433\" srcset=\"https:\/\/www.imakeyousmile.se\/wp-content\/uploads\/2016\/10\/IMG_6937_111-1024x693.jpg 1024w, https:\/\/www.imakeyousmile.se\/wp-content\/uploads\/2016\/10\/IMG_6937_111-300x203.jpg 300w, https:\/\/www.imakeyousmile.se\/wp-content\/uploads\/2016\/10\/IMG_6937_111-768x520.jpg 768w, https:\/\/www.imakeyousmile.se\/wp-content\/uploads\/2016\/10\/IMG_6937_111-696x471.jpg 696w, https:\/\/www.imakeyousmile.se\/wp-content\/uploads\/2016\/10\/IMG_6937_111-1068x723.jpg 1068w, https:\/\/www.imakeyousmile.se\/wp-content\/uploads\/2016\/10\/IMG_6937_111-621x420.jpg 621w\" sizes=\"(max-width: 640px) 100vw, 640px\" \/><\/p>\n<p>We had our best sellers for sale and the star of the night was without a doubt our novelty Santhilea Real Rebel Lipstick - a green lipstick that becomes the perfect red-pink tone on the lips. Read more about it in the middle <a href=\"http:\/\/www.imakeyousmile.se\/en\/nyhet-santhilea-real-rebel-lipstick\/\" target=\"_blank\" rel=\"noopener\">previous posts<\/a>!<\/p>\n<p><img loading=\"lazy\" decoding=\"async\" class=\"alignnone size-large wp-image-27255\" src=\"http:\/\/www.imakeyousmile.se\/wp-content\/uploads\/2016\/10\/IMG_6953_111-1024x885.jpg\" alt=\"img_6953_111\" width=\"640\" height=\"553\" srcset=\"https:\/\/www.imakeyousmile.se\/wp-content\/uploads\/2016\/10\/IMG_6953_111-1024x885.jpg 1024w, https:\/\/www.imakeyousmile.se\/wp-content\/uploads\/2016\/10\/IMG_6953_111-300x259.jpg 300w, https:\/\/www.imakeyousmile.se\/wp-content\/uploads\/2016\/10\/IMG_6953_111-768x664.jpg 768w, https:\/\/www.imakeyousmile.se\/wp-content\/uploads\/2016\/10\/IMG_6953_111-534x462.jpg 534w, https:\/\/www.imakeyousmile.se\/wp-content\/uploads\/2016\/10\/IMG_6953_111-696x602.jpg 696w, https:\/\/www.imakeyousmile.se\/wp-content\/uploads\/2016\/10\/IMG_6953_111-1068x923.jpg 1068w, https:\/\/www.imakeyousmile.se\/wp-content\/uploads\/2016\/10\/IMG_6953_111-486x420.jpg 486w\" sizes=\"(max-width: 640px) 100vw, 640px\" \/><\/p>\n<p>Pepped Amir and I before the guests fell in!<\/p>\n<p><img loading=\"lazy\" decoding=\"async\" class=\"alignnone size-large wp-image-27256\" src=\"http:\/\/www.imakeyousmile.se\/wp-content\/uploads\/2016\/10\/IMG_6960_111-1024x559.jpg\" alt=\"img_6960_111\" width=\"640\" height=\"349\" srcset=\"https:\/\/www.imakeyousmile.se\/wp-content\/uploads\/2016\/10\/IMG_6960_111-1024x559.jpg 1024w, https:\/\/www.imakeyousmile.se\/wp-content\/uploads\/2016\/10\/IMG_6960_111-300x164.jpg 300w, https:\/\/www.imakeyousmile.se\/wp-content\/uploads\/2016\/10\/IMG_6960_111-768x419.jpg 768w, https:\/\/www.imakeyousmile.se\/wp-content\/uploads\/2016\/10\/IMG_6960_111-696x380.jpg 696w, https:\/\/www.imakeyousmile.se\/wp-content\/uploads\/2016\/10\/IMG_6960_111-1068x583.jpg 1068w, https:\/\/www.imakeyousmile.se\/wp-content\/uploads\/2016\/10\/IMG_6960_111-769x420.jpg 769w\" sizes=\"(max-width: 640px) 100vw, 640px\" \/><\/p>\n<p>We offered snacks and bubbly!<\/p>\n<p><img loading=\"lazy\" decoding=\"async\" class=\"alignnone size-large wp-image-27257\" src=\"http:\/\/www.imakeyousmile.se\/wp-content\/uploads\/2016\/10\/IMG_6968_111-1024x698.jpg\" alt=\"img_6968_111\" width=\"640\" height=\"436\" srcset=\"https:\/\/www.imakeyousmile.se\/wp-content\/uploads\/2016\/10\/IMG_6968_111-1024x698.jpg 1024w, https:\/\/www.imakeyousmile.se\/wp-content\/uploads\/2016\/10\/IMG_6968_111-300x204.jpg 300w, https:\/\/www.imakeyousmile.se\/wp-content\/uploads\/2016\/10\/IMG_6968_111-768x523.jpg 768w, https:\/\/www.imakeyousmile.se\/wp-content\/uploads\/2016\/10\/IMG_6968_111-218x150.jpg 218w, https:\/\/www.imakeyousmile.se\/wp-content\/uploads\/2016\/10\/IMG_6968_111-696x474.jpg 696w, https:\/\/www.imakeyousmile.se\/wp-content\/uploads\/2016\/10\/IMG_6968_111-1068x728.jpg 1068w, https:\/\/www.imakeyousmile.se\/wp-content\/uploads\/2016\/10\/IMG_6968_111-617x420.jpg 617w\" sizes=\"(max-width: 640px) 100vw, 640px\" \/><\/p>\n<p>Finest Ida that fills in the eyebrows with our most popular eyebrow product <a href=\"https:\/\/ion.lyko.com\/t\/t?a=1117786221&amp;as=1548102449&amp;t=2&amp;tk=1&amp;epi=search-replace-brow-duo&amp;url=https:\/\/lyko.com\/sv\/pixi\/pixi-natural-brow-duo-natural-brown\/\" target=\"_blank\" rel=\"noopener\">Pixi Natural Brow Duo<\/a>.<\/p>\n<p><img loading=\"lazy\" decoding=\"async\" class=\"alignnone size-large wp-image-27258\" src=\"http:\/\/www.imakeyousmile.se\/wp-content\/uploads\/2016\/10\/IMG_6970_111-1024x683.jpg\" alt=\"img_6970_111\" width=\"640\" height=\"427\" srcset=\"https:\/\/www.imakeyousmile.se\/wp-content\/uploads\/2016\/10\/IMG_6970_111-1024x683.jpg 1024w, https:\/\/www.imakeyousmile.se\/wp-content\/uploads\/2016\/10\/IMG_6970_111-300x200.jpg 300w, https:\/\/www.imakeyousmile.se\/wp-content\/uploads\/2016\/10\/IMG_6970_111-768x512.jpg 768w, https:\/\/www.imakeyousmile.se\/wp-content\/uploads\/2016\/10\/IMG_6970_111-696x464.jpg 696w, https:\/\/www.imakeyousmile.se\/wp-content\/uploads\/2016\/10\/IMG_6970_111-1068x712.jpg 1068w, https:\/\/www.imakeyousmile.se\/wp-content\/uploads\/2016\/10\/IMG_6970_111-630x420.jpg 630w\" sizes=\"(max-width: 640px) 100vw, 640px\" \/><\/p>\n<p>Annika talks about eyebrow tattooing and shows pictures on our browser screen. You see more of the screen in the video, feels like working on Bingolotto with the color five :)<\/p>\n<p><img loading=\"lazy\" decoding=\"async\" class=\"alignnone size-large wp-image-27259\" src=\"http:\/\/www.imakeyousmile.se\/wp-content\/uploads\/2016\/10\/IMG_6972_111-1024x908.jpg\" alt=\"img_6972_111\" width=\"640\" height=\"568\" srcset=\"https:\/\/www.imakeyousmile.se\/wp-content\/uploads\/2016\/10\/IMG_6972_111-1024x908.jpg 1024w, https:\/\/www.imakeyousmile.se\/wp-content\/uploads\/2016\/10\/IMG_6972_111-300x266.jpg 300w, https:\/\/www.imakeyousmile.se\/wp-content\/uploads\/2016\/10\/IMG_6972_111-768x681.jpg 768w, https:\/\/www.imakeyousmile.se\/wp-content\/uploads\/2016\/10\/IMG_6972_111-696x617.jpg 696w, https:\/\/www.imakeyousmile.se\/wp-content\/uploads\/2016\/10\/IMG_6972_111-1068x947.jpg 1068w, https:\/\/www.imakeyousmile.se\/wp-content\/uploads\/2016\/10\/IMG_6972_111-474x420.jpg 474w, https:\/\/www.imakeyousmile.se\/wp-content\/uploads\/2016\/10\/IMG_6972_111.jpg 1880w\" sizes=\"(max-width: 640px) 100vw, 640px\" \/><\/p>\n<p>Miska at the teeth whitening corner &quot;there are over 100 shades of white&quot; :)<\/p>\n<p><img loading=\"lazy\" decoding=\"async\" class=\"alignnone size-large wp-image-27260\" src=\"http:\/\/www.imakeyousmile.se\/wp-content\/uploads\/2016\/10\/IMG_6977_111-1024x536.jpg\" alt=\"img_6977_111\" width=\"640\" height=\"335\" srcset=\"https:\/\/www.imakeyousmile.se\/wp-content\/uploads\/2016\/10\/IMG_6977_111-1024x536.jpg 1024w, https:\/\/www.imakeyousmile.se\/wp-content\/uploads\/2016\/10\/IMG_6977_111-300x157.jpg 300w, https:\/\/www.imakeyousmile.se\/wp-content\/uploads\/2016\/10\/IMG_6977_111-768x402.jpg 768w, https:\/\/www.imakeyousmile.se\/wp-content\/uploads\/2016\/10\/IMG_6977_111-696x364.jpg 696w, https:\/\/www.imakeyousmile.se\/wp-content\/uploads\/2016\/10\/IMG_6977_111-1068x559.jpg 1068w, https:\/\/www.imakeyousmile.se\/wp-content\/uploads\/2016\/10\/IMG_6977_111-802x420.jpg 802w\" sizes=\"(max-width: 640px) 100vw, 640px\" \/><\/p>\n<p>The whole salon gang! \u2665 \u2665 \u2665<\/p>\n<p>Shit how many of us are when you see us like this together, only Malin who works from home who is missing in the picture.<\/p>\n<p>Did you know that together we can speak 5 different languages fluently at the salon? Partly the usual with Swedish and English, but also Arabic as Amir and Zahra speak, Finnish as Miska speaks and Polish as Olga speaks! Cool huh? :)<\/p>\n<p>And there are 8 languages if you count Alex&#039;s rusty Spanish, that Zahra understands Persian and our German intern Rita who speaks German but who is here only some days now and then, haha.<\/p>\n<p><img loading=\"lazy\" decoding=\"async\" class=\"alignnone size-large wp-image-27254\" src=\"http:\/\/www.imakeyousmile.se\/wp-content\/uploads\/2016\/10\/IMG_6952_111-1024x683.jpg\" alt=\"img_6952_111\" width=\"640\" height=\"427\" srcset=\"https:\/\/www.imakeyousmile.se\/wp-content\/uploads\/2016\/10\/IMG_6952_111-1024x683.jpg 1024w, https:\/\/www.imakeyousmile.se\/wp-content\/uploads\/2016\/10\/IMG_6952_111-300x200.jpg 300w, https:\/\/www.imakeyousmile.se\/wp-content\/uploads\/2016\/10\/IMG_6952_111-768x512.jpg 768w, https:\/\/www.imakeyousmile.se\/wp-content\/uploads\/2016\/10\/IMG_6952_111-696x464.jpg 696w, https:\/\/www.imakeyousmile.se\/wp-content\/uploads\/2016\/10\/IMG_6952_111-1068x712.jpg 1068w, https:\/\/www.imakeyousmile.se\/wp-content\/uploads\/2016\/10\/IMG_6952_111-630x420.jpg 630w\" sizes=\"(max-width: 640px) 100vw, 640px\" \/><\/p>\n<p>Happy, energetic and incredibly tired girl at the same time before it was time to go home :)<\/p>\n<p>Thank you all who came, and hope that you others thought it was fun to follow a little behind the scenes as well!<\/p>\n<p>Hug \u2665<\/p>","protected":false},"excerpt":{"rendered":"<p>Minns ni Beauty &amp; Wellness-eventet som jag bj\u00f6d in er till den 5:e oktober i Uppsala? :) Det blev s\u00e5\u00e5 lyckat! Det var \u00f6ver 100 personer som kom, hela teamet fr\u00e5n salongen var p\u00e5 plats och vi hade fullt upp allihopa hela tiden med att g\u00f6ra h\u00e5rtester, visa produkter, prata permanent makeup och tandblekning, dela [&hellip;]<\/p>\n","protected":false},"author":30,"featured_media":27276,"comment_status":"open","ping_status":"closed","sticky":false,"template":"","format":"standard","meta":{"footnotes":""},"categories":[4032,2863],"tags":[4001,4170,4864,2809,4035,3935,2989],"class_list":["post-27249","post","type-post","status-publish","format-standard","has-post-thumbnail","hentry","category-creative-makeup-by-her","category-event","tag-creative-makeup-by-her","tag-event-uppsala","tag-harologi-uppsala","tag-permanent-makeup-uppsala","tag-skonhet-uppsala","tag-smink-uppsala","tag-tandblekning-uppsala"],"yoast_head":"<!-- This site is optimized with the Yoast SEO Premium plugin v14.9 - https:\/\/yoast.com\/wordpress\/plugins\/seo\/ -->\n<meta name=\"description\" content=\"Beauty &amp; Wellness-event i Uppsala | Helena Amiley - H\u00e4r hittar du senaste infromation om sk\u00f6nhet, livsstil, entrepren\u00f6rskap, makeup &amp; tips.\" \/>\n<meta name=\"robots\" content=\"index, follow, max-snippet:-1, max-image-preview:large, max-video-preview:-1\" \/>\n<link rel=\"canonical\" href=\"https:\/\/www.imakeyousmile.se\/en\/beauty-wellness-event-i-uppsala\/\" \/>\n<meta property=\"og:locale\" content=\"en_US\" \/>\n<meta property=\"og:type\" content=\"article\" \/>\n<meta property=\"og:title\" content=\"Beauty &amp; Wellness-event i Uppsala | Imakeyousmile.se\" \/>\n<meta property=\"og:description\" content=\"Beauty &amp; Wellness-event i Uppsala | Helena Amiley - H\u00e4r hittar du senaste infromation om sk\u00f6nhet, livsstil, entrepren\u00f6rskap, makeup &amp; tips.\" \/>\n<meta property=\"og:url\" content=\"https:\/\/www.imakeyousmile.se\/en\/beauty-wellness-event-i-uppsala\/\" \/>\n<meta property=\"og:site_name\" content=\"Imakeyousmile.se\" \/>\n<meta property=\"article:author\" content=\"https:\/\/www.facebook.com\/imakeyousmile.se\" \/>\n<meta property=\"article:published_time\" content=\"2016-10-16T10:29:55+00:00\" \/>\n<meta property=\"article:modified_time\" content=\"2021-09-27T17:07:24+00:00\" \/>\n<meta property=\"og:image\" content=\"https:\/\/www.imakeyousmile.se\/wp-content\/uploads\/2016\/10\/framsidabild-video-beauty-wellness.jpg\" \/>\n\t<meta property=\"og:image:width\" content=\"2492\" \/>\n\t<meta property=\"og:image:height\" content=\"1397\" \/>\n<meta name=\"twitter:card\" content=\"summary_large_image\" \/>\n<script type=\"application\/ld+json\" class=\"yoast-schema-graph\">{\"@context\":\"https:\/\/schema.org\",\"@graph\":[{\"@type\":\"Organization\",\"@id\":\"https:\/\/www.imakeyousmile.se\/en\/#organization\",\"name\":\"Imakeyousmile\",\"url\":\"https:\/\/www.imakeyousmile.se\/en\/\",\"sameAs\":[],\"logo\":{\"@type\":\"ImageObject\",\"@id\":\"https:\/\/www.imakeyousmile.se\/en\/#logo\",\"inLanguage\":\"en-US\",\"url\":\"https:\/\/www.imakeyousmile.se\/wp-content\/uploads\/2020\/10\/HELENA-AMILEY_SVART-1-e1603367975324.png\",\"width\":280,\"height\":93,\"caption\":\"Imakeyousmile\"},\"image\":{\"@id\":\"https:\/\/www.imakeyousmile.se\/en\/#logo\"}},{\"@type\":\"WebSite\",\"@id\":\"https:\/\/www.imakeyousmile.se\/en\/#website\",\"url\":\"https:\/\/www.imakeyousmile.se\/en\/\",\"name\":\"Imakeyousmile.se\",\"description\":\"Helena Amiley - Beauty, Entrepreneur, Lifestyle\",\"publisher\":{\"@id\":\"https:\/\/www.imakeyousmile.se\/en\/#organization\"},\"potentialAction\":[{\"@type\":\"SearchAction\",\"target\":\"https:\/\/www.imakeyousmile.se\/en\/?s={search_term_string}\",\"query-input\":\"required name=search_term_string\"}],\"inLanguage\":\"en-US\"},{\"@type\":\"ImageObject\",\"@id\":\"https:\/\/www.imakeyousmile.se\/beauty-wellness-event-i-uppsala\/#primaryimage\",\"inLanguage\":\"en-US\",\"url\":\"https:\/\/www.imakeyousmile.se\/wp-content\/uploads\/2016\/10\/framsidabild-video-beauty-wellness.jpg\",\"width\":2492,\"height\":1397},{\"@type\":\"WebPage\",\"@id\":\"https:\/\/www.imakeyousmile.se\/beauty-wellness-event-i-uppsala\/#webpage\",\"url\":\"https:\/\/www.imakeyousmile.se\/beauty-wellness-event-i-uppsala\/\",\"name\":\"Beauty & Wellness-event i Uppsala | Imakeyousmile.se\",\"isPartOf\":{\"@id\":\"https:\/\/www.imakeyousmile.se\/en\/#website\"},\"primaryImageOfPage\":{\"@id\":\"https:\/\/www.imakeyousmile.se\/beauty-wellness-event-i-uppsala\/#primaryimage\"},\"datePublished\":\"2016-10-16T10:29:55+00:00\",\"dateModified\":\"2021-09-27T17:07:24+00:00\",\"description\":\"Beauty & Wellness-event i Uppsala | Helena Amiley - H\\u00e4r hittar du senaste infromation om sk\\u00f6nhet, livsstil, entrepren\\u00f6rskap, makeup & tips.\",\"inLanguage\":\"en-US\",\"potentialAction\":[{\"@type\":\"ReadAction\",\"target\":[\"https:\/\/www.imakeyousmile.se\/beauty-wellness-event-i-uppsala\/\"]}]},{\"@type\":\"Article\",\"@id\":\"https:\/\/www.imakeyousmile.se\/beauty-wellness-event-i-uppsala\/#article\",\"isPartOf\":{\"@id\":\"https:\/\/www.imakeyousmile.se\/beauty-wellness-event-i-uppsala\/#webpage\"},\"author\":{\"@id\":\"https:\/\/www.imakeyousmile.se\/en\/#\/schema\/person\/b0fd43b1c6bb1c60cfd68bff9b4a10fb\"},\"headline\":\"Beauty &#038; Wellness-event i Uppsala\",\"datePublished\":\"2016-10-16T10:29:55+00:00\",\"dateModified\":\"2021-09-27T17:07:24+00:00\",\"mainEntityOfPage\":{\"@id\":\"https:\/\/www.imakeyousmile.se\/beauty-wellness-event-i-uppsala\/#webpage\"},\"commentCount\":0,\"publisher\":{\"@id\":\"https:\/\/www.imakeyousmile.se\/en\/#organization\"},\"image\":{\"@id\":\"https:\/\/www.imakeyousmile.se\/beauty-wellness-event-i-uppsala\/#primaryimage\"},\"keywords\":\"creative makeup by her,event uppsala,h\\u00e5rologi uppsala,permanent makeup uppsala,sk\\u00f6nhet uppsala,smink uppsala,tandblekning uppsala\",\"articleSection\":\"Creative Makeup,Event\",\"inLanguage\":\"en-US\",\"potentialAction\":[{\"@type\":\"CommentAction\",\"name\":\"Comment\",\"target\":[\"https:\/\/www.imakeyousmile.se\/beauty-wellness-event-i-uppsala\/#respond\"]}]},{\"@type\":\"Person\",\"@id\":\"https:\/\/www.imakeyousmile.se\/en\/#\/schema\/person\/b0fd43b1c6bb1c60cfd68bff9b4a10fb\",\"name\":\"Helena Amiley\",\"image\":{\"@type\":\"ImageObject\",\"@id\":\"https:\/\/www.imakeyousmile.se\/en\/#personlogo\",\"inLanguage\":\"en-US\",\"url\":\"https:\/\/secure.gravatar.com\/avatar\/5645558e1e355457a23368d7e1b4c904?s=96&d=mm&r=g\",\"caption\":\"Helena Amiley\"},\"description\":\"Jag skriver mest om sk\\u00f6nhet men bjuder \\u00e4ven p\\u00e5 glimtar fr\\u00e5n entrepren\\u00f6rlivet och bygget av v\\u00e5r egen camper van. Vanlife here we come!\",\"sameAs\":[\"https:\/\/www.facebook.com\/imakeyousmile.se\",\"https:\/\/www.instagram.com\/helenaamiley\",\"https:\/\/www.youtube.com\/channel\/UCR5iB6rvpV6Yr8ZjpQfr5mg?view_as=subscriber\"]}]}<\/script>\n<!-- \/ Yoast SEO Premium plugin. -->","_links":{"self":[{"href":"https:\/\/www.imakeyousmile.se\/en\/wp-json\/wp\/v2\/posts\/27249"}],"collection":[{"href":"https:\/\/www.imakeyousmile.se\/en\/wp-json\/wp\/v2\/posts"}],"about":[{"href":"https:\/\/www.imakeyousmile.se\/en\/wp-json\/wp\/v2\/types\/post"}],"author":[{"embeddable":true,"href":"https:\/\/www.imakeyousmile.se\/en\/wp-json\/wp\/v2\/users\/30"}],"replies":[{"embeddable":true,"href":"https:\/\/www.imakeyousmile.se\/en\/wp-json\/wp\/v2\/comments?post=27249"}],"version-history":[{"count":4,"href":"https:\/\/www.imakeyousmile.se\/en\/wp-json\/wp\/v2\/posts\/27249\/revisions"}],"predecessor-version":[{"id":41336,"href":"https:\/\/www.imakeyousmile.se\/en\/wp-json\/wp\/v2\/posts\/27249\/revisions\/41336"}],"wp:featuredmedia":[{"embeddable":true,"href":"https:\/\/www.imakeyousmile.se\/en\/wp-json\/wp\/v2\/media\/27276"}],"wp:attachment":[{"href":"https:\/\/www.imakeyousmile.se\/en\/wp-json\/wp\/v2\/media?parent=27249"}],"wp:term":[{"taxonomy":"category","embeddable":true,"href":"https:\/\/www.imakeyousmile.se\/en\/wp-json\/wp\/v2\/categories?post=27249"},{"taxonomy":"post_tag","embeddable":true,"href":"https:\/\/www.imakeyousmile.se\/en\/wp-json\/wp\/v2\/tags?post=27249"}],"curies":[{"name":"wp","href":"https:\/\/api.w.org\/{rel}","templated":true}]}}