{"id":2725,"date":"2015-03-11T17:10:56","date_gmt":"2015-03-11T16:10:56","guid":{"rendered":"http:\/\/finest.se\/helenaronnblad\/?p=2725"},"modified":"2015-04-19T10:28:52","modified_gmt":"2015-04-19T08:28:52","slug":"benecos-natural-lipgloss","status":"publish","type":"post","link":"https:\/\/www.imakeyousmile.se\/en\/benecos-natural-lipgloss\/","title":{"rendered":"Benecos Natural Lip Gloss"},"content":{"rendered":"<p>So now I am very confused, have I not written and shown you Beneco&#039;s different lip gloss shades ?? I made that post quite a long time ago and was sure I published it, but now I noticed by chance that it was a draft!<\/p>\n<p>Thought it might be a copy or something, but I can not find such a post in the blog either? :) Aja, have you read it before, it may not be the whole world that I double publish haha. #Virrh\u00f6na<\/p>\n<p>Now I have photographed a nice swatch on all organic <a href=\"https:\/\/ion.jordklok.se\/t\/t?a=1236848151&#038;as=1548102449&#038;t=2&#038;tk=1&#038;epi=search-replace-benecoslipgloss&#038;url=https:\/\/www.jordklok.se\/sv\/articles\/2.69.3595\/benecos-natural-lipgloss-5-ml?q=Benecos%20Natural%20Lipgloss,%205%20ml\/\" target=\"_blank\"><span style=\"text-decoration: underline\">Benecos Natural Lip Gloss<\/span><\/a> which I like a lot!<\/p>\n<p>The lip gloss is available in 6 different shades, both light and more colorful:<\/p>\n<p><a href=\"http:\/\/cdn.finest.se\/wp-content\/uploads\/sites\/7701\/2015\/02\/1424758368-7902.jpg\"><img loading=\"lazy\" decoding=\"async\" class=\"alignnone size-full wp-image-2726\" src=\"http:\/\/cdn.finest.se\/wp-content\/uploads\/sites\/7701\/2015\/02\/1424758368-7902.jpg\" alt=\"benecos-natural-lipgloss_11\" width=\"1000\" height=\"398\" \/><\/a><\/p>\n<p>Surely everyone is super nice?<\/p>\n<p>I love everyone, but my personal favorite is a shade that I always feel comfortable in no matter the make-up and occasion - and that&#039;s Berry. Berry is a soft shade that gives the lips a nice color without being either light or dark. Very nice! :)<\/p>\n<p>The texture is incredibly soft and smooth on the lips, and lasts a long time regardless of whether you apply a lot or a little. They smell fruity with mild, are semi-opaque and give a high-gloss and incredibly pigment-rich result!<\/p>\n<p>Contains, among other things, organic sunflower oil and organic beeswax that cares for the skin.<\/p>\n<p><a href=\"http:\/\/cdn.finest.se\/wp-content\/uploads\/sites\/7701\/2015\/02\/1424758370-7902.jpg\"><img loading=\"lazy\" decoding=\"async\" class=\"alignnone size-full wp-image-2727\" src=\"http:\/\/cdn.finest.se\/wp-content\/uploads\/sites\/7701\/2015\/02\/1424758370-7902.jpg\" alt=\"IMG_1541_111\" width=\"819\" height=\"1000\" \/><\/a><\/p>\n<p>I like this kind of application brush, easy and fast!<\/p>\n<p>The lip gloss is available at Byher.se and costs SEK 79 :)<\/p>\n<p>Hugs are \u2665<\/p>","protected":false},"excerpt":{"rendered":"<p>Allts\u00e5 nu \u00e4r jag j\u00e4ttef\u00f6rvirrad, har jag inte skrivit och visat er Benecos olika l\u00e4ppglansnyanser?? Jag gjorde det inl\u00e4gget f\u00f6r ganska l\u00e4nge sen och var s\u00e4ker p\u00e5 att jag publicerade det, men nu m\u00e4rkte\u00a0jag av en slump att det l\u00e5g som utkast! T\u00e4nkte att det kanske var en kopia eller n\u00e5tt, men jag hittar inget [&hellip;]<\/p>\n","protected":false},"author":30,"featured_media":0,"comment_status":"open","ping_status":"open","sticky":false,"template":"","format":"standard","meta":{"footnotes":""},"categories":[59],"tags":[3317,3318],"class_list":["post-2725","post","type-post","status-publish","format-standard","hentry","category-recensioner-produkttips","tag-benecos-lappglans","tag-ekologiska-lappglans"],"yoast_head":"<!-- This site is optimized with the Yoast SEO Premium plugin v14.9 - https:\/\/yoast.com\/wordpress\/plugins\/seo\/ -->\n<meta name=\"description\" content=\"Benecos Natural Lipgloss | Helena Amiley - H\u00e4r hittar du senaste infromation om sk\u00f6nhet, livsstil, entrepren\u00f6rskap, makeup &amp; tips.\" \/>\n<meta name=\"robots\" content=\"index, follow, max-snippet:-1, max-image-preview:large, max-video-preview:-1\" \/>\n<link rel=\"canonical\" href=\"https:\/\/www.imakeyousmile.se\/en\/benecos-natural-lipgloss\/\" \/>\n<meta property=\"og:locale\" content=\"en_US\" \/>\n<meta property=\"og:type\" content=\"article\" \/>\n<meta property=\"og:title\" content=\"Benecos Natural Lipgloss | Imakeyousmile.se\" \/>\n<meta property=\"og:description\" content=\"Benecos Natural Lipgloss | Helena Amiley - H\u00e4r hittar du senaste infromation om sk\u00f6nhet, livsstil, entrepren\u00f6rskap, makeup &amp; tips.\" \/>\n<meta property=\"og:url\" content=\"https:\/\/www.imakeyousmile.se\/en\/benecos-natural-lipgloss\/\" \/>\n<meta property=\"og:site_name\" content=\"Imakeyousmile.se\" \/>\n<meta property=\"article:author\" content=\"https:\/\/www.facebook.com\/imakeyousmile.se\" \/>\n<meta property=\"article:published_time\" content=\"2015-03-11T16:10:56+00:00\" \/>\n<meta property=\"article:modified_time\" content=\"2015-04-19T08:28:52+00:00\" \/>\n<meta property=\"og:image\" content=\"http:\/\/cdn.finest.se\/wp-content\/uploads\/sites\/7701\/2015\/02\/1424758368-7902.jpg\" \/>\n<meta name=\"twitter:card\" content=\"summary_large_image\" \/>\n<script type=\"application\/ld+json\" class=\"yoast-schema-graph\">{\"@context\":\"https:\/\/schema.org\",\"@graph\":[{\"@type\":\"Organization\",\"@id\":\"https:\/\/www.imakeyousmile.se\/en\/#organization\",\"name\":\"Imakeyousmile\",\"url\":\"https:\/\/www.imakeyousmile.se\/en\/\",\"sameAs\":[],\"logo\":{\"@type\":\"ImageObject\",\"@id\":\"https:\/\/www.imakeyousmile.se\/en\/#logo\",\"inLanguage\":\"en-US\",\"url\":\"https:\/\/www.imakeyousmile.se\/wp-content\/uploads\/2020\/10\/HELENA-AMILEY_SVART-1-e1603367975324.png\",\"width\":280,\"height\":93,\"caption\":\"Imakeyousmile\"},\"image\":{\"@id\":\"https:\/\/www.imakeyousmile.se\/en\/#logo\"}},{\"@type\":\"WebSite\",\"@id\":\"https:\/\/www.imakeyousmile.se\/en\/#website\",\"url\":\"https:\/\/www.imakeyousmile.se\/en\/\",\"name\":\"Imakeyousmile.se\",\"description\":\"Helena Amiley - Beauty, Entrepreneur, Lifestyle\",\"publisher\":{\"@id\":\"https:\/\/www.imakeyousmile.se\/en\/#organization\"},\"potentialAction\":[{\"@type\":\"SearchAction\",\"target\":\"https:\/\/www.imakeyousmile.se\/en\/?s={search_term_string}\",\"query-input\":\"required name=search_term_string\"}],\"inLanguage\":\"en-US\"},{\"@type\":\"ImageObject\",\"@id\":\"https:\/\/www.imakeyousmile.se\/benecos-natural-lipgloss\/#primaryimage\",\"inLanguage\":\"en-US\",\"url\":\"http:\/\/cdn.finest.se\/wp-content\/uploads\/sites\/7701\/2015\/02\/1424758368-7902.jpg\"},{\"@type\":\"WebPage\",\"@id\":\"https:\/\/www.imakeyousmile.se\/benecos-natural-lipgloss\/#webpage\",\"url\":\"https:\/\/www.imakeyousmile.se\/benecos-natural-lipgloss\/\",\"name\":\"Benecos Natural Lipgloss | Imakeyousmile.se\",\"isPartOf\":{\"@id\":\"https:\/\/www.imakeyousmile.se\/en\/#website\"},\"primaryImageOfPage\":{\"@id\":\"https:\/\/www.imakeyousmile.se\/benecos-natural-lipgloss\/#primaryimage\"},\"datePublished\":\"2015-03-11T16:10:56+00:00\",\"dateModified\":\"2015-04-19T08:28:52+00:00\",\"description\":\"Benecos Natural Lipgloss | Helena Amiley - H\\u00e4r hittar du senaste infromation om sk\\u00f6nhet, livsstil, entrepren\\u00f6rskap, makeup & tips.\",\"inLanguage\":\"en-US\",\"potentialAction\":[{\"@type\":\"ReadAction\",\"target\":[\"https:\/\/www.imakeyousmile.se\/benecos-natural-lipgloss\/\"]}]},{\"@type\":\"Article\",\"@id\":\"https:\/\/www.imakeyousmile.se\/benecos-natural-lipgloss\/#article\",\"isPartOf\":{\"@id\":\"https:\/\/www.imakeyousmile.se\/benecos-natural-lipgloss\/#webpage\"},\"author\":{\"@id\":\"https:\/\/www.imakeyousmile.se\/en\/#\/schema\/person\/b0fd43b1c6bb1c60cfd68bff9b4a10fb\"},\"headline\":\"Benecos Natural Lipgloss\",\"datePublished\":\"2015-03-11T16:10:56+00:00\",\"dateModified\":\"2015-04-19T08:28:52+00:00\",\"mainEntityOfPage\":{\"@id\":\"https:\/\/www.imakeyousmile.se\/benecos-natural-lipgloss\/#webpage\"},\"commentCount\":0,\"publisher\":{\"@id\":\"https:\/\/www.imakeyousmile.se\/en\/#organization\"},\"image\":{\"@id\":\"https:\/\/www.imakeyousmile.se\/benecos-natural-lipgloss\/#primaryimage\"},\"keywords\":\"benecos l\\u00e4ppglans,ekologiska l\\u00e4ppglans\",\"articleSection\":\"Recensioner &amp; Produkttips\",\"inLanguage\":\"en-US\",\"potentialAction\":[{\"@type\":\"CommentAction\",\"name\":\"Comment\",\"target\":[\"https:\/\/www.imakeyousmile.se\/benecos-natural-lipgloss\/#respond\"]}]},{\"@type\":\"Person\",\"@id\":\"https:\/\/www.imakeyousmile.se\/en\/#\/schema\/person\/b0fd43b1c6bb1c60cfd68bff9b4a10fb\",\"name\":\"Helena Amiley\",\"image\":{\"@type\":\"ImageObject\",\"@id\":\"https:\/\/www.imakeyousmile.se\/en\/#personlogo\",\"inLanguage\":\"en-US\",\"url\":\"https:\/\/secure.gravatar.com\/avatar\/5645558e1e355457a23368d7e1b4c904?s=96&d=mm&r=g\",\"caption\":\"Helena Amiley\"},\"description\":\"Jag skriver mest om sk\\u00f6nhet men bjuder \\u00e4ven p\\u00e5 glimtar fr\\u00e5n entrepren\\u00f6rlivet och bygget av v\\u00e5r egen camper van. Vanlife here we come!\",\"sameAs\":[\"https:\/\/www.facebook.com\/imakeyousmile.se\",\"https:\/\/www.instagram.com\/helenaamiley\",\"https:\/\/www.youtube.com\/channel\/UCR5iB6rvpV6Yr8ZjpQfr5mg?view_as=subscriber\"]}]}<\/script>\n<!-- \/ Yoast SEO Premium plugin. -->","_links":{"self":[{"href":"https:\/\/www.imakeyousmile.se\/en\/wp-json\/wp\/v2\/posts\/2725"}],"collection":[{"href":"https:\/\/www.imakeyousmile.se\/en\/wp-json\/wp\/v2\/posts"}],"about":[{"href":"https:\/\/www.imakeyousmile.se\/en\/wp-json\/wp\/v2\/types\/post"}],"author":[{"embeddable":true,"href":"https:\/\/www.imakeyousmile.se\/en\/wp-json\/wp\/v2\/users\/30"}],"replies":[{"embeddable":true,"href":"https:\/\/www.imakeyousmile.se\/en\/wp-json\/wp\/v2\/comments?post=2725"}],"version-history":[{"count":1,"href":"https:\/\/www.imakeyousmile.se\/en\/wp-json\/wp\/v2\/posts\/2725\/revisions"}],"predecessor-version":[{"id":19491,"href":"https:\/\/www.imakeyousmile.se\/en\/wp-json\/wp\/v2\/posts\/2725\/revisions\/19491"}],"wp:attachment":[{"href":"https:\/\/www.imakeyousmile.se\/en\/wp-json\/wp\/v2\/media?parent=2725"}],"wp:term":[{"taxonomy":"category","embeddable":true,"href":"https:\/\/www.imakeyousmile.se\/en\/wp-json\/wp\/v2\/categories?post=2725"},{"taxonomy":"post_tag","embeddable":true,"href":"https:\/\/www.imakeyousmile.se\/en\/wp-json\/wp\/v2\/tags?post=2725"}],"curies":[{"name":"wp","href":"https:\/\/api.w.org\/{rel}","templated":true}]}}