{"id":27294,"date":"2016-10-14T22:32:41","date_gmt":"2016-10-14T20:32:41","guid":{"rendered":"http:\/\/www.imakeyousmile.se\/?p=27294"},"modified":"2016-10-14T22:32:41","modified_gmt":"2016-10-14T20:32:41","slug":"sneak-peak-pa-nya-webshopen","status":"publish","type":"post","link":"https:\/\/www.imakeyousmile.se\/en\/sneak-peak-pa-nya-webshop\/","title":{"rendered":"Sneak peak at the new webshop!"},"content":{"rendered":"<p>You may think it&#039;s sad that the webshop is never updated purely in terms of design, but that&#039;s because we put all our energy into building the new website Creativemakeupcreativemakeup.se where the salon and webshop will be under one roof :)<\/p>\n<p>And you know what, soon there will be a super short time left! We are working on the final finishing touches now, which is also time consuming but it is starting to get closer to the final light in any case!<\/p>\n<p>So that you do not get tired of how long it takes for us, I thought I would offer a small, small peek:<\/p>\n<p><img loading=\"lazy\" decoding=\"async\" class=\"alignnone size-large wp-image-27295\" src=\"http:\/\/www.imakeyousmile.se\/wp-content\/uploads\/2016\/10\/Sk\u00e4rmklipp-2016-10-14-22.06.00-1024x523.png\" alt=\"skarmklipp-2016-10-14-22-06-00\" width=\"640\" height=\"327\" srcset=\"https:\/\/www.imakeyousmile.se\/wp-content\/uploads\/2016\/10\/Sk\u00e4rmklipp-2016-10-14-22.06.00-1024x523.png 1024w, https:\/\/www.imakeyousmile.se\/wp-content\/uploads\/2016\/10\/Sk\u00e4rmklipp-2016-10-14-22.06.00-300x153.png 300w, https:\/\/www.imakeyousmile.se\/wp-content\/uploads\/2016\/10\/Sk\u00e4rmklipp-2016-10-14-22.06.00-768x392.png 768w, https:\/\/www.imakeyousmile.se\/wp-content\/uploads\/2016\/10\/Sk\u00e4rmklipp-2016-10-14-22.06.00-696x356.png 696w, https:\/\/www.imakeyousmile.se\/wp-content\/uploads\/2016\/10\/Sk\u00e4rmklipp-2016-10-14-22.06.00-1068x546.png 1068w, https:\/\/www.imakeyousmile.se\/wp-content\/uploads\/2016\/10\/Sk\u00e4rmklipp-2016-10-14-22.06.00-822x420.png 822w\" sizes=\"(max-width: 640px) 100vw, 640px\" \/><\/p>\n<p>Of course it will be nice! The new webshop is much more well-crafted and will also have beauty guides and lots of inspiration!<\/p>\n<p>What do you think? Do you long too? :) \u2665<\/p>","protected":false},"excerpt":{"rendered":"<p>Ni kanske tycker det \u00e4r tr\u00e5kigt att webshopen aldrig uppdateras rent designm\u00e4ssigt, men det \u00e4r\u00a0f\u00f6r att vi l\u00e4gger allt krut p\u00e5 att bygga den nya hemsidan\u00a0Creativemakeupcreativemakeup.se d\u00e4r salongen och webshopen kommer vara under samma tak :) Och vet ni vad, snart\u00a0\u00e4r det superkort tid kvar! Vi h\u00e5ller p\u00e5 med sista finslipet nu, vilket ocks\u00e5 \u00e4r [&hellip;]<\/p>\n","protected":false},"author":30,"featured_media":27295,"comment_status":"open","ping_status":"closed","sticky":false,"template":"","format":"standard","meta":{"footnotes":""},"categories":[3],"tags":[],"class_list":["post-27294","post","type-post","status-publish","format-standard","has-post-thumbnail","hentry","category-allmant"],"yoast_head":"<!-- This site is optimized with the Yoast SEO Premium plugin v14.9 - https:\/\/yoast.com\/wordpress\/plugins\/seo\/ -->\n<meta name=\"description\" content=\"Sneak peak p\u00e5 nya webshopen! | Helena Amiley - H\u00e4r hittar du senaste infromation om sk\u00f6nhet, livsstil, entrepren\u00f6rskap, makeup &amp; tips.\" \/>\n<meta name=\"robots\" content=\"index, follow, max-snippet:-1, max-image-preview:large, max-video-preview:-1\" \/>\n<link rel=\"canonical\" href=\"https:\/\/www.imakeyousmile.se\/en\/sneak-peak-pa-nya-webshopen\/\" \/>\n<meta property=\"og:locale\" content=\"en_US\" \/>\n<meta property=\"og:type\" content=\"article\" \/>\n<meta property=\"og:title\" content=\"Sneak peak p\u00e5 nya webshopen! | Imakeyousmile.se\" \/>\n<meta property=\"og:description\" content=\"Sneak peak p\u00e5 nya webshopen! | Helena Amiley - H\u00e4r hittar du senaste infromation om sk\u00f6nhet, livsstil, entrepren\u00f6rskap, makeup &amp; tips.\" \/>\n<meta property=\"og:url\" content=\"https:\/\/www.imakeyousmile.se\/en\/sneak-peak-pa-nya-webshopen\/\" \/>\n<meta property=\"og:site_name\" content=\"Imakeyousmile.se\" \/>\n<meta property=\"article:author\" content=\"https:\/\/www.facebook.com\/imakeyousmile.se\" \/>\n<meta property=\"article:published_time\" content=\"2016-10-14T20:32:41+00:00\" \/>\n<meta property=\"og:image\" content=\"https:\/\/www.imakeyousmile.se\/wp-content\/uploads\/2016\/10\/Sk\u00e4rmklipp-2016-10-14-22.06.00.png\" \/>\n\t<meta property=\"og:image:width\" content=\"2355\" \/>\n\t<meta property=\"og:image:height\" content=\"1203\" \/>\n<meta name=\"twitter:card\" content=\"summary_large_image\" \/>\n<script type=\"application\/ld+json\" class=\"yoast-schema-graph\">{\"@context\":\"https:\/\/schema.org\",\"@graph\":[{\"@type\":\"Organization\",\"@id\":\"https:\/\/www.imakeyousmile.se\/en\/#organization\",\"name\":\"Imakeyousmile\",\"url\":\"https:\/\/www.imakeyousmile.se\/en\/\",\"sameAs\":[],\"logo\":{\"@type\":\"ImageObject\",\"@id\":\"https:\/\/www.imakeyousmile.se\/en\/#logo\",\"inLanguage\":\"en-US\",\"url\":\"https:\/\/www.imakeyousmile.se\/wp-content\/uploads\/2020\/10\/HELENA-AMILEY_SVART-1-e1603367975324.png\",\"width\":280,\"height\":93,\"caption\":\"Imakeyousmile\"},\"image\":{\"@id\":\"https:\/\/www.imakeyousmile.se\/en\/#logo\"}},{\"@type\":\"WebSite\",\"@id\":\"https:\/\/www.imakeyousmile.se\/en\/#website\",\"url\":\"https:\/\/www.imakeyousmile.se\/en\/\",\"name\":\"Imakeyousmile.se\",\"description\":\"Helena Amiley - Beauty, Entrepreneur, Lifestyle\",\"publisher\":{\"@id\":\"https:\/\/www.imakeyousmile.se\/en\/#organization\"},\"potentialAction\":[{\"@type\":\"SearchAction\",\"target\":\"https:\/\/www.imakeyousmile.se\/en\/?s={search_term_string}\",\"query-input\":\"required name=search_term_string\"}],\"inLanguage\":\"en-US\"},{\"@type\":\"ImageObject\",\"@id\":\"https:\/\/www.imakeyousmile.se\/sneak-peak-pa-nya-webshopen\/#primaryimage\",\"inLanguage\":\"en-US\",\"url\":\"https:\/\/www.imakeyousmile.se\/wp-content\/uploads\/2016\/10\/Sk\\u00e4rmklipp-2016-10-14-22.06.00.png\",\"width\":2355,\"height\":1203},{\"@type\":\"WebPage\",\"@id\":\"https:\/\/www.imakeyousmile.se\/sneak-peak-pa-nya-webshopen\/#webpage\",\"url\":\"https:\/\/www.imakeyousmile.se\/sneak-peak-pa-nya-webshopen\/\",\"name\":\"Sneak peak p\\u00e5 nya webshopen! | Imakeyousmile.se\",\"isPartOf\":{\"@id\":\"https:\/\/www.imakeyousmile.se\/en\/#website\"},\"primaryImageOfPage\":{\"@id\":\"https:\/\/www.imakeyousmile.se\/sneak-peak-pa-nya-webshopen\/#primaryimage\"},\"datePublished\":\"2016-10-14T20:32:41+00:00\",\"dateModified\":\"2016-10-14T20:32:41+00:00\",\"description\":\"Sneak peak p\\u00e5 nya webshopen! | Helena Amiley - H\\u00e4r hittar du senaste infromation om sk\\u00f6nhet, livsstil, entrepren\\u00f6rskap, makeup & tips.\",\"inLanguage\":\"en-US\",\"potentialAction\":[{\"@type\":\"ReadAction\",\"target\":[\"https:\/\/www.imakeyousmile.se\/sneak-peak-pa-nya-webshopen\/\"]}]},{\"@type\":\"Article\",\"@id\":\"https:\/\/www.imakeyousmile.se\/sneak-peak-pa-nya-webshopen\/#article\",\"isPartOf\":{\"@id\":\"https:\/\/www.imakeyousmile.se\/sneak-peak-pa-nya-webshopen\/#webpage\"},\"author\":{\"@id\":\"https:\/\/www.imakeyousmile.se\/en\/#\/schema\/person\/b0fd43b1c6bb1c60cfd68bff9b4a10fb\"},\"headline\":\"Sneak peak p\\u00e5 nya webshopen!\",\"datePublished\":\"2016-10-14T20:32:41+00:00\",\"dateModified\":\"2016-10-14T20:32:41+00:00\",\"mainEntityOfPage\":{\"@id\":\"https:\/\/www.imakeyousmile.se\/sneak-peak-pa-nya-webshopen\/#webpage\"},\"commentCount\":0,\"publisher\":{\"@id\":\"https:\/\/www.imakeyousmile.se\/en\/#organization\"},\"image\":{\"@id\":\"https:\/\/www.imakeyousmile.se\/sneak-peak-pa-nya-webshopen\/#primaryimage\"},\"articleSection\":\"\\u00d6vrigt\",\"inLanguage\":\"en-US\",\"potentialAction\":[{\"@type\":\"CommentAction\",\"name\":\"Comment\",\"target\":[\"https:\/\/www.imakeyousmile.se\/sneak-peak-pa-nya-webshopen\/#respond\"]}]},{\"@type\":\"Person\",\"@id\":\"https:\/\/www.imakeyousmile.se\/en\/#\/schema\/person\/b0fd43b1c6bb1c60cfd68bff9b4a10fb\",\"name\":\"Helena Amiley\",\"image\":{\"@type\":\"ImageObject\",\"@id\":\"https:\/\/www.imakeyousmile.se\/en\/#personlogo\",\"inLanguage\":\"en-US\",\"url\":\"https:\/\/secure.gravatar.com\/avatar\/5645558e1e355457a23368d7e1b4c904?s=96&d=mm&r=g\",\"caption\":\"Helena Amiley\"},\"description\":\"Jag skriver mest om sk\\u00f6nhet men bjuder \\u00e4ven p\\u00e5 glimtar fr\\u00e5n entrepren\\u00f6rlivet och bygget av v\\u00e5r egen camper van. Vanlife here we come!\",\"sameAs\":[\"https:\/\/www.facebook.com\/imakeyousmile.se\",\"https:\/\/www.instagram.com\/helenaamiley\",\"https:\/\/www.youtube.com\/channel\/UCR5iB6rvpV6Yr8ZjpQfr5mg?view_as=subscriber\"]}]}<\/script>\n<!-- \/ Yoast SEO Premium plugin. -->","_links":{"self":[{"href":"https:\/\/www.imakeyousmile.se\/en\/wp-json\/wp\/v2\/posts\/27294"}],"collection":[{"href":"https:\/\/www.imakeyousmile.se\/en\/wp-json\/wp\/v2\/posts"}],"about":[{"href":"https:\/\/www.imakeyousmile.se\/en\/wp-json\/wp\/v2\/types\/post"}],"author":[{"embeddable":true,"href":"https:\/\/www.imakeyousmile.se\/en\/wp-json\/wp\/v2\/users\/30"}],"replies":[{"embeddable":true,"href":"https:\/\/www.imakeyousmile.se\/en\/wp-json\/wp\/v2\/comments?post=27294"}],"version-history":[{"count":1,"href":"https:\/\/www.imakeyousmile.se\/en\/wp-json\/wp\/v2\/posts\/27294\/revisions"}],"predecessor-version":[{"id":27296,"href":"https:\/\/www.imakeyousmile.se\/en\/wp-json\/wp\/v2\/posts\/27294\/revisions\/27296"}],"wp:featuredmedia":[{"embeddable":true,"href":"https:\/\/www.imakeyousmile.se\/en\/wp-json\/wp\/v2\/media\/27295"}],"wp:attachment":[{"href":"https:\/\/www.imakeyousmile.se\/en\/wp-json\/wp\/v2\/media?parent=27294"}],"wp:term":[{"taxonomy":"category","embeddable":true,"href":"https:\/\/www.imakeyousmile.se\/en\/wp-json\/wp\/v2\/categories?post=27294"},{"taxonomy":"post_tag","embeddable":true,"href":"https:\/\/www.imakeyousmile.se\/en\/wp-json\/wp\/v2\/tags?post=27294"}],"curies":[{"name":"wp","href":"https:\/\/api.w.org\/{rel}","templated":true}]}}