{"id":28022,"date":"2017-01-09T20:53:47","date_gmt":"2017-01-09T19:53:47","guid":{"rendered":"http:\/\/www.imakeyousmile.se\/?p=28022"},"modified":"2020-10-22T13:26:52","modified_gmt":"2020-10-22T11:26:52","slug":"festmakeup-fore-efter","status":"publish","type":"post","link":"https:\/\/www.imakeyousmile.se\/en\/party-makeup-before-after\/","title":{"rendered":"Party makeup before &amp; after"},"content":{"rendered":"<p>I often hear that you love to see before and after pictures of my make-up customers, and I think it&#039;s great fun to show them so it makes me very happy! :)<\/p>\n<p>Here is a customer I made up last week who was going to a party:<\/p>\n<p><img loading=\"lazy\" decoding=\"async\" class=\"alignnone size-large wp-image-28024\" src=\"http:\/\/www.imakeyousmile.se\/wp-content\/uploads\/2017\/01\/IMG_4347_vattenst\u00e4mpel-1024x933.jpg\" alt=\"img_4347_vattenstampel\" width=\"640\" height=\"583\" srcset=\"https:\/\/www.imakeyousmile.se\/wp-content\/uploads\/2017\/01\/IMG_4347_vattenst\u00e4mpel-1024x933.jpg 1024w, https:\/\/www.imakeyousmile.se\/wp-content\/uploads\/2017\/01\/IMG_4347_vattenst\u00e4mpel-300x273.jpg 300w, https:\/\/www.imakeyousmile.se\/wp-content\/uploads\/2017\/01\/IMG_4347_vattenst\u00e4mpel-768x699.jpg 768w, https:\/\/www.imakeyousmile.se\/wp-content\/uploads\/2017\/01\/IMG_4347_vattenst\u00e4mpel-696x634.jpg 696w, https:\/\/www.imakeyousmile.se\/wp-content\/uploads\/2017\/01\/IMG_4347_vattenst\u00e4mpel-1068x973.jpg 1068w, https:\/\/www.imakeyousmile.se\/wp-content\/uploads\/2017\/01\/IMG_4347_vattenst\u00e4mpel-461x420.jpg 461w\" sizes=\"(max-width: 640px) 100vw, 640px\" \/><\/p>\n<p>So fine!<\/p>\n<p>An even bass make-up with quite a lot of luster and contouring, shaped eyebrows and smokey eyes in brown, gold and false eyelashes.<\/p>\n<p>BASE:<\/p>\n<p><strong>Face primer<\/strong>\u00a0<strong>- <\/strong><a href=\"https:\/\/ion.lyko.com\/t\/t?a=1117786221&#038;as=1548102449&#038;t=2&#038;tk=1&#038;epi=search-replace-flawlessporeless&#038;url=https:\/\/lyko.com\/sv\/pixi\/pixi-flawless-poreless-primer\/\">Pixi Flawless &amp; Poreless <\/a>(leveling and slowing down)<br \/>\n<strong>Foundation<\/strong>\u00a0<strong>-<\/strong>\u00a0<a href=\"https:\/\/ion.lyko.com\/t\/t?a=1117786221&#038;as=1548102449&#038;t=2&#038;tk=1&#038;epi=search-replace-skintint&#038;url=https:\/\/lyko.com\/sv\/pixi\/pixi-h2o-skintint-2nude\/\">Pixi H2O Skintint (3 warm)<\/a>\u00a0(semi-opaque, water resistant)<br \/>\n<strong>Powder (chin, cheeks, nose) -\u00a0<\/strong><a href=\"https:\/\/ion.lyko.com\/t\/t?a=1117786221&#038;as=1548102449&#038;t=2&#038;tk=1&#038;epi=search-replace-rednessrelief&#038;url=https:\/\/lyko.com\/sv\/glo-skin-beauty\/glo-skin-bea-rednessrelief-powder\/\">gloMinerals Redness Relief Powder<\/a>\u00a0(removes redness)<br \/>\n<strong>Contouring -<\/strong>\u00a0<a href=\"https:\/\/ion.lyko.com\/t\/t?a=1117786221&#038;as=1548102449&#038;t=2&#038;tk=1&#038;epi=search-replace-pixipalette&#038;url=https:\/\/lyko.com\/sv\/sok?q=pixi+palette\">Pixi Book of Beauty Contour Creator<\/a><br \/>\n<strong>Rouge -<\/strong>\u00a0<a href=\"https:\/\/ion.lyko.com\/t\/t?a=1117786221&#038;as=1548102449&#038;t=2&#038;tk=1&#038;epi=search-replae-glo-blush&#038;url=https:\/\/lyko.com\/sv\/glo-skin-beauty\/glominerals-blush-sweet\/\">gloMinerals Blush (Papaya)<\/a><br \/>\n<strong>Fixing Mist -<\/strong>\u00a0<a href=\"https:\/\/ion.lyko.com\/t\/t?a=1117786221&#038;as=1548102449&#038;t=2&#038;tk=1&#038;epi=search-replace-fixingmist&#038;url=https:\/\/lyko.com\/sv\/pixi\/pixi-makeup-fixing-mist\">Pixi Makeup fixing mist<\/a><\/p>\n<p><strong>Eyebrow pencil + gel -<\/strong>\u00a0<a href=\"https:\/\/ion.lyko.com\/t\/t?a=1117786221&#038;as=1548102449&#038;t=2&#038;tk=1&#038;epi=search-replace-pixibrowduo&#038;url=https:\/\/lyko.com\/sv\/pixi\/pixi-natural-brow-duo-natural-brown\">Pixi Natural Brow Duo (Natural Brown)<\/a><br \/>\n<strong>Lipstick -<\/strong>\u00a0<a href=\"https:\/\/ion.lyko.com\/t\/t?a=1117786221&#038;as=1548102449&#038;t=2&#038;tk=1&#038;epi=search-replace-glocreamglaze&#038;url=https:\/\/lyko.com\/sv\/glo-skin-beauty\/glominerals-glo-cream-glaze-crayon-bloom\">gloMinerals Suede Matte Crayon (Trademark)<\/a><\/p>\n<p>EYES:<\/p>\n<p><strong>Eyeshadow Primer -<\/strong>\u00a0<a href=\"https:\/\/ion.lyko.com\/t\/t?a=1117786221&#038;as=1548102449&#038;t=2&#038;tk=1&#038;epi=search-replace-pixi-eyebright&#038;url=https:\/\/lyko.com\/sv\/pixi\/pixi-eye-bright-primer\/\">Pixi Eye Bright Primer<\/a><br \/>\n<strong>Gold eyeshadow -<\/strong> <a href=\"https:\/\/creativemakeup.se\/butik\/smink\/yag-eyeshadow\/\">Yag Minerals Eyeshadow (Rose Gold)<\/a><br \/>\n<strong>Black eye shadow -<\/strong>\u00a0<a href=\"https:\/\/creativemakeup.se\/butik\/smink\/paese-kashmir-mono-eyeshadow\/\">Paese Kashmir Eyeshadow (602)<br \/>\n<\/a><strong>Brown eyeshadow -<\/strong><a href=\"https:\/\/creativemakeup.se\/butik\/smink\/paese-kashmir-mono-eyeshadow\/\">\u00a0<\/a><a href=\"https:\/\/creativemakeup.se\/butik\/smink\/paese-kashmir-mono-eyeshadow\/\">Paese Kashmir Eyeshadow (604)<\/a><br \/>\n<strong>Black eyeliner -<\/strong>\u00a0<a href=\"https:\/\/ion.lyko.com\/t\/t?a=1117786221&#038;as=1548102449&#038;t=2&#038;tk=1&#038;epi=search-replace-pixiendless&#038;url=https:\/\/lyko.com\/sv\/pixi\/pixi-endless-silky-eye-pen-blackcocoa\">Pixi Endless Silky Eye Pen (Black Cocoa)<br \/>\n<\/a><strong>Brown eyeliner -<\/strong><a href=\"https:\/\/ion.lyko.com\/t\/t?a=1117786221&#038;as=1548102449&#038;t=2&#038;tk=1&#038;epi=search-replace-pixiendless&#038;url=https:\/\/lyko.com\/sv\/pixi\/pixi-endless-silky-eye-pen-blackcocoa\">\u00a0<\/a><a href=\"https:\/\/ion.lyko.com\/t\/t?a=1117786221&#038;as=1548102449&#038;t=2&#038;tk=1&#038;epi=search-replace-pixiendless&#038;url=https:\/\/lyko.com\/sv\/pixi\/pixi-endless-silky-eye-pen-blackcocoa\">Pixi Endless Silky Eye Pen (Black Noir)<\/a><br \/>\n<strong>False eyelashes &amp; black mascara -<\/strong><a href=\"https:\/\/creativemakeup.se\/butik\/smink\/santhilea-magnetic-lash\/\">\u00a0Magnetic Lash Mascara<\/a><\/p>\n<p><img loading=\"lazy\" decoding=\"async\" class=\"alignnone size-large wp-image-28023\" src=\"http:\/\/www.imakeyousmile.se\/wp-content\/uploads\/2017\/01\/IMG_4347_11h\u00f6guppl\u00f6st-1024x1013.jpg\" alt=\"img_4347_11hogupplost\" width=\"640\" height=\"633\" srcset=\"https:\/\/www.imakeyousmile.se\/wp-content\/uploads\/2017\/01\/IMG_4347_11h\u00f6guppl\u00f6st-1024x1013.jpg 1024w, https:\/\/www.imakeyousmile.se\/wp-content\/uploads\/2017\/01\/IMG_4347_11h\u00f6guppl\u00f6st-300x297.jpg 300w, https:\/\/www.imakeyousmile.se\/wp-content\/uploads\/2017\/01\/IMG_4347_11h\u00f6guppl\u00f6st-768x759.jpg 768w, https:\/\/www.imakeyousmile.se\/wp-content\/uploads\/2017\/01\/IMG_4347_11h\u00f6guppl\u00f6st-696x688.jpg 696w, https:\/\/www.imakeyousmile.se\/wp-content\/uploads\/2017\/01\/IMG_4347_11h\u00f6guppl\u00f6st-1068x1056.jpg 1068w, https:\/\/www.imakeyousmile.se\/wp-content\/uploads\/2017\/01\/IMG_4347_11h\u00f6guppl\u00f6st-425x420.jpg 425w\" sizes=\"(max-width: 640px) 100vw, 640px\" \/><\/p>\n<p>What do you think? :)<\/p>\n<p>I updated quite a bit this weekend and that&#039;s because we have started to renovate our home a little bit. Or little by little, we start with two rooms so that I get a study \/ product room and a bedroom that we enjoy. Me and Miska have moved into my mother&#039;s room and that&#039;s exactly how it feels all the time, that we sleep in my mother room, in mom&#039;s bed, which means I can not really relax in there. But with sanded and nice wooden floor, white paint on walls and closets and then our own bed, then it will probably feel much better!<\/p>\n<p>Follow me on insta story (@ imakeyousmile.se) to see film clips from our renovation. This weekend I showed how we tore off blue wallpaper and right now we are sanding floors :)<\/p>\n<p>Hugs are! \u2665<\/p>\n<p><img loading=\"lazy\" decoding=\"async\" class=\"alignnone size-large wp-image-27929\" src=\"http:\/\/www.imakeyousmile.se\/wp-content\/uploads\/2016\/12\/Sidfot-Namnloggo-1-1024x115.png\" alt=\"footer name logo\" width=\"640\" height=\"72\" \/><\/p>","protected":false},"excerpt":{"rendered":"<p>Jag f\u00e5r ofta h\u00f6ra att ni \u00e4lskar att se f\u00f6re- och efterbilder p\u00e5 mina sminkkunder, och jag tycker att det \u00e4r j\u00e4ttekul att visa dom s\u00e5 det g\u00f6r mig j\u00e4tteglad! :) H\u00e4r \u00e4r en kund jag sminkade f\u00f6rra veckan som skulle p\u00e5 fest: S\u00e5 fin! En\u00a0j\u00e4mn bassminkning med ganska mycket lyster och contouring, formade \u00f6gonbryn [&hellip;]<\/p>\n","protected":false},"author":30,"featured_media":28024,"comment_status":"open","ping_status":"closed","sticky":false,"template":"","format":"standard","meta":{"footnotes":""},"categories":[7003,59,2956,3919],"tags":[5451,2372,5416,3934,3936,3192,3935,4585],"class_list":["post-28022","post","type-post","status-publish","format-standard","has-post-thumbnail","hentry","category-fore-efter-kunder","category-recensioner-produkttips","category-sminkjobb","category-sminktips","tag-brudmakeup-uppsala","tag-brudsminkning-uppsala","tag-festmakeup-uppsala","tag-makeup-uppsala","tag-makeupartist-uppsala","tag-smink-fore-efter","tag-smink-uppsala","tag-sminkning-uppsala"],"yoast_head":"<!-- This site is optimized with the Yoast SEO Premium plugin v14.9 - https:\/\/yoast.com\/wordpress\/plugins\/seo\/ -->\n<meta name=\"description\" content=\"Festmakeup f\u00f6re &amp; efter | Helena Amiley - H\u00e4r hittar du senaste infromation om sk\u00f6nhet, livsstil, entrepren\u00f6rskap, makeup &amp; tips.\" \/>\n<meta name=\"robots\" content=\"index, follow, max-snippet:-1, max-image-preview:large, max-video-preview:-1\" \/>\n<link rel=\"canonical\" href=\"https:\/\/www.imakeyousmile.se\/en\/festmakeup-fore-efter\/\" \/>\n<meta property=\"og:locale\" content=\"en_US\" \/>\n<meta property=\"og:type\" content=\"article\" \/>\n<meta property=\"og:title\" content=\"Festmakeup f\u00f6re &amp; efter | Imakeyousmile.se\" \/>\n<meta property=\"og:description\" content=\"Festmakeup f\u00f6re &amp; efter | Helena Amiley - H\u00e4r hittar du senaste infromation om sk\u00f6nhet, livsstil, entrepren\u00f6rskap, makeup &amp; tips.\" \/>\n<meta property=\"og:url\" content=\"https:\/\/www.imakeyousmile.se\/en\/festmakeup-fore-efter\/\" \/>\n<meta property=\"og:site_name\" content=\"Imakeyousmile.se\" \/>\n<meta property=\"article:author\" content=\"https:\/\/www.facebook.com\/imakeyousmile.se\" \/>\n<meta property=\"article:published_time\" content=\"2017-01-09T19:53:47+00:00\" \/>\n<meta property=\"article:modified_time\" content=\"2020-10-22T11:26:52+00:00\" \/>\n<meta property=\"og:image\" content=\"https:\/\/www.imakeyousmile.se\/wp-content\/uploads\/2017\/01\/IMG_4347_vattenst\u00e4mpel.jpg\" \/>\n\t<meta property=\"og:image:width\" content=\"2500\" \/>\n\t<meta property=\"og:image:height\" content=\"2277\" \/>\n<meta name=\"twitter:card\" content=\"summary_large_image\" \/>\n<script type=\"application\/ld+json\" class=\"yoast-schema-graph\">{\"@context\":\"https:\/\/schema.org\",\"@graph\":[{\"@type\":\"Organization\",\"@id\":\"https:\/\/www.imakeyousmile.se\/en\/#organization\",\"name\":\"Imakeyousmile\",\"url\":\"https:\/\/www.imakeyousmile.se\/en\/\",\"sameAs\":[],\"logo\":{\"@type\":\"ImageObject\",\"@id\":\"https:\/\/www.imakeyousmile.se\/en\/#logo\",\"inLanguage\":\"en-US\",\"url\":\"https:\/\/www.imakeyousmile.se\/wp-content\/uploads\/2020\/10\/HELENA-AMILEY_SVART-1-e1603367975324.png\",\"width\":280,\"height\":93,\"caption\":\"Imakeyousmile\"},\"image\":{\"@id\":\"https:\/\/www.imakeyousmile.se\/en\/#logo\"}},{\"@type\":\"WebSite\",\"@id\":\"https:\/\/www.imakeyousmile.se\/en\/#website\",\"url\":\"https:\/\/www.imakeyousmile.se\/en\/\",\"name\":\"Imakeyousmile.se\",\"description\":\"Helena Amiley - Beauty, Entrepreneur, Lifestyle\",\"publisher\":{\"@id\":\"https:\/\/www.imakeyousmile.se\/en\/#organization\"},\"potentialAction\":[{\"@type\":\"SearchAction\",\"target\":\"https:\/\/www.imakeyousmile.se\/en\/?s={search_term_string}\",\"query-input\":\"required name=search_term_string\"}],\"inLanguage\":\"en-US\"},{\"@type\":\"ImageObject\",\"@id\":\"https:\/\/www.imakeyousmile.se\/festmakeup-fore-efter\/#primaryimage\",\"inLanguage\":\"en-US\",\"url\":\"https:\/\/www.imakeyousmile.se\/wp-content\/uploads\/2017\/01\/IMG_4347_vattenst\\u00e4mpel.jpg\",\"width\":2500,\"height\":2277},{\"@type\":\"WebPage\",\"@id\":\"https:\/\/www.imakeyousmile.se\/festmakeup-fore-efter\/#webpage\",\"url\":\"https:\/\/www.imakeyousmile.se\/festmakeup-fore-efter\/\",\"name\":\"Festmakeup f\\u00f6re & efter | Imakeyousmile.se\",\"isPartOf\":{\"@id\":\"https:\/\/www.imakeyousmile.se\/en\/#website\"},\"primaryImageOfPage\":{\"@id\":\"https:\/\/www.imakeyousmile.se\/festmakeup-fore-efter\/#primaryimage\"},\"datePublished\":\"2017-01-09T19:53:47+00:00\",\"dateModified\":\"2020-10-22T11:26:52+00:00\",\"description\":\"Festmakeup f\\u00f6re & efter | Helena Amiley - H\\u00e4r hittar du senaste infromation om sk\\u00f6nhet, livsstil, entrepren\\u00f6rskap, makeup & tips.\",\"inLanguage\":\"en-US\",\"potentialAction\":[{\"@type\":\"ReadAction\",\"target\":[\"https:\/\/www.imakeyousmile.se\/festmakeup-fore-efter\/\"]}]},{\"@type\":\"Article\",\"@id\":\"https:\/\/www.imakeyousmile.se\/festmakeup-fore-efter\/#article\",\"isPartOf\":{\"@id\":\"https:\/\/www.imakeyousmile.se\/festmakeup-fore-efter\/#webpage\"},\"author\":{\"@id\":\"https:\/\/www.imakeyousmile.se\/en\/#\/schema\/person\/b0fd43b1c6bb1c60cfd68bff9b4a10fb\"},\"headline\":\"Festmakeup f\\u00f6re &#038; efter\",\"datePublished\":\"2017-01-09T19:53:47+00:00\",\"dateModified\":\"2020-10-22T11:26:52+00:00\",\"mainEntityOfPage\":{\"@id\":\"https:\/\/www.imakeyousmile.se\/festmakeup-fore-efter\/#webpage\"},\"commentCount\":4,\"publisher\":{\"@id\":\"https:\/\/www.imakeyousmile.se\/en\/#organization\"},\"image\":{\"@id\":\"https:\/\/www.imakeyousmile.se\/festmakeup-fore-efter\/#primaryimage\"},\"keywords\":\"brudmakeup uppsala,brudsminkning uppsala,festmakeup uppsala,makeup uppsala,makeupartist uppsala,smink f\\u00f6re efter,smink uppsala,sminkning uppsala\",\"articleSection\":\"F\\u00f6re &amp; efter (kundjobb),Recensioner &amp; Produkttips,Sminkjobb,Sminktips\",\"inLanguage\":\"en-US\",\"potentialAction\":[{\"@type\":\"CommentAction\",\"name\":\"Comment\",\"target\":[\"https:\/\/www.imakeyousmile.se\/festmakeup-fore-efter\/#respond\"]}]},{\"@type\":\"Person\",\"@id\":\"https:\/\/www.imakeyousmile.se\/en\/#\/schema\/person\/b0fd43b1c6bb1c60cfd68bff9b4a10fb\",\"name\":\"Helena Amiley\",\"image\":{\"@type\":\"ImageObject\",\"@id\":\"https:\/\/www.imakeyousmile.se\/en\/#personlogo\",\"inLanguage\":\"en-US\",\"url\":\"https:\/\/secure.gravatar.com\/avatar\/5645558e1e355457a23368d7e1b4c904?s=96&d=mm&r=g\",\"caption\":\"Helena Amiley\"},\"description\":\"Jag skriver mest om sk\\u00f6nhet men bjuder \\u00e4ven p\\u00e5 glimtar fr\\u00e5n entrepren\\u00f6rlivet och bygget av v\\u00e5r egen camper van. Vanlife here we come!\",\"sameAs\":[\"https:\/\/www.facebook.com\/imakeyousmile.se\",\"https:\/\/www.instagram.com\/helenaamiley\",\"https:\/\/www.youtube.com\/channel\/UCR5iB6rvpV6Yr8ZjpQfr5mg?view_as=subscriber\"]}]}<\/script>\n<!-- \/ Yoast SEO Premium plugin. -->","_links":{"self":[{"href":"https:\/\/www.imakeyousmile.se\/en\/wp-json\/wp\/v2\/posts\/28022"}],"collection":[{"href":"https:\/\/www.imakeyousmile.se\/en\/wp-json\/wp\/v2\/posts"}],"about":[{"href":"https:\/\/www.imakeyousmile.se\/en\/wp-json\/wp\/v2\/types\/post"}],"author":[{"embeddable":true,"href":"https:\/\/www.imakeyousmile.se\/en\/wp-json\/wp\/v2\/users\/30"}],"replies":[{"embeddable":true,"href":"https:\/\/www.imakeyousmile.se\/en\/wp-json\/wp\/v2\/comments?post=28022"}],"version-history":[{"count":2,"href":"https:\/\/www.imakeyousmile.se\/en\/wp-json\/wp\/v2\/posts\/28022\/revisions"}],"predecessor-version":[{"id":28026,"href":"https:\/\/www.imakeyousmile.se\/en\/wp-json\/wp\/v2\/posts\/28022\/revisions\/28026"}],"wp:featuredmedia":[{"embeddable":true,"href":"https:\/\/www.imakeyousmile.se\/en\/wp-json\/wp\/v2\/media\/28024"}],"wp:attachment":[{"href":"https:\/\/www.imakeyousmile.se\/en\/wp-json\/wp\/v2\/media?parent=28022"}],"wp:term":[{"taxonomy":"category","embeddable":true,"href":"https:\/\/www.imakeyousmile.se\/en\/wp-json\/wp\/v2\/categories?post=28022"},{"taxonomy":"post_tag","embeddable":true,"href":"https:\/\/www.imakeyousmile.se\/en\/wp-json\/wp\/v2\/tags?post=28022"}],"curies":[{"name":"wp","href":"https:\/\/api.w.org\/{rel}","templated":true}]}}