{"id":28371,"date":"2017-03-03T12:00:06","date_gmt":"2017-03-03T11:00:06","guid":{"rendered":"http:\/\/www.imakeyousmile.se\/?p=28371"},"modified":"2020-11-29T20:24:54","modified_gmt":"2020-11-29T19:24:54","slug":"ny-frisyr-blonde-lob","status":"publish","type":"post","link":"https:\/\/www.imakeyousmile.se\/en\/new-hairstyle-blonde-lob\/","title":{"rendered":"New haircut! - Blonde lob"},"content":{"rendered":"<p>What do you think of my new hair? :)<\/p>\n<p><img loading=\"lazy\" decoding=\"async\" class=\"alignnone size-large wp-image-28374\" src=\"http:\/\/www.imakeyousmile.se\/wp-content\/uploads\/2017\/03\/IMG_7898_111-1024x861.jpg\" alt=\"IMG_7898_111\" width=\"640\" height=\"538\" srcset=\"https:\/\/www.imakeyousmile.se\/wp-content\/uploads\/2017\/03\/IMG_7898_111-1024x861.jpg 1024w, https:\/\/www.imakeyousmile.se\/wp-content\/uploads\/2017\/03\/IMG_7898_111-300x252.jpg 300w, https:\/\/www.imakeyousmile.se\/wp-content\/uploads\/2017\/03\/IMG_7898_111-768x646.jpg 768w, https:\/\/www.imakeyousmile.se\/wp-content\/uploads\/2017\/03\/IMG_7898_111-696x585.jpg 696w, https:\/\/www.imakeyousmile.se\/wp-content\/uploads\/2017\/03\/IMG_7898_111-1068x898.jpg 1068w, https:\/\/www.imakeyousmile.se\/wp-content\/uploads\/2017\/03\/IMG_7898_111-500x420.jpg 500w\" sizes=\"(max-width: 640px) 100vw, 640px\" \/><\/p>\n<p>I LOVE it myself! :) Feeling like myself now when I start going in the brighter direction again, it was a long time ago now. But think that this brightness is just right, probably never want to be as completely bleached as I was before.<\/p>\n<p>As usual, I have fixed my hair at best <a href=\"http:\/\/monicawerner.se\">Monica Werner<\/a> in Uppsala! She is very fully booked but managed to get a cancellation period, so nice! :)<\/p>\n<p>We cut it in the trendy lob length that is so enormously beautiful! And then she bleached balayage with olaplex. Monica has attended balayage training and is really good at that type of dyeing!<\/p>\n<p><img loading=\"lazy\" decoding=\"async\" class=\"alignnone size-large wp-image-28373\" src=\"http:\/\/www.imakeyousmile.se\/wp-content\/uploads\/2017\/03\/IMG_7706_111-1024x922.jpg\" alt=\"IMG_7706_111\" width=\"640\" height=\"576\" srcset=\"https:\/\/www.imakeyousmile.se\/wp-content\/uploads\/2017\/03\/IMG_7706_111-1024x922.jpg 1024w, https:\/\/www.imakeyousmile.se\/wp-content\/uploads\/2017\/03\/IMG_7706_111-300x270.jpg 300w, https:\/\/www.imakeyousmile.se\/wp-content\/uploads\/2017\/03\/IMG_7706_111-768x692.jpg 768w, https:\/\/www.imakeyousmile.se\/wp-content\/uploads\/2017\/03\/IMG_7706_111-696x627.jpg 696w, https:\/\/www.imakeyousmile.se\/wp-content\/uploads\/2017\/03\/IMG_7706_111-1068x962.jpg 1068w, https:\/\/www.imakeyousmile.se\/wp-content\/uploads\/2017\/03\/IMG_7706_111-466x420.jpg 466w\" sizes=\"(max-width: 640px) 100vw, 640px\" \/><\/p>\n<p>Here you see from behind :) There is still some from my red and pink periods so some loops are a bit ros\u00e9 but I think it&#039;s just nice!<\/p>\n<p><img loading=\"lazy\" decoding=\"async\" class=\"alignnone size-large wp-image-28372\" src=\"http:\/\/www.imakeyousmile.se\/wp-content\/uploads\/2017\/03\/IMG_7649_111-1024x865.jpg\" alt=\"IMG_7649_111\" width=\"640\" height=\"541\" srcset=\"https:\/\/www.imakeyousmile.se\/wp-content\/uploads\/2017\/03\/IMG_7649_111-1024x865.jpg 1024w, https:\/\/www.imakeyousmile.se\/wp-content\/uploads\/2017\/03\/IMG_7649_111-300x253.jpg 300w, https:\/\/www.imakeyousmile.se\/wp-content\/uploads\/2017\/03\/IMG_7649_111-768x649.jpg 768w, https:\/\/www.imakeyousmile.se\/wp-content\/uploads\/2017\/03\/IMG_7649_111-696x588.jpg 696w, https:\/\/www.imakeyousmile.se\/wp-content\/uploads\/2017\/03\/IMG_7649_111-1068x902.jpg 1068w, https:\/\/www.imakeyousmile.se\/wp-content\/uploads\/2017\/03\/IMG_7649_111-497x420.jpg 497w\" sizes=\"(max-width: 640px) 100vw, 640px\" \/><\/p>\n<p>As you can see, we cut off a good chunk in the long run! Feels incredibly fresh.<\/p>\n<p>I have not dyed my hair in six months so the lengths had gone crazy too much warmer than I want it to, and so it has grown so much that what was light around the face the previous dyeing starts under the face.<\/p>\n<p>But this hairstyle feels very &quot;natural&quot; on me, my sister (who is interested in beauty should be added) did not even see any difference when I came home and asked &quot;do you see anything new on me today?&quot; Lol. But it&#039;s a good response anyway, I think, when people&#039;s reaction is not &quot;oh!&quot; when they see one :)<\/p>\n<p>What do you think? Long or short? Light or dark? Or colorful? :) \u2665<\/p>","protected":false},"excerpt":{"rendered":"<p>Vad tycker ni om mitt nya h\u00e5r? :) Jag sj\u00e4lv \u00c4LSKAR det! :) K\u00e4nner mig som mig sj\u00e4lv nu n\u00e4r jag b\u00f6rjar g\u00e5 \u00e5t det ljusare h\u00e5llet igen, det var l\u00e4nge sen nu. Men tycker att den h\u00e4r ljusheten \u00e4r helt lagom, vill\u00a0nog aldrig bli s\u00e5 helblekt som jag var f\u00f6rut. Som vanligt har jag [&hellip;]<\/p>\n","protected":false},"author":30,"featured_media":28374,"comment_status":"open","ping_status":"closed","sticky":false,"template":"","format":"standard","meta":{"footnotes":""},"categories":[2862],"tags":[5201,5550,1255,2797,5549],"class_list":["post-28371","post","type-post","status-publish","format-standard","has-post-thumbnail","hentry","category-har","tag-balayage-uppsala","tag-farga-haret-uppsala","tag-frisor-uppsala","tag-monica-werner","tag-olaplex-uppsala"],"yoast_head":"<!-- This site is optimized with the Yoast SEO Premium plugin v14.9 - https:\/\/yoast.com\/wordpress\/plugins\/seo\/ -->\n<meta name=\"description\" content=\"Ny frisyr! - Blonde lob | Helena Amiley - H\u00e4r hittar du senaste infromation om sk\u00f6nhet, livsstil, entrepren\u00f6rskap, makeup &amp; tips.\" \/>\n<meta name=\"robots\" content=\"index, follow, max-snippet:-1, max-image-preview:large, max-video-preview:-1\" \/>\n<link rel=\"canonical\" href=\"https:\/\/www.imakeyousmile.se\/en\/ny-frisyr-blonde-lob\/\" \/>\n<meta property=\"og:locale\" content=\"en_US\" \/>\n<meta property=\"og:type\" content=\"article\" \/>\n<meta property=\"og:title\" content=\"Ny frisyr! - Blonde lob | Imakeyousmile.se\" \/>\n<meta property=\"og:description\" content=\"Ny frisyr! - Blonde lob | Helena Amiley - H\u00e4r hittar du senaste infromation om sk\u00f6nhet, livsstil, entrepren\u00f6rskap, makeup &amp; tips.\" \/>\n<meta property=\"og:url\" content=\"https:\/\/www.imakeyousmile.se\/en\/ny-frisyr-blonde-lob\/\" \/>\n<meta property=\"og:site_name\" content=\"Imakeyousmile.se\" \/>\n<meta property=\"article:author\" content=\"https:\/\/www.facebook.com\/imakeyousmile.se\" \/>\n<meta property=\"article:published_time\" content=\"2017-03-03T11:00:06+00:00\" \/>\n<meta property=\"article:modified_time\" content=\"2020-11-29T19:24:54+00:00\" \/>\n<meta property=\"og:image\" content=\"https:\/\/www.imakeyousmile.se\/wp-content\/uploads\/2017\/03\/IMG_7898_111.jpg\" \/>\n\t<meta property=\"og:image:width\" content=\"2500\" \/>\n\t<meta property=\"og:image:height\" content=\"2102\" \/>\n<meta name=\"twitter:card\" content=\"summary_large_image\" \/>\n<script type=\"application\/ld+json\" class=\"yoast-schema-graph\">{\"@context\":\"https:\/\/schema.org\",\"@graph\":[{\"@type\":\"Organization\",\"@id\":\"https:\/\/www.imakeyousmile.se\/en\/#organization\",\"name\":\"Imakeyousmile\",\"url\":\"https:\/\/www.imakeyousmile.se\/en\/\",\"sameAs\":[],\"logo\":{\"@type\":\"ImageObject\",\"@id\":\"https:\/\/www.imakeyousmile.se\/en\/#logo\",\"inLanguage\":\"en-US\",\"url\":\"https:\/\/www.imakeyousmile.se\/wp-content\/uploads\/2020\/10\/HELENA-AMILEY_SVART-1-e1603367975324.png\",\"width\":280,\"height\":93,\"caption\":\"Imakeyousmile\"},\"image\":{\"@id\":\"https:\/\/www.imakeyousmile.se\/en\/#logo\"}},{\"@type\":\"WebSite\",\"@id\":\"https:\/\/www.imakeyousmile.se\/en\/#website\",\"url\":\"https:\/\/www.imakeyousmile.se\/en\/\",\"name\":\"Imakeyousmile.se\",\"description\":\"Helena Amiley - Beauty, Entrepreneur, Lifestyle\",\"publisher\":{\"@id\":\"https:\/\/www.imakeyousmile.se\/en\/#organization\"},\"potentialAction\":[{\"@type\":\"SearchAction\",\"target\":\"https:\/\/www.imakeyousmile.se\/en\/?s={search_term_string}\",\"query-input\":\"required name=search_term_string\"}],\"inLanguage\":\"en-US\"},{\"@type\":\"ImageObject\",\"@id\":\"https:\/\/www.imakeyousmile.se\/ny-frisyr-blonde-lob\/#primaryimage\",\"inLanguage\":\"en-US\",\"url\":\"https:\/\/www.imakeyousmile.se\/wp-content\/uploads\/2017\/03\/IMG_7898_111.jpg\",\"width\":2500,\"height\":2102},{\"@type\":\"WebPage\",\"@id\":\"https:\/\/www.imakeyousmile.se\/ny-frisyr-blonde-lob\/#webpage\",\"url\":\"https:\/\/www.imakeyousmile.se\/ny-frisyr-blonde-lob\/\",\"name\":\"Ny frisyr! - Blonde lob | Imakeyousmile.se\",\"isPartOf\":{\"@id\":\"https:\/\/www.imakeyousmile.se\/en\/#website\"},\"primaryImageOfPage\":{\"@id\":\"https:\/\/www.imakeyousmile.se\/ny-frisyr-blonde-lob\/#primaryimage\"},\"datePublished\":\"2017-03-03T11:00:06+00:00\",\"dateModified\":\"2020-11-29T19:24:54+00:00\",\"description\":\"Ny frisyr! - Blonde lob | Helena Amiley - H\\u00e4r hittar du senaste infromation om sk\\u00f6nhet, livsstil, entrepren\\u00f6rskap, makeup & tips.\",\"inLanguage\":\"en-US\",\"potentialAction\":[{\"@type\":\"ReadAction\",\"target\":[\"https:\/\/www.imakeyousmile.se\/ny-frisyr-blonde-lob\/\"]}]},{\"@type\":\"Article\",\"@id\":\"https:\/\/www.imakeyousmile.se\/ny-frisyr-blonde-lob\/#article\",\"isPartOf\":{\"@id\":\"https:\/\/www.imakeyousmile.se\/ny-frisyr-blonde-lob\/#webpage\"},\"author\":{\"@id\":\"https:\/\/www.imakeyousmile.se\/en\/#\/schema\/person\/b0fd43b1c6bb1c60cfd68bff9b4a10fb\"},\"headline\":\"Ny frisyr! &#8211; Blonde lob\",\"datePublished\":\"2017-03-03T11:00:06+00:00\",\"dateModified\":\"2020-11-29T19:24:54+00:00\",\"mainEntityOfPage\":{\"@id\":\"https:\/\/www.imakeyousmile.se\/ny-frisyr-blonde-lob\/#webpage\"},\"commentCount\":6,\"publisher\":{\"@id\":\"https:\/\/www.imakeyousmile.se\/en\/#organization\"},\"image\":{\"@id\":\"https:\/\/www.imakeyousmile.se\/ny-frisyr-blonde-lob\/#primaryimage\"},\"keywords\":\"balayage uppsala,f\\u00e4rga h\\u00e5ret uppsala,fris\\u00f6r uppsala,monica werner,olaplex uppsala\",\"articleSection\":\"H\\u00e5r\",\"inLanguage\":\"en-US\",\"potentialAction\":[{\"@type\":\"CommentAction\",\"name\":\"Comment\",\"target\":[\"https:\/\/www.imakeyousmile.se\/ny-frisyr-blonde-lob\/#respond\"]}]},{\"@type\":\"Person\",\"@id\":\"https:\/\/www.imakeyousmile.se\/en\/#\/schema\/person\/b0fd43b1c6bb1c60cfd68bff9b4a10fb\",\"name\":\"Helena Amiley\",\"image\":{\"@type\":\"ImageObject\",\"@id\":\"https:\/\/www.imakeyousmile.se\/en\/#personlogo\",\"inLanguage\":\"en-US\",\"url\":\"https:\/\/secure.gravatar.com\/avatar\/5645558e1e355457a23368d7e1b4c904?s=96&d=mm&r=g\",\"caption\":\"Helena Amiley\"},\"description\":\"Jag skriver mest om sk\\u00f6nhet men bjuder \\u00e4ven p\\u00e5 glimtar fr\\u00e5n entrepren\\u00f6rlivet och bygget av v\\u00e5r egen camper van. Vanlife here we come!\",\"sameAs\":[\"https:\/\/www.facebook.com\/imakeyousmile.se\",\"https:\/\/www.instagram.com\/helenaamiley\",\"https:\/\/www.youtube.com\/channel\/UCR5iB6rvpV6Yr8ZjpQfr5mg?view_as=subscriber\"]}]}<\/script>\n<!-- \/ Yoast SEO Premium plugin. -->","_links":{"self":[{"href":"https:\/\/www.imakeyousmile.se\/en\/wp-json\/wp\/v2\/posts\/28371"}],"collection":[{"href":"https:\/\/www.imakeyousmile.se\/en\/wp-json\/wp\/v2\/posts"}],"about":[{"href":"https:\/\/www.imakeyousmile.se\/en\/wp-json\/wp\/v2\/types\/post"}],"author":[{"embeddable":true,"href":"https:\/\/www.imakeyousmile.se\/en\/wp-json\/wp\/v2\/users\/30"}],"replies":[{"embeddable":true,"href":"https:\/\/www.imakeyousmile.se\/en\/wp-json\/wp\/v2\/comments?post=28371"}],"version-history":[{"count":5,"href":"https:\/\/www.imakeyousmile.se\/en\/wp-json\/wp\/v2\/posts\/28371\/revisions"}],"predecessor-version":[{"id":38939,"href":"https:\/\/www.imakeyousmile.se\/en\/wp-json\/wp\/v2\/posts\/28371\/revisions\/38939"}],"wp:featuredmedia":[{"embeddable":true,"href":"https:\/\/www.imakeyousmile.se\/en\/wp-json\/wp\/v2\/media\/28374"}],"wp:attachment":[{"href":"https:\/\/www.imakeyousmile.se\/en\/wp-json\/wp\/v2\/media?parent=28371"}],"wp:term":[{"taxonomy":"category","embeddable":true,"href":"https:\/\/www.imakeyousmile.se\/en\/wp-json\/wp\/v2\/categories?post=28371"},{"taxonomy":"post_tag","embeddable":true,"href":"https:\/\/www.imakeyousmile.se\/en\/wp-json\/wp\/v2\/tags?post=28371"}],"curies":[{"name":"wp","href":"https:\/\/api.w.org\/{rel}","templated":true}]}}