{"id":28672,"date":"2017-04-12T12:38:21","date_gmt":"2017-04-12T10:38:21","guid":{"rendered":"http:\/\/www.imakeyousmile.se\/?p=28672"},"modified":"2021-09-27T16:44:36","modified_gmt":"2021-09-27T14:44:36","slug":"pastell-eyeliner-i-var","status":"publish","type":"post","link":"https:\/\/www.imakeyousmile.se\/en\/pastel-eyeliner-in-var\/","title":{"rendered":"Pastel eyeliner this spring"},"content":{"rendered":"<p>Now it&#039;s really spring! The flowers are blooming and we have had to bring out our AC at the salon (such large windows, become a sauna) and I have a lot of inspiration for more colorful make-up :)<\/p>\n<p>Do you feel the same way? Do you use a lot of paint?<\/p>\n<p>Today&#039;s make-up is a colorful eyeliner which is a perfect everyday make-up when you want to be colorful but still have a quick and a little more discreet make-up.<\/p>\n<p><img loading=\"lazy\" decoding=\"async\" class=\"alignnone size-full wp-image-28702\" src=\"http:\/\/www.imakeyousmile.se\/wp-content\/uploads\/2017\/04\/IMG_1185_111.jpg\" alt=\"\" width=\"2500\" height=\"2699\" srcset=\"https:\/\/www.imakeyousmile.se\/wp-content\/uploads\/2017\/04\/IMG_1185_111.jpg 2371w, https:\/\/www.imakeyousmile.se\/wp-content\/uploads\/2017\/04\/IMG_1185_111-278x300.jpg 278w, https:\/\/www.imakeyousmile.se\/wp-content\/uploads\/2017\/04\/IMG_1185_111-768x829.jpg 768w, https:\/\/www.imakeyousmile.se\/wp-content\/uploads\/2017\/04\/IMG_1185_111-948x1024.jpg 948w, https:\/\/www.imakeyousmile.se\/wp-content\/uploads\/2017\/04\/IMG_1185_111-696x751.jpg 696w, https:\/\/www.imakeyousmile.se\/wp-content\/uploads\/2017\/04\/IMG_1185_111-1068x1153.jpg 1068w, https:\/\/www.imakeyousmile.se\/wp-content\/uploads\/2017\/04\/IMG_1185_111-389x420.jpg 389w\" sizes=\"(max-width: 2500px) 100vw, 2500px\" \/><\/p>\n<p><strong>Bassmink:<\/strong><br \/>\nFace primer -\u00a0<a href=\"https:\/\/creativemakeup.se\/butik\/smink\/paese-makeup-base\/\" target=\"_blank\" rel=\"noopener\">Paese Makeup Base Matte<br \/>\n<\/a>Concealer -\u00a0<a href=\"https:\/\/ion.lyko.com\/t\/t?a=1117786221&amp;as=1548102449&amp;t=2&amp;tk=1&amp;epi=search-replace-glo-undereye&amp;url=https:\/\/lyko.com\/sv\/glo-skin-beauty\/glominerals-under-eye-concealer-beige\/\" target=\"_blank\" rel=\"noopener\">gloMinerals Under Eye Concealer<\/a>\u00a0(beige)<br \/>\nFoundation - <a href=\"https:\/\/click.adrecord.com?c=5979&amp;p=1041&amp;url=https%3A\/\/kissedbyeco.se\/brand\/yag\/\" target=\"_blank\" rel=\"noopener\">Yag mineral foundation<\/a> (Soft Latte)<br \/>\nContouring -<a href=\"http:\/\/creativemakeup.se\/produkt\/paese-bronzing-powder\/\" target=\"_blank\" rel=\"noopener\">\u00a0Paese Bronzing powder\u00a0<\/a>(1m)<br \/>\nRouge -\u00a0<a href=\"https:\/\/ion.lyko.com\/t\/t?a=1117786221&amp;as=1548102449&amp;t=2&amp;tk=1&amp;epi=search-replace-globlush&amp;url=https:\/\/lyko.com\/sv\/glo-skin-beauty\/glominerals-blush-sweet\" target=\"_blank\" rel=\"noopener\">gloMinerals Powder blush<\/a>\u00a0(papaya)<\/p>\n<p><strong>Fountain pens -\u00a0<\/strong><a href=\"https:\/\/ion.lyko.com\/t\/t?a=1117786221&amp;as=1548102449&amp;t=2&amp;tk=1&amp;epi=search-replace-globrowliner&amp;url=https:\/\/lyko.com\/sv\/glo-skin-beauty\/glo-skin-bea-precisemicro-browliner-aubu\/\">gloMinerals Micro Brow Liner\u00a0<\/a>(Dark Brown)<br \/>\n<strong>Brown fibers<\/strong>\u00a0-\u00a0<a href=\"https:\/\/ion.lyko.com\/t\/t?a=1117786221&amp;as=1548102449&amp;t=2&amp;tk=1&amp;epi=search-replace-maybellinebrow&amp;url=https:\/\/lyko.com\/sv\/maybelline-new-york\/maybelline-master-shape-brow-pencil-dark-blond\">Maybelline Brow Precise Fiber Filler (Soft brown)\u00a0<\/a>(adlink)<\/p>\n<p>Lip balm with color -<a href=\"https:\/\/ion.lyko.com\/t\/t?a=1117786221&amp;as=1548102449&amp;t=2&amp;tk=1&amp;epi=search-replace-pixibalm&amp;url=https:\/\/lyko.com\/sv\/pixi\/pixi-shea-butter-lipbalm-honey-nectar\" target=\"_blank\" rel=\"noopener\"> Pixi shea butter lip balm<\/a> (Ripe raspberry)<\/p>\n<p><img loading=\"lazy\" decoding=\"async\" class=\"alignnone size-full wp-image-28704\" src=\"http:\/\/www.imakeyousmile.se\/wp-content\/uploads\/2017\/04\/colorfuleyeliner.jpg\" alt=\"\" width=\"2500\" height=\"1833\" srcset=\"https:\/\/www.imakeyousmile.se\/wp-content\/uploads\/2017\/04\/colorfuleyeliner.jpg 2500w, https:\/\/www.imakeyousmile.se\/wp-content\/uploads\/2017\/04\/colorfuleyeliner-300x220.jpg 300w, https:\/\/www.imakeyousmile.se\/wp-content\/uploads\/2017\/04\/colorfuleyeliner-768x563.jpg 768w, https:\/\/www.imakeyousmile.se\/wp-content\/uploads\/2017\/04\/colorfuleyeliner-1024x751.jpg 1024w, https:\/\/www.imakeyousmile.se\/wp-content\/uploads\/2017\/04\/colorfuleyeliner-80x60.jpg 80w, https:\/\/www.imakeyousmile.se\/wp-content\/uploads\/2017\/04\/colorfuleyeliner-696x510.jpg 696w, https:\/\/www.imakeyousmile.se\/wp-content\/uploads\/2017\/04\/colorfuleyeliner-1068x783.jpg 1068w, https:\/\/www.imakeyousmile.se\/wp-content\/uploads\/2017\/04\/colorfuleyeliner-573x420.jpg 573w\" sizes=\"(max-width: 2500px) 100vw, 2500px\" \/><\/p>\n<p>Fint va? :)<\/p>\n<p><img loading=\"lazy\" decoding=\"async\" class=\"alignnone size-full wp-image-28705\" src=\"http:\/\/www.imakeyousmile.se\/wp-content\/uploads\/2017\/04\/colorfuleyelinertutorial_111.jpg\" alt=\"\" width=\"2500\" height=\"2492\" srcset=\"https:\/\/www.imakeyousmile.se\/wp-content\/uploads\/2017\/04\/colorfuleyelinertutorial_111.jpg 2500w, https:\/\/www.imakeyousmile.se\/wp-content\/uploads\/2017\/04\/colorfuleyelinertutorial_111-150x150.jpg 150w, https:\/\/www.imakeyousmile.se\/wp-content\/uploads\/2017\/04\/colorfuleyelinertutorial_111-300x300.jpg 300w, https:\/\/www.imakeyousmile.se\/wp-content\/uploads\/2017\/04\/colorfuleyelinertutorial_111-768x766.jpg 768w, https:\/\/www.imakeyousmile.se\/wp-content\/uploads\/2017\/04\/colorfuleyelinertutorial_111-1024x1021.jpg 1024w, https:\/\/www.imakeyousmile.se\/wp-content\/uploads\/2017\/04\/colorfuleyelinertutorial_111-696x694.jpg 696w, https:\/\/www.imakeyousmile.se\/wp-content\/uploads\/2017\/04\/colorfuleyelinertutorial_111-1068x1065.jpg 1068w, https:\/\/www.imakeyousmile.se\/wp-content\/uploads\/2017\/04\/colorfuleyelinertutorial_111-421x420.jpg 421w\" sizes=\"(max-width: 2500px) 100vw, 2500px\" \/><\/p>\n<p>The eye shadows are from\u00a0<a href=\"https:\/\/ion.lyko.com\/t\/t?a=1117786221&amp;as=1548102449&amp;t=2&amp;tk=1&amp;epi=search-replace-MUSpalette&amp;url=https:\/\/lyko.com\/sv\/sok?q=make+up+store+palette\">Make Up Store 12 Shades of Color<\/a>\u00a0(adlink) unless otherwise stated<\/p>\n<ol>\n<li>Eyeshadow primer, <a href=\"https:\/\/ion.lyko.com\/t\/t?a=1117786221&amp;as=1548102449&amp;t=2&amp;tk=1&amp;epi=search-replace-pixi-eyebright&amp;url=https:\/\/lyko.com\/sv\/pixi\/pixi-eye-bright-primer\/\" target=\"_blank\" rel=\"noopener\">Pixi eye bright primer<\/a><br \/>\nBlack eye shadow from the outer corner of the eye and outwards, <a href=\"https:\/\/creativemakeup.se\/butik\/smink\/paese-kashmir-mono-eyeshadow\/\" target=\"_blank\" rel=\"noopener\">Paese cashmere<\/a> (602)<\/li>\n<li>Shape an eyeliner wing with the black eye shadow and soot on the top<\/li>\n<li>Blue eye shadow over the eyeliner<\/li>\n<li>Turquoise eye shadow next to the blue<\/li>\n<li>Light green eye shadow at the bottom of the upper lash line and over the eyeliner<\/li>\n<li>White eye shadow in the corner of the eye and under the eyeliner, <a href=\"https:\/\/creativemakeup.se\/butik\/smink\/paese-kashmir-mono-eyeshadow\/\" target=\"_blank\" rel=\"noopener\">Paese cashmere <\/a>(601)<br \/>\nBlue eye shadow thin along the lower lash line<\/li>\n<li>Black mascara on all lashes, <a href=\"https:\/\/creativemakeup.se\/butik\/smink\/santhilea-magnetic-lash\/\" target=\"_blank\" rel=\"noopener\">Magnetic lash mascara<\/a><\/li>\n<\/ol>\n<p>Clear!<\/p>\n<p><img loading=\"lazy\" decoding=\"async\" class=\"alignnone size-full wp-image-28706\" src=\"http:\/\/www.imakeyousmile.se\/wp-content\/uploads\/2017\/04\/IMG_1195_111.jpg\" alt=\"\" width=\"2500\" height=\"2816\" srcset=\"https:\/\/www.imakeyousmile.se\/wp-content\/uploads\/2017\/04\/IMG_1195_111.jpg 2273w, https:\/\/www.imakeyousmile.se\/wp-content\/uploads\/2017\/04\/IMG_1195_111-266x300.jpg 266w, https:\/\/www.imakeyousmile.se\/wp-content\/uploads\/2017\/04\/IMG_1195_111-768x865.jpg 768w, https:\/\/www.imakeyousmile.se\/wp-content\/uploads\/2017\/04\/IMG_1195_111-909x1024.jpg 909w, https:\/\/www.imakeyousmile.se\/wp-content\/uploads\/2017\/04\/IMG_1195_111-696x784.jpg 696w, https:\/\/www.imakeyousmile.se\/wp-content\/uploads\/2017\/04\/IMG_1195_111-1068x1203.jpg 1068w, https:\/\/www.imakeyousmile.se\/wp-content\/uploads\/2017\/04\/IMG_1195_111-373x420.jpg 373w\" sizes=\"(max-width: 2500px) 100vw, 2500px\" \/> <img loading=\"lazy\" decoding=\"async\" class=\"alignnone size-full wp-image-28707\" src=\"http:\/\/www.imakeyousmile.se\/wp-content\/uploads\/2017\/04\/IMG_1214_111.jpg\" alt=\"\" width=\"2500\" height=\"2727\" srcset=\"https:\/\/www.imakeyousmile.se\/wp-content\/uploads\/2017\/04\/IMG_1214_111.jpg 2347w, https:\/\/www.imakeyousmile.se\/wp-content\/uploads\/2017\/04\/IMG_1214_111-275x300.jpg 275w, https:\/\/www.imakeyousmile.se\/wp-content\/uploads\/2017\/04\/IMG_1214_111-768x838.jpg 768w, https:\/\/www.imakeyousmile.se\/wp-content\/uploads\/2017\/04\/IMG_1214_111-939x1024.jpg 939w, https:\/\/www.imakeyousmile.se\/wp-content\/uploads\/2017\/04\/IMG_1214_111-696x759.jpg 696w, https:\/\/www.imakeyousmile.se\/wp-content\/uploads\/2017\/04\/IMG_1214_111-1068x1165.jpg 1068w, https:\/\/www.imakeyousmile.se\/wp-content\/uploads\/2017\/04\/IMG_1214_111-385x420.jpg 385w\" sizes=\"(max-width: 2500px) 100vw, 2500px\" \/> <img loading=\"lazy\" decoding=\"async\" class=\"alignnone size-full wp-image-28708\" src=\"http:\/\/www.imakeyousmile.se\/wp-content\/uploads\/2017\/04\/IMG_1237_111.jpg\" alt=\"\" width=\"2500\" height=\"2720\" srcset=\"https:\/\/www.imakeyousmile.se\/wp-content\/uploads\/2017\/04\/IMG_1237_111.jpg 2353w, https:\/\/www.imakeyousmile.se\/wp-content\/uploads\/2017\/04\/IMG_1237_111-276x300.jpg 276w, https:\/\/www.imakeyousmile.se\/wp-content\/uploads\/2017\/04\/IMG_1237_111-768x836.jpg 768w, https:\/\/www.imakeyousmile.se\/wp-content\/uploads\/2017\/04\/IMG_1237_111-941x1024.jpg 941w, https:\/\/www.imakeyousmile.se\/wp-content\/uploads\/2017\/04\/IMG_1237_111-696x757.jpg 696w, https:\/\/www.imakeyousmile.se\/wp-content\/uploads\/2017\/04\/IMG_1237_111-1068x1162.jpg 1068w, https:\/\/www.imakeyousmile.se\/wp-content\/uploads\/2017\/04\/IMG_1237_111-386x420.jpg 386w\" sizes=\"(max-width: 2500px) 100vw, 2500px\" \/><\/p>\n<p>Wish you a wonderful day! \u2665<\/p>","protected":false},"excerpt":{"rendered":"<p>Nu \u00e4r det verkligen v\u00e5r! Blommorna blommar och vi har f\u00e5tt ta fram v\u00e5r AC p\u00e5 salongen (s\u00e5 stora f\u00f6nster, blir bastu) och jag har j\u00e4ttemycket inspiration f\u00f6r mer f\u00e4rgglada sminkningar :) K\u00e4nner ni likadant? Anv\u00e4nder ni mycket f\u00e4rg? Dagens sminkning \u00e4r en f\u00e4rgglad eyeliner som \u00e4r en perfekt vardagssminkning n\u00e4r man vill vara f\u00e4rgglad [&hellip;]<\/p>\n","protected":false},"author":30,"featured_media":28704,"comment_status":"open","ping_status":"closed","sticky":false,"template":"","format":"standard","meta":{"footnotes":""},"categories":[2828,2827],"tags":[4045,5218,4807,963,4869,943,441,48,5578,4817,5162,1864,1865,81,5521,56,5531,5074,2579,4386,5631,4380,3104,3772,4123,1939,4086,433,5202,54,52,5590,5562,407,629,408,3810,2547],"class_list":{"0":"post-28672","1":"post","2":"type-post","3":"status-publish","4":"format-standard","5":"has-post-thumbnail","6":"hentry","7":"category-fargstarka-sminkningar","8":"category-vardagssminkningar","9":"tag-beauty-blog","10":"tag-billigaste-magnetic-lash-mascara","11":"tag-colorful-eyeliner","12":"tag-colorful-makeup","13":"tag-everyday-makeup","14":"tag-eyeliner-med-vinge","15":"tag-fargglad-eyeliner","16":"tag-fargglad-sminkning","18":"tag-glominerals-powder-blush","19":"tag-glominerals-under-eye-concealer","20":"tag-magnetic-lash","21":"tag-magnetic-lash-mascara","22":"tag-make-up-store","23":"tag-make-up-store-12-shades-of-color","24":"tag-makeup-blog","26":"tag-paese-bronzing-powder","27":"tag-paese-kashmir","28":"tag-paese-makeup-base","29":"tag-pastell-eyeliner","30":"tag-pictorial","31":"tag-pink-lips","32":"tag-pixi-eye-bright-primer","33":"tag-pixi-shea-butter-lip-balm","34":"tag-rosa-lappar","35":"tag-santhilea","36":"tag-skonhetsblogg","37":"tag-skonhetsskribent","38":"tag-sminkblogg","39":"tag-steg-for-steg-2","40":"tag-swedish-beauty-blog","41":"tag-swedish-blog","42":"tag-tutorial","43":"tag-vardagssminkning","44":"tag-varsminkning","45":"tag-winged-eyeliner","46":"tag-yag-mineral-foundation"},"yoast_head":"<!-- This site is optimized with the Yoast SEO Premium plugin v14.9 - https:\/\/yoast.com\/wordpress\/plugins\/seo\/ -->\n<meta name=\"description\" content=\"Pastell-eyeliner i v\u00e5r | Helena Amiley - H\u00e4r hittar du senaste infromation om sk\u00f6nhet, livsstil, entrepren\u00f6rskap, makeup &amp; tips.\" \/>\n<meta name=\"robots\" content=\"index, follow, max-snippet:-1, max-image-preview:large, max-video-preview:-1\" \/>\n<link rel=\"canonical\" href=\"https:\/\/www.imakeyousmile.se\/en\/pastell-eyeliner-i-var\/\" \/>\n<meta property=\"og:locale\" content=\"en_US\" \/>\n<meta property=\"og:type\" content=\"article\" \/>\n<meta property=\"og:title\" content=\"Pastell-eyeliner i v\u00e5r | Imakeyousmile.se\" \/>\n<meta property=\"og:description\" content=\"Pastell-eyeliner i v\u00e5r | Helena Amiley - H\u00e4r hittar du senaste infromation om sk\u00f6nhet, livsstil, entrepren\u00f6rskap, makeup &amp; tips.\" \/>\n<meta property=\"og:url\" content=\"https:\/\/www.imakeyousmile.se\/en\/pastell-eyeliner-i-var\/\" \/>\n<meta property=\"og:site_name\" content=\"Imakeyousmile.se\" \/>\n<meta property=\"article:author\" content=\"https:\/\/www.facebook.com\/imakeyousmile.se\" \/>\n<meta property=\"article:published_time\" content=\"2017-04-12T10:38:21+00:00\" \/>\n<meta property=\"article:modified_time\" content=\"2021-09-27T14:44:36+00:00\" \/>\n<meta property=\"og:image\" content=\"https:\/\/www.imakeyousmile.se\/wp-content\/uploads\/2017\/04\/colorfuleyeliner.jpg\" \/>\n\t<meta property=\"og:image:width\" content=\"2500\" \/>\n\t<meta property=\"og:image:height\" content=\"1833\" \/>\n<meta name=\"twitter:card\" content=\"summary_large_image\" \/>\n<script type=\"application\/ld+json\" class=\"yoast-schema-graph\">{\"@context\":\"https:\/\/schema.org\",\"@graph\":[{\"@type\":\"Organization\",\"@id\":\"https:\/\/www.imakeyousmile.se\/en\/#organization\",\"name\":\"Imakeyousmile\",\"url\":\"https:\/\/www.imakeyousmile.se\/en\/\",\"sameAs\":[],\"logo\":{\"@type\":\"ImageObject\",\"@id\":\"https:\/\/www.imakeyousmile.se\/en\/#logo\",\"inLanguage\":\"en-US\",\"url\":\"https:\/\/www.imakeyousmile.se\/wp-content\/uploads\/2020\/10\/HELENA-AMILEY_SVART-1-e1603367975324.png\",\"width\":280,\"height\":93,\"caption\":\"Imakeyousmile\"},\"image\":{\"@id\":\"https:\/\/www.imakeyousmile.se\/en\/#logo\"}},{\"@type\":\"WebSite\",\"@id\":\"https:\/\/www.imakeyousmile.se\/en\/#website\",\"url\":\"https:\/\/www.imakeyousmile.se\/en\/\",\"name\":\"Imakeyousmile.se\",\"description\":\"Helena Amiley - Beauty, Entrepreneur, Lifestyle\",\"publisher\":{\"@id\":\"https:\/\/www.imakeyousmile.se\/en\/#organization\"},\"potentialAction\":[{\"@type\":\"SearchAction\",\"target\":\"https:\/\/www.imakeyousmile.se\/en\/?s={search_term_string}\",\"query-input\":\"required name=search_term_string\"}],\"inLanguage\":\"en-US\"},{\"@type\":\"ImageObject\",\"@id\":\"https:\/\/www.imakeyousmile.se\/pastell-eyeliner-i-var\/#primaryimage\",\"inLanguage\":\"en-US\",\"url\":\"https:\/\/www.imakeyousmile.se\/wp-content\/uploads\/2017\/04\/colorfuleyeliner.jpg\",\"width\":2500,\"height\":1833},{\"@type\":\"WebPage\",\"@id\":\"https:\/\/www.imakeyousmile.se\/pastell-eyeliner-i-var\/#webpage\",\"url\":\"https:\/\/www.imakeyousmile.se\/pastell-eyeliner-i-var\/\",\"name\":\"Pastell-eyeliner i v\\u00e5r | Imakeyousmile.se\",\"isPartOf\":{\"@id\":\"https:\/\/www.imakeyousmile.se\/en\/#website\"},\"primaryImageOfPage\":{\"@id\":\"https:\/\/www.imakeyousmile.se\/pastell-eyeliner-i-var\/#primaryimage\"},\"datePublished\":\"2017-04-12T10:38:21+00:00\",\"dateModified\":\"2021-09-27T14:44:36+00:00\",\"description\":\"Pastell-eyeliner i v\\u00e5r | Helena Amiley - H\\u00e4r hittar du senaste infromation om sk\\u00f6nhet, livsstil, entrepren\\u00f6rskap, makeup & tips.\",\"inLanguage\":\"en-US\",\"potentialAction\":[{\"@type\":\"ReadAction\",\"target\":[\"https:\/\/www.imakeyousmile.se\/pastell-eyeliner-i-var\/\"]}]},{\"@type\":\"Article\",\"@id\":\"https:\/\/www.imakeyousmile.se\/pastell-eyeliner-i-var\/#article\",\"isPartOf\":{\"@id\":\"https:\/\/www.imakeyousmile.se\/pastell-eyeliner-i-var\/#webpage\"},\"author\":{\"@id\":\"https:\/\/www.imakeyousmile.se\/en\/#\/schema\/person\/b0fd43b1c6bb1c60cfd68bff9b4a10fb\"},\"headline\":\"Pastell-eyeliner i v\\u00e5r\",\"datePublished\":\"2017-04-12T10:38:21+00:00\",\"dateModified\":\"2021-09-27T14:44:36+00:00\",\"mainEntityOfPage\":{\"@id\":\"https:\/\/www.imakeyousmile.se\/pastell-eyeliner-i-var\/#webpage\"},\"commentCount\":0,\"publisher\":{\"@id\":\"https:\/\/www.imakeyousmile.se\/en\/#organization\"},\"image\":{\"@id\":\"https:\/\/www.imakeyousmile.se\/pastell-eyeliner-i-var\/#primaryimage\"},\"keywords\":\"beauty blog,billigaste magnetic lash mascara,colorful eyeliner,colorful makeup,everyday makeup,eyeliner med vinge,f\\u00e4rgglad eyeliner,F\\u00e4rgglad sminkning,glominerals micro brow liner,glominerals powder blush,glominerals under eye concealer,magnetic lash,magnetic lash mascara,make up store,Make Up Store 12 Shades of Color,makeup blog,Maybelline Brow Precise Fiber Filler,paese bronzing powder,paese kashmir,paese makeup base,pastell eyeliner,pictorial,pink lips,pixi eye bright primer,pixi shea butter lip balm,rosa l\\u00e4ppar,santhilea,sk\\u00f6nhetsblogg,sk\\u00f6nhetsskribent,sminkblogg,steg f\\u00f6r steg,swedish beauty blog,swedish blog,tutorial,vardagssminkning,V\\u00e5rsminkning,winged eyeliner,yag mineral foundation\",\"articleSection\":\"F\\u00e4rgstarka sminkningar,Neutrala \/ milda sminkningar\",\"inLanguage\":\"en-US\",\"potentialAction\":[{\"@type\":\"CommentAction\",\"name\":\"Comment\",\"target\":[\"https:\/\/www.imakeyousmile.se\/pastell-eyeliner-i-var\/#respond\"]}]},{\"@type\":\"Person\",\"@id\":\"https:\/\/www.imakeyousmile.se\/en\/#\/schema\/person\/b0fd43b1c6bb1c60cfd68bff9b4a10fb\",\"name\":\"Helena Amiley\",\"image\":{\"@type\":\"ImageObject\",\"@id\":\"https:\/\/www.imakeyousmile.se\/en\/#personlogo\",\"inLanguage\":\"en-US\",\"url\":\"https:\/\/secure.gravatar.com\/avatar\/5645558e1e355457a23368d7e1b4c904?s=96&d=mm&r=g\",\"caption\":\"Helena Amiley\"},\"description\":\"Jag skriver mest om sk\\u00f6nhet men bjuder \\u00e4ven p\\u00e5 glimtar fr\\u00e5n entrepren\\u00f6rlivet och bygget av v\\u00e5r egen camper van. Vanlife here we come!\",\"sameAs\":[\"https:\/\/www.facebook.com\/imakeyousmile.se\",\"https:\/\/www.instagram.com\/helenaamiley\",\"https:\/\/www.youtube.com\/channel\/UCR5iB6rvpV6Yr8ZjpQfr5mg?view_as=subscriber\"]}]}<\/script>\n<!-- \/ Yoast SEO Premium plugin. -->","_links":{"self":[{"href":"https:\/\/www.imakeyousmile.se\/en\/wp-json\/wp\/v2\/posts\/28672"}],"collection":[{"href":"https:\/\/www.imakeyousmile.se\/en\/wp-json\/wp\/v2\/posts"}],"about":[{"href":"https:\/\/www.imakeyousmile.se\/en\/wp-json\/wp\/v2\/types\/post"}],"author":[{"embeddable":true,"href":"https:\/\/www.imakeyousmile.se\/en\/wp-json\/wp\/v2\/users\/30"}],"replies":[{"embeddable":true,"href":"https:\/\/www.imakeyousmile.se\/en\/wp-json\/wp\/v2\/comments?post=28672"}],"version-history":[{"count":4,"href":"https:\/\/www.imakeyousmile.se\/en\/wp-json\/wp\/v2\/posts\/28672\/revisions"}],"predecessor-version":[{"id":41265,"href":"https:\/\/www.imakeyousmile.se\/en\/wp-json\/wp\/v2\/posts\/28672\/revisions\/41265"}],"wp:featuredmedia":[{"embeddable":true,"href":"https:\/\/www.imakeyousmile.se\/en\/wp-json\/wp\/v2\/media\/28704"}],"wp:attachment":[{"href":"https:\/\/www.imakeyousmile.se\/en\/wp-json\/wp\/v2\/media?parent=28672"}],"wp:term":[{"taxonomy":"category","embeddable":true,"href":"https:\/\/www.imakeyousmile.se\/en\/wp-json\/wp\/v2\/categories?post=28672"},{"taxonomy":"post_tag","embeddable":true,"href":"https:\/\/www.imakeyousmile.se\/en\/wp-json\/wp\/v2\/tags?post=28672"}],"curies":[{"name":"wp","href":"https:\/\/api.w.org\/{rel}","templated":true}]}}