{"id":29075,"date":"2017-05-29T11:33:58","date_gmt":"2017-05-29T09:33:58","guid":{"rendered":"http:\/\/www.imakeyousmile.se\/?p=29075"},"modified":"2020-10-27T16:13:03","modified_gmt":"2020-10-27T15:13:03","slug":"overraskningsresa-vamos-a-la-playa-pa-formentera","status":"publish","type":"post","link":"https:\/\/www.imakeyousmile.se\/en\/surprise-trip-vamos-a-la-playa-pa-formentera\/","title":{"rendered":"Surprise trip - Vamos a la playa at Formentera!"},"content":{"rendered":"<p>You have no idea how wonderful I am right now, because Miska and I are on <a href=\"https:\/\/www.imakeyousmile.se\/en\/semester-sminkningen\/\">vacation<\/a> on Formentera woop woop! We drove a surprise trip :) \u2665<\/p>\n<p><img loading=\"lazy\" decoding=\"async\" class=\"alignnone wp-image-29081 size-large\" src=\"https:\/\/www.imakeyousmile.se\/wp-content\/uploads\/2017\/05\/IMG_3596.JPG_111-768x1024.jpg\" alt=\"surprise trip good hotel formentera\" width=\"696\" height=\"928\" srcset=\"https:\/\/www.imakeyousmile.se\/wp-content\/uploads\/2017\/05\/IMG_3596.JPG_111-768x1024.jpg 768w, https:\/\/www.imakeyousmile.se\/wp-content\/uploads\/2017\/05\/IMG_3596.JPG_111-225x300.jpg 225w, https:\/\/www.imakeyousmile.se\/wp-content\/uploads\/2017\/05\/IMG_3596.JPG_111-696x928.jpg 696w, https:\/\/www.imakeyousmile.se\/wp-content\/uploads\/2017\/05\/IMG_3596.JPG_111-1068x1424.jpg 1068w, https:\/\/www.imakeyousmile.se\/wp-content\/uploads\/2017\/05\/IMG_3596.JPG_111-315x420.jpg 315w, https:\/\/www.imakeyousmile.se\/wp-content\/uploads\/2017\/05\/IMG_3596.JPG_111.jpg 1920w\" sizes=\"(max-width: 696px) 100vw, 696px\" \/><\/p>\n<p>Liver flea :)<\/p>\n<p>Formentera is a quiet island off Ibiza with the world&#039;s finest turquoise waters and sandy beaches, so wonderful! My sister Malin is here with her boyfriend Glenn and their son Mille at almost 2 years old, and Miska and I decided to take a last minute trip here and surprise them last week, a surprise trip! They were so shocked and happy when we knocked on their hotel room haha, so much fun really!<\/p>\n<p><img loading=\"lazy\" decoding=\"async\" class=\"alignnone wp-image-29080 size-large\" src=\"https:\/\/www.imakeyousmile.se\/wp-content\/uploads\/2017\/05\/IMG_3434.JPG_111-768x1024.jpg\" alt=\"vamos a la playa formentera\" width=\"696\" height=\"928\" srcset=\"https:\/\/www.imakeyousmile.se\/wp-content\/uploads\/2017\/05\/IMG_3434.JPG_111-768x1024.jpg 768w, https:\/\/www.imakeyousmile.se\/wp-content\/uploads\/2017\/05\/IMG_3434.JPG_111-225x300.jpg 225w, https:\/\/www.imakeyousmile.se\/wp-content\/uploads\/2017\/05\/IMG_3434.JPG_111-696x928.jpg 696w, https:\/\/www.imakeyousmile.se\/wp-content\/uploads\/2017\/05\/IMG_3434.JPG_111-1068x1424.jpg 1068w, https:\/\/www.imakeyousmile.se\/wp-content\/uploads\/2017\/05\/IMG_3434.JPG_111-315x420.jpg 315w, https:\/\/www.imakeyousmile.se\/wp-content\/uploads\/2017\/05\/IMG_3434.JPG_111.jpg 1920w\" sizes=\"(max-width: 696px) 100vw, 696px\" \/><\/p>\n<p>Miska and Mille \u2665<\/p>\n<p>It was a lot of stress at work to be able to be free this week, but it&#039;s so worth it and now I&#039;m completely relaxed and disconnect from everything at home that is not urgent.<\/p>\n<p>Then there are some acute problems that must be solved as well\u2026 type that my blog was down yesterday morning (if any of you did not come in here then that was why) but no stress is our motto here so nemas problemas :)<\/p>\n<p><img loading=\"lazy\" decoding=\"async\" class=\"alignnone wp-image-29082 size-large\" src=\"https:\/\/www.imakeyousmile.se\/wp-content\/uploads\/2017\/05\/IMG_3738.JPG_111-832x1024.jpg\" alt=\"mojito formentera beach bar\" width=\"696\" height=\"857\" srcset=\"https:\/\/www.imakeyousmile.se\/wp-content\/uploads\/2017\/05\/IMG_3738.JPG_111-832x1024.jpg 832w, https:\/\/www.imakeyousmile.se\/wp-content\/uploads\/2017\/05\/IMG_3738.JPG_111-244x300.jpg 244w, https:\/\/www.imakeyousmile.se\/wp-content\/uploads\/2017\/05\/IMG_3738.JPG_111-768x945.jpg 768w, https:\/\/www.imakeyousmile.se\/wp-content\/uploads\/2017\/05\/IMG_3738.JPG_111-324x400.jpg 324w, https:\/\/www.imakeyousmile.se\/wp-content\/uploads\/2017\/05\/IMG_3738.JPG_111-696x856.jpg 696w, https:\/\/www.imakeyousmile.se\/wp-content\/uploads\/2017\/05\/IMG_3738.JPG_111-1068x1314.jpg 1068w, https:\/\/www.imakeyousmile.se\/wp-content\/uploads\/2017\/05\/IMG_3738.JPG_111-341x420.jpg 341w\" sizes=\"(max-width: 696px) 100vw, 696px\" \/><\/p>\n<p>Laughter attack is what you see in the picture above haha. Holidays and abdominal exercises at once will be able to sum up this trip quite well I think :)<\/p>\n<p>We were terribly lucky on the way here too, after only sleeping 3 hours we got up at 01.45 and headed towards Arlanda. 03.30 we were there and then became our flight <strong>delayed<\/strong>, <strong>delayed ..<\/strong> and <strong>delayed\u2026<\/strong> and not until 21.00 in the evening did we finally take off, yes you understand, like 17 hours at an airport! I had time to eat breakfast, lunch and dinner, sleep, learn Spanish, get drunk and sober again haha and play a number of games with Miska before we finally left. And when we arrived in Ibiza so late at night, the boat did not go to the island, so we had to sleep in another hotel before we finally arrived in Formentera a full day late.<\/p>\n<p>But I was actually not ironic when I wrote that we were lucky with all this, because as compensation we were upgraded to a much nicer and larger room in the hotel, and according to an EU law (not fully loaded yet) you get a fixed amount as compensation when it has been so late, the amount is the same no matter where the trip cost, and since we got this trip (which is really expensive) at the last minute, the trip was almost free if everything goes as it should with the compensation Lol! Definitely worth missing a day for that, we are still here 6 full days :)<\/p>\n<p><img loading=\"lazy\" decoding=\"async\" class=\"alignnone wp-image-29078 size-large\" src=\"https:\/\/www.imakeyousmile.se\/wp-content\/uploads\/2017\/05\/IMG_2118_111-676x1024.jpg\" alt=\"surprise trip delayed flight\" width=\"676\" height=\"1024\" srcset=\"https:\/\/www.imakeyousmile.se\/wp-content\/uploads\/2017\/05\/IMG_2118_111-676x1024.jpg 676w, https:\/\/www.imakeyousmile.se\/wp-content\/uploads\/2017\/05\/IMG_2118_111-198x300.jpg 198w, https:\/\/www.imakeyousmile.se\/wp-content\/uploads\/2017\/05\/IMG_2118_111-768x1163.jpg 768w, https:\/\/www.imakeyousmile.se\/wp-content\/uploads\/2017\/05\/IMG_2118_111-696x1054.jpg 696w, https:\/\/www.imakeyousmile.se\/wp-content\/uploads\/2017\/05\/IMG_2118_111-1068x1617.jpg 1068w, https:\/\/www.imakeyousmile.se\/wp-content\/uploads\/2017\/05\/IMG_2118_111-277x420.jpg 277w, https:\/\/www.imakeyousmile.se\/wp-content\/uploads\/2017\/05\/IMG_2118_111.jpg 1242w\" sizes=\"(max-width: 676px) 100vw, 676px\" \/><\/p>\n<p>Happy couple who finally got on the plane!<\/p>\n<p>Then I have to give a little praise to me and Miska as well, who despite delays, etc. kept the mood up all the time at Arlanda and just laughed and had fun :) There is like nothing you can do about it anyway. Basically everyone else was so angry. And of course it is a thousand times harder for those with children (they could get hotel rooms for so long) but nothing actually gets better from getting angry and there is no reason to scold those who work at Arlanda. You just stood there and thought &quot;do not shoot the messenger&quot; and felt sorry for the staff there who had to take the whole blow haha.<\/p>\n<p><img loading=\"lazy\" decoding=\"async\" class=\"alignnone wp-image-29077 size-large\" src=\"https:\/\/www.imakeyousmile.se\/wp-content\/uploads\/2017\/05\/FullSizeRender.jpg-1_111-837x1024.jpg\" alt=\"formentera strand\" width=\"696\" height=\"851\" srcset=\"https:\/\/www.imakeyousmile.se\/wp-content\/uploads\/2017\/05\/FullSizeRender.jpg-1_111-837x1024.jpg 837w, https:\/\/www.imakeyousmile.se\/wp-content\/uploads\/2017\/05\/FullSizeRender.jpg-1_111-245x300.jpg 245w, https:\/\/www.imakeyousmile.se\/wp-content\/uploads\/2017\/05\/FullSizeRender.jpg-1_111-768x940.jpg 768w, https:\/\/www.imakeyousmile.se\/wp-content\/uploads\/2017\/05\/FullSizeRender.jpg-1_111-696x851.jpg 696w, https:\/\/www.imakeyousmile.se\/wp-content\/uploads\/2017\/05\/FullSizeRender.jpg-1_111-1068x1307.jpg 1068w, https:\/\/www.imakeyousmile.se\/wp-content\/uploads\/2017\/05\/FullSizeRender.jpg-1_111-343x420.jpg 343w\" sizes=\"(max-width: 696px) 100vw, 696px\" \/><\/p>\n<p>But now we are finally here, bathing in the sea, laughing until the abdominal muscles ache and just relax and enjoy. It was a successful surprise trip!<\/p>\n<p><img loading=\"lazy\" decoding=\"async\" class=\"alignnone wp-image-29079 size-large\" src=\"https:\/\/www.imakeyousmile.se\/wp-content\/uploads\/2017\/05\/IMG_3390.JPG_111-912x1024.jpg\" alt=\"surprise trip formentera beach\" width=\"696\" height=\"781\" srcset=\"https:\/\/www.imakeyousmile.se\/wp-content\/uploads\/2017\/05\/IMG_3390.JPG_111-912x1024.jpg 912w, https:\/\/www.imakeyousmile.se\/wp-content\/uploads\/2017\/05\/IMG_3390.JPG_111-267x300.jpg 267w, https:\/\/www.imakeyousmile.se\/wp-content\/uploads\/2017\/05\/IMG_3390.JPG_111-768x862.jpg 768w, https:\/\/www.imakeyousmile.se\/wp-content\/uploads\/2017\/05\/IMG_3390.JPG_111-696x781.jpg 696w, https:\/\/www.imakeyousmile.se\/wp-content\/uploads\/2017\/05\/IMG_3390.JPG_111-1068x1199.jpg 1068w, https:\/\/www.imakeyousmile.se\/wp-content\/uploads\/2017\/05\/IMG_3390.JPG_111-374x420.jpg 374w\" sizes=\"(max-width: 696px) 100vw, 696px\" \/><\/p>\n<p>I&#039;m the only one who cares about sunscreen - and I&#039;m the only one who&#039;s already burned me #inter fair. The sun is so strong and I am so pale and sensitive in winter!<\/p>\n<p><img loading=\"lazy\" decoding=\"async\" class=\"alignnone wp-image-29083 size-large\" src=\"https:\/\/www.imakeyousmile.se\/wp-content\/uploads\/2017\/05\/IMG_3750.JPG_111-857x1024.jpg\" alt=\"Surprise trips formentera mojito\" width=\"696\" height=\"832\" srcset=\"https:\/\/www.imakeyousmile.se\/wp-content\/uploads\/2017\/05\/IMG_3750.JPG_111-857x1024.jpg 857w, https:\/\/www.imakeyousmile.se\/wp-content\/uploads\/2017\/05\/IMG_3750.JPG_111-251x300.jpg 251w, https:\/\/www.imakeyousmile.se\/wp-content\/uploads\/2017\/05\/IMG_3750.JPG_111-768x918.jpg 768w, https:\/\/www.imakeyousmile.se\/wp-content\/uploads\/2017\/05\/IMG_3750.JPG_111-696x832.jpg 696w, https:\/\/www.imakeyousmile.se\/wp-content\/uploads\/2017\/05\/IMG_3750.JPG_111-1068x1276.jpg 1068w, https:\/\/www.imakeyousmile.se\/wp-content\/uploads\/2017\/05\/IMG_3750.JPG_111-351x420.jpg 351w, https:\/\/www.imakeyousmile.se\/wp-content\/uploads\/2017\/05\/IMG_3750.JPG_111.jpg 1998w\" sizes=\"(max-width: 696px) 100vw, 696px\" \/><\/p>\n<p>I will probably post a lot of pictures and film clips on Insta Story. So there you can see more from our trip! :) <a href=\"https:\/\/www.instagram.com\/helenaamiley\"><em><strong>@helenaamiley<\/strong><\/em><\/a><\/p>\n<p>This is definitely not our last surprise trip! : D<\/p>\n<p>Hugs are! \u2665<\/p>","protected":false},"excerpt":{"rendered":"<p>Ni anar inte hur h\u00e4rligt jag har det just nu,\u00a0jag och Miska \u00e4r n\u00e4mligen p\u00e5 semester p\u00e5 Formentera woop woop! Vi k\u00f6rde en \u00f6verraskningsresa :)\u00a0\u2665 Lever loppan :) Formentera \u00e4r en lugn \u00f6 utanf\u00f6r Ibiza med v\u00e4rldens finaste turkosa vatten och sandstr\u00e4nder, s\u00e5 underbart! Min syster Malin \u00e4r h\u00e4r med sin kille Glenn och deras [&hellip;]<\/p>\n","protected":false},"author":30,"featured_media":29080,"comment_status":"open","ping_status":"closed","sticky":false,"template":"","format":"standard","meta":{"footnotes":""},"categories":[3,7001],"tags":[5727,5728,5729,5731,5730],"class_list":["post-29075","post","type-post","status-publish","format-standard","has-post-thumbnail","hentry","category-allmant","category-resor","tag-formentera","tag-formentera-ibiza","tag-resa-formentera","tag-semester","tag-wifi-formentera"],"yoast_head":"<!-- This site is optimized with the Yoast SEO Premium plugin v14.9 - https:\/\/yoast.com\/wordpress\/plugins\/seo\/ -->\n<meta name=\"description\" content=\"Ni anar inte hur h\u00e4rligt jag har det just nu,\u00a0jag och Miska \u00e4r n\u00e4mligen p\u00e5 semester p\u00e5 Formentera woop woop! Vi k\u00f6rde en \u00f6verraskningsresa!\" \/>\n<meta name=\"robots\" content=\"index, follow, max-snippet:-1, max-image-preview:large, max-video-preview:-1\" \/>\n<link rel=\"canonical\" href=\"https:\/\/www.imakeyousmile.se\/en\/overraskningsresa-vamos-a-la-playa-pa-formentera\/\" \/>\n<meta property=\"og:locale\" content=\"en_US\" \/>\n<meta property=\"og:type\" content=\"article\" \/>\n<meta property=\"og:title\" content=\"\u00d6verraskningsresa - Vamos a la playa p\u00e5 Formentera! | Imakeyousmile.se\" \/>\n<meta property=\"og:description\" content=\"Ni anar inte hur h\u00e4rligt jag har det just nu,\u00a0jag och Miska \u00e4r n\u00e4mligen p\u00e5 semester p\u00e5 Formentera woop woop! Vi k\u00f6rde en \u00f6verraskningsresa!\" \/>\n<meta property=\"og:url\" content=\"https:\/\/www.imakeyousmile.se\/en\/overraskningsresa-vamos-a-la-playa-pa-formentera\/\" \/>\n<meta property=\"og:site_name\" content=\"Imakeyousmile.se\" \/>\n<meta property=\"article:author\" content=\"https:\/\/www.facebook.com\/imakeyousmile.se\" \/>\n<meta property=\"article:published_time\" content=\"2017-05-29T09:33:58+00:00\" \/>\n<meta property=\"article:modified_time\" content=\"2020-10-27T15:13:03+00:00\" \/>\n<meta property=\"og:image\" content=\"https:\/\/www.imakeyousmile.se\/wp-content\/uploads\/2017\/05\/IMG_3434.JPG_111.jpg\" \/>\n\t<meta property=\"og:image:width\" content=\"1920\" \/>\n\t<meta property=\"og:image:height\" content=\"2560\" \/>\n<meta name=\"twitter:card\" content=\"summary_large_image\" \/>\n<script type=\"application\/ld+json\" class=\"yoast-schema-graph\">{\"@context\":\"https:\/\/schema.org\",\"@graph\":[{\"@type\":\"Organization\",\"@id\":\"https:\/\/www.imakeyousmile.se\/en\/#organization\",\"name\":\"Imakeyousmile\",\"url\":\"https:\/\/www.imakeyousmile.se\/en\/\",\"sameAs\":[],\"logo\":{\"@type\":\"ImageObject\",\"@id\":\"https:\/\/www.imakeyousmile.se\/en\/#logo\",\"inLanguage\":\"en-US\",\"url\":\"https:\/\/www.imakeyousmile.se\/wp-content\/uploads\/2020\/10\/HELENA-AMILEY_SVART-1-e1603367975324.png\",\"width\":280,\"height\":93,\"caption\":\"Imakeyousmile\"},\"image\":{\"@id\":\"https:\/\/www.imakeyousmile.se\/en\/#logo\"}},{\"@type\":\"WebSite\",\"@id\":\"https:\/\/www.imakeyousmile.se\/en\/#website\",\"url\":\"https:\/\/www.imakeyousmile.se\/en\/\",\"name\":\"Imakeyousmile.se\",\"description\":\"Helena Amiley - Beauty, Entrepreneur, Lifestyle\",\"publisher\":{\"@id\":\"https:\/\/www.imakeyousmile.se\/en\/#organization\"},\"potentialAction\":[{\"@type\":\"SearchAction\",\"target\":\"https:\/\/www.imakeyousmile.se\/en\/?s={search_term_string}\",\"query-input\":\"required name=search_term_string\"}],\"inLanguage\":\"en-US\"},{\"@type\":\"ImageObject\",\"@id\":\"https:\/\/www.imakeyousmile.se\/overraskningsresa-vamos-a-la-playa-pa-formentera\/#primaryimage\",\"inLanguage\":\"en-US\",\"url\":\"https:\/\/www.imakeyousmile.se\/wp-content\/uploads\/2017\/05\/IMG_3434.JPG_111.jpg\",\"width\":1920,\"height\":2560},{\"@type\":\"WebPage\",\"@id\":\"https:\/\/www.imakeyousmile.se\/overraskningsresa-vamos-a-la-playa-pa-formentera\/#webpage\",\"url\":\"https:\/\/www.imakeyousmile.se\/overraskningsresa-vamos-a-la-playa-pa-formentera\/\",\"name\":\"\\u00d6verraskningsresa - Vamos a la playa p\\u00e5 Formentera! | Imakeyousmile.se\",\"isPartOf\":{\"@id\":\"https:\/\/www.imakeyousmile.se\/en\/#website\"},\"primaryImageOfPage\":{\"@id\":\"https:\/\/www.imakeyousmile.se\/overraskningsresa-vamos-a-la-playa-pa-formentera\/#primaryimage\"},\"datePublished\":\"2017-05-29T09:33:58+00:00\",\"dateModified\":\"2020-10-27T15:13:03+00:00\",\"description\":\"Ni anar inte hur h\\u00e4rligt jag har det just nu,\\u00a0jag och Miska \\u00e4r n\\u00e4mligen p\\u00e5 semester p\\u00e5 Formentera woop woop! Vi k\\u00f6rde en \\u00f6verraskningsresa!\",\"inLanguage\":\"en-US\",\"potentialAction\":[{\"@type\":\"ReadAction\",\"target\":[\"https:\/\/www.imakeyousmile.se\/overraskningsresa-vamos-a-la-playa-pa-formentera\/\"]}]},{\"@type\":\"Article\",\"@id\":\"https:\/\/www.imakeyousmile.se\/overraskningsresa-vamos-a-la-playa-pa-formentera\/#article\",\"isPartOf\":{\"@id\":\"https:\/\/www.imakeyousmile.se\/overraskningsresa-vamos-a-la-playa-pa-formentera\/#webpage\"},\"author\":{\"@id\":\"https:\/\/www.imakeyousmile.se\/en\/#\/schema\/person\/b0fd43b1c6bb1c60cfd68bff9b4a10fb\"},\"headline\":\"\\u00d6verraskningsresa &#8211; Vamos a la playa p\\u00e5 Formentera!\",\"datePublished\":\"2017-05-29T09:33:58+00:00\",\"dateModified\":\"2020-10-27T15:13:03+00:00\",\"mainEntityOfPage\":{\"@id\":\"https:\/\/www.imakeyousmile.se\/overraskningsresa-vamos-a-la-playa-pa-formentera\/#webpage\"},\"commentCount\":2,\"publisher\":{\"@id\":\"https:\/\/www.imakeyousmile.se\/en\/#organization\"},\"image\":{\"@id\":\"https:\/\/www.imakeyousmile.se\/overraskningsresa-vamos-a-la-playa-pa-formentera\/#primaryimage\"},\"keywords\":\"formentera,formentera ibiza,resa formentera,semester,wifi formentera\",\"articleSection\":\"\\u00d6vrigt,Resor\",\"inLanguage\":\"en-US\",\"potentialAction\":[{\"@type\":\"CommentAction\",\"name\":\"Comment\",\"target\":[\"https:\/\/www.imakeyousmile.se\/overraskningsresa-vamos-a-la-playa-pa-formentera\/#respond\"]}]},{\"@type\":\"Person\",\"@id\":\"https:\/\/www.imakeyousmile.se\/en\/#\/schema\/person\/b0fd43b1c6bb1c60cfd68bff9b4a10fb\",\"name\":\"Helena Amiley\",\"image\":{\"@type\":\"ImageObject\",\"@id\":\"https:\/\/www.imakeyousmile.se\/en\/#personlogo\",\"inLanguage\":\"en-US\",\"url\":\"https:\/\/secure.gravatar.com\/avatar\/5645558e1e355457a23368d7e1b4c904?s=96&d=mm&r=g\",\"caption\":\"Helena Amiley\"},\"description\":\"Jag skriver mest om sk\\u00f6nhet men bjuder \\u00e4ven p\\u00e5 glimtar fr\\u00e5n entrepren\\u00f6rlivet och bygget av v\\u00e5r egen camper van. Vanlife here we come!\",\"sameAs\":[\"https:\/\/www.facebook.com\/imakeyousmile.se\",\"https:\/\/www.instagram.com\/helenaamiley\",\"https:\/\/www.youtube.com\/channel\/UCR5iB6rvpV6Yr8ZjpQfr5mg?view_as=subscriber\"]}]}<\/script>\n<!-- \/ Yoast SEO Premium plugin. -->","_links":{"self":[{"href":"https:\/\/www.imakeyousmile.se\/en\/wp-json\/wp\/v2\/posts\/29075"}],"collection":[{"href":"https:\/\/www.imakeyousmile.se\/en\/wp-json\/wp\/v2\/posts"}],"about":[{"href":"https:\/\/www.imakeyousmile.se\/en\/wp-json\/wp\/v2\/types\/post"}],"author":[{"embeddable":true,"href":"https:\/\/www.imakeyousmile.se\/en\/wp-json\/wp\/v2\/users\/30"}],"replies":[{"embeddable":true,"href":"https:\/\/www.imakeyousmile.se\/en\/wp-json\/wp\/v2\/comments?post=29075"}],"version-history":[{"count":4,"href":"https:\/\/www.imakeyousmile.se\/en\/wp-json\/wp\/v2\/posts\/29075\/revisions"}],"predecessor-version":[{"id":37897,"href":"https:\/\/www.imakeyousmile.se\/en\/wp-json\/wp\/v2\/posts\/29075\/revisions\/37897"}],"wp:featuredmedia":[{"embeddable":true,"href":"https:\/\/www.imakeyousmile.se\/en\/wp-json\/wp\/v2\/media\/29080"}],"wp:attachment":[{"href":"https:\/\/www.imakeyousmile.se\/en\/wp-json\/wp\/v2\/media?parent=29075"}],"wp:term":[{"taxonomy":"category","embeddable":true,"href":"https:\/\/www.imakeyousmile.se\/en\/wp-json\/wp\/v2\/categories?post=29075"},{"taxonomy":"post_tag","embeddable":true,"href":"https:\/\/www.imakeyousmile.se\/en\/wp-json\/wp\/v2\/tags?post=29075"}],"curies":[{"name":"wp","href":"https:\/\/api.w.org\/{rel}","templated":true}]}}