{"id":29299,"date":"2017-07-10T16:51:40","date_gmt":"2017-07-10T14:51:40","guid":{"rendered":"http:\/\/www.imakeyousmile.se\/?p=29299"},"modified":"2021-09-27T14:33:50","modified_gmt":"2021-09-27T12:33:50","slug":"makeup-1-year-ago","status":"publish","type":"post","link":"https:\/\/www.imakeyousmile.se\/en\/makeup-1-year-ago\/","title":{"rendered":"Glam makeup (Black &amp; White) - Step by step"},"content":{"rendered":"<p>I really have a tendency to oscillate between thinking \u201d<em>time goes by so fast, I have no time and I just step on the same place<\/em>&quot;And at the same time I am an expert in being the one who says&quot;<em>think just ONE year ago it was like this, like this, and like this, god so much that happens in one year \u201d<\/em>. Lol.<\/p>\n<p>Anyone else recognize themselves or is it just me who&#039;s a little schizophrenic? :)<\/p>\n<p>2 years ago, the preparations for our salon Creative Makeup started and in March the following year we set a goal for one and a half years ahead, ie 30 June 2017. It felt so sick far ahead, the day that will never come. And now we are there, completely crazy! And you know what? We have reached our goals !! :) What a feeling!<\/p>\n<p>And yesterday, Miska and Annika and I had a planning day <a href=\"http:\/\/odalgarden.se\">Odalg\u00e5rden<\/a> (great conference venue by the lake) and set our new goals for 1 year ahead - 30 June 2018!<\/p>\n<p>And when you are a person like me, it is actually useful to look back and realize how much has time to happen in a short time to realize that YES I do a lot. And therefore I thought I would take the opportunity to show a make-up that I did exactly a year ago :) Both because I still think it is very nice, but also to &quot;honor&quot; flashbacks and pat on the shoulder over how much you have done and finished. Looking at an old picture of oneself can reinforce that feeling, one sees what kind of hairstyle one had then, perhaps reached old garment or eye shadow that one used a lot, and is drawn back to what life looked like then.<\/p>\n<p><img loading=\"lazy\" decoding=\"async\" class=\"alignnone size-full wp-image-26539 td-animation-stack-type0-1\" src=\"http:\/\/www.imakeyousmile.se\/wp-content\/uploads\/2016\/07\/IMG_1160_111.jpg\" sizes=\"(max-width: 2658px) 100vw, 2658px\" srcset=\"\" alt=\"IMG_1160_111\" width=\"2658\" height=\"2769\" \/><\/p>\n<p><strong>Bassmink:<\/strong><br \/>\nFoundation -\u00a0<a href=\"https:\/\/ion.lyko.com\/t\/t?a=1117786221&amp;as=1548102449&amp;t=2&amp;tk=1&amp;epi=search-replace-skintint&amp;url=https:\/\/lyko.com\/sv\/pixi\/pixi-h2o-skintint-2nude\/\">Pixi H2O Skintint (Warm)<\/a><br \/>\nPowder that neutralizes red -\u00a0<a href=\"https:\/\/ion.lyko.com\/t\/t?a=1117786221&amp;as=1548102449&amp;t=2&amp;tk=1&amp;epi=search-replace-rednessrelief&amp;url=https:\/\/lyko.com\/sv\/glo-skin-beauty\/glo-skin-bea-rednessrelief-powder\/\">gloMinerals Redness Relief Powder<\/a><br \/>\nContouring -\u00a0<a href=\"https:\/\/ion.lyko.com\/t\/t?a=1117786221&amp;as=1548102449&amp;t=2&amp;tk=1&amp;epi=search-replace-pixipalette&amp;url=https:\/\/lyko.com\/sv\/sok?q=pixi+palette\">Pixi Book Of Beauty Contour Creator<\/a><br \/>\nRouge -\u00a0<a href=\"https:\/\/ion.lyko.com\/t\/t?a=1117786221&#038;as=1548102449&#038;t=2&#038;tk=1&#038;epi=serach-replace-blushrougeXX&#038;url=https:\/\/lyko.com\/sv\/sok?q=blush+rouge\">Paese Powder Blush (45)<\/a><br \/>\nFixing Mist -\u00a0<a href=\"https:\/\/ion.lyko.com\/t\/t?a=1117786221&amp;as=1548102449&amp;t=2&amp;tk=1&amp;epi=search-replace-fixingmist&amp;url=https:\/\/lyko.com\/sv\/pixi\/pixi-makeup-fixing-mist\">Pixi Makeup Fixing Mist<\/a><br \/>\nDehydrating powders -\u00a0<a href=\"https:\/\/creativemakeup.se\/butik\/smink\/paese-bamboo-silk-powder\/\">Paese Bamboo Silk Powder<\/a><\/p>\n<p><strong>Eyebrows -<\/strong>\u00a0<a href=\"https:\/\/ion.lyko.com\/t\/t?a=1117786221&amp;as=1548102449&amp;t=2&amp;tk=1&amp;epi=search-replace-pixibrowduo&amp;url=https:\/\/lyko.com\/sv\/pixi\/pixi-natural-brow-duo-natural-brown\">Pixi Natural Brow Duo (Natural Brown)<\/a><br \/>\n<strong>Lips -<\/strong><a href=\"https:\/\/ion.lyko.com\/t\/t?a=1117786221&amp;as=1548102449&amp;t=2&amp;tk=1&amp;epi=search-replace-glosuede&amp;url=https:\/\/lyko.com\/sv\/glo-skin-beauty\/glominerals-glosuedematte-crayon-tradema\" target=\"_blank\" rel=\"noopener noreferrer\">\u00a0<\/a>When I published this post I just wrote &quot;a mix of two matte lipsticks that are not available to buy yet&quot; and I think it was the shades 705 and 707 from <a href=\"https:\/\/creativemakeup.se\/butik\/smink\/paese-silky-matt-liquid-lipstick\/\">Paese Silky Matt Liquid Lipstick<\/a> which have now been in our range for quite some time :) They are so heavenly good!<\/p>\n<p><img loading=\"lazy\" decoding=\"async\" class=\"alignnone size-full wp-image-26541 td-animation-stack-type0-1\" src=\"http:\/\/www.imakeyousmile.se\/wp-content\/uploads\/2016\/07\/tutorialtretton_111.jpg\" sizes=\"(max-width: 2500px) 100vw, 2500px\" srcset=\"\" alt=\"tutorialtretton_111\" width=\"2500\" height=\"2870\" \/><\/p>\n<ol>\n<li>White eyeliner on the lower lashes as mascara,\u00a0<a href=\"https:\/\/ion.lyko.com\/t\/t?a=1117786221&#038;as=1548102449&#038;t=2&#038;tk=1&#038;epi=search-replace-maybellineyeliner&#038;url=https:\/\/lyko.com\/sv\/sok?q=maybelline+eyeliner\">Maybelline Master Ink Matte eyeliner White<\/a>\u00a0(Adlink)<\/li>\n<li>White eyeliner along the waterline (from Paese but has been discontinued)<\/li>\n<li>Brown eyeshadow along the lower lash line and out a little in the outer corner of the eye,\u00a0<a href=\"https:\/\/creativemakeup.se\/butik\/smink\/santhilea-magnetic-lash\/\">Paese Opal Eyeshadow Trio (Caffe Latte)<\/a><\/li>\n<li>Black eyeliner with wing,\u00a0<a href=\"https:\/\/ion.lyko.com\/t\/t?a=1117786221&#038;as=1548102449&#038;t=2&#038;tk=1&#038;epi=search-replace-pixilashline&#038;url=https:\/\/lyko.com\/sv\/pixi\/pixi-lash-line-ink-black\">Pixi Lash Line Ink<\/a><\/li>\n<li>Black eye shadow on the brown to make it more smokey,\u00a0<a href=\"https:\/\/creativemakeup.se\/butik\/smink\/paese-kashmir-mono-eyeshadow\/\">Paese Kashmir (602)<\/a><\/li>\n<li>White eye shadow over the eyeliner wing,\u00a0<a href=\"https:\/\/creativemakeup.se\/butik\/smink\/paese-kashmir-mono-eyeshadow\/\">Paese Kashmir (601)<\/a><\/li>\n<li>Black mascara (<a href=\"https:\/\/creativemakeup.se\/butik\/smink\/santhilea-magnetic-lash\/\">Magnetic Lash Mascara<\/a>) and false eyelashes from H&amp;M (super old)<\/li>\n<\/ol>\n<p><img loading=\"lazy\" decoding=\"async\" class=\"alignnone size-full wp-image-26542 td-animation-stack-type0-1\" src=\"http:\/\/www.imakeyousmile.se\/wp-content\/uploads\/2016\/07\/IMG_1177_111.jpg\" sizes=\"(max-width: 2500px) 100vw, 2500px\" srcset=\"\" alt=\"IMG_1177_111\" width=\"2500\" height=\"2770\" \/><img loading=\"lazy\" decoding=\"async\" class=\"alignnone size-full wp-image-26543 td-animation-stack-type0-1\" src=\"http:\/\/www.imakeyousmile.se\/wp-content\/uploads\/2016\/07\/IMG_1099_111.jpg\" sizes=\"(max-width: 2500px) 100vw, 2500px\" srcset=\"\" alt=\"IMG_1099_111\" width=\"2500\" height=\"2674\" \/><\/p>\n<p>Speaking of which, a lot can happen, I just copied the text from the old post and thought to publish but realized at the last second that all the links go to creativemakeup.se haha, now the webshop is also called creativemakeup.se! :) Just that job as well, shit how many hours I spent doing that move, great fun!<\/p>\n<p>Hope you thought the post was inspiring, both my maybe a bit chatty text (?) But also the make-up of course \u2665<\/p>\n<p>Wishing you a super nice start to this new week, hugs to you!<\/p>","protected":false},"excerpt":{"rendered":"<p>Jag har verkligen en tendens att pendla mellan att tycka &#8221;tiden g\u00e5r s\u00e5 snabbt, jag hinner ingenting och jag bara trampar p\u00e5 samma st\u00e4lle&#8221; och samtidigt \u00e4r jag expert p\u00e5 att vara den som s\u00e4ger &#8221;t\u00e4nk f\u00f6r bara ETT \u00e5r sedan s\u00e5 var det s\u00e5 h\u00e4r, s\u00e5 h\u00e4r, och s\u00e5 h\u00e4r, gud s\u00e5 mycket som [&hellip;]<\/p>\n","protected":false},"author":30,"featured_media":29301,"comment_status":"open","ping_status":"closed","sticky":false,"template":"","format":"standard","meta":{"footnotes":""},"categories":[9,2623],"tags":[5130,5782,4071,5602],"class_list":["post-29299","post","type-post","status-publish","format-standard","has-post-thumbnail","hentry","category-partysminkningar","category-sminkningar","tag-entreprenor-uppsala","tag-malbild","tag-ung-entreprenor","tag-ung-entreprenor-uppsala"],"yoast_head":"<!-- This site is optimized with the Yoast SEO Premium plugin v14.9 - https:\/\/yoast.com\/wordpress\/plugins\/seo\/ -->\n<meta name=\"description\" content=\"Glam makeup (Black &amp; White) - Steg f\u00f6r steg | Helena Amiley - H\u00e4r hittar du senaste infromation om sk\u00f6nhet, livsstil, entrepren\u00f6rskap, makeup &amp; tips.\" \/>\n<meta name=\"robots\" content=\"index, follow, max-snippet:-1, max-image-preview:large, max-video-preview:-1\" \/>\n<link rel=\"canonical\" href=\"https:\/\/www.imakeyousmile.se\/en\/makeup-1-year-ago\/\" \/>\n<meta property=\"og:locale\" content=\"en_US\" \/>\n<meta property=\"og:type\" content=\"article\" \/>\n<meta property=\"og:title\" content=\"Glam makeup (Black &amp; White) - Steg f\u00f6r steg | Imakeyousmile.se\" \/>\n<meta property=\"og:description\" content=\"Glam makeup (Black &amp; White) - Steg f\u00f6r steg | Helena Amiley - H\u00e4r hittar du senaste infromation om sk\u00f6nhet, livsstil, entrepren\u00f6rskap, makeup &amp; tips.\" \/>\n<meta property=\"og:url\" content=\"https:\/\/www.imakeyousmile.se\/en\/makeup-1-year-ago\/\" \/>\n<meta property=\"og:site_name\" content=\"Imakeyousmile.se\" \/>\n<meta property=\"article:author\" content=\"https:\/\/www.facebook.com\/imakeyousmile.se\" \/>\n<meta property=\"article:published_time\" content=\"2017-07-10T14:51:40+00:00\" \/>\n<meta property=\"article:modified_time\" content=\"2021-09-27T12:33:50+00:00\" \/>\n<meta property=\"og:image\" content=\"https:\/\/www.imakeyousmile.se\/wp-content\/uploads\/2017\/07\/IMG_1160_111.jpg\" \/>\n\t<meta property=\"og:image:width\" content=\"1072\" \/>\n\t<meta property=\"og:image:height\" content=\"613\" \/>\n<meta name=\"twitter:card\" content=\"summary_large_image\" \/>\n<script type=\"application\/ld+json\" class=\"yoast-schema-graph\">{\"@context\":\"https:\/\/schema.org\",\"@graph\":[{\"@type\":\"Organization\",\"@id\":\"https:\/\/www.imakeyousmile.se\/en\/#organization\",\"name\":\"Imakeyousmile\",\"url\":\"https:\/\/www.imakeyousmile.se\/en\/\",\"sameAs\":[],\"logo\":{\"@type\":\"ImageObject\",\"@id\":\"https:\/\/www.imakeyousmile.se\/en\/#logo\",\"inLanguage\":\"en-US\",\"url\":\"https:\/\/www.imakeyousmile.se\/wp-content\/uploads\/2020\/10\/HELENA-AMILEY_SVART-1-e1603367975324.png\",\"width\":280,\"height\":93,\"caption\":\"Imakeyousmile\"},\"image\":{\"@id\":\"https:\/\/www.imakeyousmile.se\/en\/#logo\"}},{\"@type\":\"WebSite\",\"@id\":\"https:\/\/www.imakeyousmile.se\/en\/#website\",\"url\":\"https:\/\/www.imakeyousmile.se\/en\/\",\"name\":\"Imakeyousmile.se\",\"description\":\"Helena Amiley - Beauty, Entrepreneur, Lifestyle\",\"publisher\":{\"@id\":\"https:\/\/www.imakeyousmile.se\/en\/#organization\"},\"potentialAction\":[{\"@type\":\"SearchAction\",\"target\":\"https:\/\/www.imakeyousmile.se\/en\/?s={search_term_string}\",\"query-input\":\"required name=search_term_string\"}],\"inLanguage\":\"en-US\"},{\"@type\":\"ImageObject\",\"@id\":\"https:\/\/www.imakeyousmile.se\/makeup-1-year-ago\/#primaryimage\",\"inLanguage\":\"en-US\",\"url\":\"https:\/\/www.imakeyousmile.se\/wp-content\/uploads\/2017\/07\/IMG_1160_111.jpg\",\"width\":\"1072\",\"height\":\"613\"},{\"@type\":\"WebPage\",\"@id\":\"https:\/\/www.imakeyousmile.se\/makeup-1-year-ago\/#webpage\",\"url\":\"https:\/\/www.imakeyousmile.se\/makeup-1-year-ago\/\",\"name\":\"Glam makeup (Black & White) - Steg f\\u00f6r steg | Imakeyousmile.se\",\"isPartOf\":{\"@id\":\"https:\/\/www.imakeyousmile.se\/en\/#website\"},\"primaryImageOfPage\":{\"@id\":\"https:\/\/www.imakeyousmile.se\/makeup-1-year-ago\/#primaryimage\"},\"datePublished\":\"2017-07-10T14:51:40+00:00\",\"dateModified\":\"2021-09-27T12:33:50+00:00\",\"description\":\"Glam makeup (Black & White) - Steg f\\u00f6r steg | Helena Amiley - H\\u00e4r hittar du senaste infromation om sk\\u00f6nhet, livsstil, entrepren\\u00f6rskap, makeup & tips.\",\"inLanguage\":\"en-US\",\"potentialAction\":[{\"@type\":\"ReadAction\",\"target\":[\"https:\/\/www.imakeyousmile.se\/makeup-1-year-ago\/\"]}]},{\"@type\":\"Article\",\"@id\":\"https:\/\/www.imakeyousmile.se\/makeup-1-year-ago\/#article\",\"isPartOf\":{\"@id\":\"https:\/\/www.imakeyousmile.se\/makeup-1-year-ago\/#webpage\"},\"author\":{\"@id\":\"https:\/\/www.imakeyousmile.se\/en\/#\/schema\/person\/b0fd43b1c6bb1c60cfd68bff9b4a10fb\"},\"headline\":\"Glam makeup (Black &#038; White) &#8211; Steg f\\u00f6r steg\",\"datePublished\":\"2017-07-10T14:51:40+00:00\",\"dateModified\":\"2021-09-27T12:33:50+00:00\",\"mainEntityOfPage\":{\"@id\":\"https:\/\/www.imakeyousmile.se\/makeup-1-year-ago\/#webpage\"},\"commentCount\":0,\"publisher\":{\"@id\":\"https:\/\/www.imakeyousmile.se\/en\/#organization\"},\"image\":{\"@id\":\"https:\/\/www.imakeyousmile.se\/makeup-1-year-ago\/#primaryimage\"},\"keywords\":\"entrepren\\u00f6r uppsala,m\\u00e5lbild,ung entrepren\\u00f6r,ung entrepren\\u00f6r uppsala\",\"articleSection\":\"M\\u00f6rka \/ festliga sminkningar,Sminkningar\",\"inLanguage\":\"en-US\",\"potentialAction\":[{\"@type\":\"CommentAction\",\"name\":\"Comment\",\"target\":[\"https:\/\/www.imakeyousmile.se\/makeup-1-year-ago\/#respond\"]}]},{\"@type\":\"Person\",\"@id\":\"https:\/\/www.imakeyousmile.se\/en\/#\/schema\/person\/b0fd43b1c6bb1c60cfd68bff9b4a10fb\",\"name\":\"Helena Amiley\",\"image\":{\"@type\":\"ImageObject\",\"@id\":\"https:\/\/www.imakeyousmile.se\/en\/#personlogo\",\"inLanguage\":\"en-US\",\"url\":\"https:\/\/secure.gravatar.com\/avatar\/5645558e1e355457a23368d7e1b4c904?s=96&d=mm&r=g\",\"caption\":\"Helena Amiley\"},\"description\":\"Jag skriver mest om sk\\u00f6nhet men bjuder \\u00e4ven p\\u00e5 glimtar fr\\u00e5n entrepren\\u00f6rlivet och bygget av v\\u00e5r egen camper van. Vanlife here we come!\",\"sameAs\":[\"https:\/\/www.facebook.com\/imakeyousmile.se\",\"https:\/\/www.instagram.com\/helenaamiley\",\"https:\/\/www.youtube.com\/channel\/UCR5iB6rvpV6Yr8ZjpQfr5mg?view_as=subscriber\"]}]}<\/script>\n<!-- \/ Yoast SEO Premium plugin. -->","_links":{"self":[{"href":"https:\/\/www.imakeyousmile.se\/en\/wp-json\/wp\/v2\/posts\/29299"}],"collection":[{"href":"https:\/\/www.imakeyousmile.se\/en\/wp-json\/wp\/v2\/posts"}],"about":[{"href":"https:\/\/www.imakeyousmile.se\/en\/wp-json\/wp\/v2\/types\/post"}],"author":[{"embeddable":true,"href":"https:\/\/www.imakeyousmile.se\/en\/wp-json\/wp\/v2\/users\/30"}],"replies":[{"embeddable":true,"href":"https:\/\/www.imakeyousmile.se\/en\/wp-json\/wp\/v2\/comments?post=29299"}],"version-history":[{"count":6,"href":"https:\/\/www.imakeyousmile.se\/en\/wp-json\/wp\/v2\/posts\/29299\/revisions"}],"predecessor-version":[{"id":41223,"href":"https:\/\/www.imakeyousmile.se\/en\/wp-json\/wp\/v2\/posts\/29299\/revisions\/41223"}],"wp:featuredmedia":[{"embeddable":true,"href":"https:\/\/www.imakeyousmile.se\/en\/wp-json\/wp\/v2\/media\/29301"}],"wp:attachment":[{"href":"https:\/\/www.imakeyousmile.se\/en\/wp-json\/wp\/v2\/media?parent=29299"}],"wp:term":[{"taxonomy":"category","embeddable":true,"href":"https:\/\/www.imakeyousmile.se\/en\/wp-json\/wp\/v2\/categories?post=29299"},{"taxonomy":"post_tag","embeddable":true,"href":"https:\/\/www.imakeyousmile.se\/en\/wp-json\/wp\/v2\/tags?post=29299"}],"curies":[{"name":"wp","href":"https:\/\/api.w.org\/{rel}","templated":true}]}}