{"id":29372,"date":"2017-07-18T09:10:27","date_gmt":"2017-07-18T07:10:27","guid":{"rendered":"http:\/\/www.imakeyousmile.se\/?p=29372"},"modified":"2020-10-22T13:19:55","modified_gmt":"2020-10-22T11:19:55","slug":"sminkkonsultation-alopecia","status":"publish","type":"post","link":"https:\/\/www.imakeyousmile.se\/en\/makeup-consultation-alopecia\/","title":{"rendered":"Makeup Consultation &amp; Alopecia"},"content":{"rendered":"<p>Here are before and after pictures of a make-up consultation I did last Saturday :)<\/p>\n<p>It&#039;s a girl with alopecia who did an eyebrow tattoo at Annika&#039;s a year ago, so she only has a few lashes and eyebrows. We did a light and natural make-up that highlights her features and opens up the gaze nicely!<\/p>\n<p><img loading=\"lazy\" decoding=\"async\" class=\"alignnone size-large wp-image-29374\" src=\"http:\/\/www.imakeyousmile.se\/wp-content\/uploads\/2017\/07\/sminkkonsultation-alopecia_vattenst\u00e4mpel-1024x1024.jpg\" alt=\"\" width=\"640\" height=\"640\" srcset=\"https:\/\/www.imakeyousmile.se\/wp-content\/uploads\/2017\/07\/sminkkonsultation-alopecia_vattenst\u00e4mpel-1024x1024.jpg 1024w, https:\/\/www.imakeyousmile.se\/wp-content\/uploads\/2017\/07\/sminkkonsultation-alopecia_vattenst\u00e4mpel-150x150.jpg 150w, https:\/\/www.imakeyousmile.se\/wp-content\/uploads\/2017\/07\/sminkkonsultation-alopecia_vattenst\u00e4mpel-300x300.jpg 300w, https:\/\/www.imakeyousmile.se\/wp-content\/uploads\/2017\/07\/sminkkonsultation-alopecia_vattenst\u00e4mpel-768x768.jpg 768w, https:\/\/www.imakeyousmile.se\/wp-content\/uploads\/2017\/07\/sminkkonsultation-alopecia_vattenst\u00e4mpel-696x696.jpg 696w, https:\/\/www.imakeyousmile.se\/wp-content\/uploads\/2017\/07\/sminkkonsultation-alopecia_vattenst\u00e4mpel-1068x1068.jpg 1068w, https:\/\/www.imakeyousmile.se\/wp-content\/uploads\/2017\/07\/sminkkonsultation-alopecia_vattenst\u00e4mpel-420x420.jpg 420w\" sizes=\"(max-width: 640px) 100vw, 640px\" \/><\/p>\n<p><strong>BASE:<\/strong><\/p>\n<p>Face primer -\u00a0<a href=\"https:\/\/ion.lyko.com\/t\/t?a=1117786221&#038;as=1548102449&#038;t=2&#038;tk=1&#038;epi=search-replace-flawlessporeless&#038;url=https:\/\/lyko.com\/sv\/pixi\/pixi-flawless-poreless-primer\/\">Pixi Flawless &amp; poreless<\/a><br \/>\nFoundation -\u00a0<a href=\"https:\/\/ion.lyko.com\/t\/t?a=1117786221&#038;as=1548102449&#038;t=2&#038;tk=1&#038;epi=search-replace-skintint&#038;url=https:\/\/lyko.com\/sv\/pixi\/pixi-h2o-skintint-2nude\/\" target=\"_blank\" rel=\"noopener noreferrer\">Pixi H2O Skintint\u00a0<\/a>(1 Cream)<br \/>\nPowders that remove redness -\u00a0<a href=\"https:\/\/ion.lyko.com\/t\/t?a=1117786221&#038;as=1548102449&#038;t=2&#038;tk=1&#038;epi=search-replace-rednessrelief&#038;url=https:\/\/lyko.com\/sv\/glo-skin-beauty\/glo-skin-bea-rednessrelief-powder\/\" target=\"_blank\" rel=\"noopener noreferrer\">gloMinerals Redness Relief Powder<\/a><br \/>\nContouring &amp; highlighter -\u00a0<a href=\"https:\/\/ion.lyko.com\/t\/t?a=1117786221&#038;as=1548102449&#038;t=2&#038;tk=1&#038;epi=search-replace-pixipalette&#038;url=https:\/\/lyko.com\/sv\/sok?q=pixi+palette\" target=\"_blank\" rel=\"noopener noreferrer\">Pixi Book of beauty contour creator<\/a><br \/>\nRouge -\u00a0<a href=\"https:\/\/ion.lyko.com\/t\/t?a=1117786221&#038;as=1548102449&#038;t=2&#038;tk=1&#038;epi=search-replae-glo-blush&#038;url=https:\/\/lyko.com\/sv\/glo-skin-beauty\/glominerals-blush-sweet\/\" target=\"_blank\" rel=\"noopener noreferrer\">gloMinerals Blush<\/a>\u00a0(Papaya)<br \/>\nFixing mist -\u00a0<a href=\"https:\/\/ion.lyko.com\/t\/t?a=1117786221&#038;as=1548102449&#038;t=2&#038;tk=1&#038;epi=search-replace-fixingmist&#038;url=https:\/\/lyko.com\/sv\/pixi\/pixi-makeup-fixing-mist\" target=\"_blank\" rel=\"noopener noreferrer\">Pixi Makeup Fixing Mist<\/a><\/p>\n<p>We started with a face primer that is debilitating for oily skin. She is actually dry in the skin but also becomes shiny after a while, which is not entirely uncommon when you are dry, then the skin produces sebum to soften itself. I then recommend skin care for dry skin but makeup for oily skin.<\/p>\n<p>After that a gel foundation that is water resistant and oil free. Then redness relief powder that removes redness and contouring and highlighter (both matte highlighter and with luster) and a rosy blush on the cheeks.<\/p>\n<p>Redness Relief Powder is a super good product for her that easily flares up and turns red, she will get married in a month and would kind of bathe in this powder and have it all over the cleavage and neck on the big day :) It gives no coverage without neutralizes redness. She was not so red when we put on make-up (because it usually flares up when she blushes or is hot) so to show how effective it is, I applied it to the ear which was quite red. You can actually see this in the left ear in the before and after pictures above.<\/p>\n<p>We finished with fixing mist that makes the makeup hold better.<\/p>\n<p><strong>EYEBROW:<\/strong><\/p>\n<p>Eyebrow Pencil\u2013\u00a0<a href=\"https:\/\/ion.lyko.com\/t\/t?a=1117786221&#038;as=1548102449&#038;t=2&#038;tk=1&#038;epi=search-replace-pixibrowduo&#038;url=https:\/\/lyko.com\/sv\/pixi\/pixi-natural-brow-duo-natural-brown\" target=\"_blank\" rel=\"noopener noreferrer\">Pixi natural brow duo<\/a>\u00a0(Natural Brown)<\/p>\n<p>We also filled in the brows even though she has a tattoo. The darkness you want when you are not wearing make-up is not always the same as you want when you are wearing make-up. But it is so quick to fill in on people who have tattooed eyebrows, just following the shape that you know is completely symmetrical :)<\/p>\n<p>I filled in mostly at the top and bottom of the brows, and just super thin in the middle. Because I wanted the hair technique from the tattoo to shine through. Hard to see in the picture but it turned out really nice in reality.<\/p>\n<p><strong>EYES:<\/strong><\/p>\n<p>Eyeshadow Primer -\u00a0<a href=\"https:\/\/ion.lyko.com\/t\/t?a=1117786221&#038;as=1548102449&#038;t=2&#038;tk=1&#038;epi=search-replace-pixi-eyebright&#038;url=https:\/\/lyko.com\/sv\/pixi\/pixi-eye-bright-primer\/\" target=\"_blank\" rel=\"noopener noreferrer\">Pixi eye bright primer<\/a><br \/>\nEyeshadows -\u00a0<a href=\"https:\/\/creativemakeup.se\/butik\/smink\/paese-opal-eyeshadow\/\" target=\"_blank\" rel=\"noopener noreferrer\">Paese Opal Eyeshadow<\/a>\u00a0(Melba<br \/>\nLight eyeliner along the waterline -\u00a0<a href=\"https:\/\/ion.lyko.com\/t\/t?a=1117786221&#038;as=1548102449&#038;t=2&#038;tk=1&#038;epi=search-replace-glo-eyepencil&#038;url=https:\/\/lyko.com\/sv\/glo-skin-beauty\/glominerals-precision-eye-pencil-black\/\">gloMinerals Eye Pencil\u00a0<\/a>(Peach)<br \/>\nEyeliner with wing\u2013\u00a0<a href=\"https:\/\/id.partykungen.se\/t\/t?a=1280241905&#038;as=1548102449&#038;t=2&#038;tk=1&#038;epi=search-replace-kryolangel&#038;url=https:\/\/www.partykungen.se\/kryolan-gel-eyeliner-74187.html#74187-7\" target=\"_blank\" rel=\"noopener noreferrer\">Kryolan HD Cream Liner<\/a>\u00a0(Ebony)<br \/>\nMascara -\u00a0<a href=\"https:\/\/creativemakeup.se\/butik\/smink\/santhilea-magnetic-lash\/\" target=\"_blank\" rel=\"noopener noreferrer\">Magnetic lash mascara<\/a><\/p>\n<p>We did an intensive lashliner \/ lash marking that frames the eyes even though she does not have as many eyelashes. The eye shadows are light and go in light yellow, light pink and light brown and have a nice glow. Summery, natural and brightens up the look!<\/p>\n<p><strong>Lipstick -\u00a0<\/strong>\u00a0<a href=\"https:\/\/ion.lyko.com\/t\/t?a=1117786221&#038;as=1548102449&#038;t=2&#038;tk=1&#038;epi=search-replace-glocreamglaze&#038;url=https:\/\/lyko.com\/sv\/glo-skin-beauty\/glominerals-glo-cream-glaze-crayon-bloom\" target=\"_blank\" rel=\"noopener noreferrer\">gloMinerals Suede Matte Crayon<\/a>\u00a0(Demure)<\/p>\n<p><img loading=\"lazy\" decoding=\"async\" class=\"alignnone size-large wp-image-29373\" src=\"http:\/\/www.imakeyousmile.se\/wp-content\/uploads\/2017\/07\/SAM_5376_111-1024x922.jpg\" alt=\"\" width=\"640\" height=\"576\" srcset=\"https:\/\/www.imakeyousmile.se\/wp-content\/uploads\/2017\/07\/SAM_5376_111-1024x922.jpg 1024w, https:\/\/www.imakeyousmile.se\/wp-content\/uploads\/2017\/07\/SAM_5376_111-300x270.jpg 300w, https:\/\/www.imakeyousmile.se\/wp-content\/uploads\/2017\/07\/SAM_5376_111-768x692.jpg 768w, https:\/\/www.imakeyousmile.se\/wp-content\/uploads\/2017\/07\/SAM_5376_111-696x627.jpg 696w, https:\/\/www.imakeyousmile.se\/wp-content\/uploads\/2017\/07\/SAM_5376_111-1068x962.jpg 1068w, https:\/\/www.imakeyousmile.se\/wp-content\/uploads\/2017\/07\/SAM_5376_111-466x420.jpg 466w\" sizes=\"(max-width: 640px) 100vw, 640px\" \/><\/p>\n<p>Book a make-up consultation with us online at creativemakeup.se, it costs SEK 895 and you get products for the entire amount that you choose in the store. If you want to book with me specifically, you can email helena@creativemakeup.se :)<\/p>\n<p>Hug!<\/p>\n<p><img loading=\"lazy\" decoding=\"async\" class=\"alignnone size-large wp-image-28529\" src=\"http:\/\/www.imakeyousmile.se\/wp-content\/uploads\/2017\/03\/Sidfot-Namnloggo-1024x115.png\" alt=\"\" width=\"640\" height=\"72\" \/><\/p>","protected":false},"excerpt":{"rendered":"<p>H\u00e4r kommer f\u00f6re- och efterbilder p\u00e5 en sminkkonsultation jag gjorde i l\u00f6rdags :) Det \u00e4r en tjej\u00a0med alopecia som gjort \u00f6gonbrynstatuering hos Annika f\u00f6r ett \u00e5r sedan, s\u00e5 hon har\u00a0bara lite fransar och bryn. Vi gjorde en ljus och naturlig sminkning som framh\u00e4ver hennes drag och \u00f6ppnar upp blicken fint! BAS: Ansiktsprimer \u2013\u00a0Pixi Flawless &amp; [&hellip;]<\/p>\n","protected":false},"author":30,"featured_media":29374,"comment_status":"open","ping_status":"closed","sticky":false,"template":"","format":"standard","meta":{"footnotes":""},"categories":[7003],"tags":[5794,3934,5795,4832,3935,4075,4169,4884],"class_list":["post-29372","post","type-post","status-publish","format-standard","has-post-thumbnail","hentry","category-fore-efter-kunder","tag-makeup-alopecia","tag-makeup-uppsala","tag-permanent-makeup-alopecia","tag-smink-alopecia","tag-smink-uppsala","tag-sminkkonsultation-uppsala","tag-sminkkurs-uppsala","tag-sminkradgivning-uppsala"],"yoast_head":"<!-- This site is optimized with the Yoast SEO Premium plugin v14.9 - https:\/\/yoast.com\/wordpress\/plugins\/seo\/ -->\n<meta name=\"description\" content=\"Sminkkonsultation &amp; Alopecia | Helena Amiley - H\u00e4r hittar du senaste infromation om sk\u00f6nhet, livsstil, entrepren\u00f6rskap, makeup &amp; tips.\" \/>\n<meta name=\"robots\" content=\"index, follow, max-snippet:-1, max-image-preview:large, max-video-preview:-1\" \/>\n<link rel=\"canonical\" href=\"https:\/\/www.imakeyousmile.se\/en\/sminkkonsultation-alopecia\/\" \/>\n<meta property=\"og:locale\" content=\"en_US\" \/>\n<meta property=\"og:type\" content=\"article\" \/>\n<meta property=\"og:title\" content=\"Sminkkonsultation &amp; Alopecia | Imakeyousmile.se\" \/>\n<meta property=\"og:description\" content=\"Sminkkonsultation &amp; Alopecia | Helena Amiley - H\u00e4r hittar du senaste infromation om sk\u00f6nhet, livsstil, entrepren\u00f6rskap, makeup &amp; tips.\" \/>\n<meta property=\"og:url\" content=\"https:\/\/www.imakeyousmile.se\/en\/sminkkonsultation-alopecia\/\" \/>\n<meta property=\"og:site_name\" content=\"Imakeyousmile.se\" \/>\n<meta property=\"article:author\" content=\"https:\/\/www.facebook.com\/imakeyousmile.se\" \/>\n<meta property=\"article:published_time\" content=\"2017-07-18T07:10:27+00:00\" \/>\n<meta property=\"article:modified_time\" content=\"2020-10-22T11:19:55+00:00\" \/>\n<meta property=\"og:image\" content=\"https:\/\/www.imakeyousmile.se\/wp-content\/uploads\/2017\/07\/sminkkonsultation-alopecia_vattenst\u00e4mpel.jpg\" \/>\n\t<meta property=\"og:image:width\" content=\"2500\" \/>\n\t<meta property=\"og:image:height\" content=\"2500\" \/>\n<meta name=\"twitter:card\" content=\"summary_large_image\" \/>\n<script type=\"application\/ld+json\" class=\"yoast-schema-graph\">{\"@context\":\"https:\/\/schema.org\",\"@graph\":[{\"@type\":\"Organization\",\"@id\":\"https:\/\/www.imakeyousmile.se\/en\/#organization\",\"name\":\"Imakeyousmile\",\"url\":\"https:\/\/www.imakeyousmile.se\/en\/\",\"sameAs\":[],\"logo\":{\"@type\":\"ImageObject\",\"@id\":\"https:\/\/www.imakeyousmile.se\/en\/#logo\",\"inLanguage\":\"en-US\",\"url\":\"https:\/\/www.imakeyousmile.se\/wp-content\/uploads\/2020\/10\/HELENA-AMILEY_SVART-1-e1603367975324.png\",\"width\":280,\"height\":93,\"caption\":\"Imakeyousmile\"},\"image\":{\"@id\":\"https:\/\/www.imakeyousmile.se\/en\/#logo\"}},{\"@type\":\"WebSite\",\"@id\":\"https:\/\/www.imakeyousmile.se\/en\/#website\",\"url\":\"https:\/\/www.imakeyousmile.se\/en\/\",\"name\":\"Imakeyousmile.se\",\"description\":\"Helena Amiley - Beauty, Entrepreneur, Lifestyle\",\"publisher\":{\"@id\":\"https:\/\/www.imakeyousmile.se\/en\/#organization\"},\"potentialAction\":[{\"@type\":\"SearchAction\",\"target\":\"https:\/\/www.imakeyousmile.se\/en\/?s={search_term_string}\",\"query-input\":\"required name=search_term_string\"}],\"inLanguage\":\"en-US\"},{\"@type\":\"ImageObject\",\"@id\":\"https:\/\/www.imakeyousmile.se\/sminkkonsultation-alopecia\/#primaryimage\",\"inLanguage\":\"en-US\",\"url\":\"https:\/\/www.imakeyousmile.se\/wp-content\/uploads\/2017\/07\/sminkkonsultation-alopecia_vattenst\\u00e4mpel.jpg\",\"width\":\"2500\",\"height\":\"2500\"},{\"@type\":\"WebPage\",\"@id\":\"https:\/\/www.imakeyousmile.se\/sminkkonsultation-alopecia\/#webpage\",\"url\":\"https:\/\/www.imakeyousmile.se\/sminkkonsultation-alopecia\/\",\"name\":\"Sminkkonsultation & Alopecia | Imakeyousmile.se\",\"isPartOf\":{\"@id\":\"https:\/\/www.imakeyousmile.se\/en\/#website\"},\"primaryImageOfPage\":{\"@id\":\"https:\/\/www.imakeyousmile.se\/sminkkonsultation-alopecia\/#primaryimage\"},\"datePublished\":\"2017-07-18T07:10:27+00:00\",\"dateModified\":\"2020-10-22T11:19:55+00:00\",\"description\":\"Sminkkonsultation & Alopecia | Helena Amiley - H\\u00e4r hittar du senaste infromation om sk\\u00f6nhet, livsstil, entrepren\\u00f6rskap, makeup & tips.\",\"inLanguage\":\"en-US\",\"potentialAction\":[{\"@type\":\"ReadAction\",\"target\":[\"https:\/\/www.imakeyousmile.se\/sminkkonsultation-alopecia\/\"]}]},{\"@type\":\"Article\",\"@id\":\"https:\/\/www.imakeyousmile.se\/sminkkonsultation-alopecia\/#article\",\"isPartOf\":{\"@id\":\"https:\/\/www.imakeyousmile.se\/sminkkonsultation-alopecia\/#webpage\"},\"author\":{\"@id\":\"https:\/\/www.imakeyousmile.se\/en\/#\/schema\/person\/b0fd43b1c6bb1c60cfd68bff9b4a10fb\"},\"headline\":\"Sminkkonsultation &#038; Alopecia\",\"datePublished\":\"2017-07-18T07:10:27+00:00\",\"dateModified\":\"2020-10-22T11:19:55+00:00\",\"mainEntityOfPage\":{\"@id\":\"https:\/\/www.imakeyousmile.se\/sminkkonsultation-alopecia\/#webpage\"},\"commentCount\":0,\"publisher\":{\"@id\":\"https:\/\/www.imakeyousmile.se\/en\/#organization\"},\"image\":{\"@id\":\"https:\/\/www.imakeyousmile.se\/sminkkonsultation-alopecia\/#primaryimage\"},\"keywords\":\"makeup alopecia,makeup uppsala,permanent makeup alopecia,smink alopecia,smink uppsala,sminkkonsultation uppsala,sminkkurs uppsala,sminkr\\u00e5dgivning uppsala\",\"articleSection\":\"F\\u00f6re &amp; efter (kundjobb)\",\"inLanguage\":\"en-US\",\"potentialAction\":[{\"@type\":\"CommentAction\",\"name\":\"Comment\",\"target\":[\"https:\/\/www.imakeyousmile.se\/sminkkonsultation-alopecia\/#respond\"]}]},{\"@type\":\"Person\",\"@id\":\"https:\/\/www.imakeyousmile.se\/en\/#\/schema\/person\/b0fd43b1c6bb1c60cfd68bff9b4a10fb\",\"name\":\"Helena Amiley\",\"image\":{\"@type\":\"ImageObject\",\"@id\":\"https:\/\/www.imakeyousmile.se\/en\/#personlogo\",\"inLanguage\":\"en-US\",\"url\":\"https:\/\/secure.gravatar.com\/avatar\/5645558e1e355457a23368d7e1b4c904?s=96&d=mm&r=g\",\"caption\":\"Helena Amiley\"},\"description\":\"Jag skriver mest om sk\\u00f6nhet men bjuder \\u00e4ven p\\u00e5 glimtar fr\\u00e5n entrepren\\u00f6rlivet och bygget av v\\u00e5r egen camper van. Vanlife here we come!\",\"sameAs\":[\"https:\/\/www.facebook.com\/imakeyousmile.se\",\"https:\/\/www.instagram.com\/helenaamiley\",\"https:\/\/www.youtube.com\/channel\/UCR5iB6rvpV6Yr8ZjpQfr5mg?view_as=subscriber\"]}]}<\/script>\n<!-- \/ Yoast SEO Premium plugin. -->","_links":{"self":[{"href":"https:\/\/www.imakeyousmile.se\/en\/wp-json\/wp\/v2\/posts\/29372"}],"collection":[{"href":"https:\/\/www.imakeyousmile.se\/en\/wp-json\/wp\/v2\/posts"}],"about":[{"href":"https:\/\/www.imakeyousmile.se\/en\/wp-json\/wp\/v2\/types\/post"}],"author":[{"embeddable":true,"href":"https:\/\/www.imakeyousmile.se\/en\/wp-json\/wp\/v2\/users\/30"}],"replies":[{"embeddable":true,"href":"https:\/\/www.imakeyousmile.se\/en\/wp-json\/wp\/v2\/comments?post=29372"}],"version-history":[{"count":3,"href":"https:\/\/www.imakeyousmile.se\/en\/wp-json\/wp\/v2\/posts\/29372\/revisions"}],"predecessor-version":[{"id":29377,"href":"https:\/\/www.imakeyousmile.se\/en\/wp-json\/wp\/v2\/posts\/29372\/revisions\/29377"}],"wp:featuredmedia":[{"embeddable":true,"href":"https:\/\/www.imakeyousmile.se\/en\/wp-json\/wp\/v2\/media\/29374"}],"wp:attachment":[{"href":"https:\/\/www.imakeyousmile.se\/en\/wp-json\/wp\/v2\/media?parent=29372"}],"wp:term":[{"taxonomy":"category","embeddable":true,"href":"https:\/\/www.imakeyousmile.se\/en\/wp-json\/wp\/v2\/categories?post=29372"},{"taxonomy":"post_tag","embeddable":true,"href":"https:\/\/www.imakeyousmile.se\/en\/wp-json\/wp\/v2\/tags?post=29372"}],"curies":[{"name":"wp","href":"https:\/\/api.w.org\/{rel}","templated":true}]}}