{"id":29732,"date":"2017-09-06T05:00:41","date_gmt":"2017-09-06T03:00:41","guid":{"rendered":"http:\/\/www.imakeyousmile.se\/?p=29732"},"modified":"2020-10-22T12:51:07","modified_gmt":"2020-10-22T10:51:07","slug":"min-businessvecka","status":"publish","type":"post","link":"https:\/\/www.imakeyousmile.se\/en\/my-business-week\/","title":{"rendered":"My business week"},"content":{"rendered":"<p>I have been thinking about how to get more entrepreneurship into the blog, partly because there are some who have requested it and also because I usually get good feedback every time I write about my company and because I think it&#039;s great fun!<\/p>\n<p>Many people have a hard time identifying themselves as entrepreneurs, but if I had to choose between that and a makeup artist, I actually feel more like an entrepreneur actually :) in the long run.<\/p>\n<p>And my focus, no matter what I write about, is not just to inspire but also to give you <strong>tips<\/strong> on how you too should succeed! This applies regardless of whether it is about making a nice eyelinervinge or starting your own webshop :) In addition, company talk is often inspiring even if you do not have a company yourself, it is always possible to apply tips to your job and private life as well.<\/p>\n<p><img loading=\"lazy\" decoding=\"async\" class=\"alignnone size-large wp-image-29733\" src=\"http:\/\/www.imakeyousmile.se\/wp-content\/uploads\/2017\/09\/minbusinessvecka1-1024x1024.jpg\" alt=\"\" width=\"640\" height=\"640\" srcset=\"https:\/\/www.imakeyousmile.se\/wp-content\/uploads\/2017\/09\/minbusinessvecka1-1024x1024.jpg 1024w, https:\/\/www.imakeyousmile.se\/wp-content\/uploads\/2017\/09\/minbusinessvecka1-150x150.jpg 150w, https:\/\/www.imakeyousmile.se\/wp-content\/uploads\/2017\/09\/minbusinessvecka1-300x300.jpg 300w, https:\/\/www.imakeyousmile.se\/wp-content\/uploads\/2017\/09\/minbusinessvecka1-768x768.jpg 768w, https:\/\/www.imakeyousmile.se\/wp-content\/uploads\/2017\/09\/minbusinessvecka1-696x696.jpg 696w, https:\/\/www.imakeyousmile.se\/wp-content\/uploads\/2017\/09\/minbusinessvecka1-1068x1068.jpg 1068w, https:\/\/www.imakeyousmile.se\/wp-content\/uploads\/2017\/09\/minbusinessvecka1-420x420.jpg 420w\" sizes=\"(max-width: 640px) 100vw, 640px\" \/><\/p>\n<p>So my idea now is to make a post about my business week every Sunday! Today comes the first post and it certainly happens to be Wednesday today but the first business week gets a waiver;) Hope you think it will be fun!<\/p>\n<p><strong>1. Meeting with the employment service<\/strong><br \/>\nI was really hot inside after a meeting I had with the employment service regarding an intern who will start with us tomorrow.<\/p>\n<p>I&#039;m used to getting praise for my job, but 99.9% of all compliments is about my make - up, our good products, etc. But something I&#039;m not spoiled by is getting praise for being a good entrepreneur and employer! When I talked about how we should set up the internship, how we work at the salon and all that, the supervisor jokingly asked if she could send other employers on a course with me haha! I got a lot of praise, which I was not prepared for at all, so it was really a boost for self-confidence! :)<\/p>\n<p><img loading=\"lazy\" decoding=\"async\" class=\"alignnone size-full wp-image-29737\" src=\"http:\/\/www.imakeyousmile.se\/wp-content\/uploads\/2017\/09\/000.jpg\" alt=\"\" width=\"850\" height=\"601\" srcset=\"https:\/\/www.imakeyousmile.se\/wp-content\/uploads\/2017\/09\/000.jpg 850w, https:\/\/www.imakeyousmile.se\/wp-content\/uploads\/2017\/09\/000-300x212.jpg 300w, https:\/\/www.imakeyousmile.se\/wp-content\/uploads\/2017\/09\/000-768x543.jpg 768w, https:\/\/www.imakeyousmile.se\/wp-content\/uploads\/2017\/09\/000-100x70.jpg 100w, https:\/\/www.imakeyousmile.se\/wp-content\/uploads\/2017\/09\/000-696x492.jpg 696w, https:\/\/www.imakeyousmile.se\/wp-content\/uploads\/2017\/09\/000-594x420.jpg 594w\" sizes=\"(max-width: 850px) 100vw, 850px\" \/><\/p>\n<p><strong>2. Creative Makeup Kickoff 2017!<\/strong><br \/>\nBasically all the time last week was spent preparing for Friday&#039;s kickoff with the whole team! We were on <a href=\"http:\/\/odalgarden.se\">Odalg\u00e5rden<\/a> outside Uppsala (highly recommended, we were there last year too) and it was a really successful day, everyone felt so excited and we got really good feedback.<\/p>\n<p>The most important thing we presented was our new target image that we will reach no later than June 30, 2018 and I held the entire presentation around it!<\/p>\n<p>This is how we work:<\/p>\n<ol>\n<li><strong>Goal image -<\/strong> First, we presented our goal picture, 4 clear points with how we want the company to look within a year. But it is not enough to decide a goal picture and then go back to work and just hope that the dream comes true, but you have to start and work in the right direction to get there.<\/li>\n<li><strong>Current status image -<\/strong> And to know what we are going to do, we have to look at what the business looks like today, what opportunities do we have and what needs to be improved? This is broken down into different categories.<\/li>\n<li><strong>Strategic focus -<\/strong> But all the points listed above we can not do at once (even if you want!) But you have to look at which points are most prio and start with them. These most acute points can be summarized as a sub-goal, which must be achieved earlier than the goal picture.<\/li>\n<li><strong>Key figures -<\/strong>\u00a0Now we know <em>where<\/em> we will and <em>how<\/em> we must start working to get there, but we must also be able to follow up that it is going in the right direction - and above all have time to do something about it<em> not<\/em> going in the right direction. We do this with key figures that are specific things you measure to see if it progresses. The key figures are not necessarily figures on sales and such, but you can measure just about anything, how well you follow routines, etc.<\/li>\n<\/ol>\n<p>We did all this exactly one year ago and we reached those goals this June! :) And now I presented our new goal picture, focus and key figures that we will put our teeth into in the coming year!<\/p>\n<p><img loading=\"lazy\" decoding=\"async\" class=\"alignnone size-large wp-image-29736\" src=\"http:\/\/www.imakeyousmile.se\/wp-content\/uploads\/2017\/09\/Sk\u00e4rmklipp-2017-09-05-15.36.23-1024x723.png\" alt=\"\" width=\"640\" height=\"452\" srcset=\"https:\/\/www.imakeyousmile.se\/wp-content\/uploads\/2017\/09\/Sk\u00e4rmklipp-2017-09-05-15.36.23-1024x723.png 1024w, https:\/\/www.imakeyousmile.se\/wp-content\/uploads\/2017\/09\/Sk\u00e4rmklipp-2017-09-05-15.36.23-300x212.png 300w, https:\/\/www.imakeyousmile.se\/wp-content\/uploads\/2017\/09\/Sk\u00e4rmklipp-2017-09-05-15.36.23-768x543.png 768w, https:\/\/www.imakeyousmile.se\/wp-content\/uploads\/2017\/09\/Sk\u00e4rmklipp-2017-09-05-15.36.23-100x70.png 100w, https:\/\/www.imakeyousmile.se\/wp-content\/uploads\/2017\/09\/Sk\u00e4rmklipp-2017-09-05-15.36.23-696x492.png 696w, https:\/\/www.imakeyousmile.se\/wp-content\/uploads\/2017\/09\/Sk\u00e4rmklipp-2017-09-05-15.36.23-1068x754.png 1068w, https:\/\/www.imakeyousmile.se\/wp-content\/uploads\/2017\/09\/Sk\u00e4rmklipp-2017-09-05-15.36.23-595x420.png 595w, https:\/\/www.imakeyousmile.se\/wp-content\/uploads\/2017\/09\/Sk\u00e4rmklipp-2017-09-05-15.36.23.png 1676w\" sizes=\"(max-width: 640px) 100vw, 640px\" \/><\/p>\n<p>In addition to talking about concrete facts such as goals and structures, we also told a little about our background and how it came about that we, me, Annika and Miska, merged our companies 2 years ago.<\/p>\n<p>For the past year, we have become many more at the salon and they have more or less been thrown into the business and have gotten to know each other over and over again. But since we are two companies that merged, it is important that everyone knows about the background, we have some customers who have been on Annika&#039;s journey in her first salon (or kind of scrub as it was then haha) while some have come from my kept and followed my blog and webshop since I went to high school.<\/p>\n<p><img loading=\"lazy\" decoding=\"async\" class=\"alignnone size-large wp-image-29734\" src=\"http:\/\/www.imakeyousmile.se\/wp-content\/uploads\/2017\/09\/IMG_2443_111-1024x683.jpg\" alt=\"\" width=\"640\" height=\"427\" srcset=\"https:\/\/www.imakeyousmile.se\/wp-content\/uploads\/2017\/09\/IMG_2443_111-1024x683.jpg 1024w, https:\/\/www.imakeyousmile.se\/wp-content\/uploads\/2017\/09\/IMG_2443_111-300x200.jpg 300w, https:\/\/www.imakeyousmile.se\/wp-content\/uploads\/2017\/09\/IMG_2443_111-768x512.jpg 768w, https:\/\/www.imakeyousmile.se\/wp-content\/uploads\/2017\/09\/IMG_2443_111-696x464.jpg 696w, https:\/\/www.imakeyousmile.se\/wp-content\/uploads\/2017\/09\/IMG_2443_111-1068x713.jpg 1068w, https:\/\/www.imakeyousmile.se\/wp-content\/uploads\/2017\/09\/IMG_2443_111-629x420.jpg 629w, https:\/\/www.imakeyousmile.se\/wp-content\/uploads\/2017\/09\/IMG_2443_111.jpg 1079w\" sizes=\"(max-width: 640px) 100vw, 640px\" \/><\/p>\n<p>After group work and coffee out in the sun, Annika gave a presentation on personal development, which we will start working on more in the coming year. Because we are sooo happy with our team at the salon and really want them to feel that they are growing <em>with<\/em> U.S.<\/p>\n<p>Annika started Creative Makeup almost 11 years ago and do you know that only 2% of all Sweden&#039;s companies survive for over 10 years? So it&#039;s really good!<\/p>\n<p>During that time, she has not only gathered the world&#039;s largest knowledge bank in permanent makeup, but also in personal development and what is important in life.<\/p>\n<p><img loading=\"lazy\" decoding=\"async\" class=\"alignnone size-large wp-image-29735\" src=\"http:\/\/www.imakeyousmile.se\/wp-content\/uploads\/2017\/09\/k13.png\" alt=\"\" width=\"640\" height=\"453\" srcset=\"https:\/\/www.imakeyousmile.se\/wp-content\/uploads\/2017\/09\/k13.png 850w, https:\/\/www.imakeyousmile.se\/wp-content\/uploads\/2017\/09\/k13-300x212.png 300w, https:\/\/www.imakeyousmile.se\/wp-content\/uploads\/2017\/09\/k13-768x543.png 768w, https:\/\/www.imakeyousmile.se\/wp-content\/uploads\/2017\/09\/k13-100x70.png 100w, https:\/\/www.imakeyousmile.se\/wp-content\/uploads\/2017\/09\/k13-696x492.png 696w, https:\/\/www.imakeyousmile.se\/wp-content\/uploads\/2017\/09\/k13-594x420.png 594w\" sizes=\"(max-width: 640px) 100vw, 640px\" \/><\/p>\n<p>Annika also showed this ironic image in her presentation, what is important in life? You will not lie on the deathbed and think that you should have spent a little more time at work as well :) Just because you do something fun does not mean that you do not need time to rest too, regardless of whether you own a company or are employed . We have such good people with us so we do not have to worry about them not doing their best, and are very careful that they have balance in life and feel good.<\/p>\n<p>It was a long way to the kickoff but it&#039;s basically that and brow picking that has reflected my entire business week this week haha! And it all ended with a wonderful dinner with lots of laughter and bullshit, so cozy!<\/p>\n<p>Hope you thought this setup was a little fun. On Sunday there will be an update about this week and it will be very mixed with big and small and rice and rose :)<\/p>\n<p>Hugs are!<\/p>\n<p><img loading=\"lazy\" decoding=\"async\" class=\"alignnone size-large wp-image-28529\" src=\"http:\/\/www.imakeyousmile.se\/wp-content\/uploads\/2017\/03\/Sidfot-Namnloggo-1024x115.png\" alt=\"\" width=\"640\" height=\"72\" \/><\/p>","protected":false},"excerpt":{"rendered":"<p>Jag har funderat p\u00e5 hur jag ska f\u00e5 in mer entrepren\u00f6rsskap i bloggen, dels f\u00f6r att det \u00e4r n\u00e5gra som har efterfr\u00e5gat det och \u00e4ven f\u00f6r att jag brukar f\u00e5 bra feedback varje g\u00e5ng jag skriver om mitt f\u00f6retag och f\u00f6r att jag tycker att det \u00e4r j\u00e4tteroligt! M\u00e5nga har sv\u00e5rt att identifiera sig som [&hellip;]<\/p>\n","protected":false},"author":30,"featured_media":29733,"comment_status":"open","ping_status":"closed","sticky":false,"template":"","format":"standard","meta":{"footnotes":""},"categories":[4070,6999],"tags":[5130,3936,4071,5602],"class_list":["post-29732","post","type-post","status-publish","format-standard","has-post-thumbnail","hentry","category-entreprenorskap","category-sondagsinlagg-m-m","tag-entreprenor-uppsala","tag-makeupartist-uppsala","tag-ung-entreprenor","tag-ung-entreprenor-uppsala"],"yoast_head":"<!-- This site is optimized with the Yoast SEO Premium plugin v14.9 - https:\/\/yoast.com\/wordpress\/plugins\/seo\/ -->\n<meta name=\"description\" content=\"Min businessvecka | Helena Amiley - H\u00e4r hittar du senaste infromation om sk\u00f6nhet, livsstil, entrepren\u00f6rskap, makeup &amp; tips.\" \/>\n<meta name=\"robots\" content=\"index, follow, max-snippet:-1, max-image-preview:large, max-video-preview:-1\" \/>\n<link rel=\"canonical\" href=\"https:\/\/www.imakeyousmile.se\/en\/min-businessvecka\/\" \/>\n<meta property=\"og:locale\" content=\"en_US\" \/>\n<meta property=\"og:type\" content=\"article\" \/>\n<meta property=\"og:title\" content=\"Min businessvecka | Imakeyousmile.se\" \/>\n<meta property=\"og:description\" content=\"Min businessvecka | Helena Amiley - H\u00e4r hittar du senaste infromation om sk\u00f6nhet, livsstil, entrepren\u00f6rskap, makeup &amp; tips.\" \/>\n<meta property=\"og:url\" content=\"https:\/\/www.imakeyousmile.se\/en\/min-businessvecka\/\" \/>\n<meta property=\"og:site_name\" content=\"Imakeyousmile.se\" \/>\n<meta property=\"article:author\" content=\"https:\/\/www.facebook.com\/imakeyousmile.se\" \/>\n<meta property=\"article:published_time\" content=\"2017-09-06T03:00:41+00:00\" \/>\n<meta property=\"article:modified_time\" content=\"2020-10-22T10:51:07+00:00\" \/>\n<meta property=\"og:image\" content=\"https:\/\/www.imakeyousmile.se\/wp-content\/uploads\/2017\/09\/minbusinessvecka1.jpg\" \/>\n\t<meta property=\"og:image:width\" content=\"2500\" \/>\n\t<meta property=\"og:image:height\" content=\"2500\" \/>\n<meta name=\"twitter:card\" content=\"summary_large_image\" \/>\n<script type=\"application\/ld+json\" class=\"yoast-schema-graph\">{\"@context\":\"https:\/\/schema.org\",\"@graph\":[{\"@type\":\"Organization\",\"@id\":\"https:\/\/www.imakeyousmile.se\/en\/#organization\",\"name\":\"Imakeyousmile\",\"url\":\"https:\/\/www.imakeyousmile.se\/en\/\",\"sameAs\":[],\"logo\":{\"@type\":\"ImageObject\",\"@id\":\"https:\/\/www.imakeyousmile.se\/en\/#logo\",\"inLanguage\":\"en-US\",\"url\":\"https:\/\/www.imakeyousmile.se\/wp-content\/uploads\/2020\/10\/HELENA-AMILEY_SVART-1-e1603367975324.png\",\"width\":280,\"height\":93,\"caption\":\"Imakeyousmile\"},\"image\":{\"@id\":\"https:\/\/www.imakeyousmile.se\/en\/#logo\"}},{\"@type\":\"WebSite\",\"@id\":\"https:\/\/www.imakeyousmile.se\/en\/#website\",\"url\":\"https:\/\/www.imakeyousmile.se\/en\/\",\"name\":\"Imakeyousmile.se\",\"description\":\"Helena Amiley - Beauty, Entrepreneur, Lifestyle\",\"publisher\":{\"@id\":\"https:\/\/www.imakeyousmile.se\/en\/#organization\"},\"potentialAction\":[{\"@type\":\"SearchAction\",\"target\":\"https:\/\/www.imakeyousmile.se\/en\/?s={search_term_string}\",\"query-input\":\"required name=search_term_string\"}],\"inLanguage\":\"en-US\"},{\"@type\":\"ImageObject\",\"@id\":\"https:\/\/www.imakeyousmile.se\/min-businessvecka\/#primaryimage\",\"inLanguage\":\"en-US\",\"url\":\"https:\/\/www.imakeyousmile.se\/wp-content\/uploads\/2017\/09\/minbusinessvecka1.jpg\",\"width\":2500,\"height\":2500},{\"@type\":\"WebPage\",\"@id\":\"https:\/\/www.imakeyousmile.se\/min-businessvecka\/#webpage\",\"url\":\"https:\/\/www.imakeyousmile.se\/min-businessvecka\/\",\"name\":\"Min businessvecka | Imakeyousmile.se\",\"isPartOf\":{\"@id\":\"https:\/\/www.imakeyousmile.se\/en\/#website\"},\"primaryImageOfPage\":{\"@id\":\"https:\/\/www.imakeyousmile.se\/min-businessvecka\/#primaryimage\"},\"datePublished\":\"2017-09-06T03:00:41+00:00\",\"dateModified\":\"2020-10-22T10:51:07+00:00\",\"description\":\"Min businessvecka | Helena Amiley - H\\u00e4r hittar du senaste infromation om sk\\u00f6nhet, livsstil, entrepren\\u00f6rskap, makeup & tips.\",\"inLanguage\":\"en-US\",\"potentialAction\":[{\"@type\":\"ReadAction\",\"target\":[\"https:\/\/www.imakeyousmile.se\/min-businessvecka\/\"]}]},{\"@type\":\"Article\",\"@id\":\"https:\/\/www.imakeyousmile.se\/min-businessvecka\/#article\",\"isPartOf\":{\"@id\":\"https:\/\/www.imakeyousmile.se\/min-businessvecka\/#webpage\"},\"author\":{\"@id\":\"https:\/\/www.imakeyousmile.se\/en\/#\/schema\/person\/b0fd43b1c6bb1c60cfd68bff9b4a10fb\"},\"headline\":\"Min businessvecka\",\"datePublished\":\"2017-09-06T03:00:41+00:00\",\"dateModified\":\"2020-10-22T10:51:07+00:00\",\"mainEntityOfPage\":{\"@id\":\"https:\/\/www.imakeyousmile.se\/min-businessvecka\/#webpage\"},\"commentCount\":2,\"publisher\":{\"@id\":\"https:\/\/www.imakeyousmile.se\/en\/#organization\"},\"image\":{\"@id\":\"https:\/\/www.imakeyousmile.se\/min-businessvecka\/#primaryimage\"},\"keywords\":\"entrepren\\u00f6r uppsala,makeupartist uppsala,ung entrepren\\u00f6r,ung entrepren\\u00f6r uppsala\",\"articleSection\":\"Entrepren\\u00f6rskap,S\\u00f6ndagsinl\\u00e4gg m.m\",\"inLanguage\":\"en-US\",\"potentialAction\":[{\"@type\":\"CommentAction\",\"name\":\"Comment\",\"target\":[\"https:\/\/www.imakeyousmile.se\/min-businessvecka\/#respond\"]}]},{\"@type\":\"Person\",\"@id\":\"https:\/\/www.imakeyousmile.se\/en\/#\/schema\/person\/b0fd43b1c6bb1c60cfd68bff9b4a10fb\",\"name\":\"Helena Amiley\",\"image\":{\"@type\":\"ImageObject\",\"@id\":\"https:\/\/www.imakeyousmile.se\/en\/#personlogo\",\"inLanguage\":\"en-US\",\"url\":\"https:\/\/secure.gravatar.com\/avatar\/5645558e1e355457a23368d7e1b4c904?s=96&d=mm&r=g\",\"caption\":\"Helena Amiley\"},\"description\":\"Jag skriver mest om sk\\u00f6nhet men bjuder \\u00e4ven p\\u00e5 glimtar fr\\u00e5n entrepren\\u00f6rlivet och bygget av v\\u00e5r egen camper van. Vanlife here we come!\",\"sameAs\":[\"https:\/\/www.facebook.com\/imakeyousmile.se\",\"https:\/\/www.instagram.com\/helenaamiley\",\"https:\/\/www.youtube.com\/channel\/UCR5iB6rvpV6Yr8ZjpQfr5mg?view_as=subscriber\"]}]}<\/script>\n<!-- \/ Yoast SEO Premium plugin. -->","_links":{"self":[{"href":"https:\/\/www.imakeyousmile.se\/en\/wp-json\/wp\/v2\/posts\/29732"}],"collection":[{"href":"https:\/\/www.imakeyousmile.se\/en\/wp-json\/wp\/v2\/posts"}],"about":[{"href":"https:\/\/www.imakeyousmile.se\/en\/wp-json\/wp\/v2\/types\/post"}],"author":[{"embeddable":true,"href":"https:\/\/www.imakeyousmile.se\/en\/wp-json\/wp\/v2\/users\/30"}],"replies":[{"embeddable":true,"href":"https:\/\/www.imakeyousmile.se\/en\/wp-json\/wp\/v2\/comments?post=29732"}],"version-history":[{"count":11,"href":"https:\/\/www.imakeyousmile.se\/en\/wp-json\/wp\/v2\/posts\/29732\/revisions"}],"predecessor-version":[{"id":29749,"href":"https:\/\/www.imakeyousmile.se\/en\/wp-json\/wp\/v2\/posts\/29732\/revisions\/29749"}],"wp:featuredmedia":[{"embeddable":true,"href":"https:\/\/www.imakeyousmile.se\/en\/wp-json\/wp\/v2\/media\/29733"}],"wp:attachment":[{"href":"https:\/\/www.imakeyousmile.se\/en\/wp-json\/wp\/v2\/media?parent=29732"}],"wp:term":[{"taxonomy":"category","embeddable":true,"href":"https:\/\/www.imakeyousmile.se\/en\/wp-json\/wp\/v2\/categories?post=29732"},{"taxonomy":"post_tag","embeddable":true,"href":"https:\/\/www.imakeyousmile.se\/en\/wp-json\/wp\/v2\/tags?post=29732"}],"curies":[{"name":"wp","href":"https:\/\/api.w.org\/{rel}","templated":true}]}}