{"id":3053,"date":"2013-01-09T07:17:51","date_gmt":"2013-01-09T06:17:51","guid":{"rendered":"http:\/\/www.imakeyousmile.se\/?p=3053"},"modified":"2013-01-08T18:29:40","modified_gmt":"2013-01-08T17:29:40","slug":"primer-2","status":"publish","type":"post","link":"https:\/\/www.imakeyousmile.se\/en\/primer-2\/","title":{"rendered":"Primer"},"content":{"rendered":"<p><strong>Julia sa\u2026<br \/>\n<em>Hey! I really like your blog and I wonder if you could make a post about primer. What it does, how to use it and where? Bought some primer from Lor\u00e9al before that I have as a base on the eyelid but I have heard and read that you should have them on your face with? Yes it would be nice if you, as I said, could make a post about them :) hugs!<\/em><\/strong><\/p>\n<p>I wrote a post about primer quite recently, but I can publish it again! :)<\/p>\n<p>&nbsp;<\/p>\n<p>It shocks me that so few use the product that is mine <span style=\"font-size: large;\">main tool<\/span> in the make-up bag. It is also common that many do not even know what it is!<\/p>\n<p>The wonderful tool I&#039;m talking about is of course a primer (<em>pronounced prajmer<\/em>)<\/p>\n<p>You could say that a primer is a makeup glue. Usually a transparent or skin-colored cream, which is applied before make-up.<\/p>\n<p>The colors get stronger, as well <span style=\"font-size: large;\">holding<\/span> much longer. In addition, the eye shadow becomes much easier to work with!<\/p>\n<p><img loading=\"lazy\" decoding=\"async\" class=\"aligncenter\" title=\"IMG_6952\" src=\"http:\/\/www.imakeyousmile.se\/wp-content\/uploads\/2012\/12\/IMG_6952-662x901.jpg\" alt=\"\" width=\"397\" height=\"541\" \/><\/p>\n<p style=\"text-align: center;\">Top - Eyeshadow <strong>without primer<\/strong>.<br \/>\nBottom - Eyeshadow <strong>with primer<\/strong>.<\/p>\n<p>&nbsp;<\/p>\n<p><span style=\"text-decoration: underline;\">Face primer<\/span> - Applied to the entire face, <strong>after<\/strong> face lotion, <strong>before<\/strong> foundation.<br \/>\n<span style=\"text-decoration: underline;\">Eye primer<\/span> - Applied around the eyes (<em>only up to the eyebrow and on the lower lash line, so that you do not miss anywhere and risk getting spotted eye shadow at the outer edges<\/em>)<strong> after<\/strong> foundation, <strong>before<\/strong> eye shadow<\/p>\n<p><strong>Face primer<\/strong> - I use <a href=\"https:\/\/ion.lyko.com\/t\/t?a=1117786221&#038;as=1548102449&#038;t=2&#038;tk=1&#038;epi=search-replace-gloprimer&#038;url=https:\/\/lyko.com\/sv\/sok?q=glo+primer\"><strong><em>gloMinerals face primer<\/em><\/strong><\/a>, think it&#039;s super good! Have also reviewed it in one <a href=\"http:\/\/www.imakeyousmile.se\/en\/glo-minerals-face-primer\/\"><em><strong>previous posts<\/strong><\/em><\/a>.<\/p>\n<p><strong>Eye primer<\/strong> - To the eyes I have <a href=\"https:\/\/ion.lyko.com\/t\/t?a=1117786221&#038;as=1548102449&#038;t=2&#038;tk=1&#038;epi=search-replace-eyeprimer&#038;url=https:\/\/lyko.com\/sv\/sok?q=%C3%B6gonskuggs+primer\"><strong><em>Lumene&#039;s eye primer<\/em><\/strong><\/a>. Costs around 100 bucks at Kicks.<\/p>\n<p>&nbsp;<\/p>\n<p style=\"text-align: center;\"><span style=\"font-size: xx-large;\">Hug from me!<\/span><\/p>","protected":false},"excerpt":{"rendered":"<p>Julia sa&#8230; Hej! Tycker om din blogg j\u00e4tte mycket och jag undrar om du skulle kunna g\u00f6ra ett inl\u00e4gg om primer. Vad den g\u00f6r hur man anv\u00e4nder det och var? K\u00f6pte n\u00e5gon primer fr\u00e5n Lor\u00e9al f\u00f6rut som jag har som bas p\u00e5 \u00f6gonlocket men jag har f\u00e5tt h\u00f6ra och l\u00e4st att man ska ha de [&hellip;]<\/p>\n","protected":false},"author":30,"featured_media":0,"comment_status":"open","ping_status":"open","sticky":false,"template":"","format":"standard","meta":{"footnotes":""},"categories":[59],"tags":[128,218,127,126],"class_list":["post-3053","post","type-post","status-publish","format-standard","hentry","category-recensioner-produkttips","tag-ansiktsprimer","tag-hur-anvander-man-primer","tag-ogonprimer","tag-primer"],"yoast_head":"<!-- This site is optimized with the Yoast SEO Premium plugin v14.9 - https:\/\/yoast.com\/wordpress\/plugins\/seo\/ -->\n<meta name=\"description\" content=\"Primer | Helena Amiley - H\u00e4r hittar du senaste infromation om sk\u00f6nhet, livsstil, entrepren\u00f6rskap, makeup &amp; tips.\" \/>\n<meta name=\"robots\" content=\"index, follow, max-snippet:-1, max-image-preview:large, max-video-preview:-1\" \/>\n<link rel=\"canonical\" href=\"https:\/\/www.imakeyousmile.se\/en\/primer-2\/\" \/>\n<meta property=\"og:locale\" content=\"en_US\" \/>\n<meta property=\"og:type\" content=\"article\" \/>\n<meta property=\"og:title\" content=\"Primer | Imakeyousmile.se\" \/>\n<meta property=\"og:description\" content=\"Primer | Helena Amiley - H\u00e4r hittar du senaste infromation om sk\u00f6nhet, livsstil, entrepren\u00f6rskap, makeup &amp; tips.\" \/>\n<meta property=\"og:url\" content=\"https:\/\/www.imakeyousmile.se\/en\/primer-2\/\" \/>\n<meta property=\"og:site_name\" content=\"Imakeyousmile.se\" \/>\n<meta property=\"article:author\" content=\"https:\/\/www.facebook.com\/imakeyousmile.se\" \/>\n<meta property=\"article:published_time\" content=\"2013-01-09T06:17:51+00:00\" \/>\n<meta property=\"article:modified_time\" content=\"2013-01-08T17:29:40+00:00\" \/>\n<meta property=\"og:image\" content=\"http:\/\/www.imakeyousmile.se\/wp-content\/uploads\/2012\/12\/IMG_6952-662x901.jpg\" \/>\n<meta name=\"twitter:card\" content=\"summary_large_image\" \/>\n<script type=\"application\/ld+json\" class=\"yoast-schema-graph\">{\"@context\":\"https:\/\/schema.org\",\"@graph\":[{\"@type\":\"Organization\",\"@id\":\"https:\/\/www.imakeyousmile.se\/en\/#organization\",\"name\":\"Imakeyousmile\",\"url\":\"https:\/\/www.imakeyousmile.se\/en\/\",\"sameAs\":[],\"logo\":{\"@type\":\"ImageObject\",\"@id\":\"https:\/\/www.imakeyousmile.se\/en\/#logo\",\"inLanguage\":\"en-US\",\"url\":\"https:\/\/www.imakeyousmile.se\/wp-content\/uploads\/2020\/10\/HELENA-AMILEY_SVART-1-e1603367975324.png\",\"width\":280,\"height\":93,\"caption\":\"Imakeyousmile\"},\"image\":{\"@id\":\"https:\/\/www.imakeyousmile.se\/en\/#logo\"}},{\"@type\":\"WebSite\",\"@id\":\"https:\/\/www.imakeyousmile.se\/en\/#website\",\"url\":\"https:\/\/www.imakeyousmile.se\/en\/\",\"name\":\"Imakeyousmile.se\",\"description\":\"Helena Amiley - Beauty, Entrepreneur, Lifestyle\",\"publisher\":{\"@id\":\"https:\/\/www.imakeyousmile.se\/en\/#organization\"},\"potentialAction\":[{\"@type\":\"SearchAction\",\"target\":\"https:\/\/www.imakeyousmile.se\/en\/?s={search_term_string}\",\"query-input\":\"required name=search_term_string\"}],\"inLanguage\":\"en-US\"},{\"@type\":\"ImageObject\",\"@id\":\"https:\/\/www.imakeyousmile.se\/primer-2\/#primaryimage\",\"inLanguage\":\"en-US\",\"url\":\"http:\/\/www.imakeyousmile.se\/wp-content\/uploads\/2012\/12\/IMG_6952-662x901.jpg\"},{\"@type\":\"WebPage\",\"@id\":\"https:\/\/www.imakeyousmile.se\/primer-2\/#webpage\",\"url\":\"https:\/\/www.imakeyousmile.se\/primer-2\/\",\"name\":\"Primer | Imakeyousmile.se\",\"isPartOf\":{\"@id\":\"https:\/\/www.imakeyousmile.se\/en\/#website\"},\"primaryImageOfPage\":{\"@id\":\"https:\/\/www.imakeyousmile.se\/primer-2\/#primaryimage\"},\"datePublished\":\"2013-01-09T06:17:51+00:00\",\"dateModified\":\"2013-01-08T17:29:40+00:00\",\"description\":\"Primer | Helena Amiley - H\\u00e4r hittar du senaste infromation om sk\\u00f6nhet, livsstil, entrepren\\u00f6rskap, makeup & tips.\",\"inLanguage\":\"en-US\",\"potentialAction\":[{\"@type\":\"ReadAction\",\"target\":[\"https:\/\/www.imakeyousmile.se\/primer-2\/\"]}]},{\"@type\":\"Article\",\"@id\":\"https:\/\/www.imakeyousmile.se\/primer-2\/#article\",\"isPartOf\":{\"@id\":\"https:\/\/www.imakeyousmile.se\/primer-2\/#webpage\"},\"author\":{\"@id\":\"https:\/\/www.imakeyousmile.se\/en\/#\/schema\/person\/b0fd43b1c6bb1c60cfd68bff9b4a10fb\"},\"headline\":\"Primer\",\"datePublished\":\"2013-01-09T06:17:51+00:00\",\"dateModified\":\"2013-01-08T17:29:40+00:00\",\"mainEntityOfPage\":{\"@id\":\"https:\/\/www.imakeyousmile.se\/primer-2\/#webpage\"},\"commentCount\":0,\"publisher\":{\"@id\":\"https:\/\/www.imakeyousmile.se\/en\/#organization\"},\"image\":{\"@id\":\"https:\/\/www.imakeyousmile.se\/primer-2\/#primaryimage\"},\"keywords\":\"Ansiktsprimer,Hur anv\\u00e4nder man primer?,\\u00d6gonprimer,Primer\",\"articleSection\":\"Recensioner &amp; Produkttips\",\"inLanguage\":\"en-US\",\"potentialAction\":[{\"@type\":\"CommentAction\",\"name\":\"Comment\",\"target\":[\"https:\/\/www.imakeyousmile.se\/primer-2\/#respond\"]}]},{\"@type\":\"Person\",\"@id\":\"https:\/\/www.imakeyousmile.se\/en\/#\/schema\/person\/b0fd43b1c6bb1c60cfd68bff9b4a10fb\",\"name\":\"Helena Amiley\",\"image\":{\"@type\":\"ImageObject\",\"@id\":\"https:\/\/www.imakeyousmile.se\/en\/#personlogo\",\"inLanguage\":\"en-US\",\"url\":\"https:\/\/secure.gravatar.com\/avatar\/5645558e1e355457a23368d7e1b4c904?s=96&d=mm&r=g\",\"caption\":\"Helena Amiley\"},\"description\":\"Jag skriver mest om sk\\u00f6nhet men bjuder \\u00e4ven p\\u00e5 glimtar fr\\u00e5n entrepren\\u00f6rlivet och bygget av v\\u00e5r egen camper van. Vanlife here we come!\",\"sameAs\":[\"https:\/\/www.facebook.com\/imakeyousmile.se\",\"https:\/\/www.instagram.com\/helenaamiley\",\"https:\/\/www.youtube.com\/channel\/UCR5iB6rvpV6Yr8ZjpQfr5mg?view_as=subscriber\"]}]}<\/script>\n<!-- \/ Yoast SEO Premium plugin. -->","_links":{"self":[{"href":"https:\/\/www.imakeyousmile.se\/en\/wp-json\/wp\/v2\/posts\/3053"}],"collection":[{"href":"https:\/\/www.imakeyousmile.se\/en\/wp-json\/wp\/v2\/posts"}],"about":[{"href":"https:\/\/www.imakeyousmile.se\/en\/wp-json\/wp\/v2\/types\/post"}],"author":[{"embeddable":true,"href":"https:\/\/www.imakeyousmile.se\/en\/wp-json\/wp\/v2\/users\/30"}],"replies":[{"embeddable":true,"href":"https:\/\/www.imakeyousmile.se\/en\/wp-json\/wp\/v2\/comments?post=3053"}],"version-history":[{"count":0,"href":"https:\/\/www.imakeyousmile.se\/en\/wp-json\/wp\/v2\/posts\/3053\/revisions"}],"wp:attachment":[{"href":"https:\/\/www.imakeyousmile.se\/en\/wp-json\/wp\/v2\/media?parent=3053"}],"wp:term":[{"taxonomy":"category","embeddable":true,"href":"https:\/\/www.imakeyousmile.se\/en\/wp-json\/wp\/v2\/categories?post=3053"},{"taxonomy":"post_tag","embeddable":true,"href":"https:\/\/www.imakeyousmile.se\/en\/wp-json\/wp\/v2\/tags?post=3053"}],"curies":[{"name":"wp","href":"https:\/\/api.w.org\/{rel}","templated":true}]}}