{"id":30960,"date":"2018-01-02T12:02:02","date_gmt":"2018-01-02T11:02:02","guid":{"rendered":"http:\/\/www.imakeyousmile.se\/?p=30960"},"modified":"2021-10-07T08:25:07","modified_gmt":"2021-10-07T06:25:07","slug":"festmakeup-stora-ogon-fore-efter","status":"publish","type":"post","link":"https:\/\/www.imakeyousmile.se\/en\/party-makeup-big-ogon-before-after\/","title":{"rendered":"Party makeup big eyes - Before &amp; after"},"content":{"rendered":"<p>Here is a party makeup that I did on Christmas day! :) We enlarged her eyes and did a sweep with white, gold, brown and black, very nice and her blue eyes were highlighted really nicely!<\/p>\n<p><img loading=\"lazy\" decoding=\"async\" class=\"alignnone size-large wp-image-30962\" src=\"http:\/\/www.imakeyousmile.se\/wp-content\/uploads\/2018\/01\/juldagensminkning_vattenst\u00e4mpel-1024x968.jpg\" alt=\"\" width=\"640\" height=\"605\" srcset=\"https:\/\/www.imakeyousmile.se\/wp-content\/uploads\/2018\/01\/juldagensminkning_vattenst\u00e4mpel-1024x968.jpg 1024w, https:\/\/www.imakeyousmile.se\/wp-content\/uploads\/2018\/01\/juldagensminkning_vattenst\u00e4mpel-300x284.jpg 300w, https:\/\/www.imakeyousmile.se\/wp-content\/uploads\/2018\/01\/juldagensminkning_vattenst\u00e4mpel-768x726.jpg 768w, https:\/\/www.imakeyousmile.se\/wp-content\/uploads\/2018\/01\/juldagensminkning_vattenst\u00e4mpel-696x658.jpg 696w, https:\/\/www.imakeyousmile.se\/wp-content\/uploads\/2018\/01\/juldagensminkning_vattenst\u00e4mpel-1068x1009.jpg 1068w, https:\/\/www.imakeyousmile.se\/wp-content\/uploads\/2018\/01\/juldagensminkning_vattenst\u00e4mpel-444x420.jpg 444w\" sizes=\"(max-width: 640px) 100vw, 640px\" \/><\/p>\n<p>The most important thing when you want to enlarge eyes that have the eye shape hooded eyes is to apply the dark eye shadow <strong>over<\/strong> the globe line so that you &quot;push in&quot; the skin that lies over, then you get the illusion of a raised gaze.<\/p>\n<p>We also smoked a lot under the eyes for extra party effect, she fit so well in it :)<\/p>\n<p><strong>BASE:<br \/>\n<\/strong>Face primer -\u00a0<a href=\"https:\/\/creativemakeup.se\/butik\/smink\/paese-makeup-base\/\">Paese Makeup Base <\/a>(Matte)<br \/>\nFoundation -\u00a0<a href=\"https:\/\/ion.lyko.com\/t\/t?a=1117786221&amp;as=1548102449&amp;t=2&amp;tk=1&amp;epi=search-replace-skintint&amp;url=https:\/\/lyko.com\/sv\/pixi\/pixi-h2o-skintint-2nude\/\" target=\"_blank\" rel=\"noopener noreferrer\">Pixi H2O Skintint\u00a0<\/a>(2 Nude)<br \/>\nConcealer -\u00a0<a href=\"https:\/\/ion.lyko.com\/t\/t?a=1117786221&amp;as=1548102449&amp;t=2&amp;tk=1&amp;epi=search-replace-glo-undereye&amp;url=https:\/\/lyko.com\/sv\/glo-skin-beauty\/glominerals-under-eye-concealer-beige\/\">gloMinerals Under eye concealer\u00a0<\/a>(Beige)<br \/>\nContouring &amp; highlighter -\u00a0<a href=\"https:\/\/ion.lyko.com\/t\/t?a=1117786221&amp;as=1548102449&amp;t=2&amp;tk=1&amp;epi=search-replace-pixipalette&amp;url=https:\/\/lyko.com\/sv\/sok?q=pixi+palette\" target=\"_blank\" rel=\"noopener noreferrer\">Pixi Book of beauty contour creator<\/a><br \/>\nRouge - <a href=\"https:\/\/ion.lyko.com\/t\/t?a=1117786221&amp;as=1548102449&amp;t=2&amp;tk=1&amp;epi=serach-replace-blushrougeXX&amp;url=https:\/\/lyko.com\/sv\/sok?q=blush+rouge\">Blush <\/a>(35)<br \/>\nPowder - <a href=\"https:\/\/creativemakeup.se\/butik\/smink\/paese-bamboo-silk-powder\/\">Paese Bamboo Silk Powder<\/a><\/p>\n<p><strong>EYEBROW:<br \/>\n<\/strong>Brynpenna -\u00a0<a href=\"https:\/\/ion.lyko.com\/t\/t?a=1117786221&amp;as=1548102449&amp;t=2&amp;tk=1&amp;epi=search-replace-globrowliner&amp;url=https:\/\/lyko.com\/sv\/glo-skin-beauty\/glo-skin-bea-precisemicro-browliner-aubu\/\">glo Skin Beauty Miro brow liner<\/a> (Dark brown)<\/p>\n<p><strong>EYES:<br \/>\n<\/strong>Eyeshadow Primer -\u00a0<a href=\"https:\/\/ion.lyko.com\/t\/t?a=1117786221&amp;as=1548102449&amp;t=2&amp;tk=1&amp;epi=search-replace-pixi-eyebright&amp;url=https:\/\/lyko.com\/sv\/pixi\/pixi-eye-bright-primer\/\" target=\"_blank\" rel=\"noopener noreferrer\">Pixi eye bright primer<\/a><br \/>\nEyeshadows -\u00a0<a href=\"https:\/\/ion.lyko.com\/t\/t?a=1117786221&amp;as=1548102449&amp;t=2&amp;tk=1&amp;epi=search-replace-glomixedmetal&amp;url=https:\/\/lyko.com\/sv\/glo-skin-beauty\/glo-skin-be-shadow-palette-mixed-metals\/\">glo Skin Beauty Shadow Palette\u00a0<\/a>(Mixed metals)<br \/>\nBlack and white eye shadow - <a href=\"https:\/\/creativemakeup.se\/butik\/smink\/paese-kashmir-mono-eyeshadow\/\">Paese cashmere eyeshadow<\/a> (602 black) (601 white)<br \/>\nLight eyeliner along the waterline -\u00a0<a href=\"https:\/\/ion.lyko.com\/t\/t?a=1117786221&amp;as=1548102449&amp;t=2&amp;tk=1&amp;epi=search-replace-glo-eyepencil&amp;url=https:\/\/lyko.com\/sv\/glo-skin-beauty\/glominerals-precision-eye-pencil-black\/\">gloMinerals Eye Pencil\u00a0<\/a>(Peach)<br \/>\nEyeliner with wing\u2013\u00a0<a href=\"https:\/\/id.partykungen.se\/t\/t?a=1280241905&amp;as=1548102449&amp;t=2&amp;tk=1&amp;epi=search-replace-kryolangel&amp;url=https:\/\/www.partykungen.se\/kryolan-gel-eyeliner-74187.html#74187-7\" target=\"_blank\" rel=\"noopener noreferrer\">Kryolan HD Cream Liner<\/a>\u00a0(Ebony)<br \/>\nMascara -\u00a0<a href=\"https:\/\/creativemakeup.se\/butik\/smink\/santhilea-magnetic-lash\/\" target=\"_blank\" rel=\"noopener noreferrer\">Magnetic lash mascara<\/a><\/p>\n<p><strong>LIPS:<br \/>\n<\/strong>Lipstick -\u00a0\u00a0<a href=\"https:\/\/ion.lyko.com\/t\/t?a=1117786221&amp;as=1548102449&amp;t=2&amp;tk=1&amp;epi=search-replace-glocreamglaze&amp;url=https:\/\/lyko.com\/sv\/glo-skin-beauty\/glominerals-glo-cream-glaze-crayon-bloom\" target=\"_blank\" rel=\"noopener noreferrer\">gloMinerals Suede Matte Crayon<\/a>\u00a0(Trademark)<\/p>\n<p><img loading=\"lazy\" decoding=\"async\" class=\"alignnone size-large wp-image-30961\" src=\"http:\/\/www.imakeyousmile.se\/wp-content\/uploads\/2018\/01\/IMG_8036_vattenst\u00e4mpel-907x1024.jpg\" alt=\"\" width=\"640\" height=\"723\" srcset=\"https:\/\/www.imakeyousmile.se\/wp-content\/uploads\/2018\/01\/IMG_8036_vattenst\u00e4mpel-907x1024.jpg 907w, https:\/\/www.imakeyousmile.se\/wp-content\/uploads\/2018\/01\/IMG_8036_vattenst\u00e4mpel-266x300.jpg 266w, https:\/\/www.imakeyousmile.se\/wp-content\/uploads\/2018\/01\/IMG_8036_vattenst\u00e4mpel-768x867.jpg 768w, https:\/\/www.imakeyousmile.se\/wp-content\/uploads\/2018\/01\/IMG_8036_vattenst\u00e4mpel-696x786.jpg 696w, https:\/\/www.imakeyousmile.se\/wp-content\/uploads\/2018\/01\/IMG_8036_vattenst\u00e4mpel-1068x1206.jpg 1068w, https:\/\/www.imakeyousmile.se\/wp-content\/uploads\/2018\/01\/IMG_8036_vattenst\u00e4mpel-372x420.jpg 372w\" sizes=\"(max-width: 640px) 100vw, 640px\" \/><\/p>\n<p>Hugs are!<\/p>","protected":false},"excerpt":{"rendered":"<p>H\u00e4r kommer en festmakeup som jag gjorde p\u00e5 juldagen! :)\u00a0Vi f\u00f6rstorade \u00f6gonen och gjorde en sotning med vitt, guld, brunt och svart, v\u00e4ldigt snyggt och hennes bl\u00e5a \u00f6gon framh\u00e4vdes riktigt fint! Det viktigaste n\u00e4r man vill f\u00f6rstora \u00f6gon som har \u00f6gonformen hooded eyes \u00e4r att l\u00e4gga den m\u00f6rka \u00f6gonskuggan \u00f6ver globlinjen s\u00e5 att man &#8221;trycker [&hellip;]<\/p>\n","protected":false},"author":30,"featured_media":30962,"comment_status":"open","ping_status":"closed","sticky":false,"template":"","format":"standard","meta":{"footnotes":""},"categories":[7003,9,2956,2623],"tags":[5416,94,4623,3192,6074,6075],"class_list":["post-30960","post","type-post","status-publish","format-standard","has-post-thumbnail","hentry","category-fore-efter-kunder","category-partysminkningar","category-sminkjobb","category-sminkningar","tag-festmakeup-uppsala","tag-julsminkning","tag-ogonskugga-hooded-eyes","tag-smink-fore-efter","tag-sminkning-gimo","tag-sminkning-juldagen"],"yoast_head":"<!-- This site is optimized with the Yoast SEO Premium plugin v14.9 - https:\/\/yoast.com\/wordpress\/plugins\/seo\/ -->\n<meta name=\"description\" content=\"Festmakeup stora \u00f6gon - F\u00f6re &amp; efter | Helena Amiley - H\u00e4r hittar du senaste infromation om sk\u00f6nhet, livsstil, entrepren\u00f6rskap, makeup &amp; tips.\" \/>\n<meta name=\"robots\" content=\"index, follow, max-snippet:-1, max-image-preview:large, max-video-preview:-1\" \/>\n<link rel=\"canonical\" href=\"https:\/\/www.imakeyousmile.se\/en\/festmakeup-stora-ogon-fore-efter\/\" \/>\n<meta property=\"og:locale\" content=\"en_US\" \/>\n<meta property=\"og:type\" content=\"article\" \/>\n<meta property=\"og:title\" content=\"Festmakeup stora \u00f6gon - F\u00f6re &amp; efter | Imakeyousmile.se\" \/>\n<meta property=\"og:description\" content=\"Festmakeup stora \u00f6gon - F\u00f6re &amp; efter | Helena Amiley - H\u00e4r hittar du senaste infromation om sk\u00f6nhet, livsstil, entrepren\u00f6rskap, makeup &amp; tips.\" \/>\n<meta property=\"og:url\" content=\"https:\/\/www.imakeyousmile.se\/en\/festmakeup-stora-ogon-fore-efter\/\" \/>\n<meta property=\"og:site_name\" content=\"Imakeyousmile.se\" \/>\n<meta property=\"article:author\" content=\"https:\/\/www.facebook.com\/imakeyousmile.se\" \/>\n<meta property=\"article:published_time\" content=\"2018-01-02T11:02:02+00:00\" \/>\n<meta property=\"article:modified_time\" content=\"2021-10-07T06:25:07+00:00\" \/>\n<meta property=\"og:image\" content=\"https:\/\/www.imakeyousmile.se\/wp-content\/uploads\/2018\/01\/juldagensminkning_vattenst\u00e4mpel.jpg\" \/>\n\t<meta property=\"og:image:width\" content=\"2500\" \/>\n\t<meta property=\"og:image:height\" content=\"2363\" \/>\n<meta name=\"twitter:card\" content=\"summary_large_image\" \/>\n<script type=\"application\/ld+json\" class=\"yoast-schema-graph\">{\"@context\":\"https:\/\/schema.org\",\"@graph\":[{\"@type\":\"Organization\",\"@id\":\"https:\/\/www.imakeyousmile.se\/en\/#organization\",\"name\":\"Imakeyousmile\",\"url\":\"https:\/\/www.imakeyousmile.se\/en\/\",\"sameAs\":[],\"logo\":{\"@type\":\"ImageObject\",\"@id\":\"https:\/\/www.imakeyousmile.se\/en\/#logo\",\"inLanguage\":\"en-US\",\"url\":\"https:\/\/www.imakeyousmile.se\/wp-content\/uploads\/2020\/10\/HELENA-AMILEY_SVART-1-e1603367975324.png\",\"width\":280,\"height\":93,\"caption\":\"Imakeyousmile\"},\"image\":{\"@id\":\"https:\/\/www.imakeyousmile.se\/en\/#logo\"}},{\"@type\":\"WebSite\",\"@id\":\"https:\/\/www.imakeyousmile.se\/en\/#website\",\"url\":\"https:\/\/www.imakeyousmile.se\/en\/\",\"name\":\"Imakeyousmile.se\",\"description\":\"Helena Amiley - Beauty, Entrepreneur, Lifestyle\",\"publisher\":{\"@id\":\"https:\/\/www.imakeyousmile.se\/en\/#organization\"},\"potentialAction\":[{\"@type\":\"SearchAction\",\"target\":\"https:\/\/www.imakeyousmile.se\/en\/?s={search_term_string}\",\"query-input\":\"required name=search_term_string\"}],\"inLanguage\":\"en-US\"},{\"@type\":\"ImageObject\",\"@id\":\"https:\/\/www.imakeyousmile.se\/festmakeup-stora-ogon-fore-efter\/#primaryimage\",\"inLanguage\":\"en-US\",\"url\":\"https:\/\/www.imakeyousmile.se\/wp-content\/uploads\/2018\/01\/juldagensminkning_vattenst\\u00e4mpel.jpg\",\"width\":2500,\"height\":2363},{\"@type\":\"WebPage\",\"@id\":\"https:\/\/www.imakeyousmile.se\/festmakeup-stora-ogon-fore-efter\/#webpage\",\"url\":\"https:\/\/www.imakeyousmile.se\/festmakeup-stora-ogon-fore-efter\/\",\"name\":\"Festmakeup stora \\u00f6gon - F\\u00f6re & efter | Imakeyousmile.se\",\"isPartOf\":{\"@id\":\"https:\/\/www.imakeyousmile.se\/en\/#website\"},\"primaryImageOfPage\":{\"@id\":\"https:\/\/www.imakeyousmile.se\/festmakeup-stora-ogon-fore-efter\/#primaryimage\"},\"datePublished\":\"2018-01-02T11:02:02+00:00\",\"dateModified\":\"2021-10-07T06:25:07+00:00\",\"description\":\"Festmakeup stora \\u00f6gon - F\\u00f6re & efter | Helena Amiley - H\\u00e4r hittar du senaste infromation om sk\\u00f6nhet, livsstil, entrepren\\u00f6rskap, makeup & tips.\",\"inLanguage\":\"en-US\",\"potentialAction\":[{\"@type\":\"ReadAction\",\"target\":[\"https:\/\/www.imakeyousmile.se\/festmakeup-stora-ogon-fore-efter\/\"]}]},{\"@type\":\"Article\",\"@id\":\"https:\/\/www.imakeyousmile.se\/festmakeup-stora-ogon-fore-efter\/#article\",\"isPartOf\":{\"@id\":\"https:\/\/www.imakeyousmile.se\/festmakeup-stora-ogon-fore-efter\/#webpage\"},\"author\":{\"@id\":\"https:\/\/www.imakeyousmile.se\/en\/#\/schema\/person\/b0fd43b1c6bb1c60cfd68bff9b4a10fb\"},\"headline\":\"Festmakeup stora \\u00f6gon &#8211; F\\u00f6re &#038; efter\",\"datePublished\":\"2018-01-02T11:02:02+00:00\",\"dateModified\":\"2021-10-07T06:25:07+00:00\",\"mainEntityOfPage\":{\"@id\":\"https:\/\/www.imakeyousmile.se\/festmakeup-stora-ogon-fore-efter\/#webpage\"},\"commentCount\":0,\"publisher\":{\"@id\":\"https:\/\/www.imakeyousmile.se\/en\/#organization\"},\"image\":{\"@id\":\"https:\/\/www.imakeyousmile.se\/festmakeup-stora-ogon-fore-efter\/#primaryimage\"},\"keywords\":\"festmakeup uppsala,julsminkning,\\u00f6gonskugga hooded eyes,smink f\\u00f6re efter,sminkning gimo,sminkning juldagen\",\"articleSection\":\"F\\u00f6re &amp; efter (kundjobb),M\\u00f6rka \/ festliga sminkningar,Sminkjobb,Sminkningar\",\"inLanguage\":\"en-US\",\"potentialAction\":[{\"@type\":\"CommentAction\",\"name\":\"Comment\",\"target\":[\"https:\/\/www.imakeyousmile.se\/festmakeup-stora-ogon-fore-efter\/#respond\"]}]},{\"@type\":\"Person\",\"@id\":\"https:\/\/www.imakeyousmile.se\/en\/#\/schema\/person\/b0fd43b1c6bb1c60cfd68bff9b4a10fb\",\"name\":\"Helena Amiley\",\"image\":{\"@type\":\"ImageObject\",\"@id\":\"https:\/\/www.imakeyousmile.se\/en\/#personlogo\",\"inLanguage\":\"en-US\",\"url\":\"https:\/\/secure.gravatar.com\/avatar\/5645558e1e355457a23368d7e1b4c904?s=96&d=mm&r=g\",\"caption\":\"Helena Amiley\"},\"description\":\"Jag skriver mest om sk\\u00f6nhet men bjuder \\u00e4ven p\\u00e5 glimtar fr\\u00e5n entrepren\\u00f6rlivet och bygget av v\\u00e5r egen camper van. Vanlife here we come!\",\"sameAs\":[\"https:\/\/www.facebook.com\/imakeyousmile.se\",\"https:\/\/www.instagram.com\/helenaamiley\",\"https:\/\/www.youtube.com\/channel\/UCR5iB6rvpV6Yr8ZjpQfr5mg?view_as=subscriber\"]}]}<\/script>\n<!-- \/ Yoast SEO Premium plugin. -->","_links":{"self":[{"href":"https:\/\/www.imakeyousmile.se\/en\/wp-json\/wp\/v2\/posts\/30960"}],"collection":[{"href":"https:\/\/www.imakeyousmile.se\/en\/wp-json\/wp\/v2\/posts"}],"about":[{"href":"https:\/\/www.imakeyousmile.se\/en\/wp-json\/wp\/v2\/types\/post"}],"author":[{"embeddable":true,"href":"https:\/\/www.imakeyousmile.se\/en\/wp-json\/wp\/v2\/users\/30"}],"replies":[{"embeddable":true,"href":"https:\/\/www.imakeyousmile.se\/en\/wp-json\/wp\/v2\/comments?post=30960"}],"version-history":[{"count":4,"href":"https:\/\/www.imakeyousmile.se\/en\/wp-json\/wp\/v2\/posts\/30960\/revisions"}],"predecessor-version":[{"id":41836,"href":"https:\/\/www.imakeyousmile.se\/en\/wp-json\/wp\/v2\/posts\/30960\/revisions\/41836"}],"wp:featuredmedia":[{"embeddable":true,"href":"https:\/\/www.imakeyousmile.se\/en\/wp-json\/wp\/v2\/media\/30962"}],"wp:attachment":[{"href":"https:\/\/www.imakeyousmile.se\/en\/wp-json\/wp\/v2\/media?parent=30960"}],"wp:term":[{"taxonomy":"category","embeddable":true,"href":"https:\/\/www.imakeyousmile.se\/en\/wp-json\/wp\/v2\/categories?post=30960"},{"taxonomy":"post_tag","embeddable":true,"href":"https:\/\/www.imakeyousmile.se\/en\/wp-json\/wp\/v2\/tags?post=30960"}],"curies":[{"name":"wp","href":"https:\/\/api.w.org\/{rel}","templated":true}]}}