{"id":31261,"date":"2018-02-04T15:59:13","date_gmt":"2018-02-04T14:59:13","guid":{"rendered":"http:\/\/www.imakeyousmile.se\/?p=31261"},"modified":"2020-10-22T18:30:04","modified_gmt":"2020-10-22T16:30:04","slug":"min-businessvecka-v-5","status":"publish","type":"post","link":"https:\/\/www.imakeyousmile.se\/en\/min-businessweek-v-5\/","title":{"rendered":"My business week v. 5"},"content":{"rendered":"<p>IF it was fun to come back to the salon after 2 weeks holiday and the first thing I hear when I step in the door is how good everything has rolled on here and how good everyone has been!<\/p>\n<p>Next time I go on holiday, I will do it completely without worry in my body, this has really gone really well :)<\/p>\n<p><img loading=\"lazy\" decoding=\"async\" class=\"alignnone size-large wp-image-31302\" src=\"http:\/\/www.imakeyousmile.se\/wp-content\/uploads\/2018\/02\/min-businessvecka-4-feb-1024x1024.jpg\" alt=\"\" width=\"640\" height=\"640\" srcset=\"https:\/\/www.imakeyousmile.se\/wp-content\/uploads\/2018\/02\/min-businessvecka-4-feb-1024x1024.jpg 1024w, https:\/\/www.imakeyousmile.se\/wp-content\/uploads\/2018\/02\/min-businessvecka-4-feb-150x150.jpg 150w, https:\/\/www.imakeyousmile.se\/wp-content\/uploads\/2018\/02\/min-businessvecka-4-feb-300x300.jpg 300w, https:\/\/www.imakeyousmile.se\/wp-content\/uploads\/2018\/02\/min-businessvecka-4-feb-768x768.jpg 768w, https:\/\/www.imakeyousmile.se\/wp-content\/uploads\/2018\/02\/min-businessvecka-4-feb-696x696.jpg 696w, https:\/\/www.imakeyousmile.se\/wp-content\/uploads\/2018\/02\/min-businessvecka-4-feb-1068x1068.jpg 1068w, https:\/\/www.imakeyousmile.se\/wp-content\/uploads\/2018\/02\/min-businessvecka-4-feb-420x420.jpg 420w, https:\/\/www.imakeyousmile.se\/wp-content\/uploads\/2018\/02\/min-businessvecka-4-feb.jpg 2000w\" sizes=\"(max-width: 640px) 100vw, 640px\" \/><\/p>\n<p><strong>The first days after the holidays<\/strong><br \/>\nI would have lied if I had said that I was not difficult to start, the week started with enormous difficulty sleeping at night, I turned around the clock right when we got home but my body still seemed set for Mexico time in the evenings.<\/p>\n<p>In addition, I had seen in front of me to start on &quot;a clean sheet&quot; or whatever you say, but it piles up a pile of things you did not grab during the holiday + that I myself had saved things from before the holiday.<\/p>\n<p>So the first few days can be summed up with lots of caffeine in the morning (but stop in time to not have the slightest agility in the body in the evening haha) and just catch up on lots of things.<\/p>\n<p>But because I had so much inspiration and energy in my soul, even though my body was tired, I am completely rested :) I was so bothered that I did not do work things that took me <em>Forward<\/em>, it felt like I was just doing things that should have been done already. So I squeezed in some such forward-looking work stuff as well which helped the psyche a bit haha!<\/p>\n<p>Every time I felt that the lack of sleep was reminded, I thought \u201cI am energetic! I get things done! \u201d haha and it helped me focus :)<\/p>\n<p><img loading=\"lazy\" decoding=\"async\" class=\"alignnone size-large wp-image-31300\" src=\"http:\/\/www.imakeyousmile.se\/wp-content\/uploads\/2018\/02\/Foto-2018-01-30-13-00-53-1-875x1024.jpg\" alt=\"\" width=\"640\" height=\"749\" srcset=\"https:\/\/www.imakeyousmile.se\/wp-content\/uploads\/2018\/02\/Foto-2018-01-30-13-00-53-1-875x1024.jpg 875w, https:\/\/www.imakeyousmile.se\/wp-content\/uploads\/2018\/02\/Foto-2018-01-30-13-00-53-1-256x300.jpg 256w, https:\/\/www.imakeyousmile.se\/wp-content\/uploads\/2018\/02\/Foto-2018-01-30-13-00-53-1-768x899.jpg 768w, https:\/\/www.imakeyousmile.se\/wp-content\/uploads\/2018\/02\/Foto-2018-01-30-13-00-53-1-696x814.jpg 696w, https:\/\/www.imakeyousmile.se\/wp-content\/uploads\/2018\/02\/Foto-2018-01-30-13-00-53-1-1068x1250.jpg 1068w, https:\/\/www.imakeyousmile.se\/wp-content\/uploads\/2018\/02\/Foto-2018-01-30-13-00-53-1-359x420.jpg 359w\" sizes=\"(max-width: 640px) 100vw, 640px\" \/><\/p>\n<p>Among other things, I have completed the campaign photos for February that Malin made completely on her own when we were in Mexico! It&#039;s a Valentine&#039;s Day make - up, one about Ida being a certified permanent makeup artist, one about a glowing Skin Beauty Illuminating primer that gives radiance to winter-tired skin, and one about teeth whitening.<\/p>\n<p><strong>Valentine&#039;s Day contest<\/strong><br \/>\nIn addition, we have a competition on our Facebook page where we compete for 2 pair treatments: haircut + beard trim and lash permanent + lash color! You can choose if you want to win two beards, two lashes or one of both. So you can come and do the treatment at the same time as someone you like! Fint va? :)<\/p>\n<p>If you want to participate and compete, you do it <a href=\"https:\/\/www.facebook.com\/creativemakeup.se\/photos\/pb.136173579761943.-2207520000.1517754180.\/1597934260252527\/?type=3&amp;theater\"><strong>here<\/strong><\/a> on our Facebook page!<\/p>\n<p><img loading=\"lazy\" decoding=\"async\" class=\"alignnone size-large wp-image-31301\" src=\"http:\/\/www.imakeyousmile.se\/wp-content\/uploads\/2018\/02\/Sk\u00e4rmklipp-2018-02-04-15.23.19-1024x649.png\" alt=\"\" width=\"640\" height=\"406\" srcset=\"https:\/\/www.imakeyousmile.se\/wp-content\/uploads\/2018\/02\/Sk\u00e4rmklipp-2018-02-04-15.23.19-1024x649.png 1024w, https:\/\/www.imakeyousmile.se\/wp-content\/uploads\/2018\/02\/Sk\u00e4rmklipp-2018-02-04-15.23.19-300x190.png 300w, https:\/\/www.imakeyousmile.se\/wp-content\/uploads\/2018\/02\/Sk\u00e4rmklipp-2018-02-04-15.23.19-768x487.png 768w, https:\/\/www.imakeyousmile.se\/wp-content\/uploads\/2018\/02\/Sk\u00e4rmklipp-2018-02-04-15.23.19-696x441.png 696w, https:\/\/www.imakeyousmile.se\/wp-content\/uploads\/2018\/02\/Sk\u00e4rmklipp-2018-02-04-15.23.19-1068x677.png 1068w, https:\/\/www.imakeyousmile.se\/wp-content\/uploads\/2018\/02\/Sk\u00e4rmklipp-2018-02-04-15.23.19-663x420.png 663w, https:\/\/www.imakeyousmile.se\/wp-content\/uploads\/2018\/02\/Sk\u00e4rmklipp-2018-02-04-15.23.19.png 1662w\" sizes=\"(max-width: 640px) 100vw, 640px\" \/><\/p>\n<p>We had taken pictures of beard pictures of Niclas before, but I had no picture of eyelash permanent in action, so I took that picture this week of one of our customers who was kind and showed up! :)<\/p>\n<p><strong>&quot;Now I have learned something new!&quot;<\/strong><br \/>\nIn Mexico we hung out a lot with a couple from Wisconsin in the USA and one of them, Tina, said very often &quot;I did not know that, now I learned something new!&quot; and she probably did not think of it herself but for me it was actually inspiring! It must be super good for the brain to say out loud that you have learned something new, partly you realize how much new things you learn all the time but I also think it will be easier to actually remember them as well.<\/p>\n<p>For example. when Miska talked about our custodian account and I did not know what it was (an account at the bank for securities where we have our shares) I said out loud &quot;now I have learned something new!&quot; and it actually gave a little boost and now I never think I will forget what a custodian account is haha.<\/p>\n<p><img loading=\"lazy\" decoding=\"async\" class=\"alignnone size-large wp-image-31303\" src=\"http:\/\/www.imakeyousmile.se\/wp-content\/uploads\/2018\/02\/IMG_9821-735x1024.jpg\" alt=\"\" width=\"640\" height=\"892\" srcset=\"https:\/\/www.imakeyousmile.se\/wp-content\/uploads\/2018\/02\/IMG_9821-735x1024.jpg 735w, https:\/\/www.imakeyousmile.se\/wp-content\/uploads\/2018\/02\/IMG_9821-215x300.jpg 215w, https:\/\/www.imakeyousmile.se\/wp-content\/uploads\/2018\/02\/IMG_9821-768x1070.jpg 768w, https:\/\/www.imakeyousmile.se\/wp-content\/uploads\/2018\/02\/IMG_9821-696x970.jpg 696w, https:\/\/www.imakeyousmile.se\/wp-content\/uploads\/2018\/02\/IMG_9821-1068x1488.jpg 1068w, https:\/\/www.imakeyousmile.se\/wp-content\/uploads\/2018\/02\/IMG_9821-301x420.jpg 301w, https:\/\/www.imakeyousmile.se\/wp-content\/uploads\/2018\/02\/IMG_9821.jpg 1838w\" sizes=\"(max-width: 640px) 100vw, 640px\" \/><\/p>\n<p>Wise as a book I was in the sun in Mexico;)<\/p>\n<p>Another thing about learning new things - I usually try to say &quot;I have not learned it yet&quot; instead of saying &quot;I can not&quot;. It becomes a more positive attitude for the brain than saying out loud that you do not know a lot of things, because it is clear that you <em>can<\/em> you just have not learned it yet! :)<\/p>\n<p><strong>Holiday puzzle<\/strong><br \/>\nWe are in full swing planning holidays for the summer now, what is complicated is that we have most bookings during the summer and as a Sweden resident and humble manager who cares about everyone, I can not say no to holidays during the summer too though it would have been best for the company. There are several companies that do not grant holidays during the company&#039;s busiest time, but it is a matter of course that you should rest and enjoy the little moment of summer that we actually have! Something else feels inhuman :)<\/p>\n<p>That is why it will instead be a real puzzle. Truly a balancing act for me to make it work for the company while I do everything to make everyone happy. Families with children have to plan holidays with their partner, kindergarten opening hours, etc., so I understand that it is not easy for them either.<\/p>\n<p>Now the holidays for everyone with fixed times are nailed and ready in any case! Pjuh! :) The schedule as a whole is not exactly finished yet but we are well on our way!<\/p>\n<p><img loading=\"lazy\" decoding=\"async\" class=\"alignnone size-large wp-image-31299\" src=\"http:\/\/www.imakeyousmile.se\/wp-content\/uploads\/2018\/02\/Foto-2018-02-04-14-34-09-1024x637.jpg\" alt=\"\" width=\"640\" height=\"398\" srcset=\"https:\/\/www.imakeyousmile.se\/wp-content\/uploads\/2018\/02\/Foto-2018-02-04-14-34-09-1024x637.jpg 1024w, https:\/\/www.imakeyousmile.se\/wp-content\/uploads\/2018\/02\/Foto-2018-02-04-14-34-09-300x187.jpg 300w, https:\/\/www.imakeyousmile.se\/wp-content\/uploads\/2018\/02\/Foto-2018-02-04-14-34-09-768x478.jpg 768w, https:\/\/www.imakeyousmile.se\/wp-content\/uploads\/2018\/02\/Foto-2018-02-04-14-34-09-356x220.jpg 356w, https:\/\/www.imakeyousmile.se\/wp-content\/uploads\/2018\/02\/Foto-2018-02-04-14-34-09-696x433.jpg 696w, https:\/\/www.imakeyousmile.se\/wp-content\/uploads\/2018\/02\/Foto-2018-02-04-14-34-09-1068x664.jpg 1068w, https:\/\/www.imakeyousmile.se\/wp-content\/uploads\/2018\/02\/Foto-2018-02-04-14-34-09-675x420.jpg 675w\" sizes=\"(max-width: 640px) 100vw, 640px\" \/><\/p>\n<p>Part of my planning document;)<\/p>\n<p><strong>Weekend job<\/strong><br \/>\nAfter the tough start to the week, I then had quite a few bookings, partly regulars but also make-up consultations that wanted to book me specifically, so when the weekend came I still had a lot of energy and inspiration to take on more inspiring tasks so it has become a lot of homework this weekend :)<\/p>\n<p>On the one hand, I am making a very long post about make-up brushes, and as I said, I am structuring our beauty guides in the webshop. Previously, I only copied finished blog posts, but now I will focus more on well-crafted posts, e.g. this with the brushes will partly be there if you click on &quot;beauty guides&quot; but even if you go to the brush among the products in the webshop, the post will be there.<\/p>\n<p>My plan is that there will be lots of inspiration and fun make-up tips to browse, I have a bunch of make-ups that are only made with products from Creative Makeup that are being added to the category &quot;get the look&quot; but also that when you goes into each product and there should be beauty guides with step by step, swatch pictures, videos etc.<\/p>\n<p>It may not sound messy at all but it is a project that takes a lot of time! :)<\/p>\n<p><img loading=\"lazy\" decoding=\"async\" class=\"alignnone size-large wp-image-31298\" src=\"http:\/\/www.imakeyousmile.se\/wp-content\/uploads\/2018\/02\/Foto-2018-02-04-14-25-55-810x1024.jpg\" alt=\"\" width=\"640\" height=\"809\" srcset=\"https:\/\/www.imakeyousmile.se\/wp-content\/uploads\/2018\/02\/Foto-2018-02-04-14-25-55-810x1024.jpg 810w, https:\/\/www.imakeyousmile.se\/wp-content\/uploads\/2018\/02\/Foto-2018-02-04-14-25-55-237x300.jpg 237w, https:\/\/www.imakeyousmile.se\/wp-content\/uploads\/2018\/02\/Foto-2018-02-04-14-25-55-768x971.jpg 768w, https:\/\/www.imakeyousmile.se\/wp-content\/uploads\/2018\/02\/Foto-2018-02-04-14-25-55-696x880.jpg 696w, https:\/\/www.imakeyousmile.se\/wp-content\/uploads\/2018\/02\/Foto-2018-02-04-14-25-55-1068x1350.jpg 1068w, https:\/\/www.imakeyousmile.se\/wp-content\/uploads\/2018\/02\/Foto-2018-02-04-14-25-55-332x420.jpg 332w, https:\/\/www.imakeyousmile.se\/wp-content\/uploads\/2018\/02\/Foto-2018-02-04-14-25-55.jpg 2025w\" sizes=\"(max-width: 640px) 100vw, 640px\" \/><\/p>\n<p>Love to sit at home on the couch or bed and work, I can get so extremely focused when I feel really calm around me. The perception of time disappears completely and suddenly I have been sitting for several hours :)<\/p>\n<p>I am aware that this week&#039;s pictures were not very inspiring and rewarding maybe hehe, but it is kind of only in front of the computer screen + with customers (which I then do not have a picture of) that I have spent my time this week.<\/p>\n<p>But as the plans look for next week, that business post will be a little more speed and fan! :)<\/p>\n<p>Have a nice Sunday everyone \u2665<\/p>\n<p><img loading=\"lazy\" decoding=\"async\" class=\"alignnone size-large wp-image-28529\" src=\"http:\/\/www.imakeyousmile.se\/wp-content\/uploads\/2017\/03\/Sidfot-Namnloggo-1024x115.png\" alt=\"\" width=\"640\" height=\"72\" \/><\/p>","protected":false},"excerpt":{"rendered":"<p>OM det var roligt att komma tillbaka till salongen efter 2 veckors semester och det f\u00f6rsta jag f\u00e5r h\u00f6ra n\u00e4r jag kliver in genom d\u00f6rren hur bra allting har rullat p\u00e5 h\u00e4r och hur duktiga alla har varit! N\u00e4sta g\u00e5ng jag \u00e5ker p\u00e5 semester s\u00e5 g\u00f6r jag det helt utan oro i kroppen, det h\u00e4r [&hellip;]<\/p>\n","protected":false},"author":30,"featured_media":31302,"comment_status":"open","ping_status":"closed","sticky":false,"template":"","format":"standard","meta":{"footnotes":""},"categories":[4070,6999],"tags":[6037,6036,1985,4097,4330,6038,4071,5602,4216,5131],"class_list":["post-31261","post","type-post","status-publish","format-standard","has-post-thumbnail","hentry","category-entreprenorskap","category-sondagsinlagg-m-m","tag-business","tag-businessvecka","tag-creative-makeup","tag-entreprenor","tag-helena-ronnblad","tag-inspirerande-foretagare","tag-ung-entreprenor","tag-ung-entreprenor-uppsala","tag-ung-foretagare","tag-ung-foretagare-uppsala"],"yoast_head":"<!-- This site is optimized with the Yoast SEO Premium plugin v14.9 - https:\/\/yoast.com\/wordpress\/plugins\/seo\/ -->\n<meta name=\"description\" content=\"Min businessvecka v. 5 | Helena Amiley - H\u00e4r hittar du senaste infromation om sk\u00f6nhet, livsstil, entrepren\u00f6rskap, makeup &amp; tips.\" \/>\n<meta name=\"robots\" content=\"index, follow, max-snippet:-1, max-image-preview:large, max-video-preview:-1\" \/>\n<link rel=\"canonical\" href=\"https:\/\/www.imakeyousmile.se\/en\/min-businessvecka-v-5\/\" \/>\n<meta property=\"og:locale\" content=\"en_US\" \/>\n<meta property=\"og:type\" content=\"article\" \/>\n<meta property=\"og:title\" content=\"Min businessvecka v. 5 | Imakeyousmile.se\" \/>\n<meta property=\"og:description\" content=\"Min businessvecka v. 5 | Helena Amiley - H\u00e4r hittar du senaste infromation om sk\u00f6nhet, livsstil, entrepren\u00f6rskap, makeup &amp; tips.\" \/>\n<meta property=\"og:url\" content=\"https:\/\/www.imakeyousmile.se\/en\/min-businessvecka-v-5\/\" \/>\n<meta property=\"og:site_name\" content=\"Imakeyousmile.se\" \/>\n<meta property=\"article:author\" content=\"https:\/\/www.facebook.com\/imakeyousmile.se\" \/>\n<meta property=\"article:published_time\" content=\"2018-02-04T14:59:13+00:00\" \/>\n<meta property=\"article:modified_time\" content=\"2020-10-22T16:30:04+00:00\" \/>\n<meta property=\"og:image\" content=\"https:\/\/www.imakeyousmile.se\/wp-content\/uploads\/2018\/02\/min-businessvecka-4-feb.jpg\" \/>\n\t<meta property=\"og:image:width\" content=\"2000\" \/>\n\t<meta property=\"og:image:height\" content=\"2000\" \/>\n<meta name=\"twitter:card\" content=\"summary_large_image\" \/>\n<script type=\"application\/ld+json\" class=\"yoast-schema-graph\">{\"@context\":\"https:\/\/schema.org\",\"@graph\":[{\"@type\":\"Organization\",\"@id\":\"https:\/\/www.imakeyousmile.se\/en\/#organization\",\"name\":\"Imakeyousmile\",\"url\":\"https:\/\/www.imakeyousmile.se\/en\/\",\"sameAs\":[],\"logo\":{\"@type\":\"ImageObject\",\"@id\":\"https:\/\/www.imakeyousmile.se\/en\/#logo\",\"inLanguage\":\"en-US\",\"url\":\"https:\/\/www.imakeyousmile.se\/wp-content\/uploads\/2020\/10\/HELENA-AMILEY_SVART-1-e1603367975324.png\",\"width\":280,\"height\":93,\"caption\":\"Imakeyousmile\"},\"image\":{\"@id\":\"https:\/\/www.imakeyousmile.se\/en\/#logo\"}},{\"@type\":\"WebSite\",\"@id\":\"https:\/\/www.imakeyousmile.se\/en\/#website\",\"url\":\"https:\/\/www.imakeyousmile.se\/en\/\",\"name\":\"Imakeyousmile.se\",\"description\":\"Helena Amiley - Beauty, Entrepreneur, Lifestyle\",\"publisher\":{\"@id\":\"https:\/\/www.imakeyousmile.se\/en\/#organization\"},\"potentialAction\":[{\"@type\":\"SearchAction\",\"target\":\"https:\/\/www.imakeyousmile.se\/en\/?s={search_term_string}\",\"query-input\":\"required name=search_term_string\"}],\"inLanguage\":\"en-US\"},{\"@type\":\"ImageObject\",\"@id\":\"https:\/\/www.imakeyousmile.se\/min-businessvecka-v-5\/#primaryimage\",\"inLanguage\":\"en-US\",\"url\":\"https:\/\/www.imakeyousmile.se\/wp-content\/uploads\/2018\/02\/min-businessvecka-4-feb.jpg\",\"width\":2000,\"height\":2000},{\"@type\":\"WebPage\",\"@id\":\"https:\/\/www.imakeyousmile.se\/min-businessvecka-v-5\/#webpage\",\"url\":\"https:\/\/www.imakeyousmile.se\/min-businessvecka-v-5\/\",\"name\":\"Min businessvecka v. 5 | Imakeyousmile.se\",\"isPartOf\":{\"@id\":\"https:\/\/www.imakeyousmile.se\/en\/#website\"},\"primaryImageOfPage\":{\"@id\":\"https:\/\/www.imakeyousmile.se\/min-businessvecka-v-5\/#primaryimage\"},\"datePublished\":\"2018-02-04T14:59:13+00:00\",\"dateModified\":\"2020-10-22T16:30:04+00:00\",\"description\":\"Min businessvecka v. 5 | Helena Amiley - H\\u00e4r hittar du senaste infromation om sk\\u00f6nhet, livsstil, entrepren\\u00f6rskap, makeup & tips.\",\"inLanguage\":\"en-US\",\"potentialAction\":[{\"@type\":\"ReadAction\",\"target\":[\"https:\/\/www.imakeyousmile.se\/min-businessvecka-v-5\/\"]}]},{\"@type\":\"Article\",\"@id\":\"https:\/\/www.imakeyousmile.se\/min-businessvecka-v-5\/#article\",\"isPartOf\":{\"@id\":\"https:\/\/www.imakeyousmile.se\/min-businessvecka-v-5\/#webpage\"},\"author\":{\"@id\":\"https:\/\/www.imakeyousmile.se\/en\/#\/schema\/person\/b0fd43b1c6bb1c60cfd68bff9b4a10fb\"},\"headline\":\"Min businessvecka v. 5\",\"datePublished\":\"2018-02-04T14:59:13+00:00\",\"dateModified\":\"2020-10-22T16:30:04+00:00\",\"mainEntityOfPage\":{\"@id\":\"https:\/\/www.imakeyousmile.se\/min-businessvecka-v-5\/#webpage\"},\"commentCount\":0,\"publisher\":{\"@id\":\"https:\/\/www.imakeyousmile.se\/en\/#organization\"},\"image\":{\"@id\":\"https:\/\/www.imakeyousmile.se\/min-businessvecka-v-5\/#primaryimage\"},\"keywords\":\"business,businessvecka,creative makeup,entrepren\\u00f6r,helena r\\u00f6nnblad,inspirerande f\\u00f6retagare,ung entrepren\\u00f6r,ung entrepren\\u00f6r uppsala,ung f\\u00f6retagare,ung f\\u00f6retagare uppsala\",\"articleSection\":\"Entrepren\\u00f6rskap,S\\u00f6ndagsinl\\u00e4gg m.m\",\"inLanguage\":\"en-US\",\"potentialAction\":[{\"@type\":\"CommentAction\",\"name\":\"Comment\",\"target\":[\"https:\/\/www.imakeyousmile.se\/min-businessvecka-v-5\/#respond\"]}]},{\"@type\":\"Person\",\"@id\":\"https:\/\/www.imakeyousmile.se\/en\/#\/schema\/person\/b0fd43b1c6bb1c60cfd68bff9b4a10fb\",\"name\":\"Helena Amiley\",\"image\":{\"@type\":\"ImageObject\",\"@id\":\"https:\/\/www.imakeyousmile.se\/en\/#personlogo\",\"inLanguage\":\"en-US\",\"url\":\"https:\/\/secure.gravatar.com\/avatar\/5645558e1e355457a23368d7e1b4c904?s=96&d=mm&r=g\",\"caption\":\"Helena Amiley\"},\"description\":\"Jag skriver mest om sk\\u00f6nhet men bjuder \\u00e4ven p\\u00e5 glimtar fr\\u00e5n entrepren\\u00f6rlivet och bygget av v\\u00e5r egen camper van. Vanlife here we come!\",\"sameAs\":[\"https:\/\/www.facebook.com\/imakeyousmile.se\",\"https:\/\/www.instagram.com\/helenaamiley\",\"https:\/\/www.youtube.com\/channel\/UCR5iB6rvpV6Yr8ZjpQfr5mg?view_as=subscriber\"]}]}<\/script>\n<!-- \/ Yoast SEO Premium plugin. -->","_links":{"self":[{"href":"https:\/\/www.imakeyousmile.se\/en\/wp-json\/wp\/v2\/posts\/31261"}],"collection":[{"href":"https:\/\/www.imakeyousmile.se\/en\/wp-json\/wp\/v2\/posts"}],"about":[{"href":"https:\/\/www.imakeyousmile.se\/en\/wp-json\/wp\/v2\/types\/post"}],"author":[{"embeddable":true,"href":"https:\/\/www.imakeyousmile.se\/en\/wp-json\/wp\/v2\/users\/30"}],"replies":[{"embeddable":true,"href":"https:\/\/www.imakeyousmile.se\/en\/wp-json\/wp\/v2\/comments?post=31261"}],"version-history":[{"count":3,"href":"https:\/\/www.imakeyousmile.se\/en\/wp-json\/wp\/v2\/posts\/31261\/revisions"}],"predecessor-version":[{"id":31305,"href":"https:\/\/www.imakeyousmile.se\/en\/wp-json\/wp\/v2\/posts\/31261\/revisions\/31305"}],"wp:featuredmedia":[{"embeddable":true,"href":"https:\/\/www.imakeyousmile.se\/en\/wp-json\/wp\/v2\/media\/31302"}],"wp:attachment":[{"href":"https:\/\/www.imakeyousmile.se\/en\/wp-json\/wp\/v2\/media?parent=31261"}],"wp:term":[{"taxonomy":"category","embeddable":true,"href":"https:\/\/www.imakeyousmile.se\/en\/wp-json\/wp\/v2\/categories?post=31261"},{"taxonomy":"post_tag","embeddable":true,"href":"https:\/\/www.imakeyousmile.se\/en\/wp-json\/wp\/v2\/tags?post=31261"}],"curies":[{"name":"wp","href":"https:\/\/api.w.org\/{rel}","templated":true}]}}