{"id":32187,"date":"2018-05-08T13:49:28","date_gmt":"2018-05-08T11:49:28","guid":{"rendered":"http:\/\/www.imakeyousmile.se\/?p=32187"},"modified":"2020-10-22T11:41:52","modified_gmt":"2020-10-22T09:41:52","slug":"harkvalite-fore-blekning","status":"publish","type":"post","link":"https:\/\/www.imakeyousmile.se\/en\/harkvalite-fore-bleaching\/","title":{"rendered":"Hair quality before bleaching"},"content":{"rendered":"<div class=\"wp-block-group\"><div class=\"wp-block-group__inner-container is-layout-flow wp-block-group-is-layout-flow\">\n<p>Totally sick that I have not been to the hairdresser in 1 year and 2 months now, I really feel it&#039;s time and I&#039;m so happy I&#039;m going to the hairdresser and bleaching balayage in 1 hour:<\/p>\n<p><img loading=\"lazy\" decoding=\"async\" class=\"alignnone size-large wp-image-32188\" src=\"http:\/\/www.imakeyousmile.se\/wp-content\/uploads\/2018\/05\/IMG_4293-1024x790.jpg\" alt=\"\" width=\"640\" height=\"494\" srcset=\"https:\/\/www.imakeyousmile.se\/wp-content\/uploads\/2018\/05\/IMG_4293-1024x790.jpg 1024w, https:\/\/www.imakeyousmile.se\/wp-content\/uploads\/2018\/05\/IMG_4293-300x231.jpg 300w, https:\/\/www.imakeyousmile.se\/wp-content\/uploads\/2018\/05\/IMG_4293-768x592.jpg 768w, https:\/\/www.imakeyousmile.se\/wp-content\/uploads\/2018\/05\/IMG_4293-696x537.jpg 696w, https:\/\/www.imakeyousmile.se\/wp-content\/uploads\/2018\/05\/IMG_4293-1068x823.jpg 1068w, https:\/\/www.imakeyousmile.se\/wp-content\/uploads\/2018\/05\/IMG_4293-545x420.jpg 545w\" sizes=\"(max-width: 640px) 100vw, 640px\" \/><\/p>\n<p>I just analyzed my own hair (<a href=\"https:\/\/creativemakeup.se\/harologi-2\/\">read more about analysis with Hairology with us here<\/a>) and has absolutely perfect hair quality! My hair has 5 in strength and 4 in stretch (elasticity) which are optimal values, both in the scalp and down where the bleaching remains. How cruel !? A little, a little weaker hair (but still perfectly ok) right down in the tops that have been bleached several times but they should still be cut off so it pays off :)<\/p>\n<p>I would almost film the hair test and show you, the hair is pulled until it falls out and damn how far it stretched out before it gave way! Cool!<\/p>\n<p>After bleaching, I will test the hair again and if the values look good, I will take the courage to me and book a permanent hair !!! The hair salon that is permanent with H\u00e5rologi-permanent in Uppsala was a little unsure if they dared to be permanent on as bleached hair (as I want) but that they of course test if I am aware that the curls can be bad.<\/p>\n<p>So I thought I was bleaching now, caring for my hair super carefully with a &quot;preparatory hair cure \u00e1 la Helena&quot; and when I then see how the hair feels, I have to decide if I dare. I&#039;m not really that scared that the hair itself will be bad, but what I&#039;m worried about is that I will have thrown the money in the lake if it does not turn out well. I kind of do not have the finances to scatter money around me on nothing: P<\/p>\n<p>Speaking of hair quality, I must also add how sickly good Hairology has been for my hair! I have never before had thick hair in the tops, it always gets super thin and worn at the bottom. So there that I could barely put in the tassel down on the braid because it is like 10 hairs haha. But since I started with hairology, the tops have stayed full! And then it should be added that after the whole turquoise story, I have not been kind to the hair at all - with hard shampoos, many washes, various ascorbic acid cures and finally decolorization to get rid of the last green. And yet both my hair feels well-groomed and <em>is<\/em> well-groomed!<\/p>\n<p>So happy now :) Shows you the result later and updates you on how my hair quality feels!<\/p>\n<p>Hug \u2665<\/p>\n<p><img loading=\"lazy\" decoding=\"async\" class=\"alignnone size-large wp-image-28529\" src=\"http:\/\/www.imakeyousmile.se\/wp-content\/uploads\/2017\/03\/Sidfot-Namnloggo-1024x115.png\" alt=\"\" width=\"640\" height=\"72\" \/><\/p>\n<\/div><\/div>","protected":false},"excerpt":{"rendered":"<p>Helt sjukt att jag inte varit hos fris\u00f6ren p\u00e5 1 \u00e5r och 2 m\u00e5nader nu, det \u00e4r verkligen dags k\u00e4nner jag och s\u00e5 h\u00e4\u00e4r glad \u00e4r jag \u00f6ver att jag ska till fris\u00f6ren och bleka balayage om 1 timme: Jag analyserade precis mitt eget h\u00e5r (l\u00e4s mer om analys med H\u00e5rologi hos oss h\u00e4r) och [&hellip;]<\/p>\n","protected":false},"author":30,"featured_media":32188,"comment_status":"open","ping_status":"closed","sticky":false,"template":"","format":"standard","meta":{"footnotes":""},"categories":[2862],"tags":[],"class_list":["post-32187","post","type-post","status-publish","format-standard","has-post-thumbnail","hentry","category-har"],"yoast_head":"<!-- This site is optimized with the Yoast SEO Premium plugin v14.9 - https:\/\/yoast.com\/wordpress\/plugins\/seo\/ -->\n<meta name=\"description\" content=\"H\u00e5rkvalit\u00e9 f\u00f6re blekning | Helena Amiley - H\u00e4r hittar du senaste infromation om sk\u00f6nhet, livsstil, entrepren\u00f6rskap, makeup &amp; tips.\" \/>\n<meta name=\"robots\" content=\"index, follow, max-snippet:-1, max-image-preview:large, max-video-preview:-1\" \/>\n<link rel=\"canonical\" href=\"https:\/\/www.imakeyousmile.se\/en\/harkvalite-fore-blekning\/\" \/>\n<meta property=\"og:locale\" content=\"en_US\" \/>\n<meta property=\"og:type\" content=\"article\" \/>\n<meta property=\"og:title\" content=\"H\u00e5rkvalit\u00e9 f\u00f6re blekning | Imakeyousmile.se\" \/>\n<meta property=\"og:description\" content=\"H\u00e5rkvalit\u00e9 f\u00f6re blekning | Helena Amiley - H\u00e4r hittar du senaste infromation om sk\u00f6nhet, livsstil, entrepren\u00f6rskap, makeup &amp; tips.\" \/>\n<meta property=\"og:url\" content=\"https:\/\/www.imakeyousmile.se\/en\/harkvalite-fore-blekning\/\" \/>\n<meta property=\"og:site_name\" content=\"Imakeyousmile.se\" \/>\n<meta property=\"article:author\" content=\"https:\/\/www.facebook.com\/imakeyousmile.se\" \/>\n<meta property=\"article:published_time\" content=\"2018-05-08T11:49:28+00:00\" \/>\n<meta property=\"article:modified_time\" content=\"2020-10-22T09:41:52+00:00\" \/>\n<meta property=\"og:image\" content=\"https:\/\/www.imakeyousmile.se\/wp-content\/uploads\/2018\/05\/IMG_4293.jpg\" \/>\n\t<meta property=\"og:image:width\" content=\"2560\" \/>\n\t<meta property=\"og:image:height\" content=\"1974\" \/>\n<meta name=\"twitter:card\" content=\"summary_large_image\" \/>\n<script type=\"application\/ld+json\" class=\"yoast-schema-graph\">{\"@context\":\"https:\/\/schema.org\",\"@graph\":[{\"@type\":\"Organization\",\"@id\":\"https:\/\/www.imakeyousmile.se\/en\/#organization\",\"name\":\"Imakeyousmile\",\"url\":\"https:\/\/www.imakeyousmile.se\/en\/\",\"sameAs\":[],\"logo\":{\"@type\":\"ImageObject\",\"@id\":\"https:\/\/www.imakeyousmile.se\/en\/#logo\",\"inLanguage\":\"en-US\",\"url\":\"https:\/\/www.imakeyousmile.se\/wp-content\/uploads\/2020\/10\/HELENA-AMILEY_SVART-1-e1603367975324.png\",\"width\":280,\"height\":93,\"caption\":\"Imakeyousmile\"},\"image\":{\"@id\":\"https:\/\/www.imakeyousmile.se\/en\/#logo\"}},{\"@type\":\"WebSite\",\"@id\":\"https:\/\/www.imakeyousmile.se\/en\/#website\",\"url\":\"https:\/\/www.imakeyousmile.se\/en\/\",\"name\":\"Imakeyousmile.se\",\"description\":\"Helena Amiley - Beauty, Entrepreneur, Lifestyle\",\"publisher\":{\"@id\":\"https:\/\/www.imakeyousmile.se\/en\/#organization\"},\"potentialAction\":[{\"@type\":\"SearchAction\",\"target\":\"https:\/\/www.imakeyousmile.se\/en\/?s={search_term_string}\",\"query-input\":\"required name=search_term_string\"}],\"inLanguage\":\"en-US\"},{\"@type\":\"ImageObject\",\"@id\":\"https:\/\/www.imakeyousmile.se\/harkvalite-fore-blekning\/#primaryimage\",\"inLanguage\":\"en-US\",\"url\":\"https:\/\/www.imakeyousmile.se\/wp-content\/uploads\/2018\/05\/IMG_4293.jpg\",\"width\":2560,\"height\":1974},{\"@type\":\"WebPage\",\"@id\":\"https:\/\/www.imakeyousmile.se\/harkvalite-fore-blekning\/#webpage\",\"url\":\"https:\/\/www.imakeyousmile.se\/harkvalite-fore-blekning\/\",\"name\":\"H\\u00e5rkvalit\\u00e9 f\\u00f6re blekning | Imakeyousmile.se\",\"isPartOf\":{\"@id\":\"https:\/\/www.imakeyousmile.se\/en\/#website\"},\"primaryImageOfPage\":{\"@id\":\"https:\/\/www.imakeyousmile.se\/harkvalite-fore-blekning\/#primaryimage\"},\"datePublished\":\"2018-05-08T11:49:28+00:00\",\"dateModified\":\"2020-10-22T09:41:52+00:00\",\"description\":\"H\\u00e5rkvalit\\u00e9 f\\u00f6re blekning | Helena Amiley - H\\u00e4r hittar du senaste infromation om sk\\u00f6nhet, livsstil, entrepren\\u00f6rskap, makeup & tips.\",\"inLanguage\":\"en-US\",\"potentialAction\":[{\"@type\":\"ReadAction\",\"target\":[\"https:\/\/www.imakeyousmile.se\/harkvalite-fore-blekning\/\"]}]},{\"@type\":\"Article\",\"@id\":\"https:\/\/www.imakeyousmile.se\/harkvalite-fore-blekning\/#article\",\"isPartOf\":{\"@id\":\"https:\/\/www.imakeyousmile.se\/harkvalite-fore-blekning\/#webpage\"},\"author\":{\"@id\":\"https:\/\/www.imakeyousmile.se\/en\/#\/schema\/person\/b0fd43b1c6bb1c60cfd68bff9b4a10fb\"},\"headline\":\"H\\u00e5rkvalit\\u00e9 f\\u00f6re blekning\",\"datePublished\":\"2018-05-08T11:49:28+00:00\",\"dateModified\":\"2020-10-22T09:41:52+00:00\",\"mainEntityOfPage\":{\"@id\":\"https:\/\/www.imakeyousmile.se\/harkvalite-fore-blekning\/#webpage\"},\"commentCount\":0,\"publisher\":{\"@id\":\"https:\/\/www.imakeyousmile.se\/en\/#organization\"},\"image\":{\"@id\":\"https:\/\/www.imakeyousmile.se\/harkvalite-fore-blekning\/#primaryimage\"},\"articleSection\":\"H\\u00e5r\",\"inLanguage\":\"en-US\",\"potentialAction\":[{\"@type\":\"CommentAction\",\"name\":\"Comment\",\"target\":[\"https:\/\/www.imakeyousmile.se\/harkvalite-fore-blekning\/#respond\"]}]},{\"@type\":\"Person\",\"@id\":\"https:\/\/www.imakeyousmile.se\/en\/#\/schema\/person\/b0fd43b1c6bb1c60cfd68bff9b4a10fb\",\"name\":\"Helena Amiley\",\"image\":{\"@type\":\"ImageObject\",\"@id\":\"https:\/\/www.imakeyousmile.se\/en\/#personlogo\",\"inLanguage\":\"en-US\",\"url\":\"https:\/\/secure.gravatar.com\/avatar\/5645558e1e355457a23368d7e1b4c904?s=96&d=mm&r=g\",\"caption\":\"Helena Amiley\"},\"description\":\"Jag skriver mest om sk\\u00f6nhet men bjuder \\u00e4ven p\\u00e5 glimtar fr\\u00e5n entrepren\\u00f6rlivet och bygget av v\\u00e5r egen camper van. Vanlife here we come!\",\"sameAs\":[\"https:\/\/www.facebook.com\/imakeyousmile.se\",\"https:\/\/www.instagram.com\/helenaamiley\",\"https:\/\/www.youtube.com\/channel\/UCR5iB6rvpV6Yr8ZjpQfr5mg?view_as=subscriber\"]}]}<\/script>\n<!-- \/ Yoast SEO Premium plugin. -->","_links":{"self":[{"href":"https:\/\/www.imakeyousmile.se\/en\/wp-json\/wp\/v2\/posts\/32187"}],"collection":[{"href":"https:\/\/www.imakeyousmile.se\/en\/wp-json\/wp\/v2\/posts"}],"about":[{"href":"https:\/\/www.imakeyousmile.se\/en\/wp-json\/wp\/v2\/types\/post"}],"author":[{"embeddable":true,"href":"https:\/\/www.imakeyousmile.se\/en\/wp-json\/wp\/v2\/users\/30"}],"replies":[{"embeddable":true,"href":"https:\/\/www.imakeyousmile.se\/en\/wp-json\/wp\/v2\/comments?post=32187"}],"version-history":[{"count":3,"href":"https:\/\/www.imakeyousmile.se\/en\/wp-json\/wp\/v2\/posts\/32187\/revisions"}],"predecessor-version":[{"id":37285,"href":"https:\/\/www.imakeyousmile.se\/en\/wp-json\/wp\/v2\/posts\/32187\/revisions\/37285"}],"wp:featuredmedia":[{"embeddable":true,"href":"https:\/\/www.imakeyousmile.se\/en\/wp-json\/wp\/v2\/media\/32188"}],"wp:attachment":[{"href":"https:\/\/www.imakeyousmile.se\/en\/wp-json\/wp\/v2\/media?parent=32187"}],"wp:term":[{"taxonomy":"category","embeddable":true,"href":"https:\/\/www.imakeyousmile.se\/en\/wp-json\/wp\/v2\/categories?post=32187"},{"taxonomy":"post_tag","embeddable":true,"href":"https:\/\/www.imakeyousmile.se\/en\/wp-json\/wp\/v2\/tags?post=32187"}],"curies":[{"name":"wp","href":"https:\/\/api.w.org\/{rel}","templated":true}]}}