{"id":32380,"date":"2018-05-31T21:12:20","date_gmt":"2018-05-31T19:12:20","guid":{"rendered":"http:\/\/www.imakeyousmile.se\/?p=32380"},"modified":"2018-05-31T21:12:20","modified_gmt":"2018-05-31T19:12:20","slug":"sminkning-man-kanner-sig-snyggast-i","status":"publish","type":"post","link":"https:\/\/www.imakeyousmile.se\/en\/make-up-you-can-look-best-in\/","title":{"rendered":"Make-up you feel best in"},"content":{"rendered":"<p>I got this comment on the post where I showed our new lipsticks:<\/p>\n<p><em><strong>\u201cPillow talk really looks perfect! Must order it haha.<\/strong><\/em><br \/>\n<em><strong>Could you show how to put on make-up when you want to look your best? So which make-up do you feel most powerful and good-looking in? I think that is interesting! \u201d<\/strong><\/em><\/p>\n<p>Great fun! I&#039;m about 100% periodic in what I feel best in :)<\/p>\n<p>If you had asked me a while ago, I would have answered something like <a href=\"http:\/\/www.imakeyousmile.se\/en\/autumn-smokey-eyes\/\">this makeup<\/a>\u00a0or <a href=\"http:\/\/www.imakeyousmile.se\/en\/galasminkning-nordic-face-awards-2017\/\">this makeup<\/a>. Smoky eyes in brown or black (and preferably gold details!) And a medium dark color on the lips.<\/p>\n<p>But right now I basically do the same makeup every day (except when I take photos step by step to the blog of course) and it is:<\/p>\n<p>1. Very little eye makeup, just mascara and colorful clicks in the corner of the eye and then I do contouring around the eyes while I do the base to open up the eye a little. It goes really fast, have taken photos step by step on it further down in the post.<\/p>\n<p>2. Red or dark pink lips with a very sharp edge. I put light pencil around + paint with a lip pencil or brush to get the edges as sharp as possible - and then I paint the mouth much bigger than it is.<\/p>\n<p>I spend more time on my lips than on my eyes actually :)<\/p>\n<p><img loading=\"lazy\" decoding=\"async\" class=\"alignnone size-full wp-image-32394\" src=\"http:\/\/www.imakeyousmile.se\/wp-content\/uploads\/2018\/05\/IMG_9297_111.jpg\" alt=\"\" width=\"2500\" height=\"2551\" srcset=\"https:\/\/www.imakeyousmile.se\/wp-content\/uploads\/2018\/05\/IMG_9297_111.jpg 2500w, https:\/\/www.imakeyousmile.se\/wp-content\/uploads\/2018\/05\/IMG_9297_111-294x300.jpg 294w, https:\/\/www.imakeyousmile.se\/wp-content\/uploads\/2018\/05\/IMG_9297_111-768x784.jpg 768w, https:\/\/www.imakeyousmile.se\/wp-content\/uploads\/2018\/05\/IMG_9297_111-1004x1024.jpg 1004w, https:\/\/www.imakeyousmile.se\/wp-content\/uploads\/2018\/05\/IMG_9297_111-356x364.jpg 356w, https:\/\/www.imakeyousmile.se\/wp-content\/uploads\/2018\/05\/IMG_9297_111-696x710.jpg 696w, https:\/\/www.imakeyousmile.se\/wp-content\/uploads\/2018\/05\/IMG_9297_111-1068x1090.jpg 1068w, https:\/\/www.imakeyousmile.se\/wp-content\/uploads\/2018\/05\/IMG_9297_111-412x420.jpg 412w\" sizes=\"(max-width: 2500px) 100vw, 2500px\" \/><\/p>\n<p><strong>Face primer - <\/strong><a href=\"https:\/\/creativemakeup.se\/butik\/smink\/paese-makeup-base\/\">Paese Makeup Base<\/a> (Matte)<strong><br \/>\nColored face primer - <\/strong><a href=\"https:\/\/ion.lyko.com\/t\/t?a=1117786221&#038;as=1548102449&#038;t=2&#038;tk=1&#038;epi=search-replace-glo-tinted&#038;url=https:\/\/lyko.com\/sv\/glo-skin-beauty\/glominerals-tinted-primer-spf30-fair\/\">glo Tinted Primer SPF 30<\/a> (Medium)<strong><br \/>\nConcealer -<\/strong> <a href=\"https:\/\/ion.lyko.com\/t\/t?a=1117786221&#038;as=1548102449&#038;t=2&#038;tk=1&#038;epi=search-replace-pixipataway&#038;url=https:\/\/lyko.com\/sv\/pixi\/pixi-pat-away-concealing-base-1cream\">Pixi Pat Away Concealing Base<\/a> (1 Cream)<strong><br \/>\n<\/strong><strong>Contouring - <\/strong><a href=\"https:\/\/ion.lyko.com\/t\/t?a=1117786221&#038;as=1548102449&#038;t=2&#038;tk=1&#038;epi=serach-replace-contouringpaletteXX&#038;url=https:\/\/lyko.com\/sv\/sok?q=contouring+palette\">Contouring Palette<\/a> (2)<a href=\"https:\/\/ion.lyko.com\/t\/t?a=1117786221&#038;as=1548102449&#038;t=2&#038;tk=1&#038;epi=search-replace-pixipalette&#038;url=https:\/\/lyko.com\/sv\/sok?q=pixi+palette\"><br \/>\n<\/a><strong>Rouge - <\/strong><a href=\"https:\/\/ion.lyko.com\/t\/t?a=1117786221&#038;as=1548102449&#038;t=2&#038;tk=1&#038;epi=serach-replace-blushrougeXX&#038;url=https:\/\/lyko.com\/sv\/sok?q=blush+rouge\">Blush<\/a> (35)<br \/>\n<strong>Fixing Mist -<\/strong> <a href=\"https:\/\/ion.lyko.com\/t\/t?a=1117786221&#038;as=1548102449&#038;t=2&#038;tk=1&#038;epi=search-replace-fixingmist&#038;url=https:\/\/lyko.com\/sv\/pixi\/pixi-makeup-fixing-mist\">Pixi Makeup Fixing Mist<br \/>\n<\/a><strong>Powder -<\/strong> <a href=\"https:\/\/creativemakeup.se\/butik\/smink\/paese-bamboo-silk-powder\/\">Paese Bamboo Silk Powder<\/a><\/p>\n<p><strong>Brynpenna -<\/strong> <a href=\"https:\/\/ion.lyko.com\/t\/t?a=1117786221&#038;as=1548102449&#038;t=2&#038;tk=1&#038;epi=search-replace-globrowliner&#038;url=https:\/\/lyko.com\/sv\/glo-skin-beauty\/glo-skin-bea-precisemicro-browliner-aubu\/\">glo Skin Beauty Micro Brow Liner<\/a> (Ash and Little Raven)<\/p>\n<p><b>Lipstick - <\/b><a href=\"https:\/\/ion.lyko.com\/t\/t?a=1117786221&#038;as=1548102449&#038;t=2&#038;tk=1&#038;epi=search-replace-glocreamglaze&#038;url=https:\/\/lyko.com\/sv\/glo-skin-beauty\/glominerals-glo-cream-glaze-crayon-bloom\">glo Suede Matte Crayon<\/a> (Bombshell) applied with a narrow brush<br \/>\n<strong>Light pencil around the lip contours -<\/strong> <a href=\"https:\/\/ion.lyko.com\/t\/t?a=1117786221&#038;as=1548102449&#038;t=2&#038;tk=1&#038;epi=search-replace-glo-eyepencil&#038;url=https:\/\/lyko.com\/sv\/glo-skin-beauty\/glominerals-precision-eye-pencil-black\/\">glo Eye Pencil<\/a> (Peach)<\/p>\n<p><img loading=\"lazy\" decoding=\"async\" class=\"alignnone size-full wp-image-32396\" src=\"http:\/\/www.imakeyousmile.se\/wp-content\/uploads\/2018\/05\/ttwo_111.jpg\" alt=\"\" width=\"2500\" height=\"1174\" srcset=\"https:\/\/www.imakeyousmile.se\/wp-content\/uploads\/2018\/05\/ttwo_111.jpg 2500w, https:\/\/www.imakeyousmile.se\/wp-content\/uploads\/2018\/05\/ttwo_111-300x141.jpg 300w, https:\/\/www.imakeyousmile.se\/wp-content\/uploads\/2018\/05\/ttwo_111-768x361.jpg 768w, https:\/\/www.imakeyousmile.se\/wp-content\/uploads\/2018\/05\/ttwo_111-1024x481.jpg 1024w, https:\/\/www.imakeyousmile.se\/wp-content\/uploads\/2018\/05\/ttwo_111-696x327.jpg 696w, https:\/\/www.imakeyousmile.se\/wp-content\/uploads\/2018\/05\/ttwo_111-1068x502.jpg 1068w, https:\/\/www.imakeyousmile.se\/wp-content\/uploads\/2018\/05\/ttwo_111-894x420.jpg 894w\" sizes=\"(max-width: 2500px) 100vw, 2500px\" \/><\/p>\n<p>A color click in the corner of the eye is the fastest way to liven up a makeup! :)<\/p>\n<p>All the first steps are with the contouring shadows that I have for the face as well, from the palette\u00a0<a href=\"https:\/\/ion.lyko.com\/t\/t?a=1117786221&#038;as=1548102449&#038;t=2&#038;tk=1&#038;epi=serach-replace-contouringpaletteXX&#038;url=https:\/\/lyko.com\/sv\/sok?q=contouring+palette\">Contouring Palette<\/a> (2). I just dab \/ sweep on the contouring shadows quickly, it only takes a few seconds (not at all like when you do a proper eye shadow make-up)<\/p>\n<p><img loading=\"lazy\" decoding=\"async\" class=\"alignnone size-full wp-image-32397\" src=\"http:\/\/www.imakeyousmile.se\/wp-content\/uploads\/2018\/05\/ttutorial_111.jpg\" alt=\"\" width=\"2500\" height=\"1286\" srcset=\"https:\/\/www.imakeyousmile.se\/wp-content\/uploads\/2018\/05\/ttutorial_111.jpg 2500w, https:\/\/www.imakeyousmile.se\/wp-content\/uploads\/2018\/05\/ttutorial_111-300x154.jpg 300w, https:\/\/www.imakeyousmile.se\/wp-content\/uploads\/2018\/05\/ttutorial_111-768x395.jpg 768w, https:\/\/www.imakeyousmile.se\/wp-content\/uploads\/2018\/05\/ttutorial_111-1024x527.jpg 1024w, https:\/\/www.imakeyousmile.se\/wp-content\/uploads\/2018\/05\/ttutorial_111-696x358.jpg 696w, https:\/\/www.imakeyousmile.se\/wp-content\/uploads\/2018\/05\/ttutorial_111-1068x549.jpg 1068w, https:\/\/www.imakeyousmile.se\/wp-content\/uploads\/2018\/05\/ttutorial_111-816x420.jpg 816w\" sizes=\"(max-width: 2500px) 100vw, 2500px\" \/><\/p>\n<ol>\n<li>Brown shadow along the globe line<\/li>\n<li>Light eye shadow in the middle of the eyelid<\/li>\n<li>\u2026 And under the brow<\/li>\n<li>Brown shadow at the end of the lower lash line as well<\/li>\n<li>Turquoise eye shadow in the corner of the eye, <a href=\"https:\/\/creativemakeup.se\/butik\/smink\/paese-opal-eyeshadow\/\">Paese Opal Eyeshadow Trio<\/a> (Saint Tropez)<\/li>\n<li>Black mascara on the upper lashes, <a href=\"https:\/\/creativemakeup.se\/butik\/smink\/santhilea-magnetic-lash\/\">Magnetic lash mascara<\/a><\/li>\n<\/ol>\n<p>Clear! Not harder than that :)<\/p>\n<p><img loading=\"lazy\" decoding=\"async\" class=\"alignnone size-full wp-image-32398\" src=\"http:\/\/www.imakeyousmile.se\/wp-content\/uploads\/2018\/05\/IMG_9283_111.jpg\" alt=\"\" width=\"2500\" height=\"2999\" srcset=\"https:\/\/www.imakeyousmile.se\/wp-content\/uploads\/2018\/05\/IMG_9283_111.jpg 2134w, https:\/\/www.imakeyousmile.se\/wp-content\/uploads\/2018\/05\/IMG_9283_111-250x300.jpg 250w, https:\/\/www.imakeyousmile.se\/wp-content\/uploads\/2018\/05\/IMG_9283_111-768x921.jpg 768w, https:\/\/www.imakeyousmile.se\/wp-content\/uploads\/2018\/05\/IMG_9283_111-854x1024.jpg 854w, https:\/\/www.imakeyousmile.se\/wp-content\/uploads\/2018\/05\/IMG_9283_111-696x835.jpg 696w, https:\/\/www.imakeyousmile.se\/wp-content\/uploads\/2018\/05\/IMG_9283_111-1068x1281.jpg 1068w, https:\/\/www.imakeyousmile.se\/wp-content\/uploads\/2018\/05\/IMG_9283_111-350x420.jpg 350w\" sizes=\"(max-width: 2500px) 100vw, 2500px\" \/> <img loading=\"lazy\" decoding=\"async\" class=\"alignnone size-full wp-image-32399\" src=\"http:\/\/www.imakeyousmile.se\/wp-content\/uploads\/2018\/05\/IMG_9271_111.jpg\" alt=\"\" width=\"2500\" height=\"2621\" srcset=\"https:\/\/www.imakeyousmile.se\/wp-content\/uploads\/2018\/05\/IMG_9271_111.jpg 2442w, https:\/\/www.imakeyousmile.se\/wp-content\/uploads\/2018\/05\/IMG_9271_111-286x300.jpg 286w, https:\/\/www.imakeyousmile.se\/wp-content\/uploads\/2018\/05\/IMG_9271_111-768x805.jpg 768w, https:\/\/www.imakeyousmile.se\/wp-content\/uploads\/2018\/05\/IMG_9271_111-977x1024.jpg 977w, https:\/\/www.imakeyousmile.se\/wp-content\/uploads\/2018\/05\/IMG_9271_111-696x730.jpg 696w, https:\/\/www.imakeyousmile.se\/wp-content\/uploads\/2018\/05\/IMG_9271_111-1068x1120.jpg 1068w, https:\/\/www.imakeyousmile.se\/wp-content\/uploads\/2018\/05\/IMG_9271_111-401x420.jpg 401w\" sizes=\"(max-width: 2500px) 100vw, 2500px\" \/><\/p>\n<p>Hugs are \u2665<\/p>\n<p><img loading=\"lazy\" decoding=\"async\" class=\"alignnone size-large wp-image-28529\" src=\"http:\/\/www.imakeyousmile.se\/wp-content\/uploads\/2017\/03\/Sidfot-Namnloggo-1024x115.png\" alt=\"\" width=\"640\" height=\"72\" \/><\/p>","protected":false},"excerpt":{"rendered":"<p>Jag fick denna kommentar p\u00e5 inl\u00e4gget d\u00e4r jag visade v\u00e5ra nya l\u00e4ppstift: &#8221;Pillow talk ser verkligen perfekt ut! M\u00e5ste best\u00e4lla den haha. Hade du kunnat visa hur du sminkar dig n\u00e4r du vill se som snyggast ut? Allts\u00e5 vilken sminkning k\u00e4nner du dig mest power och snygg i? Tycker s\u00e5nt \u00e4r intressant!&#8221; J\u00e4ttekul! Jag \u00e4r [&hellip;]<\/p>\n","protected":false},"author":30,"featured_media":32400,"comment_status":"open","ping_status":"closed","sticky":false,"template":"","format":"standard","meta":{"footnotes":""},"categories":[2828,2827,2623],"tags":[4045,4792,963,4869,48,1604,6293,4231,6162,6279,6292,1864,1865,56,3974,6052,5286,4386,3432,4380,4315,5990,844,543,4086,433,5202,54,52,407,629],"class_list":{"0":"post-32380","1":"post","2":"type-post","3":"status-publish","4":"format-standard","5":"has-post-thumbnail","6":"hentry","7":"category-fargstarka-sminkningar","8":"category-vardagssminkningar","9":"category-sminkningar","10":"tag-beauty-blog","11":"tag-blue-eyeshadow","12":"tag-colorful-makeup","13":"tag-everyday-makeup","14":"tag-fargglad-sminkning","15":"tag-fargstark-sminkning","16":"tag-glo-eye-pencil","17":"tag-glo-matte-crayon","19":"tag-glo-tinted-primer-spf-30","20":"tag-ljusbla-ognskugga","21":"tag-magnetic-lash","22":"tag-magnetic-lash-mascara","23":"tag-makeup-blog","24":"tag-paese-bamboo-silk-powder","25":"tag-paese-blush","26":"tag-paese-contouring-palette","27":"tag-paese-makeup-base","28":"tag-paese-opal","29":"tag-pictorial","30":"tag-pixi-makeup-fixing-mist","31":"tag-pixi-pat-away-concealing-base","32":"tag-red-lips","33":"tag-roda-lappar","34":"tag-santhilea","35":"tag-skonhetsblogg","36":"tag-skonhetsskribent","37":"tag-sminkblogg","38":"tag-steg-for-steg-2","39":"tag-tutorial","40":"tag-vardagssminkning"},"yoast_head":"<!-- This site is optimized with the Yoast SEO Premium plugin v14.9 - https:\/\/yoast.com\/wordpress\/plugins\/seo\/ -->\n<meta name=\"description\" content=\"Sminkning man k\u00e4nner sig snyggast i | Helena Amiley - H\u00e4r hittar du senaste infromation om sk\u00f6nhet, livsstil, entrepren\u00f6rskap, makeup &amp; tips.\" \/>\n<meta name=\"robots\" content=\"index, follow, max-snippet:-1, max-image-preview:large, max-video-preview:-1\" \/>\n<link rel=\"canonical\" href=\"https:\/\/www.imakeyousmile.se\/en\/sminkning-man-kanner-sig-snyggast-i\/\" \/>\n<meta property=\"og:locale\" content=\"en_US\" \/>\n<meta property=\"og:type\" content=\"article\" \/>\n<meta property=\"og:title\" content=\"Sminkning man k\u00e4nner sig snyggast i | Imakeyousmile.se\" \/>\n<meta property=\"og:description\" content=\"Sminkning man k\u00e4nner sig snyggast i | Helena Amiley - H\u00e4r hittar du senaste infromation om sk\u00f6nhet, livsstil, entrepren\u00f6rskap, makeup &amp; tips.\" \/>\n<meta property=\"og:url\" content=\"https:\/\/www.imakeyousmile.se\/en\/sminkning-man-kanner-sig-snyggast-i\/\" \/>\n<meta property=\"og:site_name\" content=\"Imakeyousmile.se\" \/>\n<meta property=\"article:author\" content=\"https:\/\/www.facebook.com\/imakeyousmile.se\" \/>\n<meta property=\"article:published_time\" content=\"2018-05-31T19:12:20+00:00\" \/>\n<meta property=\"og:image\" content=\"https:\/\/www.imakeyousmile.se\/wp-content\/uploads\/2018\/05\/oone_111.jpg\" \/>\n\t<meta property=\"og:image:width\" content=\"2468\" \/>\n\t<meta property=\"og:image:height\" content=\"1979\" \/>\n<meta name=\"twitter:card\" content=\"summary_large_image\" \/>\n<script type=\"application\/ld+json\" class=\"yoast-schema-graph\">{\"@context\":\"https:\/\/schema.org\",\"@graph\":[{\"@type\":\"Organization\",\"@id\":\"https:\/\/www.imakeyousmile.se\/en\/#organization\",\"name\":\"Imakeyousmile\",\"url\":\"https:\/\/www.imakeyousmile.se\/en\/\",\"sameAs\":[],\"logo\":{\"@type\":\"ImageObject\",\"@id\":\"https:\/\/www.imakeyousmile.se\/en\/#logo\",\"inLanguage\":\"en-US\",\"url\":\"https:\/\/www.imakeyousmile.se\/wp-content\/uploads\/2020\/10\/HELENA-AMILEY_SVART-1-e1603367975324.png\",\"width\":280,\"height\":93,\"caption\":\"Imakeyousmile\"},\"image\":{\"@id\":\"https:\/\/www.imakeyousmile.se\/en\/#logo\"}},{\"@type\":\"WebSite\",\"@id\":\"https:\/\/www.imakeyousmile.se\/en\/#website\",\"url\":\"https:\/\/www.imakeyousmile.se\/en\/\",\"name\":\"Imakeyousmile.se\",\"description\":\"Helena Amiley - Beauty, Entrepreneur, Lifestyle\",\"publisher\":{\"@id\":\"https:\/\/www.imakeyousmile.se\/en\/#organization\"},\"potentialAction\":[{\"@type\":\"SearchAction\",\"target\":\"https:\/\/www.imakeyousmile.se\/en\/?s={search_term_string}\",\"query-input\":\"required name=search_term_string\"}],\"inLanguage\":\"en-US\"},{\"@type\":\"ImageObject\",\"@id\":\"https:\/\/www.imakeyousmile.se\/sminkning-man-kanner-sig-snyggast-i\/#primaryimage\",\"inLanguage\":\"en-US\",\"url\":\"https:\/\/www.imakeyousmile.se\/wp-content\/uploads\/2018\/05\/oone_111.jpg\",\"width\":2468,\"height\":1979},{\"@type\":\"WebPage\",\"@id\":\"https:\/\/www.imakeyousmile.se\/sminkning-man-kanner-sig-snyggast-i\/#webpage\",\"url\":\"https:\/\/www.imakeyousmile.se\/sminkning-man-kanner-sig-snyggast-i\/\",\"name\":\"Sminkning man k\\u00e4nner sig snyggast i | Imakeyousmile.se\",\"isPartOf\":{\"@id\":\"https:\/\/www.imakeyousmile.se\/en\/#website\"},\"primaryImageOfPage\":{\"@id\":\"https:\/\/www.imakeyousmile.se\/sminkning-man-kanner-sig-snyggast-i\/#primaryimage\"},\"datePublished\":\"2018-05-31T19:12:20+00:00\",\"dateModified\":\"2018-05-31T19:12:20+00:00\",\"description\":\"Sminkning man k\\u00e4nner sig snyggast i | Helena Amiley - H\\u00e4r hittar du senaste infromation om sk\\u00f6nhet, livsstil, entrepren\\u00f6rskap, makeup & tips.\",\"inLanguage\":\"en-US\",\"potentialAction\":[{\"@type\":\"ReadAction\",\"target\":[\"https:\/\/www.imakeyousmile.se\/sminkning-man-kanner-sig-snyggast-i\/\"]}]},{\"@type\":\"Article\",\"@id\":\"https:\/\/www.imakeyousmile.se\/sminkning-man-kanner-sig-snyggast-i\/#article\",\"isPartOf\":{\"@id\":\"https:\/\/www.imakeyousmile.se\/sminkning-man-kanner-sig-snyggast-i\/#webpage\"},\"author\":{\"@id\":\"https:\/\/www.imakeyousmile.se\/en\/#\/schema\/person\/b0fd43b1c6bb1c60cfd68bff9b4a10fb\"},\"headline\":\"Sminkning man k\\u00e4nner sig snyggast i\",\"datePublished\":\"2018-05-31T19:12:20+00:00\",\"dateModified\":\"2018-05-31T19:12:20+00:00\",\"mainEntityOfPage\":{\"@id\":\"https:\/\/www.imakeyousmile.se\/sminkning-man-kanner-sig-snyggast-i\/#webpage\"},\"commentCount\":0,\"publisher\":{\"@id\":\"https:\/\/www.imakeyousmile.se\/en\/#organization\"},\"image\":{\"@id\":\"https:\/\/www.imakeyousmile.se\/sminkning-man-kanner-sig-snyggast-i\/#primaryimage\"},\"keywords\":\"beauty blog,blue eyeshadow,colorful makeup,everyday makeup,F\\u00e4rgglad sminkning,f\\u00e4rgstark sminkning,glo Eye Pencil,glo matte crayon,glo Skin Beauty Micro Brow Liner,glo Tinted Primer SPF 30,ljusbl\\u00e5 \\u00f6gnskugga,magnetic lash,magnetic lash mascara,makeup blog,paese bamboo silk powder,Paese Blush,paese contouring palette,paese makeup base,paese opal,pictorial,pixi makeup fixing mist,pixi pat away concealing base,red lips,r\\u00f6da l\\u00e4ppar,santhilea,sk\\u00f6nhetsblogg,sk\\u00f6nhetsskribent,sminkblogg,steg f\\u00f6r steg,tutorial,vardagssminkning\",\"articleSection\":\"F\\u00e4rgstarka sminkningar,Neutrala \/ milda sminkningar,Sminkningar\",\"inLanguage\":\"en-US\",\"potentialAction\":[{\"@type\":\"CommentAction\",\"name\":\"Comment\",\"target\":[\"https:\/\/www.imakeyousmile.se\/sminkning-man-kanner-sig-snyggast-i\/#respond\"]}]},{\"@type\":\"Person\",\"@id\":\"https:\/\/www.imakeyousmile.se\/en\/#\/schema\/person\/b0fd43b1c6bb1c60cfd68bff9b4a10fb\",\"name\":\"Helena Amiley\",\"image\":{\"@type\":\"ImageObject\",\"@id\":\"https:\/\/www.imakeyousmile.se\/en\/#personlogo\",\"inLanguage\":\"en-US\",\"url\":\"https:\/\/secure.gravatar.com\/avatar\/5645558e1e355457a23368d7e1b4c904?s=96&d=mm&r=g\",\"caption\":\"Helena Amiley\"},\"description\":\"Jag skriver mest om sk\\u00f6nhet men bjuder \\u00e4ven p\\u00e5 glimtar fr\\u00e5n entrepren\\u00f6rlivet och bygget av v\\u00e5r egen camper van. Vanlife here we come!\",\"sameAs\":[\"https:\/\/www.facebook.com\/imakeyousmile.se\",\"https:\/\/www.instagram.com\/helenaamiley\",\"https:\/\/www.youtube.com\/channel\/UCR5iB6rvpV6Yr8ZjpQfr5mg?view_as=subscriber\"]}]}<\/script>\n<!-- \/ Yoast SEO Premium plugin. -->","_links":{"self":[{"href":"https:\/\/www.imakeyousmile.se\/en\/wp-json\/wp\/v2\/posts\/32380"}],"collection":[{"href":"https:\/\/www.imakeyousmile.se\/en\/wp-json\/wp\/v2\/posts"}],"about":[{"href":"https:\/\/www.imakeyousmile.se\/en\/wp-json\/wp\/v2\/types\/post"}],"author":[{"embeddable":true,"href":"https:\/\/www.imakeyousmile.se\/en\/wp-json\/wp\/v2\/users\/30"}],"replies":[{"embeddable":true,"href":"https:\/\/www.imakeyousmile.se\/en\/wp-json\/wp\/v2\/comments?post=32380"}],"version-history":[{"count":4,"href":"https:\/\/www.imakeyousmile.se\/en\/wp-json\/wp\/v2\/posts\/32380\/revisions"}],"predecessor-version":[{"id":32401,"href":"https:\/\/www.imakeyousmile.se\/en\/wp-json\/wp\/v2\/posts\/32380\/revisions\/32401"}],"wp:featuredmedia":[{"embeddable":true,"href":"https:\/\/www.imakeyousmile.se\/en\/wp-json\/wp\/v2\/media\/32400"}],"wp:attachment":[{"href":"https:\/\/www.imakeyousmile.se\/en\/wp-json\/wp\/v2\/media?parent=32380"}],"wp:term":[{"taxonomy":"category","embeddable":true,"href":"https:\/\/www.imakeyousmile.se\/en\/wp-json\/wp\/v2\/categories?post=32380"},{"taxonomy":"post_tag","embeddable":true,"href":"https:\/\/www.imakeyousmile.se\/en\/wp-json\/wp\/v2\/tags?post=32380"}],"curies":[{"name":"wp","href":"https:\/\/api.w.org\/{rel}","templated":true}]}}