{"id":32402,"date":"2018-06-02T15:55:57","date_gmt":"2018-06-02T13:55:57","guid":{"rendered":"http:\/\/www.imakeyousmile.se\/?p=32402"},"modified":"2020-10-22T18:28:11","modified_gmt":"2020-10-22T16:28:11","slug":"min-businessvecka-v-22","status":"publish","type":"post","link":"https:\/\/www.imakeyousmile.se\/en\/min-businessweek-v-22\/","title":{"rendered":"My business week v. 22"},"content":{"rendered":"<p>This week&#039;s &quot;business post&quot; is already coming on Saturday instead of Sunday as usual. I have not had time to do so much blog material this week and will take it easy this weekend, so I thought I could publish it now right when I&#039;m done :)<\/p>\n<p>This week has been both up and down I must say.<\/p>\n<p>I can very rarely take power naps because I do not fall asleep so easily, but the first thing I did when I got home last Friday was to lie down on the couch and then I woke up 2 hours later. It sums up my week pretty well haha.<\/p>\n<p><img loading=\"lazy\" decoding=\"async\" class=\"alignnone size-large wp-image-32438\" src=\"http:\/\/www.imakeyousmile.se\/wp-content\/uploads\/2018\/06\/min-businessvecka-3-juni-1024x1024.jpg\" alt=\"\" width=\"640\" height=\"640\" srcset=\"https:\/\/www.imakeyousmile.se\/wp-content\/uploads\/2018\/06\/min-businessvecka-3-juni-1024x1024.jpg 1024w, https:\/\/www.imakeyousmile.se\/wp-content\/uploads\/2018\/06\/min-businessvecka-3-juni-150x150.jpg 150w, https:\/\/www.imakeyousmile.se\/wp-content\/uploads\/2018\/06\/min-businessvecka-3-juni-300x300.jpg 300w, https:\/\/www.imakeyousmile.se\/wp-content\/uploads\/2018\/06\/min-businessvecka-3-juni-768x768.jpg 768w, https:\/\/www.imakeyousmile.se\/wp-content\/uploads\/2018\/06\/min-businessvecka-3-juni-696x696.jpg 696w, https:\/\/www.imakeyousmile.se\/wp-content\/uploads\/2018\/06\/min-businessvecka-3-juni-1068x1068.jpg 1068w, https:\/\/www.imakeyousmile.se\/wp-content\/uploads\/2018\/06\/min-businessvecka-3-juni-420x420.jpg 420w, https:\/\/www.imakeyousmile.se\/wp-content\/uploads\/2018\/06\/min-businessvecka-3-juni.jpg 2000w\" sizes=\"(max-width: 640px) 100vw, 640px\" \/><\/p>\n<p><strong>You have to take a few setbacks sometimes<\/strong><br \/>\nNow comes some boring points but then the rest of the post will be fun again! :) I rarely write negatively in these job posts for problems that arise are often very concrete and things you &quot;just have to solve&quot; and then it is not so hard, but I also want to be honest in these posts even when not everything feels like a dance on roses. This week has lasted unusually tough for me actually on several levels:<\/p>\n<p><strong>Fever -\u00a0<\/strong>The first reason is that I had a fever all week and mixed both Ipren and Alvedon (mixed with coffee and Celsius haha) to be able to do things. I woke up around 4 in the morning and took the headache tablets so that they have time to work before I step up. The fever has also made me extra sensitive and I have had a lot of feelings of hopelessness all week. I have doubted myself and my big dreams and it is not at all common for me. &quot;Everything is useless and the reason it feels that way is because for once I am realistic&quot; something like that has sounded in my head when the thoughts flew away. Not at all like me! I, who am usually pretty sure that everything I decide on will be a success! But not now.<\/p>\n<p><strong>Unexpected stress -\u00a0<\/strong>I have really struggled before our summer event that we had last Thursday and had such good planning that I started with several months before to catch up with everything without stress. I have been unusually good at asking for help and delegating tasks on time as well. But we have been so fully booked (which of course is great!) And it is difficult to delegate tasks to people who do not have time either. So suddenly I had unexpectedly a lot to do and more customers than planned, so every day when I got home I felt that I was miles behind in the planning and on Wednesday I could not even sleep all night.<\/p>\n<p><strong>Planning the number of guests -<\/strong>\u00a0I will write more about our wonderful summer event further down, wow what a job we have done and all the guests were so happy! But I was actually a little low afterwards because only half of everyone who had sniffed came. Above all, I felt that it was my fault, not because I had done anything wrong but because I had been the most driving and for the event and that all responsibility was on me. So whatever went wrong had been my fault - in my opinion. You always expect a dropout but not as much as 50% right? We had a limited number of seats and could have pushed so much more for the event, but when we got the maximum number that fits and a little more, we could not push it out more, I thought. You must also be able to handle it IF almost everyone comes.<\/p>\n<p>The event was really successful anyway but I would have liked so many more to have enjoyed it now that we put in so much work and everything else was so good :)<\/p>\n<p><img loading=\"lazy\" decoding=\"async\" class=\"alignnone size-large wp-image-32437\" src=\"http:\/\/www.imakeyousmile.se\/wp-content\/uploads\/2018\/06\/IMG_3932-768x1024.jpg\" alt=\"\" width=\"640\" height=\"853\" srcset=\"https:\/\/www.imakeyousmile.se\/wp-content\/uploads\/2018\/06\/IMG_3932-768x1024.jpg 768w, https:\/\/www.imakeyousmile.se\/wp-content\/uploads\/2018\/06\/IMG_3932-225x300.jpg 225w, https:\/\/www.imakeyousmile.se\/wp-content\/uploads\/2018\/06\/IMG_3932-696x928.jpg 696w, https:\/\/www.imakeyousmile.se\/wp-content\/uploads\/2018\/06\/IMG_3932-1068x1424.jpg 1068w, https:\/\/www.imakeyousmile.se\/wp-content\/uploads\/2018\/06\/IMG_3932-315x420.jpg 315w, https:\/\/www.imakeyousmile.se\/wp-content\/uploads\/2018\/06\/IMG_3932.jpg 1920w\" sizes=\"(max-width: 640px) 100vw, 640px\" \/><\/p>\n<p>The most important thing when you are stressed do you know what it is? Support! That&#039;s my friend Frida told me this week :) Here my cat Viktoria supports me when I was so exhausted after the work day haha.<\/p>\n<p>But you learn the most when things do not go as they should! Now I have got this out of me and the rest of the post will highlight all the positive things that have been this week !! :)<\/p>\n<p><strong>Sometimes you&#039;re lucky!<\/strong><br \/>\nLast week I told you that my computer is being repaired. It has had problems with the screen and just submitting it for troubleshooting costs SEK 600. It is probably the graphics card that is disturbing, said the staff. When I asked what it will cost to fix, I got the answer &quot;yes it costs a penny!&quot;.<\/p>\n<p>Now I finally got to pick up my baby again and<br \/>\n1. they did not find the error and then you apparently do not have to pay that troubleshooting fee.<br \/>\n2. but it was apparently something else wrong with some reflex protection (?) On the screen (I did not even know about this, I thought the screen was dirty and have tried to wash it off) and if the computer is less than 4 years old then you get a new screen completely free. So not only the glass but I got the whole screen replaced.<br \/>\n3. After I took it out, the screen has worked flawlessly, so the problem solved itself only they changed the screen.<\/p>\n<p>So fixing my computer did not cost me a single penny, and I had not even bought it at the place I handed it in. They were so nice and good too! This week&#039;s rose goes to Digital Inn in Uppsala :) So now they get free marketing as payment instead;)<\/p>\n<p><img loading=\"lazy\" decoding=\"async\" class=\"alignnone size-large wp-image-32409\" src=\"http:\/\/www.imakeyousmile.se\/wp-content\/uploads\/2018\/06\/IMG_3930-1024x990.jpg\" alt=\"\" width=\"640\" height=\"619\" srcset=\"https:\/\/www.imakeyousmile.se\/wp-content\/uploads\/2018\/06\/IMG_3930-1024x990.jpg 1024w, https:\/\/www.imakeyousmile.se\/wp-content\/uploads\/2018\/06\/IMG_3930-300x290.jpg 300w, https:\/\/www.imakeyousmile.se\/wp-content\/uploads\/2018\/06\/IMG_3930-768x743.jpg 768w, https:\/\/www.imakeyousmile.se\/wp-content\/uploads\/2018\/06\/IMG_3930-696x673.jpg 696w, https:\/\/www.imakeyousmile.se\/wp-content\/uploads\/2018\/06\/IMG_3930-1068x1033.jpg 1068w, https:\/\/www.imakeyousmile.se\/wp-content\/uploads\/2018\/06\/IMG_3930-434x420.jpg 434w\" sizes=\"(max-width: 640px) 100vw, 640px\" \/><\/p>\n<p>I sat out in the sun this morning and did a little work before breakfast, it had absolutely not worked with my old screen! Then I would not have seen a smack!<\/p>\n<p><strong>Spanish and happy music at the salon!<\/strong><br \/>\nDo not forget to really enjoy the nice sun we have been pampered with now :) Everything that does not have to be done indoors I take care to do out in the sun.<\/p>\n<p>Last Sunday I made a new playlist for the salon out in the sun, partly for the event, but we also planned to have it rolling all summer. I listen a lot to Spanish music, no special artist but random songs that make me happy! &quot;Breathe in my cabeza&quot; is my favorite, I heard it in Mexico and then found it using a music app. Tip! :)<\/p>\n<p>Surely you can search on other people&#039;s playlists on Spotify? &quot;Spanish &amp; happy \u00e1 la Helena&quot; is my best Spanish playlist in such cases if you want 1.5 hours of Spanish music for morning coffee!<\/p>\n<p>Anyway, that was not what I was going to talk about - but the funny thing is that the music is really appreciated by both customers and colleagues at work, so fun! Music and atmosphere do so much more than you think :)<\/p>\n<p><img loading=\"lazy\" decoding=\"async\" class=\"alignnone size-large wp-image-32407\" src=\"http:\/\/www.imakeyousmile.se\/wp-content\/uploads\/2018\/06\/IMG_3926-944x1024.jpg\" alt=\"\" width=\"640\" height=\"694\" srcset=\"https:\/\/www.imakeyousmile.se\/wp-content\/uploads\/2018\/06\/IMG_3926-944x1024.jpg 944w, https:\/\/www.imakeyousmile.se\/wp-content\/uploads\/2018\/06\/IMG_3926-277x300.jpg 277w, https:\/\/www.imakeyousmile.se\/wp-content\/uploads\/2018\/06\/IMG_3926-768x833.jpg 768w, https:\/\/www.imakeyousmile.se\/wp-content\/uploads\/2018\/06\/IMG_3926-696x755.jpg 696w, https:\/\/www.imakeyousmile.se\/wp-content\/uploads\/2018\/06\/IMG_3926-1068x1159.jpg 1068w, https:\/\/www.imakeyousmile.se\/wp-content\/uploads\/2018\/06\/IMG_3926-387x420.jpg 387w, https:\/\/www.imakeyousmile.se\/wp-content\/uploads\/2018\/06\/IMG_3926.jpg 1097w\" sizes=\"(max-width: 640px) 100vw, 640px\" \/><\/p>\n<p><strong>Event preparations<\/strong><br \/>\nThis has been the most well-crafted event we have held! We really went all in with artificial grass, palm trees and hanging plants, balloons with our logo and the text &quot;beauty is wellness&quot; on, photo wall with balloons and flowers, partners who came there, sponsors of goodie bags and prizes (among other things we competed in a luxury cruise with Birca Cruises!) And basically the entire makeup studio, we emptied all the furniture to make room for all the guests.<\/p>\n<p><img loading=\"lazy\" decoding=\"async\" class=\"alignnone size-large wp-image-32431\" src=\"http:\/\/www.imakeyousmile.se\/wp-content\/uploads\/2018\/06\/IMG_9428-1024x683.jpg\" alt=\"\" width=\"640\" height=\"427\" srcset=\"https:\/\/www.imakeyousmile.se\/wp-content\/uploads\/2018\/06\/IMG_9428-1024x683.jpg 1024w, https:\/\/www.imakeyousmile.se\/wp-content\/uploads\/2018\/06\/IMG_9428-300x200.jpg 300w, https:\/\/www.imakeyousmile.se\/wp-content\/uploads\/2018\/06\/IMG_9428-768x512.jpg 768w, https:\/\/www.imakeyousmile.se\/wp-content\/uploads\/2018\/06\/IMG_9428-696x464.jpg 696w, https:\/\/www.imakeyousmile.se\/wp-content\/uploads\/2018\/06\/IMG_9428-1068x712.jpg 1068w, https:\/\/www.imakeyousmile.se\/wp-content\/uploads\/2018\/06\/IMG_9428-630x420.jpg 630w\" sizes=\"(max-width: 640px) 100vw, 640px\" \/><\/p>\n<p>Our nice balloons! I have literally sores on my fingers after all the balloon-tying haha! We inflated a lot of regular ones but also bought helium which we filled many with and had here and there throughout the room :)<\/p>\n<p><img loading=\"lazy\" decoding=\"async\" class=\"alignnone size-large wp-image-32411\" src=\"http:\/\/www.imakeyousmile.se\/wp-content\/uploads\/2018\/06\/IMG_2393-780x1024.jpg\" alt=\"\" width=\"640\" height=\"840\" srcset=\"https:\/\/www.imakeyousmile.se\/wp-content\/uploads\/2018\/06\/IMG_2393-780x1024.jpg 780w, https:\/\/www.imakeyousmile.se\/wp-content\/uploads\/2018\/06\/IMG_2393-229x300.jpg 229w, https:\/\/www.imakeyousmile.se\/wp-content\/uploads\/2018\/06\/IMG_2393-768x1008.jpg 768w, https:\/\/www.imakeyousmile.se\/wp-content\/uploads\/2018\/06\/IMG_2393-696x914.jpg 696w, https:\/\/www.imakeyousmile.se\/wp-content\/uploads\/2018\/06\/IMG_2393-1068x1402.jpg 1068w, https:\/\/www.imakeyousmile.se\/wp-content\/uploads\/2018\/06\/IMG_2393-320x420.jpg 320w, https:\/\/www.imakeyousmile.se\/wp-content\/uploads\/2018\/06\/IMG_2393.jpg 1950w\" sizes=\"(max-width: 640px) 100vw, 640px\" \/><\/p>\n<p>We are not angry in the picture just sickly concentrated when we count bags haha! Frida was so cute and helped me with all the goodiebags, they were really generous and well stocked! It was a bit mixed content but everyone had a mascara from Wet n Wild, tweezers and eyebrow knife and then a bit mixed with nice lipsticks, eye shadows, blush, body lotion, face mask and we also put in a piece of chocolate in each :)<\/p>\n<p><img loading=\"lazy\" decoding=\"async\" class=\"alignnone size-large wp-image-32408\" src=\"http:\/\/www.imakeyousmile.se\/wp-content\/uploads\/2018\/06\/IMG_3927-795x1024.jpg\" alt=\"\" width=\"640\" height=\"824\" srcset=\"https:\/\/www.imakeyousmile.se\/wp-content\/uploads\/2018\/06\/IMG_3927-795x1024.jpg 795w, https:\/\/www.imakeyousmile.se\/wp-content\/uploads\/2018\/06\/IMG_3927-233x300.jpg 233w, https:\/\/www.imakeyousmile.se\/wp-content\/uploads\/2018\/06\/IMG_3927-768x989.jpg 768w, https:\/\/www.imakeyousmile.se\/wp-content\/uploads\/2018\/06\/IMG_3927-696x896.jpg 696w, https:\/\/www.imakeyousmile.se\/wp-content\/uploads\/2018\/06\/IMG_3927-1068x1375.jpg 1068w, https:\/\/www.imakeyousmile.se\/wp-content\/uploads\/2018\/06\/IMG_3927-326x420.jpg 326w, https:\/\/www.imakeyousmile.se\/wp-content\/uploads\/2018\/06\/IMG_3927.jpg 1242w\" sizes=\"(max-width: 640px) 100vw, 640px\" \/><\/p>\n<p>This is where Miska and I work and fix after closing. We now have artificial grass in the entire waiting room, in this staircase where we then held the presentations, at the photo wall and in our entrance! It really became the icing on the cake for the whole summer feeling!<\/p>\n<p><img loading=\"lazy\" decoding=\"async\" class=\"alignnone size-large wp-image-32425\" src=\"http:\/\/www.imakeyousmile.se\/wp-content\/uploads\/2018\/06\/IMG_9366-1024x659.jpg\" alt=\"\" width=\"640\" height=\"412\" srcset=\"https:\/\/www.imakeyousmile.se\/wp-content\/uploads\/2018\/06\/IMG_9366-1024x659.jpg 1024w, https:\/\/www.imakeyousmile.se\/wp-content\/uploads\/2018\/06\/IMG_9366-300x193.jpg 300w, https:\/\/www.imakeyousmile.se\/wp-content\/uploads\/2018\/06\/IMG_9366-768x494.jpg 768w, https:\/\/www.imakeyousmile.se\/wp-content\/uploads\/2018\/06\/IMG_9366-696x448.jpg 696w, https:\/\/www.imakeyousmile.se\/wp-content\/uploads\/2018\/06\/IMG_9366-1068x687.jpg 1068w, https:\/\/www.imakeyousmile.se\/wp-content\/uploads\/2018\/06\/IMG_9366-653x420.jpg 653w, https:\/\/www.imakeyousmile.se\/wp-content\/uploads\/2018\/06\/IMG_9366.jpg 2000w\" sizes=\"(max-width: 640px) 100vw, 640px\" \/><\/p>\n<p>our waiting room! Fint va? :) We had Art Clinic and a girl who exhibited swimwear and bridal-inspired lingerie in honor of the day as well as you see on the pages. But after the event, the waiting room is just a cozy summer oasis.<\/p>\n<p><img loading=\"lazy\" decoding=\"async\" class=\"alignnone size-large wp-image-32403\" src=\"http:\/\/www.imakeyousmile.se\/wp-content\/uploads\/2018\/06\/IMG_9329-kopia-1024x765.jpg\" alt=\"\" width=\"640\" height=\"478\" srcset=\"https:\/\/www.imakeyousmile.se\/wp-content\/uploads\/2018\/06\/IMG_9329-kopia-1024x765.jpg 1024w, https:\/\/www.imakeyousmile.se\/wp-content\/uploads\/2018\/06\/IMG_9329-kopia-300x224.jpg 300w, https:\/\/www.imakeyousmile.se\/wp-content\/uploads\/2018\/06\/IMG_9329-kopia-768x574.jpg 768w, https:\/\/www.imakeyousmile.se\/wp-content\/uploads\/2018\/06\/IMG_9329-kopia-80x60.jpg 80w, https:\/\/www.imakeyousmile.se\/wp-content\/uploads\/2018\/06\/IMG_9329-kopia-265x198.jpg 265w, https:\/\/www.imakeyousmile.se\/wp-content\/uploads\/2018\/06\/IMG_9329-kopia-696x520.jpg 696w, https:\/\/www.imakeyousmile.se\/wp-content\/uploads\/2018\/06\/IMG_9329-kopia-1068x798.jpg 1068w, https:\/\/www.imakeyousmile.se\/wp-content\/uploads\/2018\/06\/IMG_9329-kopia-562x420.jpg 562w\" sizes=\"(max-width: 640px) 100vw, 640px\" \/><\/p>\n<p>I made several summery product signs that are scattered here and there in the store, a lot of flowers, stones and shells :) Do you know what happened then? In the middle of it all, when I was putting in the products, a spider crawled up among the rocks! How sick ?! I he so phobia so\u2026 The bag with the stones was completely unopened so I do not understand how it ended up there, do you understand the shock ??<\/p>\n<p><img loading=\"lazy\" decoding=\"async\" class=\"alignnone size-large wp-image-32410\" src=\"http:\/\/www.imakeyousmile.se\/wp-content\/uploads\/2018\/06\/IMG_3923_111-784x1024.png\" alt=\"\" width=\"640\" height=\"836\" srcset=\"https:\/\/www.imakeyousmile.se\/wp-content\/uploads\/2018\/06\/IMG_3923_111-784x1024.png 784w, https:\/\/www.imakeyousmile.se\/wp-content\/uploads\/2018\/06\/IMG_3923_111-230x300.png 230w, https:\/\/www.imakeyousmile.se\/wp-content\/uploads\/2018\/06\/IMG_3923_111-768x1003.png 768w, https:\/\/www.imakeyousmile.se\/wp-content\/uploads\/2018\/06\/IMG_3923_111-696x909.png 696w, https:\/\/www.imakeyousmile.se\/wp-content\/uploads\/2018\/06\/IMG_3923_111-1068x1395.png 1068w, https:\/\/www.imakeyousmile.se\/wp-content\/uploads\/2018\/06\/IMG_3923_111-322x420.png 322w, https:\/\/www.imakeyousmile.se\/wp-content\/uploads\/2018\/06\/IMG_3923_111.png 1242w\" sizes=\"(max-width: 640px) 100vw, 640px\" \/><\/p>\n<p>Got this picture on snapchat by Miska who tested our photo props haha :)<\/p>\n<p>We focused on making the room as photo-friendly as possible so that people would like to post nice pictures from the event :) Among other things, we made a great photo wall, and since all guests are private individuals (I am otherwise used to influencers at events such as are used to taking pictures of themselves) so I thought that everyone might not be very comfortable with taking regular &quot;nice pictures&quot; so we made some fun photo props that you could use to spice things up a bit instead :)<\/p>\n<p>In the picture above you see Miska with lips and eyebrows as Olga has done! So much fun! :) We had also presented large flowers and palm leaves that you can joke about.<\/p>\n<p><img loading=\"lazy\" decoding=\"async\" class=\"alignnone size-large wp-image-32432\" src=\"http:\/\/www.imakeyousmile.se\/wp-content\/uploads\/2018\/06\/IMG_9434-628x1024.jpg\" alt=\"\" width=\"628\" height=\"1024\" srcset=\"https:\/\/www.imakeyousmile.se\/wp-content\/uploads\/2018\/06\/IMG_9434-628x1024.jpg 628w, https:\/\/www.imakeyousmile.se\/wp-content\/uploads\/2018\/06\/IMG_9434-184x300.jpg 184w, https:\/\/www.imakeyousmile.se\/wp-content\/uploads\/2018\/06\/IMG_9434-768x1252.jpg 768w, https:\/\/www.imakeyousmile.se\/wp-content\/uploads\/2018\/06\/IMG_9434-696x1134.jpg 696w, https:\/\/www.imakeyousmile.se\/wp-content\/uploads\/2018\/06\/IMG_9434-1068x1741.jpg 1068w, https:\/\/www.imakeyousmile.se\/wp-content\/uploads\/2018\/06\/IMG_9434-258x420.jpg 258w, https:\/\/www.imakeyousmile.se\/wp-content\/uploads\/2018\/06\/IMG_9434.jpg 1500w\" sizes=\"(max-width: 628px) 100vw, 628px\" \/><\/p>\n<p>The photo wall that I made all by myself! Will never inflate so many balloons again haha!<\/p>\n<p><img loading=\"lazy\" decoding=\"async\" class=\"alignnone size-large wp-image-32419\" src=\"http:\/\/www.imakeyousmile.se\/wp-content\/uploads\/2018\/06\/IMG_9321-1-1024x640.jpg\" alt=\"\" width=\"640\" height=\"400\" srcset=\"https:\/\/www.imakeyousmile.se\/wp-content\/uploads\/2018\/06\/IMG_9321-1-1024x640.jpg 1024w, https:\/\/www.imakeyousmile.se\/wp-content\/uploads\/2018\/06\/IMG_9321-1-300x188.jpg 300w, https:\/\/www.imakeyousmile.se\/wp-content\/uploads\/2018\/06\/IMG_9321-1-768x480.jpg 768w, https:\/\/www.imakeyousmile.se\/wp-content\/uploads\/2018\/06\/IMG_9321-1-696x435.jpg 696w, https:\/\/www.imakeyousmile.se\/wp-content\/uploads\/2018\/06\/IMG_9321-1-1068x668.jpg 1068w, https:\/\/www.imakeyousmile.se\/wp-content\/uploads\/2018\/06\/IMG_9321-1-672x420.jpg 672w, https:\/\/www.imakeyousmile.se\/wp-content\/uploads\/2018\/06\/IMG_9321-1.jpg 2000w\" sizes=\"(max-width: 640px) 100vw, 640px\" \/><\/p>\n<p>And our entrance had Annika decorated so nicely \u2665<\/p>\n<p><img loading=\"lazy\" decoding=\"async\" class=\"alignnone size-large wp-image-32427\" src=\"http:\/\/www.imakeyousmile.se\/wp-content\/uploads\/2018\/06\/IMG_9379-1024x667.jpg\" alt=\"\" width=\"640\" height=\"417\" srcset=\"https:\/\/www.imakeyousmile.se\/wp-content\/uploads\/2018\/06\/IMG_9379-1024x667.jpg 1024w, https:\/\/www.imakeyousmile.se\/wp-content\/uploads\/2018\/06\/IMG_9379-300x195.jpg 300w, https:\/\/www.imakeyousmile.se\/wp-content\/uploads\/2018\/06\/IMG_9379-768x500.jpg 768w, https:\/\/www.imakeyousmile.se\/wp-content\/uploads\/2018\/06\/IMG_9379-696x453.jpg 696w, https:\/\/www.imakeyousmile.se\/wp-content\/uploads\/2018\/06\/IMG_9379-1068x695.jpg 1068w, https:\/\/www.imakeyousmile.se\/wp-content\/uploads\/2018\/06\/IMG_9379-645x420.jpg 645w, https:\/\/www.imakeyousmile.se\/wp-content\/uploads\/2018\/06\/IMG_9379.jpg 2000w\" sizes=\"(max-width: 640px) 100vw, 640px\" \/><\/p>\n<p>We also had small hashtag signs around the photo wall so that everyone who published photos could have the same hashtag :) In the background you can see the stairs where we held the presentation later!<\/p>\n<p><img loading=\"lazy\" decoding=\"async\" class=\"alignnone size-large wp-image-32424\" src=\"http:\/\/www.imakeyousmile.se\/wp-content\/uploads\/2018\/06\/IMG_9361-1024x821.jpg\" alt=\"\" width=\"640\" height=\"513\" srcset=\"https:\/\/www.imakeyousmile.se\/wp-content\/uploads\/2018\/06\/IMG_9361-1024x821.jpg 1024w, https:\/\/www.imakeyousmile.se\/wp-content\/uploads\/2018\/06\/IMG_9361-300x240.jpg 300w, https:\/\/www.imakeyousmile.se\/wp-content\/uploads\/2018\/06\/IMG_9361-768x616.jpg 768w, https:\/\/www.imakeyousmile.se\/wp-content\/uploads\/2018\/06\/IMG_9361-696x558.jpg 696w, https:\/\/www.imakeyousmile.se\/wp-content\/uploads\/2018\/06\/IMG_9361-1068x856.jpg 1068w, https:\/\/www.imakeyousmile.se\/wp-content\/uploads\/2018\/06\/IMG_9361-524x420.jpg 524w, https:\/\/www.imakeyousmile.se\/wp-content\/uploads\/2018\/06\/IMG_9361.jpg 2000w\" sizes=\"(max-width: 640px) 100vw, 640px\" \/><\/p>\n<p>Another product creation that I made for the store :)<\/p>\n<p><strong>Time for a summer event!<\/strong><br \/>\nWhen the last customer had left, we had 30 minutes to fix the last thing together and it was in the second that we were finished before the first guests started to drop in!<\/p>\n<p><img loading=\"lazy\" decoding=\"async\" class=\"alignnone size-large wp-image-32423\" src=\"http:\/\/www.imakeyousmile.se\/wp-content\/uploads\/2018\/06\/IMG_9345-1024x910.jpg\" alt=\"\" width=\"640\" height=\"569\" srcset=\"https:\/\/www.imakeyousmile.se\/wp-content\/uploads\/2018\/06\/IMG_9345-1024x910.jpg 1024w, https:\/\/www.imakeyousmile.se\/wp-content\/uploads\/2018\/06\/IMG_9345-300x267.jpg 300w, https:\/\/www.imakeyousmile.se\/wp-content\/uploads\/2018\/06\/IMG_9345-768x683.jpg 768w, https:\/\/www.imakeyousmile.se\/wp-content\/uploads\/2018\/06\/IMG_9345-696x619.jpg 696w, https:\/\/www.imakeyousmile.se\/wp-content\/uploads\/2018\/06\/IMG_9345-1068x949.jpg 1068w, https:\/\/www.imakeyousmile.se\/wp-content\/uploads\/2018\/06\/IMG_9345-472x420.jpg 472w, https:\/\/www.imakeyousmile.se\/wp-content\/uploads\/2018\/06\/IMG_9345.jpg 2000w\" sizes=\"(max-width: 640px) 100vw, 640px\" \/><\/p>\n<p>Best Miska was responsible for drinks and snacks \u2665<\/p>\n<p><img loading=\"lazy\" decoding=\"async\" class=\"alignnone size-large wp-image-32422\" src=\"http:\/\/www.imakeyousmile.se\/wp-content\/uploads\/2018\/06\/IMG_9338-1-1024x682.jpg\" alt=\"\" width=\"640\" height=\"426\" srcset=\"https:\/\/www.imakeyousmile.se\/wp-content\/uploads\/2018\/06\/IMG_9338-1-1024x682.jpg 1024w, https:\/\/www.imakeyousmile.se\/wp-content\/uploads\/2018\/06\/IMG_9338-1-300x200.jpg 300w, https:\/\/www.imakeyousmile.se\/wp-content\/uploads\/2018\/06\/IMG_9338-1-768x512.jpg 768w, https:\/\/www.imakeyousmile.se\/wp-content\/uploads\/2018\/06\/IMG_9338-1-696x464.jpg 696w, https:\/\/www.imakeyousmile.se\/wp-content\/uploads\/2018\/06\/IMG_9338-1-1068x712.jpg 1068w, https:\/\/www.imakeyousmile.se\/wp-content\/uploads\/2018\/06\/IMG_9338-1-630x420.jpg 630w, https:\/\/www.imakeyousmile.se\/wp-content\/uploads\/2018\/06\/IMG_9338-1.jpg 2000w\" sizes=\"(max-width: 640px) 100vw, 640px\" \/><\/p>\n<p>We served chips, sweets, popcorn and salty sticks!<\/p>\n<p><img loading=\"lazy\" decoding=\"async\" class=\"alignnone size-large wp-image-32421\" src=\"http:\/\/www.imakeyousmile.se\/wp-content\/uploads\/2018\/06\/IMG_9337-1024x639.jpg\" alt=\"\" width=\"640\" height=\"399\" srcset=\"https:\/\/www.imakeyousmile.se\/wp-content\/uploads\/2018\/06\/IMG_9337-1024x639.jpg 1024w, https:\/\/www.imakeyousmile.se\/wp-content\/uploads\/2018\/06\/IMG_9337-300x187.jpg 300w, https:\/\/www.imakeyousmile.se\/wp-content\/uploads\/2018\/06\/IMG_9337-768x479.jpg 768w, https:\/\/www.imakeyousmile.se\/wp-content\/uploads\/2018\/06\/IMG_9337-696x434.jpg 696w, https:\/\/www.imakeyousmile.se\/wp-content\/uploads\/2018\/06\/IMG_9337-1068x666.jpg 1068w, https:\/\/www.imakeyousmile.se\/wp-content\/uploads\/2018\/06\/IMG_9337-673x420.jpg 673w, https:\/\/www.imakeyousmile.se\/wp-content\/uploads\/2018\/06\/IMG_9337.jpg 2000w\" sizes=\"(max-width: 640px) 100vw, 640px\" \/><\/p>\n<p>Simple and very appreciated :)<\/p>\n<p><img loading=\"lazy\" decoding=\"async\" class=\"alignnone size-large wp-image-32420\" src=\"http:\/\/www.imakeyousmile.se\/wp-content\/uploads\/2018\/06\/IMG_9334-1024x668.jpg\" alt=\"\" width=\"640\" height=\"418\" srcset=\"https:\/\/www.imakeyousmile.se\/wp-content\/uploads\/2018\/06\/IMG_9334-1024x668.jpg 1024w, https:\/\/www.imakeyousmile.se\/wp-content\/uploads\/2018\/06\/IMG_9334-300x196.jpg 300w, https:\/\/www.imakeyousmile.se\/wp-content\/uploads\/2018\/06\/IMG_9334-768x501.jpg 768w, https:\/\/www.imakeyousmile.se\/wp-content\/uploads\/2018\/06\/IMG_9334-696x454.jpg 696w, https:\/\/www.imakeyousmile.se\/wp-content\/uploads\/2018\/06\/IMG_9334-1068x696.jpg 1068w, https:\/\/www.imakeyousmile.se\/wp-content\/uploads\/2018\/06\/IMG_9334-644x420.jpg 644w, https:\/\/www.imakeyousmile.se\/wp-content\/uploads\/2018\/06\/IMG_9334.jpg 2000w\" sizes=\"(max-width: 640px) 100vw, 640px\" \/><\/p>\n<p>Luckily we have ICA right next to the salon, Miska could run and buy ice cream just before the event started because we have no freezer at work :)<\/p>\n<p><img loading=\"lazy\" decoding=\"async\" class=\"alignnone size-large wp-image-32428\" src=\"http:\/\/www.imakeyousmile.se\/wp-content\/uploads\/2018\/06\/IMG_9384-1024x737.jpg\" alt=\"\" width=\"640\" height=\"461\" srcset=\"https:\/\/www.imakeyousmile.se\/wp-content\/uploads\/2018\/06\/IMG_9384-1024x737.jpg 1024w, https:\/\/www.imakeyousmile.se\/wp-content\/uploads\/2018\/06\/IMG_9384-300x216.jpg 300w, https:\/\/www.imakeyousmile.se\/wp-content\/uploads\/2018\/06\/IMG_9384-768x553.jpg 768w, https:\/\/www.imakeyousmile.se\/wp-content\/uploads\/2018\/06\/IMG_9384-696x501.jpg 696w, https:\/\/www.imakeyousmile.se\/wp-content\/uploads\/2018\/06\/IMG_9384-1068x769.jpg 1068w, https:\/\/www.imakeyousmile.se\/wp-content\/uploads\/2018\/06\/IMG_9384-583x420.jpg 583w, https:\/\/www.imakeyousmile.se\/wp-content\/uploads\/2018\/06\/IMG_9384.jpg 2000w\" sizes=\"(max-width: 640px) 100vw, 640px\" \/><\/p>\n<p>Here we are ready to receive all guests! Everyone who came got a wreath around their necks :)<\/p>\n<p><img loading=\"lazy\" decoding=\"async\" class=\"alignnone size-large wp-image-32426\" src=\"http:\/\/www.imakeyousmile.se\/wp-content\/uploads\/2018\/06\/IMG_9368-1024x608.jpg\" alt=\"\" width=\"640\" height=\"380\" srcset=\"https:\/\/www.imakeyousmile.se\/wp-content\/uploads\/2018\/06\/IMG_9368-1024x608.jpg 1024w, https:\/\/www.imakeyousmile.se\/wp-content\/uploads\/2018\/06\/IMG_9368-300x178.jpg 300w, https:\/\/www.imakeyousmile.se\/wp-content\/uploads\/2018\/06\/IMG_9368-768x456.jpg 768w, https:\/\/www.imakeyousmile.se\/wp-content\/uploads\/2018\/06\/IMG_9368-696x413.jpg 696w, https:\/\/www.imakeyousmile.se\/wp-content\/uploads\/2018\/06\/IMG_9368-1068x634.jpg 1068w, https:\/\/www.imakeyousmile.se\/wp-content\/uploads\/2018\/06\/IMG_9368-708x420.jpg 708w, https:\/\/www.imakeyousmile.se\/wp-content\/uploads\/2018\/06\/IMG_9368.jpg 2000w\" sizes=\"(max-width: 640px) 100vw, 640px\" \/><\/p>\n<p>Sarita with swimwear and underwear :)<\/p>\n<p><img loading=\"lazy\" decoding=\"async\" class=\"alignnone size-large wp-image-32430\" src=\"http:\/\/www.imakeyousmile.se\/wp-content\/uploads\/2018\/06\/IMG_9420-1024x765.jpg\" alt=\"\" width=\"640\" height=\"478\" srcset=\"https:\/\/www.imakeyousmile.se\/wp-content\/uploads\/2018\/06\/IMG_9420-1024x765.jpg 1024w, https:\/\/www.imakeyousmile.se\/wp-content\/uploads\/2018\/06\/IMG_9420-300x224.jpg 300w, https:\/\/www.imakeyousmile.se\/wp-content\/uploads\/2018\/06\/IMG_9420-768x574.jpg 768w, https:\/\/www.imakeyousmile.se\/wp-content\/uploads\/2018\/06\/IMG_9420-80x60.jpg 80w, https:\/\/www.imakeyousmile.se\/wp-content\/uploads\/2018\/06\/IMG_9420-265x198.jpg 265w, https:\/\/www.imakeyousmile.se\/wp-content\/uploads\/2018\/06\/IMG_9420-696x520.jpg 696w, https:\/\/www.imakeyousmile.se\/wp-content\/uploads\/2018\/06\/IMG_9420-1068x798.jpg 1068w, https:\/\/www.imakeyousmile.se\/wp-content\/uploads\/2018\/06\/IMG_9420-562x420.jpg 562w, https:\/\/www.imakeyousmile.se\/wp-content\/uploads\/2018\/06\/IMG_9420.jpg 2000w\" sizes=\"(max-width: 640px) 100vw, 640px\" \/><\/p>\n<p>Keep Training who have personal training in Uppsala (both Annika and Miska train there) were on site and also mingled :) We usually get to be part of their event too!<\/p>\n<p><img loading=\"lazy\" decoding=\"async\" class=\"alignnone size-large wp-image-32429\" src=\"http:\/\/www.imakeyousmile.se\/wp-content\/uploads\/2018\/06\/IMG_9418-1024x566.jpg\" alt=\"\" width=\"640\" height=\"354\" srcset=\"https:\/\/www.imakeyousmile.se\/wp-content\/uploads\/2018\/06\/IMG_9418-1024x566.jpg 1024w, https:\/\/www.imakeyousmile.se\/wp-content\/uploads\/2018\/06\/IMG_9418-300x166.jpg 300w, https:\/\/www.imakeyousmile.se\/wp-content\/uploads\/2018\/06\/IMG_9418-768x424.jpg 768w, https:\/\/www.imakeyousmile.se\/wp-content\/uploads\/2018\/06\/IMG_9418-696x385.jpg 696w, https:\/\/www.imakeyousmile.se\/wp-content\/uploads\/2018\/06\/IMG_9418-1068x590.jpg 1068w, https:\/\/www.imakeyousmile.se\/wp-content\/uploads\/2018\/06\/IMG_9418-760x420.jpg 760w\" sizes=\"(max-width: 640px) 100vw, 640px\" \/><\/p>\n<p>Here, guests have started dripping in and mingling around the store before we started the presentation.<\/p>\n<p><img loading=\"lazy\" decoding=\"async\" class=\"alignnone size-large wp-image-32434\" src=\"http:\/\/www.imakeyousmile.se\/wp-content\/uploads\/2018\/06\/IMG_9460-1024x752.jpg\" alt=\"\" width=\"640\" height=\"470\" srcset=\"https:\/\/www.imakeyousmile.se\/wp-content\/uploads\/2018\/06\/IMG_9460-1024x752.jpg 1024w, https:\/\/www.imakeyousmile.se\/wp-content\/uploads\/2018\/06\/IMG_9460-300x220.jpg 300w, https:\/\/www.imakeyousmile.se\/wp-content\/uploads\/2018\/06\/IMG_9460-768x564.jpg 768w, https:\/\/www.imakeyousmile.se\/wp-content\/uploads\/2018\/06\/IMG_9460-80x60.jpg 80w, https:\/\/www.imakeyousmile.se\/wp-content\/uploads\/2018\/06\/IMG_9460-696x511.jpg 696w, https:\/\/www.imakeyousmile.se\/wp-content\/uploads\/2018\/06\/IMG_9460-1068x784.jpg 1068w, https:\/\/www.imakeyousmile.se\/wp-content\/uploads\/2018\/06\/IMG_9460-572x420.jpg 572w\" sizes=\"(max-width: 640px) 100vw, 640px\" \/><\/p>\n<p>I held a make-up demo on the presentation stairs :)<\/p>\n<p>As a makeup artist, what do you think I think is the most important thing in makeup? It is absolute <strong>not<\/strong> rules like &quot;do not mix red and pink&quot; and such stupid things that I do not follow at all myself. No, the most important thing is that it should be fun! And I talked about that in my presentation. The most common answer I get when I ask people if they think it&#039;s fun with makeup, it is \u201cyes I really think it&#039;s great fun, but I&#039;m so bad at it that I almost never do more than foundation, eyebrows and mascara \u201d.<\/p>\n<p>It&#039;s so boring I think! 1. Make-up should be fun, many become insecure and afraid to make mistakes but there are no right or wrong! 2. Makeup <em>need<\/em> nor be so heavenly difficult! I referred to my and my make-up model&#039;s make-up (I had started to make-up her before the event) where I only had yellow in the corner of my eye and coral-colored lipstick, and she only had a gold shadow on her eyelid and turquoise in the corner of her eye. Easy and fast!<\/p>\n<p>Then I also showed a quick summer bass with <a href=\"https:\/\/ion.lyko.com\/t\/t?a=1117786221&#038;as=1548102449&#038;t=2&#038;tk=1&#038;epi=search-replace-glo-tinted&#038;url=https:\/\/lyko.com\/sv\/glo-skin-beauty\/glominerals-tinted-primer-spf30-fair\/\">glo Tinted Primer Spf 30<\/a> on only half the face so that everyone could see the difference, and it became very poppis! :)<\/p>\n<p><img loading=\"lazy\" decoding=\"async\" class=\"alignnone size-large wp-image-32435\" src=\"http:\/\/www.imakeyousmile.se\/wp-content\/uploads\/2018\/06\/IMG_9441-1024x662.jpg\" alt=\"\" width=\"640\" height=\"414\" srcset=\"https:\/\/www.imakeyousmile.se\/wp-content\/uploads\/2018\/06\/IMG_9441-1024x662.jpg 1024w, https:\/\/www.imakeyousmile.se\/wp-content\/uploads\/2018\/06\/IMG_9441-300x194.jpg 300w, https:\/\/www.imakeyousmile.se\/wp-content\/uploads\/2018\/06\/IMG_9441-768x496.jpg 768w, https:\/\/www.imakeyousmile.se\/wp-content\/uploads\/2018\/06\/IMG_9441-696x450.jpg 696w, https:\/\/www.imakeyousmile.se\/wp-content\/uploads\/2018\/06\/IMG_9441-1068x690.jpg 1068w, https:\/\/www.imakeyousmile.se\/wp-content\/uploads\/2018\/06\/IMG_9441-650x420.jpg 650w, https:\/\/www.imakeyousmile.se\/wp-content\/uploads\/2018\/06\/IMG_9441.jpg 2000w\" sizes=\"(max-width: 640px) 100vw, 640px\" \/><\/p>\n<p>And best Annika gave a presentation that beauty is wellness. We have really learned in this industry that it is so incredibly little about vanity, but more about taking care of oneself and thriving in one&#039;s own skin. It becomes extra clear when you help people who are going through difficult moments in life, e.g. chemotherapy, she said &quot;I can not cure cancer, but I can at least make it a little nicer to see myself in the mirror&quot;.<\/p>\n<p>Or as the simple reference to face painting children - that smile when they see themselves in the mirror is completely priceless! When they get to see all the glitter and color and take a shot of joy from there later :)<\/p>\n<p><img loading=\"lazy\" decoding=\"async\" class=\"alignnone size-large wp-image-32436\" src=\"http:\/\/www.imakeyousmile.se\/wp-content\/uploads\/2018\/06\/IMG_9471-1024x729.jpg\" alt=\"\" width=\"640\" height=\"456\" srcset=\"https:\/\/www.imakeyousmile.se\/wp-content\/uploads\/2018\/06\/IMG_9471-1024x729.jpg 1024w, https:\/\/www.imakeyousmile.se\/wp-content\/uploads\/2018\/06\/IMG_9471-300x214.jpg 300w, https:\/\/www.imakeyousmile.se\/wp-content\/uploads\/2018\/06\/IMG_9471-768x547.jpg 768w, https:\/\/www.imakeyousmile.se\/wp-content\/uploads\/2018\/06\/IMG_9471-100x70.jpg 100w, https:\/\/www.imakeyousmile.se\/wp-content\/uploads\/2018\/06\/IMG_9471-696x496.jpg 696w, https:\/\/www.imakeyousmile.se\/wp-content\/uploads\/2018\/06\/IMG_9471-1068x760.jpg 1068w, https:\/\/www.imakeyousmile.se\/wp-content\/uploads\/2018\/06\/IMG_9471-590x420.jpg 590w, https:\/\/www.imakeyousmile.se\/wp-content\/uploads\/2018\/06\/IMG_9471.jpg 2000w\" sizes=\"(max-width: 640px) 100vw, 640px\" \/><\/p>\n<p>We ended the evening by presenting the winners at our great prizes! There were 9 wins in total, everything from product kits, make-up brushes, gift cards worth SEK 1,000 at Art Clinic, panties and lingerie accessories and last but not least a luxury cruise with Birca Cruises! Woop, woop! :) In the picture above you see when I handed out one of the prizes to a lucky winner.<\/p>\n<p>Everything went so well and above all I loved that there were so many who had a lot of makeup questions! I can talk makeup with people for exactly any length of time, I never get tired!<\/p>\n<p>So happy with the evening and want to send out a big thank you to everyone who came \u2665<\/p>\n<p><strong>Friday &amp; new month<\/strong><br \/>\nWhen Friday came, the day after the event, it was suddenly a new month - salaries must be received, reports must be printed, invoices must be sent, campaign images must be replaced! In addition, I had postponed things that were not prio before the event and suddenly what my to do list a mile long again. So it was just to roll up my sleeves again :)<\/p>\n<p>And I also had a fun make-up consultation, you can see before and after pictures of her next week!<\/p>\n<p><img loading=\"lazy\" decoding=\"async\" class=\"alignnone size-large wp-image-32439\" src=\"http:\/\/www.imakeyousmile.se\/wp-content\/uploads\/2018\/06\/IMG_3819-576x1024.jpg\" alt=\"\" width=\"576\" height=\"1024\" srcset=\"https:\/\/www.imakeyousmile.se\/wp-content\/uploads\/2018\/06\/IMG_3819-576x1024.jpg 576w, https:\/\/www.imakeyousmile.se\/wp-content\/uploads\/2018\/06\/IMG_3819-169x300.jpg 169w, https:\/\/www.imakeyousmile.se\/wp-content\/uploads\/2018\/06\/IMG_3819-768x1365.jpg 768w, https:\/\/www.imakeyousmile.se\/wp-content\/uploads\/2018\/06\/IMG_3819-696x1237.jpg 696w, https:\/\/www.imakeyousmile.se\/wp-content\/uploads\/2018\/06\/IMG_3819-1068x1899.jpg 1068w, https:\/\/www.imakeyousmile.se\/wp-content\/uploads\/2018\/06\/IMG_3819-236x420.jpg 236w, https:\/\/www.imakeyousmile.se\/wp-content\/uploads\/2018\/06\/IMG_3819.jpg 1242w\" sizes=\"(max-width: 576px) 100vw, 576px\" \/><\/p>\n<p><strong>June will be a successful month!<\/strong><br \/>\nIt is with great anticipation that I look forward to June! Two of our makeup artists go up during working hours - it&#039;s high pressure and the bookings roll in! :)<\/p>\n<p>The company&#039;s financial year ends last June, so now we are running the final sprint for a good result! Then we can finally tick off all points on our target image, compile all metrics and then set new goals.<\/p>\n<p>And then Annika and I are going to Milan for a permanent makeup fair as well, just one such thing!<\/p>\n<p>So now I leave this stressful fever week behind me and welcome a new month with open arms! \u2665 Next week a lot of stuff happens too so now I&#039;ll just be raw about myself the rest of the weekend :)<\/p>\n<p>Hugs are!<\/p>\n<p><img loading=\"lazy\" decoding=\"async\" class=\"alignnone size-large wp-image-28529\" src=\"http:\/\/www.imakeyousmile.se\/wp-content\/uploads\/2017\/03\/Sidfot-Namnloggo-1024x115.png\" alt=\"\" width=\"640\" height=\"72\" \/><\/p>","protected":false},"excerpt":{"rendered":"<p>Veckans &#8221;business-inl\u00e4gg&#8221; kommer redan nu p\u00e5 l\u00f6rdagen ist\u00e4llet f\u00f6r s\u00f6ndag som det brukar. Jag har inte haft tid att g\u00f6ra s\u00e5 mycket bloggmaterial i veckan och kommer ta det lite lugnt i helgen, s\u00e5 jag t\u00e4nkte att jag kan publicera det nu direkt n\u00e4r jag \u00e4r klar :) Den h\u00e4r veckan har varit b\u00e5de upp [&hellip;]<\/p>\n","protected":false},"author":30,"featured_media":32438,"comment_status":"open","ping_status":"closed","sticky":false,"template":"","format":"standard","meta":{"footnotes":""},"categories":[4070,6999],"tags":[6037,6036,1985,6295,4097,4330,6038,6294,4071,5602,4216,5131],"class_list":["post-32402","post","type-post","status-publish","format-standard","has-post-thumbnail","hentry","category-entreprenorskap","category-sondagsinlagg-m-m","tag-business","tag-businessvecka","tag-creative-makeup","tag-creative-makeup-sommarevent-2018","tag-entreprenor","tag-helena-ronnblad","tag-inspirerande-foretagare","tag-sommarevent-uppsala","tag-ung-entreprenor","tag-ung-entreprenor-uppsala","tag-ung-foretagare","tag-ung-foretagare-uppsala"],"yoast_head":"<!-- This site is optimized with the Yoast SEO Premium plugin v14.9 - https:\/\/yoast.com\/wordpress\/plugins\/seo\/ -->\n<meta name=\"description\" content=\"Min businessvecka v. 22 | Helena Amiley - H\u00e4r hittar du senaste infromation om sk\u00f6nhet, livsstil, entrepren\u00f6rskap, makeup &amp; tips.\" \/>\n<meta name=\"robots\" content=\"index, follow, max-snippet:-1, max-image-preview:large, max-video-preview:-1\" \/>\n<link rel=\"canonical\" href=\"https:\/\/www.imakeyousmile.se\/en\/min-businessvecka-v-22\/\" \/>\n<meta property=\"og:locale\" content=\"en_US\" \/>\n<meta property=\"og:type\" content=\"article\" \/>\n<meta property=\"og:title\" content=\"Min businessvecka v. 22 | Imakeyousmile.se\" \/>\n<meta property=\"og:description\" content=\"Min businessvecka v. 22 | Helena Amiley - H\u00e4r hittar du senaste infromation om sk\u00f6nhet, livsstil, entrepren\u00f6rskap, makeup &amp; tips.\" \/>\n<meta property=\"og:url\" content=\"https:\/\/www.imakeyousmile.se\/en\/min-businessvecka-v-22\/\" \/>\n<meta property=\"og:site_name\" content=\"Imakeyousmile.se\" \/>\n<meta property=\"article:author\" content=\"https:\/\/www.facebook.com\/imakeyousmile.se\" \/>\n<meta property=\"article:published_time\" content=\"2018-06-02T13:55:57+00:00\" \/>\n<meta property=\"article:modified_time\" content=\"2020-10-22T16:28:11+00:00\" \/>\n<meta property=\"og:image\" content=\"https:\/\/www.imakeyousmile.se\/wp-content\/uploads\/2018\/06\/min-businessvecka-3-juni.jpg\" \/>\n\t<meta property=\"og:image:width\" content=\"2000\" \/>\n\t<meta property=\"og:image:height\" content=\"2000\" \/>\n<meta name=\"twitter:card\" content=\"summary_large_image\" \/>\n<script type=\"application\/ld+json\" class=\"yoast-schema-graph\">{\"@context\":\"https:\/\/schema.org\",\"@graph\":[{\"@type\":\"Organization\",\"@id\":\"https:\/\/www.imakeyousmile.se\/en\/#organization\",\"name\":\"Imakeyousmile\",\"url\":\"https:\/\/www.imakeyousmile.se\/en\/\",\"sameAs\":[],\"logo\":{\"@type\":\"ImageObject\",\"@id\":\"https:\/\/www.imakeyousmile.se\/en\/#logo\",\"inLanguage\":\"en-US\",\"url\":\"https:\/\/www.imakeyousmile.se\/wp-content\/uploads\/2020\/10\/HELENA-AMILEY_SVART-1-e1603367975324.png\",\"width\":280,\"height\":93,\"caption\":\"Imakeyousmile\"},\"image\":{\"@id\":\"https:\/\/www.imakeyousmile.se\/en\/#logo\"}},{\"@type\":\"WebSite\",\"@id\":\"https:\/\/www.imakeyousmile.se\/en\/#website\",\"url\":\"https:\/\/www.imakeyousmile.se\/en\/\",\"name\":\"Imakeyousmile.se\",\"description\":\"Helena Amiley - Beauty, Entrepreneur, Lifestyle\",\"publisher\":{\"@id\":\"https:\/\/www.imakeyousmile.se\/en\/#organization\"},\"potentialAction\":[{\"@type\":\"SearchAction\",\"target\":\"https:\/\/www.imakeyousmile.se\/en\/?s={search_term_string}\",\"query-input\":\"required name=search_term_string\"}],\"inLanguage\":\"en-US\"},{\"@type\":\"ImageObject\",\"@id\":\"https:\/\/www.imakeyousmile.se\/min-businessvecka-v-22\/#primaryimage\",\"inLanguage\":\"en-US\",\"url\":\"https:\/\/www.imakeyousmile.se\/wp-content\/uploads\/2018\/06\/min-businessvecka-3-juni.jpg\",\"width\":2000,\"height\":2000},{\"@type\":\"WebPage\",\"@id\":\"https:\/\/www.imakeyousmile.se\/min-businessvecka-v-22\/#webpage\",\"url\":\"https:\/\/www.imakeyousmile.se\/min-businessvecka-v-22\/\",\"name\":\"Min businessvecka v. 22 | Imakeyousmile.se\",\"isPartOf\":{\"@id\":\"https:\/\/www.imakeyousmile.se\/en\/#website\"},\"primaryImageOfPage\":{\"@id\":\"https:\/\/www.imakeyousmile.se\/min-businessvecka-v-22\/#primaryimage\"},\"datePublished\":\"2018-06-02T13:55:57+00:00\",\"dateModified\":\"2020-10-22T16:28:11+00:00\",\"description\":\"Min businessvecka v. 22 | Helena Amiley - H\\u00e4r hittar du senaste infromation om sk\\u00f6nhet, livsstil, entrepren\\u00f6rskap, makeup & tips.\",\"inLanguage\":\"en-US\",\"potentialAction\":[{\"@type\":\"ReadAction\",\"target\":[\"https:\/\/www.imakeyousmile.se\/min-businessvecka-v-22\/\"]}]},{\"@type\":\"Article\",\"@id\":\"https:\/\/www.imakeyousmile.se\/min-businessvecka-v-22\/#article\",\"isPartOf\":{\"@id\":\"https:\/\/www.imakeyousmile.se\/min-businessvecka-v-22\/#webpage\"},\"author\":{\"@id\":\"https:\/\/www.imakeyousmile.se\/en\/#\/schema\/person\/b0fd43b1c6bb1c60cfd68bff9b4a10fb\"},\"headline\":\"Min businessvecka v. 22\",\"datePublished\":\"2018-06-02T13:55:57+00:00\",\"dateModified\":\"2020-10-22T16:28:11+00:00\",\"mainEntityOfPage\":{\"@id\":\"https:\/\/www.imakeyousmile.se\/min-businessvecka-v-22\/#webpage\"},\"commentCount\":3,\"publisher\":{\"@id\":\"https:\/\/www.imakeyousmile.se\/en\/#organization\"},\"image\":{\"@id\":\"https:\/\/www.imakeyousmile.se\/min-businessvecka-v-22\/#primaryimage\"},\"keywords\":\"business,businessvecka,creative makeup,creative makeup sommarevent 2018,entrepren\\u00f6r,helena r\\u00f6nnblad,inspirerande f\\u00f6retagare,sommarevent uppsala,ung entrepren\\u00f6r,ung entrepren\\u00f6r uppsala,ung f\\u00f6retagare,ung f\\u00f6retagare uppsala\",\"articleSection\":\"Entrepren\\u00f6rskap,S\\u00f6ndagsinl\\u00e4gg m.m\",\"inLanguage\":\"en-US\",\"potentialAction\":[{\"@type\":\"CommentAction\",\"name\":\"Comment\",\"target\":[\"https:\/\/www.imakeyousmile.se\/min-businessvecka-v-22\/#respond\"]}]},{\"@type\":\"Person\",\"@id\":\"https:\/\/www.imakeyousmile.se\/en\/#\/schema\/person\/b0fd43b1c6bb1c60cfd68bff9b4a10fb\",\"name\":\"Helena Amiley\",\"image\":{\"@type\":\"ImageObject\",\"@id\":\"https:\/\/www.imakeyousmile.se\/en\/#personlogo\",\"inLanguage\":\"en-US\",\"url\":\"https:\/\/secure.gravatar.com\/avatar\/5645558e1e355457a23368d7e1b4c904?s=96&d=mm&r=g\",\"caption\":\"Helena Amiley\"},\"description\":\"Jag skriver mest om sk\\u00f6nhet men bjuder \\u00e4ven p\\u00e5 glimtar fr\\u00e5n entrepren\\u00f6rlivet och bygget av v\\u00e5r egen camper van. Vanlife here we come!\",\"sameAs\":[\"https:\/\/www.facebook.com\/imakeyousmile.se\",\"https:\/\/www.instagram.com\/helenaamiley\",\"https:\/\/www.youtube.com\/channel\/UCR5iB6rvpV6Yr8ZjpQfr5mg?view_as=subscriber\"]}]}<\/script>\n<!-- \/ Yoast SEO Premium plugin. -->","_links":{"self":[{"href":"https:\/\/www.imakeyousmile.se\/en\/wp-json\/wp\/v2\/posts\/32402"}],"collection":[{"href":"https:\/\/www.imakeyousmile.se\/en\/wp-json\/wp\/v2\/posts"}],"about":[{"href":"https:\/\/www.imakeyousmile.se\/en\/wp-json\/wp\/v2\/types\/post"}],"author":[{"embeddable":true,"href":"https:\/\/www.imakeyousmile.se\/en\/wp-json\/wp\/v2\/users\/30"}],"replies":[{"embeddable":true,"href":"https:\/\/www.imakeyousmile.se\/en\/wp-json\/wp\/v2\/comments?post=32402"}],"version-history":[{"count":8,"href":"https:\/\/www.imakeyousmile.se\/en\/wp-json\/wp\/v2\/posts\/32402\/revisions"}],"predecessor-version":[{"id":32444,"href":"https:\/\/www.imakeyousmile.se\/en\/wp-json\/wp\/v2\/posts\/32402\/revisions\/32444"}],"wp:featuredmedia":[{"embeddable":true,"href":"https:\/\/www.imakeyousmile.se\/en\/wp-json\/wp\/v2\/media\/32438"}],"wp:attachment":[{"href":"https:\/\/www.imakeyousmile.se\/en\/wp-json\/wp\/v2\/media?parent=32402"}],"wp:term":[{"taxonomy":"category","embeddable":true,"href":"https:\/\/www.imakeyousmile.se\/en\/wp-json\/wp\/v2\/categories?post=32402"},{"taxonomy":"post_tag","embeddable":true,"href":"https:\/\/www.imakeyousmile.se\/en\/wp-json\/wp\/v2\/tags?post=32402"}],"curies":[{"name":"wp","href":"https:\/\/api.w.org\/{rel}","templated":true}]}}