{"id":33079,"date":"2018-08-27T12:00:32","date_gmt":"2018-08-27T10:00:32","guid":{"rendered":"http:\/\/www.imakeyousmile.se\/?p=33079"},"modified":"2021-09-10T11:36:09","modified_gmt":"2021-09-10T09:36:09","slug":"fargglad-cut-crease-sminkning","status":"publish","type":"post","link":"https:\/\/www.imakeyousmile.se\/en\/colorful-cut-crease-makeup\/","title":{"rendered":"Colorful cut crease makeup - (Step by Step)"},"content":{"rendered":"<p>Sometimes when I put on make-up, I only take one color at a time and have no plan at all for the end result - today was such a day!<\/p>\n<p>When I had done about half, I felt &quot;njae this is going to be pretty boring after all&quot; but then I added a little more and a little more and vips so I had a make-up that I actually like very much! :)<\/p>\n<p>Hope you like this look you too \u2665<\/p>\n<p><img loading=\"lazy\" decoding=\"async\" class=\"alignnone size-full wp-image-33129\" src=\"http:\/\/www.imakeyousmile.se\/wp-content\/uploads\/2018\/08\/IMG_4383_111.jpg\" alt=\"\" width=\"2400\" height=\"3087\" srcset=\"https:\/\/www.imakeyousmile.se\/wp-content\/uploads\/2018\/08\/IMG_4383_111.jpg 1990w, https:\/\/www.imakeyousmile.se\/wp-content\/uploads\/2018\/08\/IMG_4383_111-233x300.jpg 233w, https:\/\/www.imakeyousmile.se\/wp-content\/uploads\/2018\/08\/IMG_4383_111-768x988.jpg 768w, https:\/\/www.imakeyousmile.se\/wp-content\/uploads\/2018\/08\/IMG_4383_111-796x1024.jpg 796w, https:\/\/www.imakeyousmile.se\/wp-content\/uploads\/2018\/08\/IMG_4383_111-696x895.jpg 696w, https:\/\/www.imakeyousmile.se\/wp-content\/uploads\/2018\/08\/IMG_4383_111-1068x1374.jpg 1068w, https:\/\/www.imakeyousmile.se\/wp-content\/uploads\/2018\/08\/IMG_4383_111-327x420.jpg 327w\" sizes=\"(max-width: 2400px) 100vw, 2400px\" \/><\/p>\n<p><strong>Colored face primer - <\/strong><a href=\"https:\/\/ion.lyko.com\/t\/t?a=1117786221&amp;as=1548102449&amp;t=2&amp;tk=1&amp;epi=search-replace-glo-tinted&amp;url=https:\/\/lyko.com\/sv\/glo-skin-beauty\/glominerals-tinted-primer-spf30-fair\/\">glo Tinted Primer spf 30<\/a> (Medium)<br \/>\n<strong>Concealer -<\/strong>\u00a0<a href=\"https:\/\/ion.lyko.com\/t\/t?a=1117786221&amp;as=1548102449&amp;t=2&amp;tk=1&amp;epi=search-replace-pixipataway&amp;url=https:\/\/lyko.com\/sv\/pixi\/pixi-pat-away-concealing-base-1cream\">Pixi Pat Away Concealing Base<\/a> (1 Cream)<br \/>\n<strong>Foundation -<\/strong> <a href=\"https:\/\/ion.lyko.com\/t\/t?a=1117786221&amp;as=1548102449&amp;t=2&amp;tk=1&amp;epi=search-replace-pressedbase&amp;url=https:\/\/lyko.com\/sv\/glo-skin-beauty\/glominerals-pressed-base-golden-medium\">glo Pressed Base Foundation<\/a> (Golden medium)<br \/>\n<strong>Powder that neutralizes redness <\/strong>- <a href=\"https:\/\/ion.lyko.com\/t\/t?a=1117786221&amp;as=1548102449&amp;t=2&amp;tk=1&amp;epi=search-replace-rednessrelief&amp;url=https:\/\/lyko.com\/sv\/glo-skin-beauty\/glo-skin-bea-rednessrelief-powder\/\">glo Redness relief powder<\/a><strong><br \/>\n<\/strong><strong>Contouring - <\/strong><a href=\"https:\/\/ion.lyko.com\/t\/t?a=1117786221&#038;as=1548102449&#038;t=2&#038;tk=1&#038;epi=serach-replace-contouringpaletteXX&#038;url=https:\/\/lyko.com\/sv\/sok?q=contouring+palette\">Contouring Palette<\/a> (2)<a href=\"https:\/\/ion.lyko.com\/t\/t?a=1117786221&amp;as=1548102449&amp;t=2&amp;tk=1&amp;epi=search-replace-pixipalette&amp;url=https:\/\/lyko.com\/sv\/sok?q=pixi+palette\"><br \/>\n<\/a><strong>Rouge - <\/strong><a href=\"https:\/\/ion.lyko.com\/t\/t?a=1117786221&#038;as=1548102449&#038;t=2&#038;tk=1&#038;epi=serach-replace-blushrougeXX&#038;url=https:\/\/lyko.com\/sv\/sok?q=blush+rouge\">Blush<\/a> (35)<br \/>\n<strong>Fixing Mist -<\/strong> <a href=\"https:\/\/ion.lyko.com\/t\/t?a=1117786221&amp;as=1548102449&amp;t=2&amp;tk=1&amp;epi=search-replace-fixingmist&amp;url=https:\/\/lyko.com\/sv\/pixi\/pixi-makeup-fixing-mist\">Pixi Makeup Fixing Mist<br \/>\n<\/a><strong>Powder -<\/strong> <a href=\"https:\/\/creativemakeup.se\/butik\/smink\/paese-bamboo-silk-powder\/\">Paese Bamboo Silk Powder<\/a><\/p>\n<p><strong>Eyebrows - <\/strong><a href=\"https:\/\/ion.lyko.com\/t\/t?a=1117786221&amp;as=1548102449&amp;t=2&amp;tk=1&amp;epi=search-replace-globrowliner&amp;url=https:\/\/lyko.com\/sv\/glo-skin-beauty\/glo-skin-bea-precisemicro-browliner-aubu\/\">glo Micro Brow Liner<\/a> (Raven)<\/p>\n<p><b>Lipstick - <\/b><a href=\"https:\/\/ion.lyko.com\/t\/t?a=1117786221&amp;as=1548102449&amp;t=2&amp;tk=1&amp;epi=search-replae-glo-lipstick&amp;url=https:\/\/lyko.com\/sv\/glo-skin-beauty\/glo-skin-be-lipstickfrench-nude\/\">glo Lipstick<\/a> (Date Night)<\/p>\n<p><img loading=\"lazy\" decoding=\"async\" class=\"alignnone size-full wp-image-33131\" src=\"http:\/\/www.imakeyousmile.se\/wp-content\/uploads\/2018\/08\/cutcreasetwo.jpg\" alt=\"\" width=\"2500\" height=\"1319\" srcset=\"https:\/\/www.imakeyousmile.se\/wp-content\/uploads\/2018\/08\/cutcreasetwo.jpg 2500w, https:\/\/www.imakeyousmile.se\/wp-content\/uploads\/2018\/08\/cutcreasetwo-300x158.jpg 300w, https:\/\/www.imakeyousmile.se\/wp-content\/uploads\/2018\/08\/cutcreasetwo-768x405.jpg 768w, https:\/\/www.imakeyousmile.se\/wp-content\/uploads\/2018\/08\/cutcreasetwo-1024x540.jpg 1024w, https:\/\/www.imakeyousmile.se\/wp-content\/uploads\/2018\/08\/cutcreasetwo-696x367.jpg 696w, https:\/\/www.imakeyousmile.se\/wp-content\/uploads\/2018\/08\/cutcreasetwo-1068x563.jpg 1068w, https:\/\/www.imakeyousmile.se\/wp-content\/uploads\/2018\/08\/cutcreasetwo-796x420.jpg 796w\" sizes=\"(max-width: 2500px) 100vw, 2500px\" \/><\/p>\n<p>The turquoise really did the whole makeup I think!<\/p>\n<p><img loading=\"lazy\" decoding=\"async\" class=\"alignnone size-full wp-image-33132\" src=\"http:\/\/www.imakeyousmile.se\/wp-content\/uploads\/2018\/08\/cutcreasetutoorial_111.jpg\" alt=\"\" width=\"2500\" height=\"2963\" srcset=\"https:\/\/www.imakeyousmile.se\/wp-content\/uploads\/2018\/08\/cutcreasetutoorial_111.jpg 2160w, https:\/\/www.imakeyousmile.se\/wp-content\/uploads\/2018\/08\/cutcreasetutoorial_111-253x300.jpg 253w, https:\/\/www.imakeyousmile.se\/wp-content\/uploads\/2018\/08\/cutcreasetutoorial_111-768x910.jpg 768w, https:\/\/www.imakeyousmile.se\/wp-content\/uploads\/2018\/08\/cutcreasetutoorial_111-864x1024.jpg 864w, https:\/\/www.imakeyousmile.se\/wp-content\/uploads\/2018\/08\/cutcreasetutoorial_111-696x825.jpg 696w, https:\/\/www.imakeyousmile.se\/wp-content\/uploads\/2018\/08\/cutcreasetutoorial_111-1068x1266.jpg 1068w, https:\/\/www.imakeyousmile.se\/wp-content\/uploads\/2018\/08\/cutcreasetutoorial_111-354x420.jpg 354w\" sizes=\"(max-width: 2500px) 100vw, 2500px\" \/><\/p>\n<p>The eyeshadows I have used are:<br \/>\nColorful: <a href=\"https:\/\/creativemakeup.se\/butik\/smink\/paese-neo-eyeshadow\/\">Paese Neo Eyeshadow<\/a>: Yellow (662), Orange (663) Red (664) and Turquoise (687)<br \/>\nGreen tones: <a href=\"https:\/\/creativemakeup.se\/butik\/smink\/paese-opal-eyeshadow\/\">Paese Opal Eyeshadow Trio<\/a> (Atacama)<br \/>\nBlack: <a href=\"https:\/\/creativemakeup.se\/butik\/smink\/paese-kashmir-mono-eyeshadow\/\">Paese Kashmir Eyeshadow<\/a> (662)<\/p>\n<ol>\n<li>Eyeshadow primer, <a href=\"https:\/\/ion.lyko.com\/t\/t?a=1117786221&amp;as=1548102449&amp;t=2&amp;tk=1&amp;epi=search-replace-pixi-eyebright&amp;url=https:\/\/lyko.com\/sv\/pixi\/pixi-eye-bright-primer\/\">Pixi eye bright primer<\/a><br \/>\nYellow eye shadow in the corner of the eye<\/li>\n<li>Light green eye shadow on the inside of the eyelid<\/li>\n<li>Gray-green eye shadow in the middle of the eyelid<\/li>\n<li>Dark gray-green eye shadow at the end of the eyelid<\/li>\n<li>Red eye shadow along the globe line<\/li>\n<li>Orange eye shadow below the globe line<\/li>\n<li>Black eyeliner with wing, <a href=\"https:\/\/id.partykungen.se\/t\/t?a=1280241905&#038;as=1548102449&#038;t=2&#038;tk=1&#038;epi=search-replace-kryolangel&#038;url=https:\/\/www.partykungen.se\/kryolan-gel-eyeliner-74187.html#74187-7\">Kryolan HD Cream Liner<\/a> (Ebony)<br \/>\nBlack eye shadow at the end of the eyelid and a little up in the globe line<\/li>\n<li>Black eye shadow as a small wing at the end of the lower lash line as well<\/li>\n<li>Yellow, orange and red eye shadow in the middle of the lower lash line<\/li>\n<li>Light green eye shadow at the bottom of the lower lash line, in the corner of the eye (outside the yellow) and in the fade in the globe line<br \/>\nTurquoise eye shadow on the eyelid and next to the &quot;lower&quot; eyeliner<\/li>\n<li>Black mascara on all lashes, <a href=\"https:\/\/creativemakeup.se\/butik\/smink\/santhilea-magnetic-lash\/\">Magnetic lash mascara<\/a><\/li>\n<\/ol>\n<p>Clear!<\/p>\n<p><img loading=\"lazy\" decoding=\"async\" class=\"alignnone size-full wp-image-33133\" src=\"http:\/\/www.imakeyousmile.se\/wp-content\/uploads\/2018\/08\/IMG_4407_111.jpg\" alt=\"\" width=\"2400\" height=\"3103\" srcset=\"https:\/\/www.imakeyousmile.se\/wp-content\/uploads\/2018\/08\/IMG_4407_111.jpg 1980w, https:\/\/www.imakeyousmile.se\/wp-content\/uploads\/2018\/08\/IMG_4407_111-232x300.jpg 232w, https:\/\/www.imakeyousmile.se\/wp-content\/uploads\/2018\/08\/IMG_4407_111-768x993.jpg 768w, https:\/\/www.imakeyousmile.se\/wp-content\/uploads\/2018\/08\/IMG_4407_111-792x1024.jpg 792w, https:\/\/www.imakeyousmile.se\/wp-content\/uploads\/2018\/08\/IMG_4407_111-696x900.jpg 696w, https:\/\/www.imakeyousmile.se\/wp-content\/uploads\/2018\/08\/IMG_4407_111-1068x1381.jpg 1068w, https:\/\/www.imakeyousmile.se\/wp-content\/uploads\/2018\/08\/IMG_4407_111-325x420.jpg 325w\" sizes=\"(max-width: 2400px) 100vw, 2400px\" \/> <img loading=\"lazy\" decoding=\"async\" class=\"alignnone size-full wp-image-33134\" src=\"http:\/\/www.imakeyousmile.se\/wp-content\/uploads\/2018\/08\/IMG_4424_111.jpg\" alt=\"\" width=\"2500\" height=\"2893\" srcset=\"https:\/\/www.imakeyousmile.se\/wp-content\/uploads\/2018\/08\/IMG_4424_111.jpg 2212w, https:\/\/www.imakeyousmile.se\/wp-content\/uploads\/2018\/08\/IMG_4424_111-259x300.jpg 259w, https:\/\/www.imakeyousmile.se\/wp-content\/uploads\/2018\/08\/IMG_4424_111-768x889.jpg 768w, https:\/\/www.imakeyousmile.se\/wp-content\/uploads\/2018\/08\/IMG_4424_111-885x1024.jpg 885w, https:\/\/www.imakeyousmile.se\/wp-content\/uploads\/2018\/08\/IMG_4424_111-696x805.jpg 696w, https:\/\/www.imakeyousmile.se\/wp-content\/uploads\/2018\/08\/IMG_4424_111-1068x1236.jpg 1068w, https:\/\/www.imakeyousmile.se\/wp-content\/uploads\/2018\/08\/IMG_4424_111-363x420.jpg 363w\" sizes=\"(max-width: 2500px) 100vw, 2500px\" \/> <img loading=\"lazy\" decoding=\"async\" class=\"alignnone size-full wp-image-33135\" src=\"http:\/\/www.imakeyousmile.se\/wp-content\/uploads\/2018\/08\/IMG_4509_111.jpg\" alt=\"\" width=\"2500\" height=\"2550\" srcset=\"https:\/\/www.imakeyousmile.se\/wp-content\/uploads\/2018\/08\/IMG_4509_111.jpg 2500w, https:\/\/www.imakeyousmile.se\/wp-content\/uploads\/2018\/08\/IMG_4509_111-294x300.jpg 294w, https:\/\/www.imakeyousmile.se\/wp-content\/uploads\/2018\/08\/IMG_4509_111-768x783.jpg 768w, https:\/\/www.imakeyousmile.se\/wp-content\/uploads\/2018\/08\/IMG_4509_111-1004x1024.jpg 1004w, https:\/\/www.imakeyousmile.se\/wp-content\/uploads\/2018\/08\/IMG_4509_111-356x364.jpg 356w, https:\/\/www.imakeyousmile.se\/wp-content\/uploads\/2018\/08\/IMG_4509_111-696x710.jpg 696w, https:\/\/www.imakeyousmile.se\/wp-content\/uploads\/2018\/08\/IMG_4509_111-1068x1089.jpg 1068w, https:\/\/www.imakeyousmile.se\/wp-content\/uploads\/2018\/08\/IMG_4509_111-412x420.jpg 412w\" sizes=\"(max-width: 2500px) 100vw, 2500px\" \/><\/p>\n<p>Hugs are!<\/p>","protected":false},"excerpt":{"rendered":"<p>Ibland n\u00e4r jag sminkar mig s\u00e5 tar jag bara en f\u00e4rg i taget och har ingen som helst plan f\u00f6r slutresultatet &#8211; idag var en s\u00e5dan dag! N\u00e4r jag hade gjort ungef\u00e4r h\u00e4lften s\u00e5 k\u00e4nde jag &#8221;njae det h\u00e4r blir ju ganska tr\u00e5kigt ju&#8221; men sen la jag till lite mer och lite mer och [&hellip;]<\/p>\n","protected":false},"author":30,"featured_media":33136,"comment_status":"open","ping_status":"closed","sticky":false,"template":"","format":"standard","meta":{"footnotes":""},"categories":[2828,9,2623],"tags":[4045,963,5809,1985,4460,5266,943,48,1604,4205,6362,6320,6302,6279,5895,2748,5734,1865,56,5547,3974,6052,5286,2579,3420,3432,4380,3772,4315,5990,4086,433,5202,54,5562,407,3810],"class_list":{"0":"post-33079","1":"post","2":"type-post","3":"status-publish","4":"format-standard","5":"has-post-thumbnail","6":"hentry","7":"category-fargstarka-sminkningar","8":"category-partysminkningar","9":"category-sminkningar","10":"tag-beauty-blog","11":"tag-colorful-makeup","12":"tag-creative-eyeliner","13":"tag-creative-makeup","14":"tag-cut-crease","15":"tag-dark-red-lips","16":"tag-eyeliner-med-vinge","17":"tag-fargglad-sminkning","18":"tag-fargstark-sminkning","19":"tag-glo-lipstick","21":"tag-glo-pressed-base-foundation","22":"tag-glo-redness-relief-powder","23":"tag-glo-tinted-primer-spf-30","24":"tag-kreativ-eyeliner","25":"tag-kreativ-sminkning","26":"tag-kryolan-hd-cream-liner","27":"tag-magnetic-lash-mascara","28":"tag-makeup-blog","29":"tag-morkrosa-lappar","30":"tag-paese-bamboo-silk-powder","31":"tag-paese-blush","32":"tag-paese-contouring-palette","33":"tag-paese-kashmir","34":"tag-paese-neo","35":"tag-paese-opal","36":"tag-pictorial","37":"tag-pixi-eye-bright-primer","38":"tag-pixi-makeup-fixing-mist","39":"tag-pixi-pat-away-concealing-base","40":"tag-santhilea","41":"tag-skonhetsblogg","42":"tag-skonhetsskribent","43":"tag-sminkblogg","44":"tag-swedish-blog","45":"tag-tutorial","46":"tag-winged-eyeliner"},"yoast_head":"<!-- This site is optimized with the Yoast SEO Premium plugin v14.9 - https:\/\/yoast.com\/wordpress\/plugins\/seo\/ -->\n<meta name=\"description\" content=\"F\u00e4rgglad cut crease sminkning - (Steg f\u00f6r Steg) | Helena Amiley - H\u00e4r hittar du senaste infromation om sk\u00f6nhet, livsstil, entrepren\u00f6rskap, makeup &amp; tips.\" \/>\n<meta name=\"robots\" content=\"index, follow, max-snippet:-1, max-image-preview:large, max-video-preview:-1\" \/>\n<link rel=\"canonical\" href=\"https:\/\/www.imakeyousmile.se\/en\/fargglad-cut-crease-sminkning\/\" \/>\n<meta property=\"og:locale\" content=\"en_US\" \/>\n<meta property=\"og:type\" content=\"article\" \/>\n<meta property=\"og:title\" content=\"F\u00e4rgglad cut crease sminkning - (Steg f\u00f6r Steg) | Imakeyousmile.se\" \/>\n<meta property=\"og:description\" content=\"F\u00e4rgglad cut crease sminkning - (Steg f\u00f6r Steg) | Helena Amiley - H\u00e4r hittar du senaste infromation om sk\u00f6nhet, livsstil, entrepren\u00f6rskap, makeup &amp; tips.\" \/>\n<meta property=\"og:url\" content=\"https:\/\/www.imakeyousmile.se\/en\/fargglad-cut-crease-sminkning\/\" \/>\n<meta property=\"og:site_name\" content=\"Imakeyousmile.se\" \/>\n<meta property=\"article:author\" content=\"https:\/\/www.facebook.com\/imakeyousmile.se\" \/>\n<meta property=\"article:published_time\" content=\"2018-08-27T10:00:32+00:00\" \/>\n<meta property=\"article:modified_time\" content=\"2021-09-10T09:36:09+00:00\" \/>\n<meta property=\"og:image\" content=\"https:\/\/www.imakeyousmile.se\/wp-content\/uploads\/2018\/08\/cutcreaseone.jpg\" \/>\n\t<meta property=\"og:image:width\" content=\"2500\" \/>\n\t<meta property=\"og:image:height\" content=\"2118\" \/>\n<meta name=\"twitter:card\" content=\"summary_large_image\" \/>\n<script type=\"application\/ld+json\" class=\"yoast-schema-graph\">{\"@context\":\"https:\/\/schema.org\",\"@graph\":[{\"@type\":\"Organization\",\"@id\":\"https:\/\/www.imakeyousmile.se\/en\/#organization\",\"name\":\"Imakeyousmile\",\"url\":\"https:\/\/www.imakeyousmile.se\/en\/\",\"sameAs\":[],\"logo\":{\"@type\":\"ImageObject\",\"@id\":\"https:\/\/www.imakeyousmile.se\/en\/#logo\",\"inLanguage\":\"en-US\",\"url\":\"https:\/\/www.imakeyousmile.se\/wp-content\/uploads\/2020\/10\/HELENA-AMILEY_SVART-1-e1603367975324.png\",\"width\":280,\"height\":93,\"caption\":\"Imakeyousmile\"},\"image\":{\"@id\":\"https:\/\/www.imakeyousmile.se\/en\/#logo\"}},{\"@type\":\"WebSite\",\"@id\":\"https:\/\/www.imakeyousmile.se\/en\/#website\",\"url\":\"https:\/\/www.imakeyousmile.se\/en\/\",\"name\":\"Imakeyousmile.se\",\"description\":\"Helena Amiley - Beauty, Entrepreneur, Lifestyle\",\"publisher\":{\"@id\":\"https:\/\/www.imakeyousmile.se\/en\/#organization\"},\"potentialAction\":[{\"@type\":\"SearchAction\",\"target\":\"https:\/\/www.imakeyousmile.se\/en\/?s={search_term_string}\",\"query-input\":\"required name=search_term_string\"}],\"inLanguage\":\"en-US\"},{\"@type\":\"ImageObject\",\"@id\":\"https:\/\/www.imakeyousmile.se\/fargglad-cut-crease-sminkning\/#primaryimage\",\"inLanguage\":\"en-US\",\"url\":\"https:\/\/www.imakeyousmile.se\/wp-content\/uploads\/2018\/08\/cutcreaseone.jpg\",\"width\":2500,\"height\":2118},{\"@type\":\"WebPage\",\"@id\":\"https:\/\/www.imakeyousmile.se\/fargglad-cut-crease-sminkning\/#webpage\",\"url\":\"https:\/\/www.imakeyousmile.se\/fargglad-cut-crease-sminkning\/\",\"name\":\"F\\u00e4rgglad cut crease sminkning - (Steg f\\u00f6r Steg) | Imakeyousmile.se\",\"isPartOf\":{\"@id\":\"https:\/\/www.imakeyousmile.se\/en\/#website\"},\"primaryImageOfPage\":{\"@id\":\"https:\/\/www.imakeyousmile.se\/fargglad-cut-crease-sminkning\/#primaryimage\"},\"datePublished\":\"2018-08-27T10:00:32+00:00\",\"dateModified\":\"2021-09-10T09:36:09+00:00\",\"description\":\"F\\u00e4rgglad cut crease sminkning - (Steg f\\u00f6r Steg) | Helena Amiley - H\\u00e4r hittar du senaste infromation om sk\\u00f6nhet, livsstil, entrepren\\u00f6rskap, makeup & tips.\",\"inLanguage\":\"en-US\",\"potentialAction\":[{\"@type\":\"ReadAction\",\"target\":[\"https:\/\/www.imakeyousmile.se\/fargglad-cut-crease-sminkning\/\"]}]},{\"@type\":\"Article\",\"@id\":\"https:\/\/www.imakeyousmile.se\/fargglad-cut-crease-sminkning\/#article\",\"isPartOf\":{\"@id\":\"https:\/\/www.imakeyousmile.se\/fargglad-cut-crease-sminkning\/#webpage\"},\"author\":{\"@id\":\"https:\/\/www.imakeyousmile.se\/en\/#\/schema\/person\/b0fd43b1c6bb1c60cfd68bff9b4a10fb\"},\"headline\":\"F\\u00e4rgglad cut crease sminkning &#8211; (Steg f\\u00f6r Steg)\",\"datePublished\":\"2018-08-27T10:00:32+00:00\",\"dateModified\":\"2021-09-10T09:36:09+00:00\",\"mainEntityOfPage\":{\"@id\":\"https:\/\/www.imakeyousmile.se\/fargglad-cut-crease-sminkning\/#webpage\"},\"commentCount\":3,\"publisher\":{\"@id\":\"https:\/\/www.imakeyousmile.se\/en\/#organization\"},\"image\":{\"@id\":\"https:\/\/www.imakeyousmile.se\/fargglad-cut-crease-sminkning\/#primaryimage\"},\"keywords\":\"beauty blog,colorful makeup,creative eyeliner,creative makeup,cut crease,dark red lips,eyeliner med vinge,F\\u00e4rgglad sminkning,f\\u00e4rgstark sminkning,glo lipstick,glo Micro Brow Liner,glo Pressed Base Foundation,glo Redness relief powder,glo Tinted Primer SPF 30,kreativ eyeliner,kreativ sminkning,Kryolan HD Cream Liner,magnetic lash mascara,makeup blog,m\\u00f6rkrosa l\\u00e4ppar,paese bamboo silk powder,Paese Blush,paese contouring palette,paese kashmir,paese neo,paese opal,pictorial,pixi eye bright primer,pixi makeup fixing mist,pixi pat away concealing base,santhilea,sk\\u00f6nhetsblogg,sk\\u00f6nhetsskribent,sminkblogg,swedish blog,tutorial,winged eyeliner\",\"articleSection\":\"F\\u00e4rgstarka sminkningar,M\\u00f6rka \/ festliga sminkningar,Sminkningar\",\"inLanguage\":\"en-US\",\"potentialAction\":[{\"@type\":\"CommentAction\",\"name\":\"Comment\",\"target\":[\"https:\/\/www.imakeyousmile.se\/fargglad-cut-crease-sminkning\/#respond\"]}]},{\"@type\":\"Person\",\"@id\":\"https:\/\/www.imakeyousmile.se\/en\/#\/schema\/person\/b0fd43b1c6bb1c60cfd68bff9b4a10fb\",\"name\":\"Helena Amiley\",\"image\":{\"@type\":\"ImageObject\",\"@id\":\"https:\/\/www.imakeyousmile.se\/en\/#personlogo\",\"inLanguage\":\"en-US\",\"url\":\"https:\/\/secure.gravatar.com\/avatar\/5645558e1e355457a23368d7e1b4c904?s=96&d=mm&r=g\",\"caption\":\"Helena Amiley\"},\"description\":\"Jag skriver mest om sk\\u00f6nhet men bjuder \\u00e4ven p\\u00e5 glimtar fr\\u00e5n entrepren\\u00f6rlivet och bygget av v\\u00e5r egen camper van. Vanlife here we come!\",\"sameAs\":[\"https:\/\/www.facebook.com\/imakeyousmile.se\",\"https:\/\/www.instagram.com\/helenaamiley\",\"https:\/\/www.youtube.com\/channel\/UCR5iB6rvpV6Yr8ZjpQfr5mg?view_as=subscriber\"]}]}<\/script>\n<!-- \/ Yoast SEO Premium plugin. -->","_links":{"self":[{"href":"https:\/\/www.imakeyousmile.se\/en\/wp-json\/wp\/v2\/posts\/33079"}],"collection":[{"href":"https:\/\/www.imakeyousmile.se\/en\/wp-json\/wp\/v2\/posts"}],"about":[{"href":"https:\/\/www.imakeyousmile.se\/en\/wp-json\/wp\/v2\/types\/post"}],"author":[{"embeddable":true,"href":"https:\/\/www.imakeyousmile.se\/en\/wp-json\/wp\/v2\/users\/30"}],"replies":[{"embeddable":true,"href":"https:\/\/www.imakeyousmile.se\/en\/wp-json\/wp\/v2\/comments?post=33079"}],"version-history":[{"count":5,"href":"https:\/\/www.imakeyousmile.se\/en\/wp-json\/wp\/v2\/posts\/33079\/revisions"}],"predecessor-version":[{"id":40602,"href":"https:\/\/www.imakeyousmile.se\/en\/wp-json\/wp\/v2\/posts\/33079\/revisions\/40602"}],"wp:featuredmedia":[{"embeddable":true,"href":"https:\/\/www.imakeyousmile.se\/en\/wp-json\/wp\/v2\/media\/33136"}],"wp:attachment":[{"href":"https:\/\/www.imakeyousmile.se\/en\/wp-json\/wp\/v2\/media?parent=33079"}],"wp:term":[{"taxonomy":"category","embeddable":true,"href":"https:\/\/www.imakeyousmile.se\/en\/wp-json\/wp\/v2\/categories?post=33079"},{"taxonomy":"post_tag","embeddable":true,"href":"https:\/\/www.imakeyousmile.se\/en\/wp-json\/wp\/v2\/tags?post=33079"}],"curies":[{"name":"wp","href":"https:\/\/api.w.org\/{rel}","templated":true}]}}