{"id":33244,"date":"2018-09-16T05:00:19","date_gmt":"2018-09-16T03:00:19","guid":{"rendered":"http:\/\/www.imakeyousmile.se\/?p=33244"},"modified":"2020-10-22T18:25:59","modified_gmt":"2020-10-22T16:25:59","slug":"veckans-businessinlagg-vad-hur-varfor","status":"publish","type":"post","link":"https:\/\/www.imakeyousmile.se\/en\/weekly-business-post-what-how-why\/","title":{"rendered":"What, how, why?"},"content":{"rendered":"<p>Whether we are talking about work, business or private life, the words &quot;what, how, why&quot; are very important to ask yourself regularly.<\/p>\n<p>For example:<br \/>\n<strong>1. What:<\/strong> I want to get really sharp on makeup<br \/>\n<strong>2. How:<\/strong> I will do a new look every time I put on make-up and challenge myself with more difficult techniques and color combinations. Three make-ups a week in one year is a total of 156 pieces, after that I will be cruel at this!<br \/>\n<strong>3. Why:<\/strong> Makeup is fun but it is much more fun if you are good at it! And I want to start each day with a fun moment in front of the makeup mirror as meditation and free time.<\/p>\n<p>And that&#039;s just the last word - <strong>why<\/strong> - which I want to push extra hard for today!<\/p>\n<p>Namely, I myself have fallen into the &quot;trap&quot; that I do things for the wrong reason without even reflecting on it myself! There is so much that I want to do, want and want to change when I think about it superficially, until I get to the why phase and realize that &quot;when I think about it, I actually do not even want this!&quot;.<\/p>\n<p>For example:<br \/>\n<strong>1. What:<\/strong>\u00a0We will turn Creative Makeup into a beauty chain! Cool !!<br \/>\n<strong>2. How:<\/strong>\u00a0We rent premises in Stockholm and Gothenburg, employ makeup artists and train them in our way of performing treatments, permanent makeup and our product range.<br \/>\n<strong>3. Why:<\/strong> Ehh, that would be cool? It would be a great financial gain. But it will be a lot of work too .. On closer inspection, I do not want to make more copies of the workplace I have today, I want to make that workplace completely stable and spend my time on new projects instead!<\/p>\n<p><img loading=\"lazy\" decoding=\"async\" class=\"alignnone size-large wp-image-33302\" src=\"http:\/\/www.imakeyousmile.se\/wp-content\/uploads\/2018\/08\/min-businessvecka-spanien-1-1024x1024.jpg\" alt=\"\" width=\"696\" height=\"696\" srcset=\"https:\/\/www.imakeyousmile.se\/wp-content\/uploads\/2018\/08\/min-businessvecka-spanien-1-1024x1024.jpg 1024w, https:\/\/www.imakeyousmile.se\/wp-content\/uploads\/2018\/08\/min-businessvecka-spanien-1-150x150.jpg 150w, https:\/\/www.imakeyousmile.se\/wp-content\/uploads\/2018\/08\/min-businessvecka-spanien-1-300x300.jpg 300w, https:\/\/www.imakeyousmile.se\/wp-content\/uploads\/2018\/08\/min-businessvecka-spanien-1-768x768.jpg 768w, https:\/\/www.imakeyousmile.se\/wp-content\/uploads\/2018\/08\/min-businessvecka-spanien-1-696x696.jpg 696w, https:\/\/www.imakeyousmile.se\/wp-content\/uploads\/2018\/08\/min-businessvecka-spanien-1-1068x1068.jpg 1068w, https:\/\/www.imakeyousmile.se\/wp-content\/uploads\/2018\/08\/min-businessvecka-spanien-1-420x420.jpg 420w, https:\/\/www.imakeyousmile.se\/wp-content\/uploads\/2018\/08\/min-businessvecka-spanien-1.jpg 2000w\" sizes=\"(max-width: 696px) 100vw, 696px\" \/><\/p>\n<p><strong>Can an unclear &quot;why&quot; lead to mental illness?<br \/>\n<\/strong>Now maybe you think I end up on very long side tracks :) but<strong> what if<\/strong> we had made Creative Makeup a salon chain, worked really hard and burned ourselves out on the coup - and then we realize that we have done it for the completely wrong reason. If you really <em>wants<\/em> one thing and know <em>why<\/em> you fight, it&#039;s easier to get through adversity (some shit will happen, that&#039;s all you know - as Mikael Arnt said so well in an episode of Businesspodden haha). For all problems and setbacks, it becomes so much tougher if you do not have a clear &quot;why&quot; in everything you do.<\/p>\n<p>You &quot;should&quot; do so much all the time. You should be able to afford so much, work so much and at the same time have a lot of time left to socialize, train, clean, go to the hairdresser and all that.<\/p>\n<p>It&#039;s so easy to feel pressure and stress when you look at other people&#039;s lives (especially on social media) and you want everything that everyone else has. But had you just stopped and thought, &quot;Why do I want this?&quot; so you had very often realized that you do not even really want it. I really think we give birth to as many unnecessary brain ghosts as we could have avoided if we had just asked ourselves the question &quot;why&quot; a little more often.<\/p>\n<p><strong>In other words:<\/strong> It is not about everyone having to get better, develop and be successful. But if you ask yourself the question &quot;why&quot; then you may realize that you are actually happy with what you have and can even let go of all the pressure and stress thanks to this! Actually, maybe you do not want more stuff or larger housing but are happy with your salary as it is = you can say no to that full-time job and instead spend that time hanging out with your family or even just lying on the couch and watching series provided that is exactly what you feel good about :)<\/p>\n<p><strong>What can we managers do about mental illness?<\/strong><br \/>\nIt scares me how much mental illness there is in society today. And it&#039;s not just driven entrepreneurs who get burned out, it&#039;s just all industries! I get terrified when I think about the idea that my staff or someone I care about a lot should burn out.<\/p>\n<p>What can we managers do then? You can be a mainstay and you can facilitate with what you can, but to be completely honest, I do not think there is much more that you can do. Do you know why? Because I think that in 90% the cases do not only depend on the workplace itself, but the &quot;puzzle of life&quot; in general.<\/p>\n<p>If you have a bad workplace, you can of course burn yourself out just because of it, but I really think that there are so many more components that come into play such as relationships, family, housing, rest, finances - in short, the balance in life, mixed with that pressure you put on yourself.<\/p>\n<p><strong>Dare to think outside the norm<\/strong><br \/>\nThere are so many who do things just &quot;for the sake of it&quot;, because society looks like that and you do not even reflect on it - and when you then stand there burnt out with a brain that no longer works, you do not even understand how to ended up there. Was it worth it?<\/p>\n<p>I firmly believe that if you just dare to go liiiite outside the norm, you will become a happier person. Or dare <em>think<\/em> outside the norm is perhaps a more correct definition, because it is not at all wrong to live as the norms are, but the risk if you do not even think outside is precisely that you do things &quot;because you should&quot; and not &quot;because you want&quot;.<\/p>\n<p><strong>How do you find your why?<\/strong><br \/>\nHaving to have a &quot;why&quot; for everything you do can also feel a bit stressful haha. I mean, every single thing can not be so heavenly important in life because then you can not do anything at all in the end.<\/p>\n<p>I think it&#039;s a lot about taking the time to listen to your gut feeling. You have to do things that make you feel good and not stare blindly at the opinions of others. Do you want to lie in the bathtub and eat ice cream? Do it! Do you finally want to take the plunge and start your own business? Do it! :)<\/p>\n<p><img loading=\"lazy\" decoding=\"async\" class=\"alignnone size-large wp-image-33304\" src=\"http:\/\/www.imakeyousmile.se\/wp-content\/uploads\/2018\/08\/min-businessvecka-spain-1-1024x1024.jpg\" alt=\"\" width=\"696\" height=\"696\" srcset=\"https:\/\/www.imakeyousmile.se\/wp-content\/uploads\/2018\/08\/min-businessvecka-spain-1-1024x1024.jpg 1024w, https:\/\/www.imakeyousmile.se\/wp-content\/uploads\/2018\/08\/min-businessvecka-spain-1-150x150.jpg 150w, https:\/\/www.imakeyousmile.se\/wp-content\/uploads\/2018\/08\/min-businessvecka-spain-1-300x300.jpg 300w, https:\/\/www.imakeyousmile.se\/wp-content\/uploads\/2018\/08\/min-businessvecka-spain-1-768x768.jpg 768w, https:\/\/www.imakeyousmile.se\/wp-content\/uploads\/2018\/08\/min-businessvecka-spain-1-696x696.jpg 696w, https:\/\/www.imakeyousmile.se\/wp-content\/uploads\/2018\/08\/min-businessvecka-spain-1-1068x1068.jpg 1068w, https:\/\/www.imakeyousmile.se\/wp-content\/uploads\/2018\/08\/min-businessvecka-spain-1-420x420.jpg 420w, https:\/\/www.imakeyousmile.se\/wp-content\/uploads\/2018\/08\/min-businessvecka-spain-1.jpg 2000w\" sizes=\"(max-width: 696px) 100vw, 696px\" \/><\/p>\n<p><strong>What is my why?<\/strong><br \/>\nI myself often think &quot;why&quot; in my everyday life, that may be why I have a pretty good balance between driven entrepreneurs and life enjoyers haha :)<\/p>\n<p>I work hard because I know <em>why<\/em> I work and what to do next. I do not think &quot;now I sit and have a meeting with my staff&quot; but I think &quot;now I sit and build the best workplace in the world!&quot;.<\/p>\n<p>I save money because I know what I want to use them for and why it will give me more quality of life. If I buy a car, I want bluetooth so you can listen to music and podcasts via the phone and a button on the key so you can start the engine heater while you are still inside the house - rather than a luxurious and expensive brand that impresses people! You understand the point :)<\/p>\n<p>I also take long baths, watch series like a haystack on the couch, love slippers and face masks and try to be quite &quot;ma\u00f1ana&quot;. Why? Because I enjoy being at home in my house and feel great about my own time!<\/p>\n<p>I value soft values and I love the lifestyle of having my own business! It&#039;s really not about any kind of prestige or being able to sit on a pile of money. I see absolutely no fascination in it but want to have fun both at work and in private, have financial security and the freedom to live my life just as I want to live it.<\/p>\n<p>&nbsp;<\/p>\n<p>Hope you thought it was a little fun to read something else this Sunday than just what my work week has looked like :) We live the flea in Spain for a week to us!<\/p>\n<p>Hugs are \u2665<\/p>\n<p><img loading=\"lazy\" decoding=\"async\" class=\"alignnone size-large wp-image-28529\" src=\"http:\/\/www.imakeyousmile.se\/wp-content\/uploads\/2017\/03\/Sidfot-Namnloggo-1024x115.png\" alt=\"\" width=\"696\" height=\"78\" \/><\/p>","protected":false},"excerpt":{"rendered":"<p>Oavsett om vi pratar jobb, f\u00f6retag eller privatliv s\u00e5 \u00e4r orden &#8221;vad, hur, varf\u00f6r&#8221; v\u00e4ldigt viktiga att fr\u00e5ga sig sj\u00e4lv regelbundet. T.ex: 1. Vad: Jag vill bli riktig vass p\u00e5 makeup 2. Hur: Jag ska g\u00f6ra en ny look varje g\u00e5ng jag sminkar mig och utmana mig sj\u00e4lv med sv\u00e5rare tekniker och f\u00e4rgkombinationer. Tre sminkningar [&hellip;]<\/p>\n","protected":false},"author":30,"featured_media":33304,"comment_status":"open","ping_status":"closed","sticky":false,"template":"","format":"standard","meta":{"footnotes":""},"categories":[4070,7006],"tags":[6037,6036,1985,4097,4330,6038,4071,5602,4216,5131],"class_list":["post-33244","post","type-post","status-publish","format-standard","has-post-thumbnail","hentry","category-entreprenorskap","category-entreprenorslivet","tag-business","tag-businessvecka","tag-creative-makeup","tag-entreprenor","tag-helena-ronnblad","tag-inspirerande-foretagare","tag-ung-entreprenor","tag-ung-entreprenor-uppsala","tag-ung-foretagare","tag-ung-foretagare-uppsala"],"yoast_head":"<!-- This site is optimized with the Yoast SEO Premium plugin v14.9 - https:\/\/yoast.com\/wordpress\/plugins\/seo\/ -->\n<meta name=\"description\" content=\"Vad, hur, varf\u00f6r? | Helena Amiley - H\u00e4r hittar du senaste infromation om sk\u00f6nhet, livsstil, entrepren\u00f6rskap, makeup &amp; tips.\" \/>\n<meta name=\"robots\" content=\"index, follow, max-snippet:-1, max-image-preview:large, max-video-preview:-1\" \/>\n<link rel=\"canonical\" href=\"https:\/\/www.imakeyousmile.se\/en\/veckans-businessinlagg-vad-hur-varfor\/\" \/>\n<meta property=\"og:locale\" content=\"en_US\" \/>\n<meta property=\"og:type\" content=\"article\" \/>\n<meta property=\"og:title\" content=\"Vad, hur, varf\u00f6r? | Imakeyousmile.se\" \/>\n<meta property=\"og:description\" content=\"Vad, hur, varf\u00f6r? | Helena Amiley - H\u00e4r hittar du senaste infromation om sk\u00f6nhet, livsstil, entrepren\u00f6rskap, makeup &amp; tips.\" \/>\n<meta property=\"og:url\" content=\"https:\/\/www.imakeyousmile.se\/en\/veckans-businessinlagg-vad-hur-varfor\/\" \/>\n<meta property=\"og:site_name\" content=\"Imakeyousmile.se\" \/>\n<meta property=\"article:author\" content=\"https:\/\/www.facebook.com\/imakeyousmile.se\" \/>\n<meta property=\"article:published_time\" content=\"2018-09-16T03:00:19+00:00\" \/>\n<meta property=\"article:modified_time\" content=\"2020-10-22T16:25:59+00:00\" \/>\n<meta property=\"og:image\" content=\"https:\/\/www.imakeyousmile.se\/wp-content\/uploads\/2018\/08\/min-businessvecka-spain-1.jpg\" \/>\n\t<meta property=\"og:image:width\" content=\"2000\" \/>\n\t<meta property=\"og:image:height\" content=\"2000\" \/>\n<meta name=\"twitter:card\" content=\"summary_large_image\" \/>\n<script type=\"application\/ld+json\" class=\"yoast-schema-graph\">{\"@context\":\"https:\/\/schema.org\",\"@graph\":[{\"@type\":\"Organization\",\"@id\":\"https:\/\/www.imakeyousmile.se\/en\/#organization\",\"name\":\"Imakeyousmile\",\"url\":\"https:\/\/www.imakeyousmile.se\/en\/\",\"sameAs\":[],\"logo\":{\"@type\":\"ImageObject\",\"@id\":\"https:\/\/www.imakeyousmile.se\/en\/#logo\",\"inLanguage\":\"en-US\",\"url\":\"https:\/\/www.imakeyousmile.se\/wp-content\/uploads\/2020\/10\/HELENA-AMILEY_SVART-1-e1603367975324.png\",\"width\":280,\"height\":93,\"caption\":\"Imakeyousmile\"},\"image\":{\"@id\":\"https:\/\/www.imakeyousmile.se\/en\/#logo\"}},{\"@type\":\"WebSite\",\"@id\":\"https:\/\/www.imakeyousmile.se\/en\/#website\",\"url\":\"https:\/\/www.imakeyousmile.se\/en\/\",\"name\":\"Imakeyousmile.se\",\"description\":\"Helena Amiley - Beauty, Entrepreneur, Lifestyle\",\"publisher\":{\"@id\":\"https:\/\/www.imakeyousmile.se\/en\/#organization\"},\"potentialAction\":[{\"@type\":\"SearchAction\",\"target\":\"https:\/\/www.imakeyousmile.se\/en\/?s={search_term_string}\",\"query-input\":\"required name=search_term_string\"}],\"inLanguage\":\"en-US\"},{\"@type\":\"ImageObject\",\"@id\":\"https:\/\/www.imakeyousmile.se\/veckans-businessinlagg-vad-hur-varfor\/#primaryimage\",\"inLanguage\":\"en-US\",\"url\":\"https:\/\/www.imakeyousmile.se\/wp-content\/uploads\/2018\/08\/min-businessvecka-spain-1.jpg\",\"width\":2000,\"height\":2000},{\"@type\":\"WebPage\",\"@id\":\"https:\/\/www.imakeyousmile.se\/veckans-businessinlagg-vad-hur-varfor\/#webpage\",\"url\":\"https:\/\/www.imakeyousmile.se\/veckans-businessinlagg-vad-hur-varfor\/\",\"name\":\"Vad, hur, varf\\u00f6r? | Imakeyousmile.se\",\"isPartOf\":{\"@id\":\"https:\/\/www.imakeyousmile.se\/en\/#website\"},\"primaryImageOfPage\":{\"@id\":\"https:\/\/www.imakeyousmile.se\/veckans-businessinlagg-vad-hur-varfor\/#primaryimage\"},\"datePublished\":\"2018-09-16T03:00:19+00:00\",\"dateModified\":\"2020-10-22T16:25:59+00:00\",\"description\":\"Vad, hur, varf\\u00f6r? | Helena Amiley - H\\u00e4r hittar du senaste infromation om sk\\u00f6nhet, livsstil, entrepren\\u00f6rskap, makeup & tips.\",\"inLanguage\":\"en-US\",\"potentialAction\":[{\"@type\":\"ReadAction\",\"target\":[\"https:\/\/www.imakeyousmile.se\/veckans-businessinlagg-vad-hur-varfor\/\"]}]},{\"@type\":\"Article\",\"@id\":\"https:\/\/www.imakeyousmile.se\/veckans-businessinlagg-vad-hur-varfor\/#article\",\"isPartOf\":{\"@id\":\"https:\/\/www.imakeyousmile.se\/veckans-businessinlagg-vad-hur-varfor\/#webpage\"},\"author\":{\"@id\":\"https:\/\/www.imakeyousmile.se\/en\/#\/schema\/person\/b0fd43b1c6bb1c60cfd68bff9b4a10fb\"},\"headline\":\"Vad, hur, varf\\u00f6r?\",\"datePublished\":\"2018-09-16T03:00:19+00:00\",\"dateModified\":\"2020-10-22T16:25:59+00:00\",\"mainEntityOfPage\":{\"@id\":\"https:\/\/www.imakeyousmile.se\/veckans-businessinlagg-vad-hur-varfor\/#webpage\"},\"commentCount\":0,\"publisher\":{\"@id\":\"https:\/\/www.imakeyousmile.se\/en\/#organization\"},\"image\":{\"@id\":\"https:\/\/www.imakeyousmile.se\/veckans-businessinlagg-vad-hur-varfor\/#primaryimage\"},\"keywords\":\"business,businessvecka,creative makeup,entrepren\\u00f6r,helena r\\u00f6nnblad,inspirerande f\\u00f6retagare,ung entrepren\\u00f6r,ung entrepren\\u00f6r uppsala,ung f\\u00f6retagare,ung f\\u00f6retagare uppsala\",\"articleSection\":\"Entrepren\\u00f6rskap,Entrepren\\u00f6rslivet\",\"inLanguage\":\"en-US\",\"potentialAction\":[{\"@type\":\"CommentAction\",\"name\":\"Comment\",\"target\":[\"https:\/\/www.imakeyousmile.se\/veckans-businessinlagg-vad-hur-varfor\/#respond\"]}]},{\"@type\":\"Person\",\"@id\":\"https:\/\/www.imakeyousmile.se\/en\/#\/schema\/person\/b0fd43b1c6bb1c60cfd68bff9b4a10fb\",\"name\":\"Helena Amiley\",\"image\":{\"@type\":\"ImageObject\",\"@id\":\"https:\/\/www.imakeyousmile.se\/en\/#personlogo\",\"inLanguage\":\"en-US\",\"url\":\"https:\/\/secure.gravatar.com\/avatar\/5645558e1e355457a23368d7e1b4c904?s=96&d=mm&r=g\",\"caption\":\"Helena Amiley\"},\"description\":\"Jag skriver mest om sk\\u00f6nhet men bjuder \\u00e4ven p\\u00e5 glimtar fr\\u00e5n entrepren\\u00f6rlivet och bygget av v\\u00e5r egen camper van. Vanlife here we come!\",\"sameAs\":[\"https:\/\/www.facebook.com\/imakeyousmile.se\",\"https:\/\/www.instagram.com\/helenaamiley\",\"https:\/\/www.youtube.com\/channel\/UCR5iB6rvpV6Yr8ZjpQfr5mg?view_as=subscriber\"]}]}<\/script>\n<!-- \/ Yoast SEO Premium plugin. -->","_links":{"self":[{"href":"https:\/\/www.imakeyousmile.se\/en\/wp-json\/wp\/v2\/posts\/33244"}],"collection":[{"href":"https:\/\/www.imakeyousmile.se\/en\/wp-json\/wp\/v2\/posts"}],"about":[{"href":"https:\/\/www.imakeyousmile.se\/en\/wp-json\/wp\/v2\/types\/post"}],"author":[{"embeddable":true,"href":"https:\/\/www.imakeyousmile.se\/en\/wp-json\/wp\/v2\/users\/30"}],"replies":[{"embeddable":true,"href":"https:\/\/www.imakeyousmile.se\/en\/wp-json\/wp\/v2\/comments?post=33244"}],"version-history":[{"count":18,"href":"https:\/\/www.imakeyousmile.se\/en\/wp-json\/wp\/v2\/posts\/33244\/revisions"}],"predecessor-version":[{"id":37658,"href":"https:\/\/www.imakeyousmile.se\/en\/wp-json\/wp\/v2\/posts\/33244\/revisions\/37658"}],"wp:featuredmedia":[{"embeddable":true,"href":"https:\/\/www.imakeyousmile.se\/en\/wp-json\/wp\/v2\/media\/33304"}],"wp:attachment":[{"href":"https:\/\/www.imakeyousmile.se\/en\/wp-json\/wp\/v2\/media?parent=33244"}],"wp:term":[{"taxonomy":"category","embeddable":true,"href":"https:\/\/www.imakeyousmile.se\/en\/wp-json\/wp\/v2\/categories?post=33244"},{"taxonomy":"post_tag","embeddable":true,"href":"https:\/\/www.imakeyousmile.se\/en\/wp-json\/wp\/v2\/tags?post=33244"}],"curies":[{"name":"wp","href":"https:\/\/api.w.org\/{rel}","templated":true}]}}