{"id":3422,"date":"2013-01-13T11:49:17","date_gmt":"2013-01-13T10:49:17","guid":{"rendered":"http:\/\/www.imakeyousmile.se\/?p=3422"},"modified":"2015-04-19T10:22:35","modified_gmt":"2015-04-19T08:22:35","slug":"fargglad-steg-for-steg","status":"publish","type":"post","link":"https:\/\/www.imakeyousmile.se\/en\/colorful-step-by-step\/","title":{"rendered":"Colorful step by step"},"content":{"rendered":"<p>I usually start by applying the shadows that should be at the bottom \/ bottom of the eyelid.<\/p>\n<p>But sometimes when I can not decide which colors to use, it can help the inspiration on the stack to start from the other direction! :)<\/p>\n<p>&nbsp;<\/p>\n<p style=\"text-align: center;\"><a href=\"http:\/\/www.imakeyousmile.se\/wp-content\/uploads\/2013\/01\/IMG_9721-kopia.jpg\"><img loading=\"lazy\" decoding=\"async\" class=\"aligncenter  wp-image-3430\" title=\"IMG_9721 - copy\" src=\"http:\/\/www.imakeyousmile.se\/wp-content\/uploads\/2013\/01\/IMG_9721-kopia-662x445.jpg\" alt=\"\" width=\"463\" height=\"312\" srcset=\"https:\/\/www.imakeyousmile.se\/wp-content\/uploads\/2013\/01\/IMG_9721-kopia-662x445.jpg 662w, https:\/\/www.imakeyousmile.se\/wp-content\/uploads\/2013\/01\/IMG_9721-kopia-300x202.jpg 300w, https:\/\/www.imakeyousmile.se\/wp-content\/uploads\/2013\/01\/IMG_9721-kopia-720x485.jpg 720w\" sizes=\"(max-width: 463px) 100vw, 463px\" \/><\/a><\/p>\n<p style=\"text-align: center;\">It was a make-up that is a bit reminiscent of yesterday&#039;s make-up, but this time step by step!<\/p>\n<p style=\"text-align: center;\"><em>All eyeshadows are from the 252 Palette.<\/em><\/p>\n<p style=\"text-align: center;\"><a href=\"http:\/\/www.imakeyousmile.se\/wp-content\/uploads\/2013\/01\/IMG_9617.jpg\"><img loading=\"lazy\" decoding=\"async\" class=\"aligncenter  wp-image-3423\" title=\"IMG_9617\" src=\"http:\/\/www.imakeyousmile.se\/wp-content\/uploads\/2013\/01\/IMG_9617-662x750.jpg\" alt=\"\" width=\"397\" height=\"450\" srcset=\"https:\/\/www.imakeyousmile.se\/wp-content\/uploads\/2013\/01\/IMG_9617-662x750.jpg 662w, https:\/\/www.imakeyousmile.se\/wp-content\/uploads\/2013\/01\/IMG_9617-264x300.jpg 264w, https:\/\/www.imakeyousmile.se\/wp-content\/uploads\/2013\/01\/IMG_9617-476x540.jpg 476w, https:\/\/www.imakeyousmile.se\/wp-content\/uploads\/2013\/01\/IMG_9617.jpg 1500w\" sizes=\"(max-width: 397px) 100vw, 397px\" \/><\/a><\/p>\n<p style=\"text-align: center;\"><strong>1.<\/strong> Paint the shape along the globe line with one<strong><span style=\"color: #993366;\"> lila<\/span><\/strong> eye shadow.<br \/>\n<strong>2.<\/strong> Continue down at the bottom of the lower lash line, so that it becomes a&gt; shape.<\/p>\n<p style=\"text-align: center;\"><a href=\"http:\/\/www.imakeyousmile.se\/wp-content\/uploads\/2013\/01\/IMG_9649.jpg\"><img loading=\"lazy\" decoding=\"async\" class=\"aligncenter  wp-image-3424\" title=\"IMG_9649\" src=\"http:\/\/www.imakeyousmile.se\/wp-content\/uploads\/2013\/01\/IMG_9649-662x691.jpg\" alt=\"\" width=\"397\" height=\"415\" srcset=\"https:\/\/www.imakeyousmile.se\/wp-content\/uploads\/2013\/01\/IMG_9649-662x691.jpg 662w, https:\/\/www.imakeyousmile.se\/wp-content\/uploads\/2013\/01\/IMG_9649-287x300.jpg 287w, https:\/\/www.imakeyousmile.se\/wp-content\/uploads\/2013\/01\/IMG_9649-516x540.jpg 516w, https:\/\/www.imakeyousmile.se\/wp-content\/uploads\/2013\/01\/IMG_9649.jpg 1528w\" sizes=\"(max-width: 397px) 100vw, 397px\" \/><\/a><\/p>\n<p style=\"text-align: center;\"><strong>3.<\/strong> Blur the edges.<\/p>\n<p style=\"text-align: center;\"><a href=\"http:\/\/www.imakeyousmile.se\/wp-content\/uploads\/2013\/01\/IMG_9655.jpg\"><img loading=\"lazy\" decoding=\"async\" class=\"aligncenter  wp-image-3425\" title=\"IMG_9655\" src=\"http:\/\/www.imakeyousmile.se\/wp-content\/uploads\/2013\/01\/IMG_9655-662x695.jpg\" alt=\"\" width=\"397\" height=\"417\" srcset=\"https:\/\/www.imakeyousmile.se\/wp-content\/uploads\/2013\/01\/IMG_9655-662x695.jpg 662w, https:\/\/www.imakeyousmile.se\/wp-content\/uploads\/2013\/01\/IMG_9655-285x300.jpg 285w, https:\/\/www.imakeyousmile.se\/wp-content\/uploads\/2013\/01\/IMG_9655-514x540.jpg 514w, https:\/\/www.imakeyousmile.se\/wp-content\/uploads\/2013\/01\/IMG_9655.jpg 1428w\" sizes=\"(max-width: 397px) 100vw, 397px\" \/><\/a><\/p>\n<p style=\"text-align: center;\"><strong>4.<\/strong> Soot with one<strong><span style=\"color: #000000;\"> black<\/span> <\/strong>eye shadow along the globe line, to get a sharper depth.<\/p>\n<p style=\"text-align: center;\"><a href=\"http:\/\/www.imakeyousmile.se\/wp-content\/uploads\/2013\/01\/IMG_9664.jpg\"><img loading=\"lazy\" decoding=\"async\" class=\"aligncenter  wp-image-3426\" title=\"IMG_9664\" src=\"http:\/\/www.imakeyousmile.se\/wp-content\/uploads\/2013\/01\/IMG_9664-662x716.jpg\" alt=\"\" width=\"397\" height=\"430\" srcset=\"https:\/\/www.imakeyousmile.se\/wp-content\/uploads\/2013\/01\/IMG_9664-662x716.jpg 662w, https:\/\/www.imakeyousmile.se\/wp-content\/uploads\/2013\/01\/IMG_9664-277x300.jpg 277w, https:\/\/www.imakeyousmile.se\/wp-content\/uploads\/2013\/01\/IMG_9664-498x540.jpg 498w, https:\/\/www.imakeyousmile.se\/wp-content\/uploads\/2013\/01\/IMG_9664.jpg 1400w\" sizes=\"(max-width: 397px) 100vw, 397px\" \/><\/a><\/p>\n<p style=\"text-align: center;\"><strong>5. <span style=\"color: #ffcc99;\">Light yellow \/ white highlighter shadow<\/span><\/strong> innermost on the eyelid and in the corner of the eye.<br \/>\n<a href=\"https:\/\/ion.lyko.com\/t\/t?a=1117786221&#038;as=1548102449&#038;t=2&#038;tk=1&#038;epi=search-replace-singleskugga&#038;url=https:\/\/lyko.com\/sv\/sok?q=singelskugga\"><strong><em>Kryolan eyedust (No.1)<\/em><\/strong><\/a><\/p>\n<p style=\"text-align: center;\"><a href=\"http:\/\/www.imakeyousmile.se\/wp-content\/uploads\/2013\/01\/IMG_9685.jpg\"><img loading=\"lazy\" decoding=\"async\" class=\"aligncenter  wp-image-3427\" title=\"IMG_9685\" src=\"http:\/\/www.imakeyousmile.se\/wp-content\/uploads\/2013\/01\/IMG_9685-662x687.jpg\" alt=\"\" width=\"397\" height=\"412\" srcset=\"https:\/\/www.imakeyousmile.se\/wp-content\/uploads\/2013\/01\/IMG_9685-662x687.jpg 662w, https:\/\/www.imakeyousmile.se\/wp-content\/uploads\/2013\/01\/IMG_9685-288x300.jpg 288w, https:\/\/www.imakeyousmile.se\/wp-content\/uploads\/2013\/01\/IMG_9685-520x540.jpg 520w, https:\/\/www.imakeyousmile.se\/wp-content\/uploads\/2013\/01\/IMG_9685.jpg 1568w\" sizes=\"(max-width: 397px) 100vw, 397px\" \/><\/a><\/p>\n<p style=\"text-align: center;\"><strong>6.<\/strong> Add one<strong><span style=\"color: #3366ff;\"> blue<\/span> <\/strong>shadow at the end of the eyelid.<br \/>\n<strong>7.<\/strong> Add one<strong><span style=\"color: #ffcc00;\"> yellow<\/span> <\/strong>eye shadow in the middle of the eyelid.<\/p>\n<p style=\"text-align: center;\"><a href=\"http:\/\/www.imakeyousmile.se\/wp-content\/uploads\/2013\/01\/IMG_9696.jpg\"><img loading=\"lazy\" decoding=\"async\" class=\"aligncenter  wp-image-3428\" title=\"IMG_9696\" src=\"http:\/\/www.imakeyousmile.se\/wp-content\/uploads\/2013\/01\/IMG_9696-662x665.jpg\" alt=\"\" width=\"397\" height=\"399\" srcset=\"https:\/\/www.imakeyousmile.se\/wp-content\/uploads\/2013\/01\/IMG_9696-662x665.jpg 662w, https:\/\/www.imakeyousmile.se\/wp-content\/uploads\/2013\/01\/IMG_9696-150x150.jpg 150w, https:\/\/www.imakeyousmile.se\/wp-content\/uploads\/2013\/01\/IMG_9696-298x300.jpg 298w, https:\/\/www.imakeyousmile.se\/wp-content\/uploads\/2013\/01\/IMG_9696-537x540.jpg 537w, https:\/\/www.imakeyousmile.se\/wp-content\/uploads\/2013\/01\/IMG_9696.jpg 1524w\" sizes=\"(max-width: 397px) 100vw, 397px\" \/><\/a><\/p>\n<p style=\"text-align: center;\"><strong>8.<\/strong> <strong><span style=\"color: #000000;\">Black eyeliner<\/span><\/strong> along the upper lash line and the waterline.<br \/>\n<a href=\"https:\/\/id.partykungen.se\/t\/t?a=1280241905&#038;as=1548102449&#038;t=2&#038;tk=1&#038;epi=search-replace-kryolancake&#038;url=https:\/\/www.partykungen.se\/kryolan-cake-makeup-svart-30020.html\"><em><strong>Kryolan Cake Eyeliner<\/strong><\/em><\/a>.<\/p>\n<p style=\"text-align: center;\"><a href=\"http:\/\/www.imakeyousmile.se\/wp-content\/uploads\/2013\/01\/IMG_9704.jpg\"><img loading=\"lazy\" decoding=\"async\" class=\"aligncenter  wp-image-3429\" title=\"IMG_9704\" src=\"http:\/\/www.imakeyousmile.se\/wp-content\/uploads\/2013\/01\/IMG_9704-662x704.jpg\" alt=\"\" width=\"397\" height=\"422\" srcset=\"https:\/\/www.imakeyousmile.se\/wp-content\/uploads\/2013\/01\/IMG_9704-662x704.jpg 662w, https:\/\/www.imakeyousmile.se\/wp-content\/uploads\/2013\/01\/IMG_9704-281x300.jpg 281w, https:\/\/www.imakeyousmile.se\/wp-content\/uploads\/2013\/01\/IMG_9704-507x540.jpg 507w, https:\/\/www.imakeyousmile.se\/wp-content\/uploads\/2013\/01\/IMG_9704.jpg 1364w\" sizes=\"(max-width: 397px) 100vw, 397px\" \/><\/a><\/p>\n<p style=\"text-align: center;\"><strong>9.<\/strong> do not forget<strong> fringe marking<\/strong> to avoid the gap that can occur at the lashes when applying eyeliner.<\/p>\n<p style=\"text-align: center;\">I make my lash marking (usually) with cake eyeliner mixed with water, and an oblique little makeup brush.<\/p>\n<p style=\"text-align: center;\"><a href=\"http:\/\/www.imakeyousmile.se\/wp-content\/uploads\/2013\/01\/IMG_9721.jpg\"><img loading=\"lazy\" decoding=\"async\" class=\"aligncenter  wp-image-3431\" title=\"IMG_9721\" src=\"http:\/\/www.imakeyousmile.se\/wp-content\/uploads\/2013\/01\/IMG_9721-662x733.jpg\" alt=\"\" width=\"397\" height=\"440\" srcset=\"https:\/\/www.imakeyousmile.se\/wp-content\/uploads\/2013\/01\/IMG_9721-662x733.jpg 662w, https:\/\/www.imakeyousmile.se\/wp-content\/uploads\/2013\/01\/IMG_9721-270x300.jpg 270w, https:\/\/www.imakeyousmile.se\/wp-content\/uploads\/2013\/01\/IMG_9721-487x540.jpg 487w, https:\/\/www.imakeyousmile.se\/wp-content\/uploads\/2013\/01\/IMG_9721.jpg 1596w\" sizes=\"(max-width: 397px) 100vw, 397px\" \/><\/a><\/p>\n<p style=\"text-align: center;\"><strong>10.<\/strong> End with <span style=\"color: #000000;\"><strong>black mascara<\/strong><\/span>!<br \/>\n<a href=\"https:\/\/ion.lyko.com\/t\/t?a=1117786221&#038;as=1548102449&#038;t=2&#038;tk=1&#038;epi=search-replace-makeupstore&#038;url=https:\/\/lyko.com\/sv\/make-up-store\"><strong><em>Make Up Store, Multilash<\/em><\/strong><\/a><\/p>\n<p style=\"text-align: center;\"><a href=\"http:\/\/www.imakeyousmile.se\/wp-content\/uploads\/2013\/01\/IMG_9737.jpg\"><img loading=\"lazy\" decoding=\"async\" class=\"aligncenter  wp-image-3432\" title=\"IMG_9737\" src=\"http:\/\/www.imakeyousmile.se\/wp-content\/uploads\/2013\/01\/IMG_9737-662x910.jpg\" alt=\"\" width=\"463\" height=\"637\" srcset=\"https:\/\/www.imakeyousmile.se\/wp-content\/uploads\/2013\/01\/IMG_9737-662x910.jpg 662w, https:\/\/www.imakeyousmile.se\/wp-content\/uploads\/2013\/01\/IMG_9737-218x300.jpg 218w, https:\/\/www.imakeyousmile.se\/wp-content\/uploads\/2013\/01\/IMG_9737-392x540.jpg 392w, https:\/\/www.imakeyousmile.se\/wp-content\/uploads\/2013\/01\/IMG_9737.jpg 1862w\" sizes=\"(max-width: 463px) 100vw, 463px\" \/><\/a><\/p>\n<p style=\"text-align: center;\"><strong><span style=\"color: #ed2c11;\">Orange red<\/span><\/strong> lipstick on the entire lips, <em><strong><a href=\"https:\/\/go.eleven.se\/t\/t?a=1301482047&#038;as=1548102449&#038;t=2&#038;tk=1&#038;epi=search-replace-elevenpaletter&#038;url=https:\/\/eleven.se\/smink\/makeup-set\/set---paletter\">Eleven 66 Color Lip Palette<\/a><\/strong><\/em>.<br \/>\n<strong><span style=\"color: #c0c0c0;\">White<\/span> <\/strong>lipstick in the middle of the lips, <em><strong><a href=\"https:\/\/go.eleven.se\/t\/t?a=1301482047&#038;as=1548102449&#038;t=2&#038;tk=1&#038;epi=search-replace-elevenpaletter&#038;url=https:\/\/eleven.se\/smink\/makeup-set\/set---paletter\">Eleven 66 Color Lip Palette<\/a><\/strong><\/em>.<br \/>\n<strong>The white lipsticks lighten up and give a fuller mouth! :)<\/strong><\/p>\n<p style=\"text-align: left;\">Now I&#039;m going to take care of my darling who has gone and become ill. Double blankets, down blanket, rag socks and lots of antipyretic tablets. And so little love, it&#039;s the best medicine! :)<\/p>\n<p style=\"text-align: center;\"><span style=\"font-size: xx-large;\">Have a nice Sunday!<\/span><\/p>","protected":false},"excerpt":{"rendered":"<p>Jag brukar oftast b\u00f6rja med att l\u00e4gga skuggorna som ska vara innerst\/nederst p\u00e5 \u00f6gonlocket. Men ibland n\u00e4r jag inte kan best\u00e4mma mig f\u00f6r vilka f\u00e4rger jag ska anv\u00e4nda, s\u00e5 kan det hj\u00e4lpa inspirationen p\u00e5 traven att b\u00f6rja fr\u00e5n andra h\u00e5llet! :) &nbsp; Det blev en sminkning som p\u00e5minner lite om g\u00e5rdagens sminkning, fast denna g\u00e5ng [&hellip;]<\/p>\n","protected":false},"author":30,"featured_media":3430,"comment_status":"open","ping_status":"open","sticky":false,"template":"","format":"standard","meta":{"footnotes":""},"categories":[2623],"tags":[314,312,313,316,315],"class_list":["post-3422","post","type-post","status-publish","format-standard","has-post-thumbnail","hentry","category-sminkningar","tag-fargglad-sminkning-tutorial","tag-fargglad-steg-for-steg","tag-fargglad-steg-for-steg-sminkning","tag-make-up-tutorial","tag-sminkning-tutorial"],"yoast_head":"<!-- This site is optimized with the Yoast SEO Premium plugin v14.9 - https:\/\/yoast.com\/wordpress\/plugins\/seo\/ -->\n<meta name=\"description\" content=\"F\u00e4rgglad steg f\u00f6r steg | Helena Amiley - H\u00e4r hittar du senaste infromation om sk\u00f6nhet, livsstil, entrepren\u00f6rskap, makeup &amp; tips.\" \/>\n<meta name=\"robots\" content=\"index, follow, max-snippet:-1, max-image-preview:large, max-video-preview:-1\" \/>\n<link rel=\"canonical\" href=\"https:\/\/www.imakeyousmile.se\/en\/fargglad-steg-for-steg\/\" \/>\n<meta property=\"og:locale\" content=\"en_US\" \/>\n<meta property=\"og:type\" content=\"article\" \/>\n<meta property=\"og:title\" content=\"F\u00e4rgglad steg f\u00f6r steg | Imakeyousmile.se\" \/>\n<meta property=\"og:description\" content=\"F\u00e4rgglad steg f\u00f6r steg | Helena Amiley - H\u00e4r hittar du senaste infromation om sk\u00f6nhet, livsstil, entrepren\u00f6rskap, makeup &amp; tips.\" \/>\n<meta property=\"og:url\" content=\"https:\/\/www.imakeyousmile.se\/en\/fargglad-steg-for-steg\/\" \/>\n<meta property=\"og:site_name\" content=\"Imakeyousmile.se\" \/>\n<meta property=\"article:author\" content=\"https:\/\/www.facebook.com\/imakeyousmile.se\" \/>\n<meta property=\"article:published_time\" content=\"2013-01-13T10:49:17+00:00\" \/>\n<meta property=\"article:modified_time\" content=\"2015-04-19T08:22:35+00:00\" \/>\n<meta property=\"og:image\" content=\"https:\/\/www.imakeyousmile.se\/wp-content\/uploads\/2013\/01\/IMG_9721-kopia.jpg\" \/>\n\t<meta property=\"og:image:width\" content=\"2560\" \/>\n\t<meta property=\"og:image:height\" content=\"1724\" \/>\n<meta name=\"twitter:card\" content=\"summary_large_image\" \/>\n<script type=\"application\/ld+json\" class=\"yoast-schema-graph\">{\"@context\":\"https:\/\/schema.org\",\"@graph\":[{\"@type\":\"Organization\",\"@id\":\"https:\/\/www.imakeyousmile.se\/en\/#organization\",\"name\":\"Imakeyousmile\",\"url\":\"https:\/\/www.imakeyousmile.se\/en\/\",\"sameAs\":[],\"logo\":{\"@type\":\"ImageObject\",\"@id\":\"https:\/\/www.imakeyousmile.se\/en\/#logo\",\"inLanguage\":\"en-US\",\"url\":\"https:\/\/www.imakeyousmile.se\/wp-content\/uploads\/2020\/10\/HELENA-AMILEY_SVART-1-e1603367975324.png\",\"width\":280,\"height\":93,\"caption\":\"Imakeyousmile\"},\"image\":{\"@id\":\"https:\/\/www.imakeyousmile.se\/en\/#logo\"}},{\"@type\":\"WebSite\",\"@id\":\"https:\/\/www.imakeyousmile.se\/en\/#website\",\"url\":\"https:\/\/www.imakeyousmile.se\/en\/\",\"name\":\"Imakeyousmile.se\",\"description\":\"Helena Amiley - Beauty, Entrepreneur, Lifestyle\",\"publisher\":{\"@id\":\"https:\/\/www.imakeyousmile.se\/en\/#organization\"},\"potentialAction\":[{\"@type\":\"SearchAction\",\"target\":\"https:\/\/www.imakeyousmile.se\/en\/?s={search_term_string}\",\"query-input\":\"required name=search_term_string\"}],\"inLanguage\":\"en-US\"},{\"@type\":\"ImageObject\",\"@id\":\"https:\/\/www.imakeyousmile.se\/fargglad-steg-for-steg\/#primaryimage\",\"inLanguage\":\"en-US\",\"url\":\"https:\/\/www.imakeyousmile.se\/wp-content\/uploads\/2013\/01\/IMG_9721-kopia.jpg\",\"width\":2560,\"height\":1724},{\"@type\":\"WebPage\",\"@id\":\"https:\/\/www.imakeyousmile.se\/fargglad-steg-for-steg\/#webpage\",\"url\":\"https:\/\/www.imakeyousmile.se\/fargglad-steg-for-steg\/\",\"name\":\"F\\u00e4rgglad steg f\\u00f6r steg | Imakeyousmile.se\",\"isPartOf\":{\"@id\":\"https:\/\/www.imakeyousmile.se\/en\/#website\"},\"primaryImageOfPage\":{\"@id\":\"https:\/\/www.imakeyousmile.se\/fargglad-steg-for-steg\/#primaryimage\"},\"datePublished\":\"2013-01-13T10:49:17+00:00\",\"dateModified\":\"2015-04-19T08:22:35+00:00\",\"description\":\"F\\u00e4rgglad steg f\\u00f6r steg | Helena Amiley - H\\u00e4r hittar du senaste infromation om sk\\u00f6nhet, livsstil, entrepren\\u00f6rskap, makeup & tips.\",\"inLanguage\":\"en-US\",\"potentialAction\":[{\"@type\":\"ReadAction\",\"target\":[\"https:\/\/www.imakeyousmile.se\/fargglad-steg-for-steg\/\"]}]},{\"@type\":\"Article\",\"@id\":\"https:\/\/www.imakeyousmile.se\/fargglad-steg-for-steg\/#article\",\"isPartOf\":{\"@id\":\"https:\/\/www.imakeyousmile.se\/fargglad-steg-for-steg\/#webpage\"},\"author\":{\"@id\":\"https:\/\/www.imakeyousmile.se\/en\/#\/schema\/person\/b0fd43b1c6bb1c60cfd68bff9b4a10fb\"},\"headline\":\"F\\u00e4rgglad steg f\\u00f6r steg\",\"datePublished\":\"2013-01-13T10:49:17+00:00\",\"dateModified\":\"2015-04-19T08:22:35+00:00\",\"mainEntityOfPage\":{\"@id\":\"https:\/\/www.imakeyousmile.se\/fargglad-steg-for-steg\/#webpage\"},\"commentCount\":0,\"publisher\":{\"@id\":\"https:\/\/www.imakeyousmile.se\/en\/#organization\"},\"image\":{\"@id\":\"https:\/\/www.imakeyousmile.se\/fargglad-steg-for-steg\/#primaryimage\"},\"keywords\":\"F\\u00e4rgglad sminkning tutorial,F\\u00e4rgglad steg f\\u00f6r steg,F\\u00e4rgglad steg f\\u00f6r steg sminkning,Make Up tutorial,Sminkning tutorial\",\"articleSection\":\"Sminkningar\",\"inLanguage\":\"en-US\",\"potentialAction\":[{\"@type\":\"CommentAction\",\"name\":\"Comment\",\"target\":[\"https:\/\/www.imakeyousmile.se\/fargglad-steg-for-steg\/#respond\"]}]},{\"@type\":\"Person\",\"@id\":\"https:\/\/www.imakeyousmile.se\/en\/#\/schema\/person\/b0fd43b1c6bb1c60cfd68bff9b4a10fb\",\"name\":\"Helena Amiley\",\"image\":{\"@type\":\"ImageObject\",\"@id\":\"https:\/\/www.imakeyousmile.se\/en\/#personlogo\",\"inLanguage\":\"en-US\",\"url\":\"https:\/\/secure.gravatar.com\/avatar\/5645558e1e355457a23368d7e1b4c904?s=96&d=mm&r=g\",\"caption\":\"Helena Amiley\"},\"description\":\"Jag skriver mest om sk\\u00f6nhet men bjuder \\u00e4ven p\\u00e5 glimtar fr\\u00e5n entrepren\\u00f6rlivet och bygget av v\\u00e5r egen camper van. Vanlife here we come!\",\"sameAs\":[\"https:\/\/www.facebook.com\/imakeyousmile.se\",\"https:\/\/www.instagram.com\/helenaamiley\",\"https:\/\/www.youtube.com\/channel\/UCR5iB6rvpV6Yr8ZjpQfr5mg?view_as=subscriber\"]}]}<\/script>\n<!-- \/ Yoast SEO Premium plugin. -->","_links":{"self":[{"href":"https:\/\/www.imakeyousmile.se\/en\/wp-json\/wp\/v2\/posts\/3422"}],"collection":[{"href":"https:\/\/www.imakeyousmile.se\/en\/wp-json\/wp\/v2\/posts"}],"about":[{"href":"https:\/\/www.imakeyousmile.se\/en\/wp-json\/wp\/v2\/types\/post"}],"author":[{"embeddable":true,"href":"https:\/\/www.imakeyousmile.se\/en\/wp-json\/wp\/v2\/users\/30"}],"replies":[{"embeddable":true,"href":"https:\/\/www.imakeyousmile.se\/en\/wp-json\/wp\/v2\/comments?post=3422"}],"version-history":[{"count":1,"href":"https:\/\/www.imakeyousmile.se\/en\/wp-json\/wp\/v2\/posts\/3422\/revisions"}],"predecessor-version":[{"id":19321,"href":"https:\/\/www.imakeyousmile.se\/en\/wp-json\/wp\/v2\/posts\/3422\/revisions\/19321"}],"wp:featuredmedia":[{"embeddable":true,"href":"https:\/\/www.imakeyousmile.se\/en\/wp-json\/wp\/v2\/media\/3430"}],"wp:attachment":[{"href":"https:\/\/www.imakeyousmile.se\/en\/wp-json\/wp\/v2\/media?parent=3422"}],"wp:term":[{"taxonomy":"category","embeddable":true,"href":"https:\/\/www.imakeyousmile.se\/en\/wp-json\/wp\/v2\/categories?post=3422"},{"taxonomy":"post_tag","embeddable":true,"href":"https:\/\/www.imakeyousmile.se\/en\/wp-json\/wp\/v2\/tags?post=3422"}],"curies":[{"name":"wp","href":"https:\/\/api.w.org\/{rel}","templated":true}]}}