{"id":34614,"date":"2019-03-31T05:00:08","date_gmt":"2019-03-31T03:00:08","guid":{"rendered":"http:\/\/www.imakeyousmile.se\/?p=34614"},"modified":"2020-10-22T18:22:18","modified_gmt":"2020-10-22T16:22:18","slug":"min-businessvecka-v-13-2","status":"publish","type":"post","link":"https:\/\/www.imakeyousmile.se\/en\/min-businessweek-v-13-2\/","title":{"rendered":"My business week v. 13"},"content":{"rendered":"<p>I have unfortunately been bad at taking pictures this week, so it will be a pretty short Sunday post :)<\/p>\n<p>Will sharpen me!<\/p>\n<p><img loading=\"lazy\" decoding=\"async\" class=\"alignnone size-large wp-image-34624\" src=\"http:\/\/www.imakeyousmile.se\/wp-content\/uploads\/2019\/03\/min-businessvecka-31-mars-1024x1024.jpg\" alt=\"\" width=\"696\" height=\"696\" srcset=\"https:\/\/www.imakeyousmile.se\/wp-content\/uploads\/2019\/03\/min-businessvecka-31-mars-1024x1024.jpg 1024w, https:\/\/www.imakeyousmile.se\/wp-content\/uploads\/2019\/03\/min-businessvecka-31-mars-150x150.jpg 150w, https:\/\/www.imakeyousmile.se\/wp-content\/uploads\/2019\/03\/min-businessvecka-31-mars-300x300.jpg 300w, https:\/\/www.imakeyousmile.se\/wp-content\/uploads\/2019\/03\/min-businessvecka-31-mars-768x768.jpg 768w, https:\/\/www.imakeyousmile.se\/wp-content\/uploads\/2019\/03\/min-businessvecka-31-mars-696x696.jpg 696w, https:\/\/www.imakeyousmile.se\/wp-content\/uploads\/2019\/03\/min-businessvecka-31-mars-1068x1068.jpg 1068w, https:\/\/www.imakeyousmile.se\/wp-content\/uploads\/2019\/03\/min-businessvecka-31-mars-420x420.jpg 420w, https:\/\/www.imakeyousmile.se\/wp-content\/uploads\/2019\/03\/min-businessvecka-31-mars.jpg 2000w\" sizes=\"(max-width: 696px) 100vw, 696px\" \/><\/p>\n<p><strong>Fix in the extra room<\/strong><br \/>\nLast Sunday I wrote that we now have another room that will be used for staff rooms, storage, meetings and childcare when Annika has customers.<\/p>\n<p>Our face-out room has two treatment rooms, a shop, a bathroom and a waiting corner so it works for the makeup artists, but what gets messy is storage + lunch time. In addition, it is not entirely optimal if Mileya (Annika&#039;s baby) should be at work and sing :)<\/p>\n<p>The extra room is located diagonally across the street so it is very close and good! Our old salon was so big so it&#039;s kind of the same distance from the store to the lunch room anyway haha.<\/p>\n<p>This week we have bought chairs and a sofa bed and fixed them in there! We can put stuff there but do not really have access until April 1 so there is no electricity there yet, but we can fix a little anyway!<\/p>\n<p><img loading=\"lazy\" decoding=\"async\" class=\"alignnone size-large wp-image-34617\" src=\"http:\/\/www.imakeyousmile.se\/wp-content\/uploads\/2019\/03\/IMG_6621-1024x802.jpeg\" alt=\"\" width=\"696\" height=\"545\" srcset=\"https:\/\/www.imakeyousmile.se\/wp-content\/uploads\/2019\/03\/IMG_6621-1024x802.jpeg 1024w, https:\/\/www.imakeyousmile.se\/wp-content\/uploads\/2019\/03\/IMG_6621-300x235.jpeg 300w, https:\/\/www.imakeyousmile.se\/wp-content\/uploads\/2019\/03\/IMG_6621-768x602.jpeg 768w, https:\/\/www.imakeyousmile.se\/wp-content\/uploads\/2019\/03\/IMG_6621-696x545.jpeg 696w, https:\/\/www.imakeyousmile.se\/wp-content\/uploads\/2019\/03\/IMG_6621-1068x837.jpeg 1068w, https:\/\/www.imakeyousmile.se\/wp-content\/uploads\/2019\/03\/IMG_6621-536x420.jpeg 536w\" sizes=\"(max-width: 696px) 100vw, 696px\" \/><\/p>\n<p>Newly renovated walls and floors! The room has three rooms, a toilet and a small storage room. Clockwise!<\/p>\n<p><img loading=\"lazy\" decoding=\"async\" class=\"alignnone size-large wp-image-34616\" src=\"http:\/\/www.imakeyousmile.se\/wp-content\/uploads\/2019\/03\/IMG_6618-1024x714.jpeg\" alt=\"\" width=\"696\" height=\"485\" srcset=\"https:\/\/www.imakeyousmile.se\/wp-content\/uploads\/2019\/03\/IMG_6618-1024x714.jpeg 1024w, https:\/\/www.imakeyousmile.se\/wp-content\/uploads\/2019\/03\/IMG_6618-300x209.jpeg 300w, https:\/\/www.imakeyousmile.se\/wp-content\/uploads\/2019\/03\/IMG_6618-768x535.jpeg 768w, https:\/\/www.imakeyousmile.se\/wp-content\/uploads\/2019\/03\/IMG_6618-100x70.jpeg 100w, https:\/\/www.imakeyousmile.se\/wp-content\/uploads\/2019\/03\/IMG_6618-696x485.jpeg 696w, https:\/\/www.imakeyousmile.se\/wp-content\/uploads\/2019\/03\/IMG_6618-1068x745.jpeg 1068w, https:\/\/www.imakeyousmile.se\/wp-content\/uploads\/2019\/03\/IMG_6618-602x420.jpeg 602w\" sizes=\"(max-width: 696px) 100vw, 696px\" \/><\/p>\n<p>Here Miska builds a sofa bed while I screw chairs.<\/p>\n<p><img loading=\"lazy\" decoding=\"async\" class=\"alignnone size-large wp-image-34618\" src=\"http:\/\/www.imakeyousmile.se\/wp-content\/uploads\/2019\/03\/IMG_6625-1024x702.jpeg\" alt=\"\" width=\"696\" height=\"477\" srcset=\"https:\/\/www.imakeyousmile.se\/wp-content\/uploads\/2019\/03\/IMG_6625-1024x702.jpeg 1024w, https:\/\/www.imakeyousmile.se\/wp-content\/uploads\/2019\/03\/IMG_6625-300x206.jpeg 300w, https:\/\/www.imakeyousmile.se\/wp-content\/uploads\/2019\/03\/IMG_6625-768x527.jpeg 768w, https:\/\/www.imakeyousmile.se\/wp-content\/uploads\/2019\/03\/IMG_6625-100x70.jpeg 100w, https:\/\/www.imakeyousmile.se\/wp-content\/uploads\/2019\/03\/IMG_6625-218x150.jpeg 218w, https:\/\/www.imakeyousmile.se\/wp-content\/uploads\/2019\/03\/IMG_6625-696x477.jpeg 696w, https:\/\/www.imakeyousmile.se\/wp-content\/uploads\/2019\/03\/IMG_6625-1068x732.jpeg 1068w, https:\/\/www.imakeyousmile.se\/wp-content\/uploads\/2019\/03\/IMG_6625-613x420.jpeg 613w\" sizes=\"(max-width: 696px) 100vw, 696px\" \/><\/p>\n<p>Mileya approved the couch! :)<\/p>\n<p><strong>Product training with our new makeup artist<\/strong><br \/>\nI have also had product training with our new makeup artist Shafiee, she has done quite a lot of makeup with our products already but we are very product-focused and to be able to hold a really good makeup consultation, it is important that you know your products.<\/p>\n<p>There are so many different products today so it is not enough to just be able to put on make-up, you have to know the products to give good recommendations. Two liquid foundations can look the same when you look at the packaging, but it suits completely different people and gives completely different results in terms of coverage, structure, application and glow \/ dullness.<\/p>\n<p>It was really fun! I could have asked one of my colleagues to hold the training but I took it myself just because it&#039;s fun :)<\/p>\n<p>We have also started publishing pictures of Shafiee&#039;s treatments in our social channels and now she is part of the team for real!<\/p>\n<p><img loading=\"lazy\" decoding=\"async\" class=\"alignnone size-large wp-image-34615\" src=\"http:\/\/www.imakeyousmile.se\/wp-content\/uploads\/2019\/03\/IMG_6613-1024x990.jpeg\" alt=\"\" width=\"696\" height=\"673\" srcset=\"https:\/\/www.imakeyousmile.se\/wp-content\/uploads\/2019\/03\/IMG_6613-1024x990.jpeg 1024w, https:\/\/www.imakeyousmile.se\/wp-content\/uploads\/2019\/03\/IMG_6613-300x290.jpeg 300w, https:\/\/www.imakeyousmile.se\/wp-content\/uploads\/2019\/03\/IMG_6613-768x743.jpeg 768w, https:\/\/www.imakeyousmile.se\/wp-content\/uploads\/2019\/03\/IMG_6613-696x673.jpeg 696w, https:\/\/www.imakeyousmile.se\/wp-content\/uploads\/2019\/03\/IMG_6613-1068x1033.jpeg 1068w, https:\/\/www.imakeyousmile.se\/wp-content\/uploads\/2019\/03\/IMG_6613-434x420.jpeg 434w, https:\/\/www.imakeyousmile.se\/wp-content\/uploads\/2019\/03\/IMG_6613.jpeg 1125w\" sizes=\"(max-width: 696px) 100vw, 696px\" \/><\/p>\n<p><img loading=\"lazy\" decoding=\"async\" class=\"alignnone size-large wp-image-34619\" src=\"http:\/\/www.imakeyousmile.se\/wp-content\/uploads\/2019\/03\/Sk\u00e4rmklipp-2019-03-29-12.33.31-1024x161.png\" alt=\"\" width=\"696\" height=\"109\" srcset=\"https:\/\/www.imakeyousmile.se\/wp-content\/uploads\/2019\/03\/Sk\u00e4rmklipp-2019-03-29-12.33.31-1024x161.png 1024w, https:\/\/www.imakeyousmile.se\/wp-content\/uploads\/2019\/03\/Sk\u00e4rmklipp-2019-03-29-12.33.31-300x47.png 300w, https:\/\/www.imakeyousmile.se\/wp-content\/uploads\/2019\/03\/Sk\u00e4rmklipp-2019-03-29-12.33.31-768x121.png 768w, https:\/\/www.imakeyousmile.se\/wp-content\/uploads\/2019\/03\/Sk\u00e4rmklipp-2019-03-29-12.33.31-696x109.png 696w, https:\/\/www.imakeyousmile.se\/wp-content\/uploads\/2019\/03\/Sk\u00e4rmklipp-2019-03-29-12.33.31-1068x168.png 1068w, https:\/\/www.imakeyousmile.se\/wp-content\/uploads\/2019\/03\/Sk\u00e4rmklipp-2019-03-29-12.33.31.png 1458w\" sizes=\"(max-width: 696px) 100vw, 696px\" \/><\/p>\n<p>Already popular! Great fun! :)<\/p>\n<p><strong>New - comprehensive foundation from Pixi<\/strong><br \/>\nLaunching a novelty is not as fast as for many other companies. First it must be tested properly before it qualifies in our range, then I take pictures and step-by-step. Then I make two different posts, one for the blog and one for the beauty guide page on our website. And then it should be added with product pictures (which I also usually puzzle with myself) and all shades etc.<\/p>\n<p><img loading=\"lazy\" decoding=\"async\" class=\"alignnone size-large wp-image-34620\" src=\"http:\/\/www.imakeyousmile.se\/wp-content\/uploads\/2019\/03\/Sk\u00e4rmklipp-2019-03-29-12.36.33-1024x513.png\" alt=\"\" width=\"696\" height=\"349\" srcset=\"https:\/\/www.imakeyousmile.se\/wp-content\/uploads\/2019\/03\/Sk\u00e4rmklipp-2019-03-29-12.36.33-1024x513.png 1024w, https:\/\/www.imakeyousmile.se\/wp-content\/uploads\/2019\/03\/Sk\u00e4rmklipp-2019-03-29-12.36.33-300x150.png 300w, https:\/\/www.imakeyousmile.se\/wp-content\/uploads\/2019\/03\/Sk\u00e4rmklipp-2019-03-29-12.36.33-768x385.png 768w, https:\/\/www.imakeyousmile.se\/wp-content\/uploads\/2019\/03\/Sk\u00e4rmklipp-2019-03-29-12.36.33-696x349.png 696w, https:\/\/www.imakeyousmile.se\/wp-content\/uploads\/2019\/03\/Sk\u00e4rmklipp-2019-03-29-12.36.33-1068x535.png 1068w, https:\/\/www.imakeyousmile.se\/wp-content\/uploads\/2019\/03\/Sk\u00e4rmklipp-2019-03-29-12.36.33-838x420.png 838w\" sizes=\"(max-width: 696px) 100vw, 696px\" \/><\/p>\n<p>So we have had it in the store for a while now but now it is finally online too!<\/p>\n<p><img loading=\"lazy\" decoding=\"async\" class=\"alignnone size-large wp-image-34621\" src=\"http:\/\/www.imakeyousmile.se\/wp-content\/uploads\/2019\/03\/Sk\u00e4rmklipp-2019-03-29-12.36.53-1024x578.png\" alt=\"\" width=\"696\" height=\"393\" srcset=\"https:\/\/www.imakeyousmile.se\/wp-content\/uploads\/2019\/03\/Sk\u00e4rmklipp-2019-03-29-12.36.53-1024x578.png 1024w, https:\/\/www.imakeyousmile.se\/wp-content\/uploads\/2019\/03\/Sk\u00e4rmklipp-2019-03-29-12.36.53-300x169.png 300w, https:\/\/www.imakeyousmile.se\/wp-content\/uploads\/2019\/03\/Sk\u00e4rmklipp-2019-03-29-12.36.53-768x434.png 768w, https:\/\/www.imakeyousmile.se\/wp-content\/uploads\/2019\/03\/Sk\u00e4rmklipp-2019-03-29-12.36.53-696x393.png 696w, https:\/\/www.imakeyousmile.se\/wp-content\/uploads\/2019\/03\/Sk\u00e4rmklipp-2019-03-29-12.36.53-1068x603.png 1068w, https:\/\/www.imakeyousmile.se\/wp-content\/uploads\/2019\/03\/Sk\u00e4rmklipp-2019-03-29-12.36.53-744x420.png 744w, https:\/\/www.imakeyousmile.se\/wp-content\/uploads\/2019\/03\/Sk\u00e4rmklipp-2019-03-29-12.36.53.png 1222w\" sizes=\"(max-width: 696px) 100vw, 696px\" \/><\/p>\n<p><a href=\"https:\/\/creativemakeup.se\/portfolio\/pixi-beauty-balm-fore-efter\/\"><strong>Here<\/strong><\/a> you can see the before and after pictures and step by step if you are curious :) In our web shop I always make a blog post for the products and &quot;supplement with tips&quot; with other products that fit well together.<\/p>\n<p><strong>Other<\/strong><br \/>\nSince I do not have many pictures, here is in text only a selection of the other things I did this week:<\/p>\n<ul>\n<li>Added our trainee Stina in the booking system, she is so good and often brings her own exercise models that she can now book in so that we can see when she uses a treatment place. So she does not take customers, it is only important to have an overview now that we have a smaller salon. There are sometimes interns who are more of a job than a benefit, but Stina really helps and makes it easier for her colleagues. It is important to take advantage of good trainees, I have learned, many will even become colleagues in the future! Or co-owners like myself;) I who started as Annika&#039;s intern once upon a time!<\/li>\n<li>Answered thousands of emails it feels like, I do not know what has happened to my inbox I have probably never received this much email before, because most emails directly to the salon and I do not respond to that email. But it&#039;s fun! :) Many who have questions and our treatments and products, make-up tips, people who want to book an appointment etc.<\/li>\n<li>I&#039;ve been to healing at <a href=\"https:\/\/www.myntablad.com\">Marica<\/a> in Uppsala. It was very cool and afterwards I got advice too and everything she said was true! Can really recommend!<\/li>\n<li>In addition, I have written a gift certificate for the house that I owned before, so now I am officially a guesthouse resident :) What is our plan? Right now we are having a good time with Annika and she does too, we have our own small house (playhouse? Haha) so we have no stress anywhere. It will be very cheap too! We are a mix between neighbors and cohabitants, we hang out a lot, always eat dinner together and go out together when we go somewhere, but we are also in &quot;our own homes&quot; so you do not go on each other directly.<\/li>\n<li>On Monday and Friday I worked from home, then the days are spent with first make-up and photo and then computer work with my cat Viktoria in my arms. Not so interesting for you, but nice to get a lot of such things fixed too!<\/li>\n<\/ul>\n<p>Now I will enjoy a free Sunday and start the day with a run! I also bought new running shoes this week, or cheap casual shoes if I am to be completely correct. According to the staff at Stadium, it was life threatening to run without real running shoes, but those shoes were so ugly and expensive at the same time so I made the risky decision to run without proper shock absorption;)<\/p>\n<p>Anyway, at least I didn&#039;t go down without explaining myself first.<\/p>\n<p><img loading=\"lazy\" decoding=\"async\" class=\"alignnone size-large wp-image-34622\" src=\"http:\/\/www.imakeyousmile.se\/wp-content\/uploads\/2019\/03\/IMG_6628-597x1024.jpg\" alt=\"\" width=\"597\" height=\"1024\" srcset=\"https:\/\/www.imakeyousmile.se\/wp-content\/uploads\/2019\/03\/IMG_6628-597x1024.jpg 597w, https:\/\/www.imakeyousmile.se\/wp-content\/uploads\/2019\/03\/IMG_6628-175x300.jpg 175w, https:\/\/www.imakeyousmile.se\/wp-content\/uploads\/2019\/03\/IMG_6628-768x1316.jpg 768w, https:\/\/www.imakeyousmile.se\/wp-content\/uploads\/2019\/03\/IMG_6628-696x1193.jpg 696w, https:\/\/www.imakeyousmile.se\/wp-content\/uploads\/2019\/03\/IMG_6628-1068x1830.jpg 1068w, https:\/\/www.imakeyousmile.se\/wp-content\/uploads\/2019\/03\/IMG_6628-245x420.jpg 245w, https:\/\/www.imakeyousmile.se\/wp-content\/uploads\/2019\/03\/IMG_6628.jpg 1122w\" sizes=\"(max-width: 597px) 100vw, 597px\" \/><\/p>\n<p>Speaking of which, my first run went so well. After running for a while, I got the brilliant idea to run in the woods, like the worst wolf! But with my sense of place it turned out to be an extremely bad idea, even with gps it took me 45 minutes to get out of there haha. With the result in hand, I went for a while in the direction of 100% in the opposite direction to what I should, it is not possible to go more wrong than that haha.<\/p>\n<p>But tomorrow is Monday and April 1! So nice with new week and new month on the same day. So then it will be a new healthy time!<\/p>\n<p>No now I will stop chatting :) Hug you and have a nice Sunday! \u2665<\/p>\n<p><img loading=\"lazy\" decoding=\"async\" class=\"alignnone size-large wp-image-28529\" src=\"http:\/\/www.imakeyousmile.se\/wp-content\/uploads\/2017\/03\/Sidfot-Namnloggo-1024x115.png\" alt=\"\" width=\"696\" height=\"78\" \/><\/p>","protected":false},"excerpt":{"rendered":"<p>Jag har tyv\u00e4rr varit d\u00e5lig p\u00e5 att fota bilder i veckan, s\u00e5 det blir ett ganska kort s\u00f6ndagsinl\u00e4gg :) Ska sk\u00e4rpa mig! Fix i extralokalen F\u00f6rra s\u00f6ndagen skrev jag att vi nu har en till lokal som kommer anv\u00e4ndas till personalrum, f\u00f6rvaring, m\u00f6ten och barnpassning n\u00e4r Annika har kunder. V\u00e5r ansiktet-ut\u00e5t-lokal har tv\u00e5 behandlingsrum, butik, [&hellip;]<\/p>\n","protected":false},"author":30,"featured_media":34624,"comment_status":"open","ping_status":"closed","sticky":false,"template":"","format":"standard","meta":{"footnotes":""},"categories":[4070,6999],"tags":[6037,6036,1985,4097,4330,6038,4071,5602,4216,5131],"class_list":["post-34614","post","type-post","status-publish","format-standard","has-post-thumbnail","hentry","category-entreprenorskap","category-sondagsinlagg-m-m","tag-business","tag-businessvecka","tag-creative-makeup","tag-entreprenor","tag-helena-ronnblad","tag-inspirerande-foretagare","tag-ung-entreprenor","tag-ung-entreprenor-uppsala","tag-ung-foretagare","tag-ung-foretagare-uppsala"],"yoast_head":"<!-- This site is optimized with the Yoast SEO Premium plugin v14.9 - https:\/\/yoast.com\/wordpress\/plugins\/seo\/ -->\n<meta name=\"description\" content=\"Min businessvecka v. 13 | Helena Amiley - H\u00e4r hittar du senaste infromation om sk\u00f6nhet, livsstil, entrepren\u00f6rskap, makeup &amp; tips.\" \/>\n<meta name=\"robots\" content=\"index, follow, max-snippet:-1, max-image-preview:large, max-video-preview:-1\" \/>\n<link rel=\"canonical\" href=\"https:\/\/www.imakeyousmile.se\/en\/min-businessvecka-v-13-2\/\" \/>\n<meta property=\"og:locale\" content=\"en_US\" \/>\n<meta property=\"og:type\" content=\"article\" \/>\n<meta property=\"og:title\" content=\"Min businessvecka v. 13 | Imakeyousmile.se\" \/>\n<meta property=\"og:description\" content=\"Min businessvecka v. 13 | Helena Amiley - H\u00e4r hittar du senaste infromation om sk\u00f6nhet, livsstil, entrepren\u00f6rskap, makeup &amp; tips.\" \/>\n<meta property=\"og:url\" content=\"https:\/\/www.imakeyousmile.se\/en\/min-businessvecka-v-13-2\/\" \/>\n<meta property=\"og:site_name\" content=\"Imakeyousmile.se\" \/>\n<meta property=\"article:author\" content=\"https:\/\/www.facebook.com\/imakeyousmile.se\" \/>\n<meta property=\"article:published_time\" content=\"2019-03-31T03:00:08+00:00\" \/>\n<meta property=\"article:modified_time\" content=\"2020-10-22T16:22:18+00:00\" \/>\n<meta property=\"og:image\" content=\"https:\/\/www.imakeyousmile.se\/wp-content\/uploads\/2019\/03\/min-businessvecka-31-mars.jpg\" \/>\n\t<meta property=\"og:image:width\" content=\"2000\" \/>\n\t<meta property=\"og:image:height\" content=\"2000\" \/>\n<meta name=\"twitter:card\" content=\"summary_large_image\" \/>\n<script type=\"application\/ld+json\" class=\"yoast-schema-graph\">{\"@context\":\"https:\/\/schema.org\",\"@graph\":[{\"@type\":\"Organization\",\"@id\":\"https:\/\/www.imakeyousmile.se\/en\/#organization\",\"name\":\"Imakeyousmile\",\"url\":\"https:\/\/www.imakeyousmile.se\/en\/\",\"sameAs\":[],\"logo\":{\"@type\":\"ImageObject\",\"@id\":\"https:\/\/www.imakeyousmile.se\/en\/#logo\",\"inLanguage\":\"en-US\",\"url\":\"https:\/\/www.imakeyousmile.se\/wp-content\/uploads\/2020\/10\/HELENA-AMILEY_SVART-1-e1603367975324.png\",\"width\":280,\"height\":93,\"caption\":\"Imakeyousmile\"},\"image\":{\"@id\":\"https:\/\/www.imakeyousmile.se\/en\/#logo\"}},{\"@type\":\"WebSite\",\"@id\":\"https:\/\/www.imakeyousmile.se\/en\/#website\",\"url\":\"https:\/\/www.imakeyousmile.se\/en\/\",\"name\":\"Imakeyousmile.se\",\"description\":\"Helena Amiley - Beauty, Entrepreneur, Lifestyle\",\"publisher\":{\"@id\":\"https:\/\/www.imakeyousmile.se\/en\/#organization\"},\"potentialAction\":[{\"@type\":\"SearchAction\",\"target\":\"https:\/\/www.imakeyousmile.se\/en\/?s={search_term_string}\",\"query-input\":\"required name=search_term_string\"}],\"inLanguage\":\"en-US\"},{\"@type\":\"ImageObject\",\"@id\":\"https:\/\/www.imakeyousmile.se\/min-businessvecka-v-13-2\/#primaryimage\",\"inLanguage\":\"en-US\",\"url\":\"https:\/\/www.imakeyousmile.se\/wp-content\/uploads\/2019\/03\/min-businessvecka-31-mars.jpg\",\"width\":2000,\"height\":2000},{\"@type\":\"WebPage\",\"@id\":\"https:\/\/www.imakeyousmile.se\/min-businessvecka-v-13-2\/#webpage\",\"url\":\"https:\/\/www.imakeyousmile.se\/min-businessvecka-v-13-2\/\",\"name\":\"Min businessvecka v. 13 | Imakeyousmile.se\",\"isPartOf\":{\"@id\":\"https:\/\/www.imakeyousmile.se\/en\/#website\"},\"primaryImageOfPage\":{\"@id\":\"https:\/\/www.imakeyousmile.se\/min-businessvecka-v-13-2\/#primaryimage\"},\"datePublished\":\"2019-03-31T03:00:08+00:00\",\"dateModified\":\"2020-10-22T16:22:18+00:00\",\"description\":\"Min businessvecka v. 13 | Helena Amiley - H\\u00e4r hittar du senaste infromation om sk\\u00f6nhet, livsstil, entrepren\\u00f6rskap, makeup & tips.\",\"inLanguage\":\"en-US\",\"potentialAction\":[{\"@type\":\"ReadAction\",\"target\":[\"https:\/\/www.imakeyousmile.se\/min-businessvecka-v-13-2\/\"]}]},{\"@type\":\"Article\",\"@id\":\"https:\/\/www.imakeyousmile.se\/min-businessvecka-v-13-2\/#article\",\"isPartOf\":{\"@id\":\"https:\/\/www.imakeyousmile.se\/min-businessvecka-v-13-2\/#webpage\"},\"author\":{\"@id\":\"https:\/\/www.imakeyousmile.se\/en\/#\/schema\/person\/b0fd43b1c6bb1c60cfd68bff9b4a10fb\"},\"headline\":\"Min businessvecka v. 13\",\"datePublished\":\"2019-03-31T03:00:08+00:00\",\"dateModified\":\"2020-10-22T16:22:18+00:00\",\"mainEntityOfPage\":{\"@id\":\"https:\/\/www.imakeyousmile.se\/min-businessvecka-v-13-2\/#webpage\"},\"commentCount\":0,\"publisher\":{\"@id\":\"https:\/\/www.imakeyousmile.se\/en\/#organization\"},\"image\":{\"@id\":\"https:\/\/www.imakeyousmile.se\/min-businessvecka-v-13-2\/#primaryimage\"},\"keywords\":\"business,businessvecka,creative makeup,entrepren\\u00f6r,helena r\\u00f6nnblad,inspirerande f\\u00f6retagare,ung entrepren\\u00f6r,ung entrepren\\u00f6r uppsala,ung f\\u00f6retagare,ung f\\u00f6retagare uppsala\",\"articleSection\":\"Entrepren\\u00f6rskap,S\\u00f6ndagsinl\\u00e4gg m.m\",\"inLanguage\":\"en-US\",\"potentialAction\":[{\"@type\":\"CommentAction\",\"name\":\"Comment\",\"target\":[\"https:\/\/www.imakeyousmile.se\/min-businessvecka-v-13-2\/#respond\"]}]},{\"@type\":\"Person\",\"@id\":\"https:\/\/www.imakeyousmile.se\/en\/#\/schema\/person\/b0fd43b1c6bb1c60cfd68bff9b4a10fb\",\"name\":\"Helena Amiley\",\"image\":{\"@type\":\"ImageObject\",\"@id\":\"https:\/\/www.imakeyousmile.se\/en\/#personlogo\",\"inLanguage\":\"en-US\",\"url\":\"https:\/\/secure.gravatar.com\/avatar\/5645558e1e355457a23368d7e1b4c904?s=96&d=mm&r=g\",\"caption\":\"Helena Amiley\"},\"description\":\"Jag skriver mest om sk\\u00f6nhet men bjuder \\u00e4ven p\\u00e5 glimtar fr\\u00e5n entrepren\\u00f6rlivet och bygget av v\\u00e5r egen camper van. Vanlife here we come!\",\"sameAs\":[\"https:\/\/www.facebook.com\/imakeyousmile.se\",\"https:\/\/www.instagram.com\/helenaamiley\",\"https:\/\/www.youtube.com\/channel\/UCR5iB6rvpV6Yr8ZjpQfr5mg?view_as=subscriber\"]}]}<\/script>\n<!-- \/ Yoast SEO Premium plugin. -->","_links":{"self":[{"href":"https:\/\/www.imakeyousmile.se\/en\/wp-json\/wp\/v2\/posts\/34614"}],"collection":[{"href":"https:\/\/www.imakeyousmile.se\/en\/wp-json\/wp\/v2\/posts"}],"about":[{"href":"https:\/\/www.imakeyousmile.se\/en\/wp-json\/wp\/v2\/types\/post"}],"author":[{"embeddable":true,"href":"https:\/\/www.imakeyousmile.se\/en\/wp-json\/wp\/v2\/users\/30"}],"replies":[{"embeddable":true,"href":"https:\/\/www.imakeyousmile.se\/en\/wp-json\/wp\/v2\/comments?post=34614"}],"version-history":[{"count":5,"href":"https:\/\/www.imakeyousmile.se\/en\/wp-json\/wp\/v2\/posts\/34614\/revisions"}],"predecessor-version":[{"id":34628,"href":"https:\/\/www.imakeyousmile.se\/en\/wp-json\/wp\/v2\/posts\/34614\/revisions\/34628"}],"wp:featuredmedia":[{"embeddable":true,"href":"https:\/\/www.imakeyousmile.se\/en\/wp-json\/wp\/v2\/media\/34624"}],"wp:attachment":[{"href":"https:\/\/www.imakeyousmile.se\/en\/wp-json\/wp\/v2\/media?parent=34614"}],"wp:term":[{"taxonomy":"category","embeddable":true,"href":"https:\/\/www.imakeyousmile.se\/en\/wp-json\/wp\/v2\/categories?post=34614"},{"taxonomy":"post_tag","embeddable":true,"href":"https:\/\/www.imakeyousmile.se\/en\/wp-json\/wp\/v2\/tags?post=34614"}],"curies":[{"name":"wp","href":"https:\/\/api.w.org\/{rel}","templated":true}]}}