{"id":34825,"date":"2019-05-05T04:00:38","date_gmt":"2019-05-05T02:00:38","guid":{"rendered":"http:\/\/www.imakeyousmile.se\/?p=34825"},"modified":"2020-10-22T18:21:54","modified_gmt":"2020-10-22T16:21:54","slug":"min-businessvecka-v-18-2","status":"publish","type":"post","link":"https:\/\/www.imakeyousmile.se\/en\/min-businessweek-v-18-2\/","title":{"rendered":"My business week v. 18"},"content":{"rendered":"<p>This week has gone brilliantly well!<\/p>\n<p>However, my neck has been in trouble exactly all week and the energy has been at half speed, but not as bad as usual so I am happy and do not intend to focus on it in this post :)<\/p>\n<p><img loading=\"lazy\" decoding=\"async\" class=\"alignnone size-large wp-image-34838\" src=\"http:\/\/www.imakeyousmile.se\/wp-content\/uploads\/2019\/05\/min-businessvecka-5-maj-ny-1024x1024.jpg\" alt=\"\" width=\"696\" height=\"696\" srcset=\"https:\/\/www.imakeyousmile.se\/wp-content\/uploads\/2019\/05\/min-businessvecka-5-maj-ny-1024x1024.jpg 1024w, https:\/\/www.imakeyousmile.se\/wp-content\/uploads\/2019\/05\/min-businessvecka-5-maj-ny-150x150.jpg 150w, https:\/\/www.imakeyousmile.se\/wp-content\/uploads\/2019\/05\/min-businessvecka-5-maj-ny-300x300.jpg 300w, https:\/\/www.imakeyousmile.se\/wp-content\/uploads\/2019\/05\/min-businessvecka-5-maj-ny-768x768.jpg 768w, https:\/\/www.imakeyousmile.se\/wp-content\/uploads\/2019\/05\/min-businessvecka-5-maj-ny-696x696.jpg 696w, https:\/\/www.imakeyousmile.se\/wp-content\/uploads\/2019\/05\/min-businessvecka-5-maj-ny-1068x1068.jpg 1068w, https:\/\/www.imakeyousmile.se\/wp-content\/uploads\/2019\/05\/min-businessvecka-5-maj-ny-420x420.jpg 420w, https:\/\/www.imakeyousmile.se\/wp-content\/uploads\/2019\/05\/min-businessvecka-5-maj-ny.jpg 2000w\" sizes=\"(max-width: 696px) 100vw, 696px\" \/><\/p>\n<p><strong>Like old times but still not<\/strong><br \/>\nThe job has now returned <em>a little<\/em> to normal again, it felt like that anyway when I was a lot at the salon this week and did both office work (in the staff room) and stood in the reception for a few hours.<\/p>\n<p>Annika has started working two days a week, so we will be at the salon more again from this week :)<\/p>\n<p><img loading=\"lazy\" decoding=\"async\" class=\"alignnone size-large wp-image-34832\" src=\"http:\/\/www.imakeyousmile.se\/wp-content\/uploads\/2019\/05\/IMG_6890-1024x862.jpeg\" alt=\"\" width=\"696\" height=\"586\" srcset=\"https:\/\/www.imakeyousmile.se\/wp-content\/uploads\/2019\/05\/IMG_6890-1024x862.jpeg 1024w, https:\/\/www.imakeyousmile.se\/wp-content\/uploads\/2019\/05\/IMG_6890-300x253.jpeg 300w, https:\/\/www.imakeyousmile.se\/wp-content\/uploads\/2019\/05\/IMG_6890-768x647.jpeg 768w, https:\/\/www.imakeyousmile.se\/wp-content\/uploads\/2019\/05\/IMG_6890-696x586.jpeg 696w, https:\/\/www.imakeyousmile.se\/wp-content\/uploads\/2019\/05\/IMG_6890-1068x900.jpeg 1068w, https:\/\/www.imakeyousmile.se\/wp-content\/uploads\/2019\/05\/IMG_6890-499x420.jpeg 499w\" sizes=\"(max-width: 696px) 100vw, 696px\" \/><\/p>\n<p>Work clothes on! ;) Of course Mileya has a nice Creative Makeup body \u2665<\/p>\n<p>It has gone well with baby and bookings! Two hours with customers, half an hour for breastfeeding and then two hours with customers again.<\/p>\n<p>When Mileya is awake, Miska usually has her most, when I have her, it looks like this:<\/p>\n<p><img loading=\"lazy\" decoding=\"async\" class=\"alignnone size-large wp-image-34828\" src=\"http:\/\/www.imakeyousmile.se\/wp-content\/uploads\/2019\/05\/IMG_3758_1-1024x638.jpg\" alt=\"\" width=\"696\" height=\"434\" srcset=\"https:\/\/www.imakeyousmile.se\/wp-content\/uploads\/2019\/05\/IMG_3758_1-1024x638.jpg 1024w, https:\/\/www.imakeyousmile.se\/wp-content\/uploads\/2019\/05\/IMG_3758_1-300x187.jpg 300w, https:\/\/www.imakeyousmile.se\/wp-content\/uploads\/2019\/05\/IMG_3758_1-768x479.jpg 768w, https:\/\/www.imakeyousmile.se\/wp-content\/uploads\/2019\/05\/IMG_3758_1-696x434.jpg 696w, https:\/\/www.imakeyousmile.se\/wp-content\/uploads\/2019\/05\/IMG_3758_1-1068x666.jpg 1068w, https:\/\/www.imakeyousmile.se\/wp-content\/uploads\/2019\/05\/IMG_3758_1-674x420.jpg 674w\" sizes=\"(max-width: 696px) 100vw, 696px\" \/><\/p>\n<p>Good distribution anyway, I think haha, then I can work both when she is awake and when she is asleep :)<\/p>\n<p><strong>&quot;Now we can get started and make money&quot;<\/strong><br \/>\nIt is clear now that I have had a quiet work period for a while, because the dreaming has started properly again! \u201d<em>Now we get started and make money<\/em>Said Miska on Friday morning when we started the day but an early cup of coffee in bed and looked at Spain houses. Not because we intend to buy anything now, but to do research in areas etc. Meeen do not you think we found the worst dream house <em>and<\/em> for a reasonable price !!! I think we have to put forward our life plans for this place haha.<\/p>\n<p>We&#039;re talking charm deluxe! Mountain views, pool <em>and<\/em> Jacuzzi. We&#039;re talking about walking on a suspension bridge over a waterfall (!) To get to our house! Yes, I say our house already hahaha. Got cravings like no other and became as excited as a normal person would be only when writing on the papers.<\/p>\n<p>The only downside is that it is not in the hottest area (near Granada) so we have to do some research on what the climate is like. Up in the mountains, it can be very different. Any of you who have experience with the Granada area?<\/p>\n<p>NOTE it is very typical of me to start with 100% as soon as I see something I fall in love with, this definitely does not mean that we decided to buy it and move there immediately;) But I want to! You can maybe go and check it out anyway;)<\/p>\n<p><img loading=\"lazy\" decoding=\"async\" class=\"alignnone size-large wp-image-34833\" src=\"http:\/\/www.imakeyousmile.se\/wp-content\/uploads\/2019\/05\/IMG_6898-855x1024.jpg\" alt=\"\" width=\"696\" height=\"834\" srcset=\"https:\/\/www.imakeyousmile.se\/wp-content\/uploads\/2019\/05\/IMG_6898-855x1024.jpg 855w, https:\/\/www.imakeyousmile.se\/wp-content\/uploads\/2019\/05\/IMG_6898-251x300.jpg 251w, https:\/\/www.imakeyousmile.se\/wp-content\/uploads\/2019\/05\/IMG_6898-768x919.jpg 768w, https:\/\/www.imakeyousmile.se\/wp-content\/uploads\/2019\/05\/IMG_6898-696x833.jpg 696w, https:\/\/www.imakeyousmile.se\/wp-content\/uploads\/2019\/05\/IMG_6898-1068x1278.jpg 1068w, https:\/\/www.imakeyousmile.se\/wp-content\/uploads\/2019\/05\/IMG_6898-351x420.jpg 351w, https:\/\/www.imakeyousmile.se\/wp-content\/uploads\/2019\/05\/IMG_6898.jpg 1122w\" sizes=\"(max-width: 696px) 100vw, 696px\" \/><\/p>\n<p>Then I was so excited by the dream house that I could barely start the working day haha. When you are an energetic person, it is not always just positive, you can also be too speeded to sit on your butt and work;)<\/p>\n<p>My over-excited mood did not improve when I realized &quot;today the hens have been incubating eggs for 21 days&quot; and ran out to the hen house to find THREE chickens! So you do not understand my joy and direct love for these little cuties \u2665 Love to live in the country!<\/p>\n<p><img loading=\"lazy\" decoding=\"async\" class=\"alignnone size-large wp-image-34834\" src=\"http:\/\/www.imakeyousmile.se\/wp-content\/uploads\/2019\/05\/IMG_6901-1024x653.jpg\" alt=\"\" width=\"696\" height=\"444\" srcset=\"https:\/\/www.imakeyousmile.se\/wp-content\/uploads\/2019\/05\/IMG_6901-1024x653.jpg 1024w, https:\/\/www.imakeyousmile.se\/wp-content\/uploads\/2019\/05\/IMG_6901-300x191.jpg 300w, https:\/\/www.imakeyousmile.se\/wp-content\/uploads\/2019\/05\/IMG_6901-768x490.jpg 768w, https:\/\/www.imakeyousmile.se\/wp-content\/uploads\/2019\/05\/IMG_6901-696x444.jpg 696w, https:\/\/www.imakeyousmile.se\/wp-content\/uploads\/2019\/05\/IMG_6901-1068x682.jpg 1068w, https:\/\/www.imakeyousmile.se\/wp-content\/uploads\/2019\/05\/IMG_6901-658x420.jpg 658w, https:\/\/www.imakeyousmile.se\/wp-content\/uploads\/2019\/05\/IMG_6901.jpg 1122w\" sizes=\"(max-width: 696px) 100vw, 696px\" \/><\/p>\n<p>Mjiiiiiiiiiiiiih what a cutie!<\/p>\n<p><strong>Meeting with Fortnox<\/strong><br \/>\nLast Monday we had a meeting with the company that takes care of our accounting etc. We had some questions and fixes that had to be arranged, but above all we were there to go through Fortnox and if it is something for us - and we thought it was so now we&#039;ll fix it!<\/p>\n<p>It was only a few weeks ago that I said to Miska &quot;it is so strange when companies want to email their invoice&quot;<em>to save on paper and the environment<\/em>&quot;Because you still have to print it out for the accounting.&quot; In addition, we have lots of boxes and bags with bookkeeping folders because the shit must be saved for 7 years. Is not it ancient?<\/p>\n<p>The answer is apparently - well it&#039;s ancient, haha! With Fortnox, you get all the documentation (receipts, invoices, invoices we send) in the same system.<\/p>\n<p>Should be so nice to get started with this! It always takes some time before you get into the routines with something new, but it will be so nice when it&#039;s done. Next financial year, the accounting is paperless! Wihoo!<\/p>\n<p><img loading=\"lazy\" decoding=\"async\" class=\"alignnone size-large wp-image-34830\" src=\"http:\/\/www.imakeyousmile.se\/wp-content\/uploads\/2019\/05\/IMG_6862_1-1024x619.jpg\" alt=\"\" width=\"696\" height=\"421\" srcset=\"https:\/\/www.imakeyousmile.se\/wp-content\/uploads\/2019\/05\/IMG_6862_1-1024x619.jpg 1024w, https:\/\/www.imakeyousmile.se\/wp-content\/uploads\/2019\/05\/IMG_6862_1-300x181.jpg 300w, https:\/\/www.imakeyousmile.se\/wp-content\/uploads\/2019\/05\/IMG_6862_1-768x465.jpg 768w, https:\/\/www.imakeyousmile.se\/wp-content\/uploads\/2019\/05\/IMG_6862_1-696x421.jpg 696w, https:\/\/www.imakeyousmile.se\/wp-content\/uploads\/2019\/05\/IMG_6862_1-1068x646.jpg 1068w, https:\/\/www.imakeyousmile.se\/wp-content\/uploads\/2019\/05\/IMG_6862_1-694x420.jpg 694w\" sizes=\"(max-width: 696px) 100vw, 696px\" \/><\/p>\n<p>Here they sit and go through the system and how it works. Crazy smart! I&#039;ve heard of Fortnox before but I thought it&#039;s just a billing service?<\/p>\n<p>I really sounded like a superficial beauty industry person when I hatched questions like &quot;is there a nice design on the invoices in the program?&quot; haha, I think that&#039;s important!<\/p>\n<p><strong>Hair styling model<\/strong><br \/>\nOur new makeup artist Shafiee also does hair styling and this week we took pictures for the website in different variants.<\/p>\n<p>Previously, we only had &quot;hair styling 45 min&quot; in the price list, but now we are trying to specify which hair styling you want to book and offer &quot;Hollywood curls&quot;, &quot;curly &amp; half-set&quot; and &quot;nicely sloppy knot&quot;. Because if you want to book an advanced set, we recommend booking at a hairdresser instead, but it can be difficult for customers to know what is advanced and not, so we took sample pictures of it :)<\/p>\n<p><img loading=\"lazy\" decoding=\"async\" class=\"alignnone size-large wp-image-34829\" src=\"http:\/\/www.imakeyousmile.se\/wp-content\/uploads\/2019\/05\/IMG_3763-1024x839.jpeg\" alt=\"\" width=\"696\" height=\"570\" srcset=\"https:\/\/www.imakeyousmile.se\/wp-content\/uploads\/2019\/05\/IMG_3763-1024x839.jpeg 1024w, https:\/\/www.imakeyousmile.se\/wp-content\/uploads\/2019\/05\/IMG_3763-300x246.jpeg 300w, https:\/\/www.imakeyousmile.se\/wp-content\/uploads\/2019\/05\/IMG_3763-768x630.jpeg 768w, https:\/\/www.imakeyousmile.se\/wp-content\/uploads\/2019\/05\/IMG_3763-696x571.jpeg 696w, https:\/\/www.imakeyousmile.se\/wp-content\/uploads\/2019\/05\/IMG_3763-1068x875.jpeg 1068w, https:\/\/www.imakeyousmile.se\/wp-content\/uploads\/2019\/05\/IMG_3763-512x420.jpeg 512w\" sizes=\"(max-width: 696px) 100vw, 696px\" \/><\/p>\n<p>I posed as a hair model!<\/p>\n<p>Here is the result:<img loading=\"lazy\" decoding=\"async\" class=\"alignnone size-large wp-image-34835\" src=\"http:\/\/www.imakeyousmile.se\/wp-content\/uploads\/2019\/05\/1.-Snyggt-slarvig-knut-1024x1024.jpg\" alt=\"\" width=\"696\" height=\"696\" srcset=\"https:\/\/www.imakeyousmile.se\/wp-content\/uploads\/2019\/05\/1.-Snyggt-slarvig-knut-1024x1024.jpg 1024w, https:\/\/www.imakeyousmile.se\/wp-content\/uploads\/2019\/05\/1.-Snyggt-slarvig-knut-150x150.jpg 150w, https:\/\/www.imakeyousmile.se\/wp-content\/uploads\/2019\/05\/1.-Snyggt-slarvig-knut-300x300.jpg 300w, https:\/\/www.imakeyousmile.se\/wp-content\/uploads\/2019\/05\/1.-Snyggt-slarvig-knut-768x768.jpg 768w, https:\/\/www.imakeyousmile.se\/wp-content\/uploads\/2019\/05\/1.-Snyggt-slarvig-knut-696x696.jpg 696w, https:\/\/www.imakeyousmile.se\/wp-content\/uploads\/2019\/05\/1.-Snyggt-slarvig-knut-1068x1068.jpg 1068w, https:\/\/www.imakeyousmile.se\/wp-content\/uploads\/2019\/05\/1.-Snyggt-slarvig-knut-420x420.jpg 420w, https:\/\/www.imakeyousmile.se\/wp-content\/uploads\/2019\/05\/1.-Snyggt-slarvig-knut.jpg 2000w\" sizes=\"(max-width: 696px) 100vw, 696px\" \/><\/p>\n<p><img loading=\"lazy\" decoding=\"async\" class=\"alignnone size-large wp-image-34836\" src=\"http:\/\/www.imakeyousmile.se\/wp-content\/uploads\/2019\/05\/h\u00e5rstyling-exempel-1024x641.jpg\" alt=\"\" width=\"696\" height=\"436\" srcset=\"https:\/\/www.imakeyousmile.se\/wp-content\/uploads\/2019\/05\/h\u00e5rstyling-exempel-1024x641.jpg 1024w, https:\/\/www.imakeyousmile.se\/wp-content\/uploads\/2019\/05\/h\u00e5rstyling-exempel-300x188.jpg 300w, https:\/\/www.imakeyousmile.se\/wp-content\/uploads\/2019\/05\/h\u00e5rstyling-exempel-768x481.jpg 768w, https:\/\/www.imakeyousmile.se\/wp-content\/uploads\/2019\/05\/h\u00e5rstyling-exempel-696x436.jpg 696w, https:\/\/www.imakeyousmile.se\/wp-content\/uploads\/2019\/05\/h\u00e5rstyling-exempel-1068x669.jpg 1068w, https:\/\/www.imakeyousmile.se\/wp-content\/uploads\/2019\/05\/h\u00e5rstyling-exempel-671x420.jpg 671w, https:\/\/www.imakeyousmile.se\/wp-content\/uploads\/2019\/05\/h\u00e5rstyling-exempel.jpg 1500w\" sizes=\"(max-width: 696px) 100vw, 696px\" \/><\/p>\n<p>Surely it turned out well? :)<\/p>\n<p><img loading=\"lazy\" decoding=\"async\" class=\"alignnone size-large wp-image-34831\" src=\"http:\/\/www.imakeyousmile.se\/wp-content\/uploads\/2019\/05\/IMG_6880-1024x784.jpg\" alt=\"\" width=\"696\" height=\"533\" srcset=\"https:\/\/www.imakeyousmile.se\/wp-content\/uploads\/2019\/05\/IMG_6880-1024x784.jpg 1024w, https:\/\/www.imakeyousmile.se\/wp-content\/uploads\/2019\/05\/IMG_6880-300x230.jpg 300w, https:\/\/www.imakeyousmile.se\/wp-content\/uploads\/2019\/05\/IMG_6880-768x588.jpg 768w, https:\/\/www.imakeyousmile.se\/wp-content\/uploads\/2019\/05\/IMG_6880-80x60.jpg 80w, https:\/\/www.imakeyousmile.se\/wp-content\/uploads\/2019\/05\/IMG_6880-696x533.jpg 696w, https:\/\/www.imakeyousmile.se\/wp-content\/uploads\/2019\/05\/IMG_6880-1068x817.jpg 1068w, https:\/\/www.imakeyousmile.se\/wp-content\/uploads\/2019\/05\/IMG_6880-549x420.jpg 549w, https:\/\/www.imakeyousmile.se\/wp-content\/uploads\/2019\/05\/IMG_6880.jpg 1466w\" sizes=\"(max-width: 696px) 100vw, 696px\" \/><\/p>\n<p>I who can not curl my own hair thought it was such a shame that we did it on a Tuesday night. Then I could not even benefit from it in a blog makeup. But luckily they held up pretty well during the night (even though we did not spray hairspray on me) so in <a href=\"http:\/\/www.imakeyousmile.se\/en\/colorful-smokey-eyes-glitter-eyebrows\/\">Friday&#039;s blog post<\/a> do you see what the hair looked like the next day :)<\/p>\n<p>That was the week! Now I will probably sit down and write a little on my book, I think. There is no time for that in the weeks anymore.<\/p>\n<p>Hugs are! \u2665<\/p>\n<p><img loading=\"lazy\" decoding=\"async\" class=\"alignnone size-large wp-image-28529\" src=\"http:\/\/www.imakeyousmile.se\/wp-content\/uploads\/2017\/03\/Sidfot-Namnloggo-1024x115.png\" alt=\"\" width=\"696\" height=\"78\" \/><\/p>","protected":false},"excerpt":{"rendered":"<p>Den h\u00e4r veckan har g\u00e5tt str\u00e5lande bra! Min hals har dock kr\u00e5nglat exakt hela veckan och energin har varit p\u00e5 halvfart, men inte lika illa som vanligt s\u00e5 jag \u00e4r n\u00f6jd och t\u00e4nker inte l\u00e4gga fokus p\u00e5 det i detta inl\u00e4gg :) Like old times men \u00e4nd\u00e5 inte Jobbet har nu \u00e5terg\u00e5tt lite till det [&hellip;]<\/p>\n","protected":false},"author":30,"featured_media":34838,"comment_status":"open","ping_status":"closed","sticky":false,"template":"","format":"standard","meta":{"footnotes":""},"categories":[4070,6999],"tags":[6037,6036,1985,4097,4330,6038,4071,5602,4216,5131],"class_list":["post-34825","post","type-post","status-publish","format-standard","has-post-thumbnail","hentry","category-entreprenorskap","category-sondagsinlagg-m-m","tag-business","tag-businessvecka","tag-creative-makeup","tag-entreprenor","tag-helena-ronnblad","tag-inspirerande-foretagare","tag-ung-entreprenor","tag-ung-entreprenor-uppsala","tag-ung-foretagare","tag-ung-foretagare-uppsala"],"yoast_head":"<!-- This site is optimized with the Yoast SEO Premium plugin v14.9 - https:\/\/yoast.com\/wordpress\/plugins\/seo\/ -->\n<meta name=\"description\" content=\"Min businessvecka v. 18 | Helena Amiley - H\u00e4r hittar du senaste infromation om sk\u00f6nhet, livsstil, entrepren\u00f6rskap, makeup &amp; tips.\" \/>\n<meta name=\"robots\" content=\"index, follow, max-snippet:-1, max-image-preview:large, max-video-preview:-1\" \/>\n<link rel=\"canonical\" href=\"https:\/\/www.imakeyousmile.se\/en\/min-businessvecka-v-18-2\/\" \/>\n<meta property=\"og:locale\" content=\"en_US\" \/>\n<meta property=\"og:type\" content=\"article\" \/>\n<meta property=\"og:title\" content=\"Min businessvecka v. 18 | Imakeyousmile.se\" \/>\n<meta property=\"og:description\" content=\"Min businessvecka v. 18 | Helena Amiley - H\u00e4r hittar du senaste infromation om sk\u00f6nhet, livsstil, entrepren\u00f6rskap, makeup &amp; tips.\" \/>\n<meta property=\"og:url\" content=\"https:\/\/www.imakeyousmile.se\/en\/min-businessvecka-v-18-2\/\" \/>\n<meta property=\"og:site_name\" content=\"Imakeyousmile.se\" \/>\n<meta property=\"article:author\" content=\"https:\/\/www.facebook.com\/imakeyousmile.se\" \/>\n<meta property=\"article:published_time\" content=\"2019-05-05T02:00:38+00:00\" \/>\n<meta property=\"article:modified_time\" content=\"2020-10-22T16:21:54+00:00\" \/>\n<meta property=\"og:image\" content=\"https:\/\/www.imakeyousmile.se\/wp-content\/uploads\/2019\/05\/min-businessvecka-5-maj-ny.jpg\" \/>\n\t<meta property=\"og:image:width\" content=\"2000\" \/>\n\t<meta property=\"og:image:height\" content=\"2000\" \/>\n<meta name=\"twitter:card\" content=\"summary_large_image\" \/>\n<script type=\"application\/ld+json\" class=\"yoast-schema-graph\">{\"@context\":\"https:\/\/schema.org\",\"@graph\":[{\"@type\":\"Organization\",\"@id\":\"https:\/\/www.imakeyousmile.se\/en\/#organization\",\"name\":\"Imakeyousmile\",\"url\":\"https:\/\/www.imakeyousmile.se\/en\/\",\"sameAs\":[],\"logo\":{\"@type\":\"ImageObject\",\"@id\":\"https:\/\/www.imakeyousmile.se\/en\/#logo\",\"inLanguage\":\"en-US\",\"url\":\"https:\/\/www.imakeyousmile.se\/wp-content\/uploads\/2020\/10\/HELENA-AMILEY_SVART-1-e1603367975324.png\",\"width\":280,\"height\":93,\"caption\":\"Imakeyousmile\"},\"image\":{\"@id\":\"https:\/\/www.imakeyousmile.se\/en\/#logo\"}},{\"@type\":\"WebSite\",\"@id\":\"https:\/\/www.imakeyousmile.se\/en\/#website\",\"url\":\"https:\/\/www.imakeyousmile.se\/en\/\",\"name\":\"Imakeyousmile.se\",\"description\":\"Helena Amiley - Beauty, Entrepreneur, Lifestyle\",\"publisher\":{\"@id\":\"https:\/\/www.imakeyousmile.se\/en\/#organization\"},\"potentialAction\":[{\"@type\":\"SearchAction\",\"target\":\"https:\/\/www.imakeyousmile.se\/en\/?s={search_term_string}\",\"query-input\":\"required name=search_term_string\"}],\"inLanguage\":\"en-US\"},{\"@type\":\"ImageObject\",\"@id\":\"https:\/\/www.imakeyousmile.se\/min-businessvecka-v-18-2\/#primaryimage\",\"inLanguage\":\"en-US\",\"url\":\"https:\/\/www.imakeyousmile.se\/wp-content\/uploads\/2019\/05\/min-businessvecka-5-maj-ny.jpg\",\"width\":2000,\"height\":2000},{\"@type\":\"WebPage\",\"@id\":\"https:\/\/www.imakeyousmile.se\/min-businessvecka-v-18-2\/#webpage\",\"url\":\"https:\/\/www.imakeyousmile.se\/min-businessvecka-v-18-2\/\",\"name\":\"Min businessvecka v. 18 | Imakeyousmile.se\",\"isPartOf\":{\"@id\":\"https:\/\/www.imakeyousmile.se\/en\/#website\"},\"primaryImageOfPage\":{\"@id\":\"https:\/\/www.imakeyousmile.se\/min-businessvecka-v-18-2\/#primaryimage\"},\"datePublished\":\"2019-05-05T02:00:38+00:00\",\"dateModified\":\"2020-10-22T16:21:54+00:00\",\"description\":\"Min businessvecka v. 18 | Helena Amiley - H\\u00e4r hittar du senaste infromation om sk\\u00f6nhet, livsstil, entrepren\\u00f6rskap, makeup & tips.\",\"inLanguage\":\"en-US\",\"potentialAction\":[{\"@type\":\"ReadAction\",\"target\":[\"https:\/\/www.imakeyousmile.se\/min-businessvecka-v-18-2\/\"]}]},{\"@type\":\"Article\",\"@id\":\"https:\/\/www.imakeyousmile.se\/min-businessvecka-v-18-2\/#article\",\"isPartOf\":{\"@id\":\"https:\/\/www.imakeyousmile.se\/min-businessvecka-v-18-2\/#webpage\"},\"author\":{\"@id\":\"https:\/\/www.imakeyousmile.se\/en\/#\/schema\/person\/b0fd43b1c6bb1c60cfd68bff9b4a10fb\"},\"headline\":\"Min businessvecka v. 18\",\"datePublished\":\"2019-05-05T02:00:38+00:00\",\"dateModified\":\"2020-10-22T16:21:54+00:00\",\"mainEntityOfPage\":{\"@id\":\"https:\/\/www.imakeyousmile.se\/min-businessvecka-v-18-2\/#webpage\"},\"commentCount\":4,\"publisher\":{\"@id\":\"https:\/\/www.imakeyousmile.se\/en\/#organization\"},\"image\":{\"@id\":\"https:\/\/www.imakeyousmile.se\/min-businessvecka-v-18-2\/#primaryimage\"},\"keywords\":\"business,businessvecka,creative makeup,entrepren\\u00f6r,helena r\\u00f6nnblad,inspirerande f\\u00f6retagare,ung entrepren\\u00f6r,ung entrepren\\u00f6r uppsala,ung f\\u00f6retagare,ung f\\u00f6retagare uppsala\",\"articleSection\":\"Entrepren\\u00f6rskap,S\\u00f6ndagsinl\\u00e4gg m.m\",\"inLanguage\":\"en-US\",\"potentialAction\":[{\"@type\":\"CommentAction\",\"name\":\"Comment\",\"target\":[\"https:\/\/www.imakeyousmile.se\/min-businessvecka-v-18-2\/#respond\"]}]},{\"@type\":\"Person\",\"@id\":\"https:\/\/www.imakeyousmile.se\/en\/#\/schema\/person\/b0fd43b1c6bb1c60cfd68bff9b4a10fb\",\"name\":\"Helena Amiley\",\"image\":{\"@type\":\"ImageObject\",\"@id\":\"https:\/\/www.imakeyousmile.se\/en\/#personlogo\",\"inLanguage\":\"en-US\",\"url\":\"https:\/\/secure.gravatar.com\/avatar\/5645558e1e355457a23368d7e1b4c904?s=96&d=mm&r=g\",\"caption\":\"Helena Amiley\"},\"description\":\"Jag skriver mest om sk\\u00f6nhet men bjuder \\u00e4ven p\\u00e5 glimtar fr\\u00e5n entrepren\\u00f6rlivet och bygget av v\\u00e5r egen camper van. Vanlife here we come!\",\"sameAs\":[\"https:\/\/www.facebook.com\/imakeyousmile.se\",\"https:\/\/www.instagram.com\/helenaamiley\",\"https:\/\/www.youtube.com\/channel\/UCR5iB6rvpV6Yr8ZjpQfr5mg?view_as=subscriber\"]}]}<\/script>\n<!-- \/ Yoast SEO Premium plugin. -->","_links":{"self":[{"href":"https:\/\/www.imakeyousmile.se\/en\/wp-json\/wp\/v2\/posts\/34825"}],"collection":[{"href":"https:\/\/www.imakeyousmile.se\/en\/wp-json\/wp\/v2\/posts"}],"about":[{"href":"https:\/\/www.imakeyousmile.se\/en\/wp-json\/wp\/v2\/types\/post"}],"author":[{"embeddable":true,"href":"https:\/\/www.imakeyousmile.se\/en\/wp-json\/wp\/v2\/users\/30"}],"replies":[{"embeddable":true,"href":"https:\/\/www.imakeyousmile.se\/en\/wp-json\/wp\/v2\/comments?post=34825"}],"version-history":[{"count":3,"href":"https:\/\/www.imakeyousmile.se\/en\/wp-json\/wp\/v2\/posts\/34825\/revisions"}],"predecessor-version":[{"id":34841,"href":"https:\/\/www.imakeyousmile.se\/en\/wp-json\/wp\/v2\/posts\/34825\/revisions\/34841"}],"wp:featuredmedia":[{"embeddable":true,"href":"https:\/\/www.imakeyousmile.se\/en\/wp-json\/wp\/v2\/media\/34838"}],"wp:attachment":[{"href":"https:\/\/www.imakeyousmile.se\/en\/wp-json\/wp\/v2\/media?parent=34825"}],"wp:term":[{"taxonomy":"category","embeddable":true,"href":"https:\/\/www.imakeyousmile.se\/en\/wp-json\/wp\/v2\/categories?post=34825"},{"taxonomy":"post_tag","embeddable":true,"href":"https:\/\/www.imakeyousmile.se\/en\/wp-json\/wp\/v2\/tags?post=34825"}],"curies":[{"name":"wp","href":"https:\/\/api.w.org\/{rel}","templated":true}]}}