{"id":35145,"date":"2019-06-18T19:37:07","date_gmt":"2019-06-18T17:37:07","guid":{"rendered":"http:\/\/www.imakeyousmile.se\/?p=35145"},"modified":"2020-10-22T18:21:22","modified_gmt":"2020-10-22T16:21:22","slug":"min-businessvecka-v-24-2","status":"publish","type":"post","link":"https:\/\/www.imakeyousmile.se\/en\/min-businessweek-v-24-2\/","title":{"rendered":"My business week v. 24"},"content":{"rendered":"<p>The Sunday post is a few days late on purpose :) On the one hand, I needed to work on other things during the weekend, but in addition I only work two days this week, so I thought of merging these weeks into the same post.<\/p>\n<p>Because from tomorrow (Wednesday) to Monday I am on Gotland and celebrate Midsummer! Gonna be SO much fun! My best friend Frida moves there to a big farm so there will be a big housewarming party and midsummer celebration at the same time :)<\/p>\n<p>But first, Miska and I stay in a hotel in F\u00e5r\u00f6sund for two nights \u2665<\/p>\n<p><img loading=\"lazy\" decoding=\"async\" class=\"alignnone size-large wp-image-35156\" src=\"http:\/\/www.imakeyousmile.se\/wp-content\/uploads\/2019\/06\/min-businessvecka-18-juni-1024x1024.jpg\" alt=\"\" width=\"696\" height=\"696\" srcset=\"https:\/\/www.imakeyousmile.se\/wp-content\/uploads\/2019\/06\/min-businessvecka-18-juni-1024x1024.jpg 1024w, https:\/\/www.imakeyousmile.se\/wp-content\/uploads\/2019\/06\/min-businessvecka-18-juni-150x150.jpg 150w, https:\/\/www.imakeyousmile.se\/wp-content\/uploads\/2019\/06\/min-businessvecka-18-juni-300x300.jpg 300w, https:\/\/www.imakeyousmile.se\/wp-content\/uploads\/2019\/06\/min-businessvecka-18-juni-768x768.jpg 768w, https:\/\/www.imakeyousmile.se\/wp-content\/uploads\/2019\/06\/min-businessvecka-18-juni-696x696.jpg 696w, https:\/\/www.imakeyousmile.se\/wp-content\/uploads\/2019\/06\/min-businessvecka-18-juni-1068x1068.jpg 1068w, https:\/\/www.imakeyousmile.se\/wp-content\/uploads\/2019\/06\/min-businessvecka-18-juni-420x420.jpg 420w, https:\/\/www.imakeyousmile.se\/wp-content\/uploads\/2019\/06\/min-businessvecka-18-juni.jpg 2000w\" sizes=\"(max-width: 696px) 100vw, 696px\" \/><\/p>\n<p><strong>Work on \u00c5land!<\/strong><br \/>\nNow it was time for Annika to work on \u00c5land again :) She works at a salon there sometimes (with permanent makeup) and since it includes return visits, we were there again this week and had more new customers and return visits from the previous trip.<\/p>\n<p>We were there for two days and Miska and I went along as baby managers :) So we did not get much work done, but thanks to us Annika was able to work long days!<\/p>\n<p><img loading=\"lazy\" decoding=\"async\" class=\"alignnone size-large wp-image-35149\" src=\"http:\/\/www.imakeyousmile.se\/wp-content\/uploads\/2019\/06\/IMG_7248-1024x708.jpeg\" alt=\"\" width=\"696\" height=\"481\" srcset=\"https:\/\/www.imakeyousmile.se\/wp-content\/uploads\/2019\/06\/IMG_7248-1024x708.jpeg 1024w, https:\/\/www.imakeyousmile.se\/wp-content\/uploads\/2019\/06\/IMG_7248-300x208.jpeg 300w, https:\/\/www.imakeyousmile.se\/wp-content\/uploads\/2019\/06\/IMG_7248-768x531.jpeg 768w, https:\/\/www.imakeyousmile.se\/wp-content\/uploads\/2019\/06\/IMG_7248-100x70.jpeg 100w, https:\/\/www.imakeyousmile.se\/wp-content\/uploads\/2019\/06\/IMG_7248-218x150.jpeg 218w, https:\/\/www.imakeyousmile.se\/wp-content\/uploads\/2019\/06\/IMG_7248-696x482.jpeg 696w, https:\/\/www.imakeyousmile.se\/wp-content\/uploads\/2019\/06\/IMG_7248-1068x739.jpeg 1068w, https:\/\/www.imakeyousmile.se\/wp-content\/uploads\/2019\/06\/IMG_7248-607x420.jpeg 607w\" sizes=\"(max-width: 696px) 100vw, 696px\" \/><\/p>\n<p>Miska &amp; Mileya who are waiting for mother Annika to finish with her customer :)<\/p>\n<p><strong>Marketing of the webshop + bridal makeup<\/strong><br \/>\nWe will market the webshop more in the autumn, in the summer there is almost money in the lake because people do not shop very much in the summer and at the salon we are already basically fully booked.<\/p>\n<p>But we did a test now with a beauty guide on how to do your own bridal makeup!<\/p>\n<p>We want to promote the unique with our web shop more :) So all the guides I make with swatch pictures, step by step etc. that both help people buy the right products and then help them use them at home as well.<\/p>\n<p><img loading=\"lazy\" decoding=\"async\" class=\"alignnone size-large wp-image-35148\" src=\"http:\/\/www.imakeyousmile.se\/wp-content\/uploads\/2019\/06\/IMG_7221-1024x602.jpg\" alt=\"\" width=\"696\" height=\"409\" srcset=\"https:\/\/www.imakeyousmile.se\/wp-content\/uploads\/2019\/06\/IMG_7221-1024x602.jpg 1024w, https:\/\/www.imakeyousmile.se\/wp-content\/uploads\/2019\/06\/IMG_7221-300x177.jpg 300w, https:\/\/www.imakeyousmile.se\/wp-content\/uploads\/2019\/06\/IMG_7221-768x452.jpg 768w, https:\/\/www.imakeyousmile.se\/wp-content\/uploads\/2019\/06\/IMG_7221-696x409.jpg 696w, https:\/\/www.imakeyousmile.se\/wp-content\/uploads\/2019\/06\/IMG_7221-1068x628.jpg 1068w, https:\/\/www.imakeyousmile.se\/wp-content\/uploads\/2019\/06\/IMG_7221-714x420.jpg 714w, https:\/\/www.imakeyousmile.se\/wp-content\/uploads\/2019\/06\/IMG_7221.jpg 1907w\" sizes=\"(max-width: 696px) 100vw, 696px\" \/><\/p>\n<p>Here I am sitting with a lace sweater at the back and front and a cut curtain on my head :)<\/p>\n<p>It was great fun to do actually !! I had a lot of fun when I sat and wrote all the tips and then fixed - time consuming but great fun!<\/p>\n<p>I published this here in the blog as well, but the post on the website is even more well-crafted with links to the products in the form of pictures in the middle of the text, such as this:<\/p>\n<p><img loading=\"lazy\" decoding=\"async\" class=\"alignnone size-large wp-image-35154\" src=\"http:\/\/www.imakeyousmile.se\/wp-content\/uploads\/2019\/06\/Sk\u00e4rmklipp-2019-06-18-18.28.40-1024x433.png\" alt=\"\" width=\"696\" height=\"294\" srcset=\"https:\/\/www.imakeyousmile.se\/wp-content\/uploads\/2019\/06\/Sk\u00e4rmklipp-2019-06-18-18.28.40-1024x433.png 1024w, https:\/\/www.imakeyousmile.se\/wp-content\/uploads\/2019\/06\/Sk\u00e4rmklipp-2019-06-18-18.28.40-300x127.png 300w, https:\/\/www.imakeyousmile.se\/wp-content\/uploads\/2019\/06\/Sk\u00e4rmklipp-2019-06-18-18.28.40-768x325.png 768w, https:\/\/www.imakeyousmile.se\/wp-content\/uploads\/2019\/06\/Sk\u00e4rmklipp-2019-06-18-18.28.40-696x294.png 696w, https:\/\/www.imakeyousmile.se\/wp-content\/uploads\/2019\/06\/Sk\u00e4rmklipp-2019-06-18-18.28.40-1068x452.png 1068w, https:\/\/www.imakeyousmile.se\/wp-content\/uploads\/2019\/06\/Sk\u00e4rmklipp-2019-06-18-18.28.40-993x420.png 993w, https:\/\/www.imakeyousmile.se\/wp-content\/uploads\/2019\/06\/Sk\u00e4rmklipp-2019-06-18-18.28.40.png 1539w\" sizes=\"(max-width: 696px) 100vw, 696px\" \/><\/p>\n<p>And at the end, I also linked to more useful beauty guides who can be helpful before their bridal makeup. For example. these:<\/p>\n<p><img loading=\"lazy\" decoding=\"async\" class=\"alignnone size-large wp-image-35155\" src=\"http:\/\/www.imakeyousmile.se\/wp-content\/uploads\/2019\/06\/Sk\u00e4rmklipp-2019-06-18-18.29.17-1024x508.png\" alt=\"\" width=\"696\" height=\"345\" srcset=\"https:\/\/www.imakeyousmile.se\/wp-content\/uploads\/2019\/06\/Sk\u00e4rmklipp-2019-06-18-18.29.17-1024x508.png 1024w, https:\/\/www.imakeyousmile.se\/wp-content\/uploads\/2019\/06\/Sk\u00e4rmklipp-2019-06-18-18.29.17-300x149.png 300w, https:\/\/www.imakeyousmile.se\/wp-content\/uploads\/2019\/06\/Sk\u00e4rmklipp-2019-06-18-18.29.17-768x381.png 768w, https:\/\/www.imakeyousmile.se\/wp-content\/uploads\/2019\/06\/Sk\u00e4rmklipp-2019-06-18-18.29.17-324x160.png 324w, https:\/\/www.imakeyousmile.se\/wp-content\/uploads\/2019\/06\/Sk\u00e4rmklipp-2019-06-18-18.29.17-696x345.png 696w, https:\/\/www.imakeyousmile.se\/wp-content\/uploads\/2019\/06\/Sk\u00e4rmklipp-2019-06-18-18.29.17-1068x530.png 1068w, https:\/\/www.imakeyousmile.se\/wp-content\/uploads\/2019\/06\/Sk\u00e4rmklipp-2019-06-18-18.29.17-847x420.png 847w, https:\/\/www.imakeyousmile.se\/wp-content\/uploads\/2019\/06\/Sk\u00e4rmklipp-2019-06-18-18.29.17.png 1155w\" sizes=\"(max-width: 696px) 100vw, 696px\" \/><\/p>\n<p>Then we paid a penny on Instagram and Facebook and made the post into an ad:<\/p>\n<p><img loading=\"lazy\" decoding=\"async\" class=\"alignnone size-full wp-image-35153\" src=\"http:\/\/www.imakeyousmile.se\/wp-content\/uploads\/2019\/06\/Sk\u00e4rmklipp-2019-06-18-18.17.52.png\" alt=\"\" width=\"996\" height=\"996\" srcset=\"https:\/\/www.imakeyousmile.se\/wp-content\/uploads\/2019\/06\/Sk\u00e4rmklipp-2019-06-18-18.17.52.png 996w, https:\/\/www.imakeyousmile.se\/wp-content\/uploads\/2019\/06\/Sk\u00e4rmklipp-2019-06-18-18.17.52-150x150.png 150w, https:\/\/www.imakeyousmile.se\/wp-content\/uploads\/2019\/06\/Sk\u00e4rmklipp-2019-06-18-18.17.52-300x300.png 300w, https:\/\/www.imakeyousmile.se\/wp-content\/uploads\/2019\/06\/Sk\u00e4rmklipp-2019-06-18-18.17.52-768x768.png 768w, https:\/\/www.imakeyousmile.se\/wp-content\/uploads\/2019\/06\/Sk\u00e4rmklipp-2019-06-18-18.17.52-696x696.png 696w, https:\/\/www.imakeyousmile.se\/wp-content\/uploads\/2019\/06\/Sk\u00e4rmklipp-2019-06-18-18.17.52-420x420.png 420w\" sizes=\"(max-width: 996px) 100vw, 996px\" \/><\/p>\n<p>It has only been up for 24 hours but 160 people have clicked on the website and 13 people have shared it! It will be exciting to see the result, we run the ad until the end of June.<\/p>\n<p>The linked beauty guides in the post have also received more visits during this day so it shows that the ad also works - that people read the post to the end :)<\/p>\n<p>You can read it\u00a0<a href=\"https:\/\/creativemakeup.se\/portfolio\/brollopsspecial-gor-din-egen-brudmakeup\/?fbclid=IwAR0Zm4RAqvx_7yS80srMbheoNEkpgfj4wC2u70gah0zQAb3xjqJdYn6CQZo\"><strong>here <\/strong><\/a>if you want to see how the difference was between the blog post and the post in the webshop!<\/p>\n<p><strong>Work all weekend<\/strong><br \/>\nThis weekend, Miska was away for two nights so I took the opportunity to embrace my workaholism and worked at the computer all Saturday and Sunday. You want to be a nice girlfriend otherwise haha, but now I sat undisturbed from morning to night!<\/p>\n<p>In part, I was a little behind with work because we were on \u00c5land for two days, but also I needed to catch up in the future also because we are free for six days now.<\/p>\n<p>It was so nice to work all weekend instead! Sometimes you need to cave in and just get things done :)<\/p>\n<p><img loading=\"lazy\" decoding=\"async\" class=\"alignnone size-large wp-image-35150\" src=\"http:\/\/www.imakeyousmile.se\/wp-content\/uploads\/2019\/06\/IMG_7290-1024x545.jpg\" alt=\"\" width=\"696\" height=\"370\" srcset=\"https:\/\/www.imakeyousmile.se\/wp-content\/uploads\/2019\/06\/IMG_7290-1024x545.jpg 1024w, https:\/\/www.imakeyousmile.se\/wp-content\/uploads\/2019\/06\/IMG_7290-300x160.jpg 300w, https:\/\/www.imakeyousmile.se\/wp-content\/uploads\/2019\/06\/IMG_7290-768x409.jpg 768w, https:\/\/www.imakeyousmile.se\/wp-content\/uploads\/2019\/06\/IMG_7290-696x371.jpg 696w, https:\/\/www.imakeyousmile.se\/wp-content\/uploads\/2019\/06\/IMG_7290-1068x569.jpg 1068w, https:\/\/www.imakeyousmile.se\/wp-content\/uploads\/2019\/06\/IMG_7290-789x420.jpg 789w\" sizes=\"(max-width: 696px) 100vw, 696px\" \/><\/p>\n<p>Here I sit and finish the post about doing your own bridal makeup haha. Finished on Sunday night, pjuh!<\/p>\n<p><strong>Many customers before Midsummer&#039;s Eve<\/strong><br \/>\nAt the salon we always have a full roll before Midsummer&#039;s Eve and this year is no exception! Last Monday (yesterday) I had fully booked with customers and had to double book a quarter to squeeze in an extra as well. So fun!<\/p>\n<p>Annika also had customers then and Miska was out walking with the pram :)<\/p>\n<p>This week&#039;s schedule looks like this:<\/p>\n<p><img loading=\"lazy\" decoding=\"async\" class=\"alignnone size-large wp-image-35152\" src=\"http:\/\/www.imakeyousmile.se\/wp-content\/uploads\/2019\/06\/Sk\u00e4rmklipp-2019-06-17-22.14.55-1024x825.png\" alt=\"\" width=\"696\" height=\"561\" srcset=\"https:\/\/www.imakeyousmile.se\/wp-content\/uploads\/2019\/06\/Sk\u00e4rmklipp-2019-06-17-22.14.55-1024x825.png 1024w, https:\/\/www.imakeyousmile.se\/wp-content\/uploads\/2019\/06\/Sk\u00e4rmklipp-2019-06-17-22.14.55-300x242.png 300w, https:\/\/www.imakeyousmile.se\/wp-content\/uploads\/2019\/06\/Sk\u00e4rmklipp-2019-06-17-22.14.55-768x619.png 768w, https:\/\/www.imakeyousmile.se\/wp-content\/uploads\/2019\/06\/Sk\u00e4rmklipp-2019-06-17-22.14.55-696x561.png 696w, https:\/\/www.imakeyousmile.se\/wp-content\/uploads\/2019\/06\/Sk\u00e4rmklipp-2019-06-17-22.14.55-1068x861.png 1068w, https:\/\/www.imakeyousmile.se\/wp-content\/uploads\/2019\/06\/Sk\u00e4rmklipp-2019-06-17-22.14.55-521x420.png 521w, https:\/\/www.imakeyousmile.se\/wp-content\/uploads\/2019\/06\/Sk\u00e4rmklipp-2019-06-17-22.14.55.png 1515w\" sizes=\"(max-width: 696px) 100vw, 696px\" \/><\/p>\n<p>Time goes by so fast when you have customers on a conveyor belt like this, vips, several hours have passed!<\/p>\n<p><strong>Distruptive Materials<\/strong><br \/>\nAs you can see from the schedule, I was on a freelance job today and made up 8 people at the company Disruptive Materials! They would photograph more new images for website and marketing.<\/p>\n<p>Before, I did not like to freelance because when you do not do it often, you do not have a finished freelance bag that is always ready, but pack it every time and should remember everything important and have a set of brushes, foundation shades and colors for all people. It is a slightly larger process than you might think then.<\/p>\n<p>But now I have worked at Disruptive Materials so many times that I am starting to get used to the whole packing part haha :) It goes pretty smoothly anyway.<\/p>\n<p><img loading=\"lazy\" decoding=\"async\" class=\"alignnone size-large wp-image-35151\" src=\"http:\/\/www.imakeyousmile.se\/wp-content\/uploads\/2019\/06\/IMG_7300-1024x589.jpg\" alt=\"\" width=\"696\" height=\"400\" srcset=\"https:\/\/www.imakeyousmile.se\/wp-content\/uploads\/2019\/06\/IMG_7300-1024x589.jpg 1024w, https:\/\/www.imakeyousmile.se\/wp-content\/uploads\/2019\/06\/IMG_7300-300x172.jpg 300w, https:\/\/www.imakeyousmile.se\/wp-content\/uploads\/2019\/06\/IMG_7300-768x441.jpg 768w, https:\/\/www.imakeyousmile.se\/wp-content\/uploads\/2019\/06\/IMG_7300-696x400.jpg 696w, https:\/\/www.imakeyousmile.se\/wp-content\/uploads\/2019\/06\/IMG_7300-1068x614.jpg 1068w, https:\/\/www.imakeyousmile.se\/wp-content\/uploads\/2019\/06\/IMG_7300-731x420.jpg 731w, https:\/\/www.imakeyousmile.se\/wp-content\/uploads\/2019\/06\/IMG_7300.jpg 1952w\" sizes=\"(max-width: 696px) 100vw, 696px\" \/><\/p>\n<p>Presented with make-up!<\/p>\n<p>They are so heavenly good there, they showed a person around the premises and when I stood there and put on make-up, they presented me as &quot;our makeup artist, consultant and friend!&quot; :)<\/p>\n<p>Afterwards I had a meeting with them too, which was also very interesting !! Can&#039;t say much more for you unfortunately.<\/p>\n<p><strong>New salon baby!<\/strong><br \/>\nOn May 28, our second salon baby arrived, our makeup artist Lisa gave birth to little Elliot !! Last week, Miska and Annika and I went there with presents and baby cuddles! We had printed baby clothes with the Creative Makeup logo on haha :) So cute!<\/p>\n<p><img loading=\"lazy\" decoding=\"async\" class=\"alignnone size-large wp-image-35147\" src=\"http:\/\/www.imakeyousmile.se\/wp-content\/uploads\/2019\/06\/IMG_4033-1024x898.jpeg\" alt=\"\" width=\"696\" height=\"610\" srcset=\"https:\/\/www.imakeyousmile.se\/wp-content\/uploads\/2019\/06\/IMG_4033-1024x898.jpeg 1024w, https:\/\/www.imakeyousmile.se\/wp-content\/uploads\/2019\/06\/IMG_4033-300x263.jpeg 300w, https:\/\/www.imakeyousmile.se\/wp-content\/uploads\/2019\/06\/IMG_4033-768x673.jpeg 768w, https:\/\/www.imakeyousmile.se\/wp-content\/uploads\/2019\/06\/IMG_4033-696x610.jpeg 696w, https:\/\/www.imakeyousmile.se\/wp-content\/uploads\/2019\/06\/IMG_4033-1068x936.jpeg 1068w, https:\/\/www.imakeyousmile.se\/wp-content\/uploads\/2019\/06\/IMG_4033-479x420.jpeg 479w\" sizes=\"(max-width: 696px) 100vw, 696px\" \/><\/p>\n<p>In September, I have had employees for 4 years, but Lisa is the first person who came into the office and &quot;told the boss that she was expecting a child&quot; - and that boss was me! Feels a little adult points somehow, do not know why haha! Maybe because I&#039;m not such a classic boss who just sits in the office, but sees me more as one of the colleagues only :)<\/p>\n<p>Now I have to stop writing because I have time to shower, paint my nails (just mixed my own nail polish of three colors that I just <em>must<\/em> test now haha) and pack ready because we leave early with the Gotland boat tomorrow morning.<\/p>\n<p>But in addition to this, this week I have also worked with Peragenda&#039;s website and SEO words so that they can get higher up on Google searches, tricked with schedule changes, solved mistakes at checkout, done research on fluorescent lamps for even better light in the makeup studio, ordered slippers for customers (many get barefoot when they take off their summer sandals).<\/p>\n<p>And wrote a long &quot;to-do-after-Gotland-list&quot; with things I did not have time for now haha.<\/p>\n<p>So now I deserve a little vacation :)<\/p>\n<p>Kraaam on is everyone! \u2665<\/p>\n<p><img loading=\"lazy\" decoding=\"async\" class=\"alignnone size-large wp-image-28529\" src=\"http:\/\/www.imakeyousmile.se\/wp-content\/uploads\/2017\/03\/Sidfot-Namnloggo-1024x115.png\" alt=\"\" width=\"696\" height=\"78\" \/><\/p>","protected":false},"excerpt":{"rendered":"<p>S\u00f6ndagsinl\u00e4gget \u00e4r n\u00e5gra dagar sent med flit :) Dels beh\u00f6vde jag jobba med annat under helgen, men dessutom jobbar jag bara tv\u00e5 dagar den h\u00e4r veckan s\u00e5 t\u00e4nkte sl\u00e5 ihop dessa veckor till samma inl\u00e4gg. F\u00f6r fr\u00e5n imorgon (onsdag) till m\u00e5ndag \u00e4r jag n\u00e4mligen p\u00e5 Gotland och firar Midsommar! Ska bli S\u00c5 roligt! Min b\u00e4sta [&hellip;]<\/p>\n","protected":false},"author":30,"featured_media":35156,"comment_status":"open","ping_status":"closed","sticky":false,"template":"","format":"standard","meta":{"footnotes":""},"categories":[4070,6999],"tags":[6037,6036,1985,4097,4330,6038,4071,5602,4216,5131],"class_list":["post-35145","post","type-post","status-publish","format-standard","has-post-thumbnail","hentry","category-entreprenorskap","category-sondagsinlagg-m-m","tag-business","tag-businessvecka","tag-creative-makeup","tag-entreprenor","tag-helena-ronnblad","tag-inspirerande-foretagare","tag-ung-entreprenor","tag-ung-entreprenor-uppsala","tag-ung-foretagare","tag-ung-foretagare-uppsala"],"yoast_head":"<!-- This site is optimized with the Yoast SEO Premium plugin v14.9 - https:\/\/yoast.com\/wordpress\/plugins\/seo\/ -->\n<meta name=\"description\" content=\"Min businessvecka v. 24 | Helena Amiley - H\u00e4r hittar du senaste infromation om sk\u00f6nhet, livsstil, entrepren\u00f6rskap, makeup &amp; tips.\" \/>\n<meta name=\"robots\" content=\"index, follow, max-snippet:-1, max-image-preview:large, max-video-preview:-1\" \/>\n<link rel=\"canonical\" href=\"https:\/\/www.imakeyousmile.se\/en\/min-businessvecka-v-24-2\/\" \/>\n<meta property=\"og:locale\" content=\"en_US\" \/>\n<meta property=\"og:type\" content=\"article\" \/>\n<meta property=\"og:title\" content=\"Min businessvecka v. 24 | Imakeyousmile.se\" \/>\n<meta property=\"og:description\" content=\"Min businessvecka v. 24 | Helena Amiley - H\u00e4r hittar du senaste infromation om sk\u00f6nhet, livsstil, entrepren\u00f6rskap, makeup &amp; tips.\" \/>\n<meta property=\"og:url\" content=\"https:\/\/www.imakeyousmile.se\/en\/min-businessvecka-v-24-2\/\" \/>\n<meta property=\"og:site_name\" content=\"Imakeyousmile.se\" \/>\n<meta property=\"article:author\" content=\"https:\/\/www.facebook.com\/imakeyousmile.se\" \/>\n<meta property=\"article:published_time\" content=\"2019-06-18T17:37:07+00:00\" \/>\n<meta property=\"article:modified_time\" content=\"2020-10-22T16:21:22+00:00\" \/>\n<meta property=\"og:image\" content=\"https:\/\/www.imakeyousmile.se\/wp-content\/uploads\/2019\/06\/min-businessvecka-18-juni.jpg\" \/>\n\t<meta property=\"og:image:width\" content=\"2000\" \/>\n\t<meta property=\"og:image:height\" content=\"2000\" \/>\n<meta name=\"twitter:card\" content=\"summary_large_image\" \/>\n<script type=\"application\/ld+json\" class=\"yoast-schema-graph\">{\"@context\":\"https:\/\/schema.org\",\"@graph\":[{\"@type\":\"Organization\",\"@id\":\"https:\/\/www.imakeyousmile.se\/en\/#organization\",\"name\":\"Imakeyousmile\",\"url\":\"https:\/\/www.imakeyousmile.se\/en\/\",\"sameAs\":[],\"logo\":{\"@type\":\"ImageObject\",\"@id\":\"https:\/\/www.imakeyousmile.se\/en\/#logo\",\"inLanguage\":\"en-US\",\"url\":\"https:\/\/www.imakeyousmile.se\/wp-content\/uploads\/2020\/10\/HELENA-AMILEY_SVART-1-e1603367975324.png\",\"width\":280,\"height\":93,\"caption\":\"Imakeyousmile\"},\"image\":{\"@id\":\"https:\/\/www.imakeyousmile.se\/en\/#logo\"}},{\"@type\":\"WebSite\",\"@id\":\"https:\/\/www.imakeyousmile.se\/en\/#website\",\"url\":\"https:\/\/www.imakeyousmile.se\/en\/\",\"name\":\"Imakeyousmile.se\",\"description\":\"Helena Amiley - Beauty, Entrepreneur, Lifestyle\",\"publisher\":{\"@id\":\"https:\/\/www.imakeyousmile.se\/en\/#organization\"},\"potentialAction\":[{\"@type\":\"SearchAction\",\"target\":\"https:\/\/www.imakeyousmile.se\/en\/?s={search_term_string}\",\"query-input\":\"required name=search_term_string\"}],\"inLanguage\":\"en-US\"},{\"@type\":\"ImageObject\",\"@id\":\"https:\/\/www.imakeyousmile.se\/min-businessvecka-v-24-2\/#primaryimage\",\"inLanguage\":\"en-US\",\"url\":\"https:\/\/www.imakeyousmile.se\/wp-content\/uploads\/2019\/06\/min-businessvecka-18-juni.jpg\",\"width\":2000,\"height\":2000},{\"@type\":\"WebPage\",\"@id\":\"https:\/\/www.imakeyousmile.se\/min-businessvecka-v-24-2\/#webpage\",\"url\":\"https:\/\/www.imakeyousmile.se\/min-businessvecka-v-24-2\/\",\"name\":\"Min businessvecka v. 24 | Imakeyousmile.se\",\"isPartOf\":{\"@id\":\"https:\/\/www.imakeyousmile.se\/en\/#website\"},\"primaryImageOfPage\":{\"@id\":\"https:\/\/www.imakeyousmile.se\/min-businessvecka-v-24-2\/#primaryimage\"},\"datePublished\":\"2019-06-18T17:37:07+00:00\",\"dateModified\":\"2020-10-22T16:21:22+00:00\",\"description\":\"Min businessvecka v. 24 | Helena Amiley - H\\u00e4r hittar du senaste infromation om sk\\u00f6nhet, livsstil, entrepren\\u00f6rskap, makeup & tips.\",\"inLanguage\":\"en-US\",\"potentialAction\":[{\"@type\":\"ReadAction\",\"target\":[\"https:\/\/www.imakeyousmile.se\/min-businessvecka-v-24-2\/\"]}]},{\"@type\":\"Article\",\"@id\":\"https:\/\/www.imakeyousmile.se\/min-businessvecka-v-24-2\/#article\",\"isPartOf\":{\"@id\":\"https:\/\/www.imakeyousmile.se\/min-businessvecka-v-24-2\/#webpage\"},\"author\":{\"@id\":\"https:\/\/www.imakeyousmile.se\/en\/#\/schema\/person\/b0fd43b1c6bb1c60cfd68bff9b4a10fb\"},\"headline\":\"Min businessvecka v. 24\",\"datePublished\":\"2019-06-18T17:37:07+00:00\",\"dateModified\":\"2020-10-22T16:21:22+00:00\",\"mainEntityOfPage\":{\"@id\":\"https:\/\/www.imakeyousmile.se\/min-businessvecka-v-24-2\/#webpage\"},\"commentCount\":0,\"publisher\":{\"@id\":\"https:\/\/www.imakeyousmile.se\/en\/#organization\"},\"image\":{\"@id\":\"https:\/\/www.imakeyousmile.se\/min-businessvecka-v-24-2\/#primaryimage\"},\"keywords\":\"business,businessvecka,creative makeup,entrepren\\u00f6r,helena r\\u00f6nnblad,inspirerande f\\u00f6retagare,ung entrepren\\u00f6r,ung entrepren\\u00f6r uppsala,ung f\\u00f6retagare,ung f\\u00f6retagare uppsala\",\"articleSection\":\"Entrepren\\u00f6rskap,S\\u00f6ndagsinl\\u00e4gg m.m\",\"inLanguage\":\"en-US\",\"potentialAction\":[{\"@type\":\"CommentAction\",\"name\":\"Comment\",\"target\":[\"https:\/\/www.imakeyousmile.se\/min-businessvecka-v-24-2\/#respond\"]}]},{\"@type\":\"Person\",\"@id\":\"https:\/\/www.imakeyousmile.se\/en\/#\/schema\/person\/b0fd43b1c6bb1c60cfd68bff9b4a10fb\",\"name\":\"Helena Amiley\",\"image\":{\"@type\":\"ImageObject\",\"@id\":\"https:\/\/www.imakeyousmile.se\/en\/#personlogo\",\"inLanguage\":\"en-US\",\"url\":\"https:\/\/secure.gravatar.com\/avatar\/5645558e1e355457a23368d7e1b4c904?s=96&d=mm&r=g\",\"caption\":\"Helena Amiley\"},\"description\":\"Jag skriver mest om sk\\u00f6nhet men bjuder \\u00e4ven p\\u00e5 glimtar fr\\u00e5n entrepren\\u00f6rlivet och bygget av v\\u00e5r egen camper van. Vanlife here we come!\",\"sameAs\":[\"https:\/\/www.facebook.com\/imakeyousmile.se\",\"https:\/\/www.instagram.com\/helenaamiley\",\"https:\/\/www.youtube.com\/channel\/UCR5iB6rvpV6Yr8ZjpQfr5mg?view_as=subscriber\"]}]}<\/script>\n<!-- \/ Yoast SEO Premium plugin. -->","_links":{"self":[{"href":"https:\/\/www.imakeyousmile.se\/en\/wp-json\/wp\/v2\/posts\/35145"}],"collection":[{"href":"https:\/\/www.imakeyousmile.se\/en\/wp-json\/wp\/v2\/posts"}],"about":[{"href":"https:\/\/www.imakeyousmile.se\/en\/wp-json\/wp\/v2\/types\/post"}],"author":[{"embeddable":true,"href":"https:\/\/www.imakeyousmile.se\/en\/wp-json\/wp\/v2\/users\/30"}],"replies":[{"embeddable":true,"href":"https:\/\/www.imakeyousmile.se\/en\/wp-json\/wp\/v2\/comments?post=35145"}],"version-history":[{"count":3,"href":"https:\/\/www.imakeyousmile.se\/en\/wp-json\/wp\/v2\/posts\/35145\/revisions"}],"predecessor-version":[{"id":35158,"href":"https:\/\/www.imakeyousmile.se\/en\/wp-json\/wp\/v2\/posts\/35145\/revisions\/35158"}],"wp:featuredmedia":[{"embeddable":true,"href":"https:\/\/www.imakeyousmile.se\/en\/wp-json\/wp\/v2\/media\/35156"}],"wp:attachment":[{"href":"https:\/\/www.imakeyousmile.se\/en\/wp-json\/wp\/v2\/media?parent=35145"}],"wp:term":[{"taxonomy":"category","embeddable":true,"href":"https:\/\/www.imakeyousmile.se\/en\/wp-json\/wp\/v2\/categories?post=35145"},{"taxonomy":"post_tag","embeddable":true,"href":"https:\/\/www.imakeyousmile.se\/en\/wp-json\/wp\/v2\/tags?post=35145"}],"curies":[{"name":"wp","href":"https:\/\/api.w.org\/{rel}","templated":true}]}}