{"id":35375,"date":"2019-07-31T05:00:40","date_gmt":"2019-07-31T03:00:40","guid":{"rendered":"http:\/\/www.imakeyousmile.se\/?p=35375"},"modified":"2021-09-10T11:26:15","modified_gmt":"2021-09-10T09:26:15","slug":"snabb-vardagssminkning-steg-for-steg","status":"publish","type":"post","link":"https:\/\/www.imakeyousmile.se\/en\/quick-everyday-make-up-step-by-step\/","title":{"rendered":"Fast everyday make-up step by step"},"content":{"rendered":"<p><img loading=\"lazy\" decoding=\"async\" class=\"alignnone size-full wp-image-35394\" src=\"http:\/\/www.imakeyousmile.se\/wp-content\/uploads\/2019\/07\/1013facebook.jpg\" alt=\"\" width=\"1200\" height=\"630\" srcset=\"https:\/\/www.imakeyousmile.se\/wp-content\/uploads\/2019\/07\/1013facebook.jpg 1200w, https:\/\/www.imakeyousmile.se\/wp-content\/uploads\/2019\/07\/1013facebook-300x158.jpg 300w, https:\/\/www.imakeyousmile.se\/wp-content\/uploads\/2019\/07\/1013facebook-768x403.jpg 768w, https:\/\/www.imakeyousmile.se\/wp-content\/uploads\/2019\/07\/1013facebook-1024x538.jpg 1024w, https:\/\/www.imakeyousmile.se\/wp-content\/uploads\/2019\/07\/1013facebook-696x365.jpg 696w, https:\/\/www.imakeyousmile.se\/wp-content\/uploads\/2019\/07\/1013facebook-1068x561.jpg 1068w, https:\/\/www.imakeyousmile.se\/wp-content\/uploads\/2019\/07\/1013facebook-800x420.jpg 800w\" sizes=\"(max-width: 1200px) 100vw, 1200px\" \/><\/p>\n<p>I received this email the other day:<\/p>\n<p><em><strong>&quot;I just want to say that I like all the neutral and down-to-earth make-up you have done in recent weeks, although colorful is inspiring and I of course want to see that from time to time, it is at least for me very useful with all the simple step by step make-up! The kind of make-up I do on myself the day after your posts. Feel free to continue like this! \u201d<\/strong><\/em><\/p>\n<p>I was very happy with these words and immediately did an everyday make-up that is super easy to do! It is made with the three eye shadows from the trio palette <a href=\"https:\/\/creativemakeup.se\/butik\/smink\/paese-matte-trio-eyeshadow\/\">Paese Matte Trio Eyeshadow<\/a> (101) who is one of our best sellers :)<\/p>\n<p>Hope you all like the make-up too!<\/p>\n<p><img loading=\"lazy\" decoding=\"async\" class=\"alignnone size-full wp-image-35386\" src=\"http:\/\/www.imakeyousmile.se\/wp-content\/uploads\/2019\/07\/IMG_4418_111.jpg\" alt=\"\" width=\"2500\" height=\"2053\" srcset=\"https:\/\/www.imakeyousmile.se\/wp-content\/uploads\/2019\/07\/IMG_4418_111.jpg 2500w, https:\/\/www.imakeyousmile.se\/wp-content\/uploads\/2019\/07\/IMG_4418_111-300x246.jpg 300w, https:\/\/www.imakeyousmile.se\/wp-content\/uploads\/2019\/07\/IMG_4418_111-768x631.jpg 768w, https:\/\/www.imakeyousmile.se\/wp-content\/uploads\/2019\/07\/IMG_4418_111-1024x841.jpg 1024w, https:\/\/www.imakeyousmile.se\/wp-content\/uploads\/2019\/07\/IMG_4418_111-696x572.jpg 696w, https:\/\/www.imakeyousmile.se\/wp-content\/uploads\/2019\/07\/IMG_4418_111-1068x877.jpg 1068w, https:\/\/www.imakeyousmile.se\/wp-content\/uploads\/2019\/07\/IMG_4418_111-511x420.jpg 511w\" sizes=\"(max-width: 2500px) 100vw, 2500px\" \/><\/p>\n<p><strong>BASE:<\/strong><\/p>\n<p><strong>Face primer -<\/strong> <a href=\"https:\/\/creativemakeup.se\/butik\/smink\/paese-makeup-base\/\">Paese Makeup Base<\/a> (Correcting)<br \/>\n<strong>Powder -<\/strong> <a href=\"https:\/\/creativemakeup.se\/butik\/smink\/paese-bamboo-silk-powder\/\">Paese Bamboo Silk Powder<\/a><br \/>\n<strong>Concealer -<\/strong>\u00a0<a href=\"https:\/\/ion.lyko.com\/t\/t?a=1117786221&amp;as=1548102449&amp;t=2&amp;tk=1&amp;epi=search-replace-pixipataway&amp;url=https:\/\/lyko.com\/sv\/pixi\/pixi-pat-away-concealing-base-1cream\">Pixi Pat Away Concealing Base<\/a> (1 Cream)<strong><br \/>\nFoundation -<\/strong>\u00a0<a href=\"https:\/\/ion.lyko.com\/t\/t?a=1117786221&amp;as=1548102449&amp;t=2&amp;tk=1&amp;epi=search-replace-pressedbase&amp;url=https:\/\/lyko.com\/sv\/glo-skin-beauty\/glominerals-pressed-base-golden-medium\">glo Pressed Base Mineral Foundation<\/a> (Golden medium)<br \/>\n<strong>Powder that neutralizes redness <\/strong>- <a href=\"https:\/\/ion.lyko.com\/t\/t?a=1117786221&amp;as=1548102449&amp;t=2&amp;tk=1&amp;epi=search-replace-rednessrelief&amp;url=https:\/\/lyko.com\/sv\/glo-skin-beauty\/glo-skin-bea-rednessrelief-powder\/\">glo Redness relief powder<\/a><strong><br \/>\n<\/strong><strong>Contouring - <\/strong><a href=\"https:\/\/ion.lyko.com\/t\/t?a=1117786221&#038;as=1548102449&#038;t=2&#038;tk=1&#038;epi=serach-replace-contouringpaletteXX&#038;url=https:\/\/lyko.com\/sv\/sok?q=contouring+palette\">Contouring Palette<\/a> (2)<a href=\"https:\/\/ion.lyko.com\/t\/t?a=1117786221&amp;as=1548102449&amp;t=2&amp;tk=1&amp;epi=search-replace-pixipalette&amp;url=https:\/\/lyko.com\/sv\/sok?q=pixi+palette\"><br \/>\n<\/a><strong>Rouge - <\/strong><a href=\"https:\/\/ion.lyko.com\/t\/t?a=1117786221&#038;as=1548102449&#038;t=2&#038;tk=1&#038;epi=serach-replace-blushrougeXX&#038;url=https:\/\/lyko.com\/sv\/sok?q=blush+rouge\">Paese Powder Blush<\/a> (55)<br \/>\n<strong>Fixing Mist -<\/strong> <a href=\"https:\/\/ion.lyko.com\/t\/t?a=1117786221&amp;as=1548102449&amp;t=2&amp;tk=1&amp;epi=search-replace-fixingmist&amp;url=https:\/\/lyko.com\/sv\/pixi\/pixi-makeup-fixing-mist\">Pixi Makeup Fixing Mist<br \/>\n<\/a><\/p>\n<p><strong>Eyebrows - <\/strong><a href=\"https:\/\/ion.lyko.com\/t\/t?a=1117786221&amp;as=1548102449&amp;t=2&amp;tk=1&amp;epi=search-replace-globrowliner&amp;url=https:\/\/lyko.com\/sv\/glo-skin-beauty\/glo-skin-bea-precisemicro-browliner-aubu\/\">glo Micro Brow Pencil<\/a> (Light brown)<\/p>\n<p><strong>Lipstick -<\/strong>\u00a0<a href=\"https:\/\/ion.lyko.com\/t\/t?a=1117786221&amp;as=1548102449&amp;t=2&amp;tk=1&amp;epi=search-replace-glocreamglaze&amp;url=https:\/\/lyko.com\/sv\/glo-skin-beauty\/glominerals-glo-cream-glaze-crayon-bloom\">glo Suede Matte Crayon<\/a> (Rumor)<\/p>\n<p><img loading=\"lazy\" decoding=\"async\" class=\"alignnone size-full wp-image-35388\" src=\"http:\/\/www.imakeyousmile.se\/wp-content\/uploads\/2019\/07\/1013two.jpg\" alt=\"\" width=\"2500\" height=\"1456\" srcset=\"https:\/\/www.imakeyousmile.se\/wp-content\/uploads\/2019\/07\/1013two.jpg 2500w, https:\/\/www.imakeyousmile.se\/wp-content\/uploads\/2019\/07\/1013two-300x175.jpg 300w, https:\/\/www.imakeyousmile.se\/wp-content\/uploads\/2019\/07\/1013two-768x447.jpg 768w, https:\/\/www.imakeyousmile.se\/wp-content\/uploads\/2019\/07\/1013two-1024x596.jpg 1024w, https:\/\/www.imakeyousmile.se\/wp-content\/uploads\/2019\/07\/1013two-696x405.jpg 696w, https:\/\/www.imakeyousmile.se\/wp-content\/uploads\/2019\/07\/1013two-1068x622.jpg 1068w, https:\/\/www.imakeyousmile.se\/wp-content\/uploads\/2019\/07\/1013two-721x420.jpg 721w\" sizes=\"(max-width: 2500px) 100vw, 2500px\" \/><\/p>\n<p>The trio palette with these colors (light beige, light gray brown and dark brown) is really the most useful shade I own!<\/p>\n<p><img loading=\"lazy\" decoding=\"async\" class=\"alignnone size-full wp-image-35389\" src=\"http:\/\/www.imakeyousmile.se\/wp-content\/uploads\/2019\/07\/1013tutorial_111.jpg\" alt=\"\" width=\"2500\" height=\"1671\" srcset=\"https:\/\/www.imakeyousmile.se\/wp-content\/uploads\/2019\/07\/1013tutorial_111.jpg 2500w, https:\/\/www.imakeyousmile.se\/wp-content\/uploads\/2019\/07\/1013tutorial_111-300x201.jpg 300w, https:\/\/www.imakeyousmile.se\/wp-content\/uploads\/2019\/07\/1013tutorial_111-768x513.jpg 768w, https:\/\/www.imakeyousmile.se\/wp-content\/uploads\/2019\/07\/1013tutorial_111-1024x684.jpg 1024w, https:\/\/www.imakeyousmile.se\/wp-content\/uploads\/2019\/07\/1013tutorial_111-696x465.jpg 696w, https:\/\/www.imakeyousmile.se\/wp-content\/uploads\/2019\/07\/1013tutorial_111-1068x714.jpg 1068w, https:\/\/www.imakeyousmile.se\/wp-content\/uploads\/2019\/07\/1013tutorial_111-628x420.jpg 628w\" sizes=\"(max-width: 2500px) 100vw, 2500px\" \/><\/p>\n<p><strong>EYES:<\/strong><\/p>\n<p>All eye shadows are from the same trio palette\u00a0<a href=\"https:\/\/creativemakeup.se\/butik\/smink\/paese-matte-trio-eyeshadow\/\">Paese Matte Trio<\/a> (101).<\/p>\n<p>Prime with eye primer before you start! I use <a href=\"https:\/\/ion.lyko.com\/t\/t?a=1117786221&amp;as=1548102449&amp;t=2&amp;tk=1&amp;epi=search-replace-pixi-eyebright&amp;url=https:\/\/lyko.com\/sv\/pixi\/pixi-eye-bright-primer\/?add-to-cart=777\">Pixi Eye Bright Primer<\/a>.<\/p>\n<ol>\n<li>Light gray-brown shadow on the entire eyelid<\/li>\n<li>Fade out in the globe line<\/li>\n<li>The same shade along the lower lash line<\/li>\n<li>Dark brown shadow dipped at the end of the lower and upper lash line, and swept thinly at the end of the eyelid.<\/li>\n<li>Light shadow in the corner of the eye and under the brow<br \/>\nBlack mascara on all lashes, <a href=\"https:\/\/creativemakeup.se\/butik\/smink\/santhilea-magnetic-lash\/\">Magnetic lash mascara<\/a><\/li>\n<\/ol>\n<p>Clear!<\/p>\n<p>I have tattooed the waterline light + black lashliner (lash marking) between the upper lashes. So for exactly the same result you can supplement with a light eyeliner (e.g. <a href=\"https:\/\/ion.lyko.com\/t\/t?a=1117786221&amp;as=1548102449&amp;t=2&amp;tk=1&amp;epi=search-replace-glo-eyepencil&amp;url=https:\/\/lyko.com\/sv\/glo-skin-beauty\/glominerals-precision-eye-pencil-black\/\">glo Precision Eye Pencil<\/a> in the shade Peach) along the waterline and a black eyeliner or shadow between the eyelashes, I usually do lash marking with the cream eyeliner Ebony from<a href=\"https:\/\/id.partykungen.se\/t\/t?a=1280241905&#038;as=1548102449&#038;t=2&#038;tk=1&#038;epi=search-replace-kryolangel&#038;url=https:\/\/www.partykungen.se\/kryolan-gel-eyeliner-74187.html#74187-7\"> Kryolan<\/a>.<\/p>\n<p><img loading=\"lazy\" decoding=\"async\" class=\"alignnone size-full wp-image-35390\" src=\"http:\/\/www.imakeyousmile.se\/wp-content\/uploads\/2019\/07\/IMG_4415_111.jpg\" alt=\"\" width=\"2500\" height=\"2656\" srcset=\"https:\/\/www.imakeyousmile.se\/wp-content\/uploads\/2019\/07\/IMG_4415_111.jpg 2410w, https:\/\/www.imakeyousmile.se\/wp-content\/uploads\/2019\/07\/IMG_4415_111-282x300.jpg 282w, https:\/\/www.imakeyousmile.se\/wp-content\/uploads\/2019\/07\/IMG_4415_111-768x816.jpg 768w, https:\/\/www.imakeyousmile.se\/wp-content\/uploads\/2019\/07\/IMG_4415_111-964x1024.jpg 964w, https:\/\/www.imakeyousmile.se\/wp-content\/uploads\/2019\/07\/IMG_4415_111-696x739.jpg 696w, https:\/\/www.imakeyousmile.se\/wp-content\/uploads\/2019\/07\/IMG_4415_111-1068x1135.jpg 1068w, https:\/\/www.imakeyousmile.se\/wp-content\/uploads\/2019\/07\/IMG_4415_111-395x420.jpg 395w\" sizes=\"(max-width: 2500px) 100vw, 2500px\" \/> <img loading=\"lazy\" decoding=\"async\" class=\"alignnone size-full wp-image-35391\" src=\"http:\/\/www.imakeyousmile.se\/wp-content\/uploads\/2019\/07\/IMG_4464_111.jpg\" alt=\"\" width=\"2500\" height=\"2769\" srcset=\"https:\/\/www.imakeyousmile.se\/wp-content\/uploads\/2019\/07\/IMG_4464_111.jpg 2311w, https:\/\/www.imakeyousmile.se\/wp-content\/uploads\/2019\/07\/IMG_4464_111-271x300.jpg 271w, https:\/\/www.imakeyousmile.se\/wp-content\/uploads\/2019\/07\/IMG_4464_111-768x851.jpg 768w, https:\/\/www.imakeyousmile.se\/wp-content\/uploads\/2019\/07\/IMG_4464_111-925x1024.jpg 925w, https:\/\/www.imakeyousmile.se\/wp-content\/uploads\/2019\/07\/IMG_4464_111-696x771.jpg 696w, https:\/\/www.imakeyousmile.se\/wp-content\/uploads\/2019\/07\/IMG_4464_111-1068x1183.jpg 1068w, https:\/\/www.imakeyousmile.se\/wp-content\/uploads\/2019\/07\/IMG_4464_111-379x420.jpg 379w\" sizes=\"(max-width: 2500px) 100vw, 2500px\" \/> <img loading=\"lazy\" decoding=\"async\" class=\"alignnone size-full wp-image-35392\" src=\"http:\/\/www.imakeyousmile.se\/wp-content\/uploads\/2019\/07\/IMG_4454_111.jpg\" alt=\"\" width=\"2500\" height=\"2538\" srcset=\"https:\/\/www.imakeyousmile.se\/wp-content\/uploads\/2019\/07\/IMG_4454_111.jpg 2500w, https:\/\/www.imakeyousmile.se\/wp-content\/uploads\/2019\/07\/IMG_4454_111-296x300.jpg 296w, https:\/\/www.imakeyousmile.se\/wp-content\/uploads\/2019\/07\/IMG_4454_111-768x780.jpg 768w, https:\/\/www.imakeyousmile.se\/wp-content\/uploads\/2019\/07\/IMG_4454_111-1009x1024.jpg 1009w, https:\/\/www.imakeyousmile.se\/wp-content\/uploads\/2019\/07\/IMG_4454_111-696x707.jpg 696w, https:\/\/www.imakeyousmile.se\/wp-content\/uploads\/2019\/07\/IMG_4454_111-1068x1084.jpg 1068w, https:\/\/www.imakeyousmile.se\/wp-content\/uploads\/2019\/07\/IMG_4454_111-414x420.jpg 414w\" sizes=\"(max-width: 2500px) 100vw, 2500px\" \/><\/p>\n<p>Hugs are! \u2665<\/p>","protected":false},"excerpt":{"rendered":"<p>Detta mail fick jag h\u00e4r om dagen: &#8221;Vill bara s\u00e4ga att jag gillar alla neutrala och jordn\u00e4ra sminkningar du gjort de senaste veckorna, \u00e4ven om f\u00e4rgglatt \u00e4r inspirerande och jag s\u00e5klart vill se s\u00e5nt d\u00e5 och d\u00e5 s\u00e5 \u00e4r det i alla fall f\u00f6r mig j\u00e4tte anv\u00e4ndbart med alla enklare steg f\u00f6r steg sminkningar! S\u00e5nna [&hellip;]<\/p>\n","protected":false},"author":30,"featured_media":35393,"comment_status":"open","ping_status":"closed","sticky":false,"template":"","format":"standard","meta":{"footnotes":""},"categories":[2827,2623],"tags":[4045,1985,5266,4869,6470,6546,6422,6627,6302,6238,2748,5511,6508,6507,1865,56,3974,5286,4386,3217,3224,4380,3772,4315,5990,433,5202,54,3059,52,5562,407,629,5265],"class_list":{"0":"post-35375","1":"post","2":"type-post","3":"status-publish","4":"format-standard","5":"has-post-thumbnail","6":"hentry","7":"category-vardagssminkningar","8":"category-sminkningar","9":"tag-beauty-blog","10":"tag-creative-makeup","11":"tag-dark-red-lips","12":"tag-everyday-makeup","14":"tag-glo-precision-eye-pencil","15":"tag-glo-pressed-base","16":"tag-glo-pressed-base-mineralfoundation","17":"tag-glo-redness-relief-powder","18":"tag-glo-suede-matte-crayon","19":"tag-kreativ-sminkning","20":"tag-kryolan","21":"tag-light-smokey-eyes","22":"tag-ljus-sotning","23":"tag-magnetic-lash-mascara","24":"tag-makeup-blog","25":"tag-paese-bamboo-silk-powder","26":"tag-paese-contouring-palette","27":"tag-paese-makeup-base","28":"tag-paese-matte-trio","29":"tag-paese-powder-blush","30":"tag-pictorial","31":"tag-pixi-eye-bright-primer","32":"tag-pixi-makeup-fixing-mist","33":"tag-pixi-pat-away-concealing-base","34":"tag-skonhetsblogg","35":"tag-skonhetsskribent","36":"tag-sminkblogg","37":"tag-snabb-vardagssminkning","38":"tag-steg-for-steg-2","39":"tag-swedish-blog","40":"tag-tutorial","41":"tag-vardagssminkning","42":"tag-vinroda-lappar"},"yoast_head":"<!-- This site is optimized with the Yoast SEO Premium plugin v14.9 - https:\/\/yoast.com\/wordpress\/plugins\/seo\/ -->\n<meta name=\"description\" content=\"Snabb vardagssminkning steg f\u00f6r steg | Helena Amiley - H\u00e4r hittar du senaste infromation om sk\u00f6nhet, livsstil, entrepren\u00f6rskap, makeup &amp; tips.\" \/>\n<meta name=\"robots\" content=\"index, follow, max-snippet:-1, max-image-preview:large, max-video-preview:-1\" \/>\n<link rel=\"canonical\" href=\"https:\/\/www.imakeyousmile.se\/en\/snabb-vardagssminkning-steg-for-steg\/\" \/>\n<meta property=\"og:locale\" content=\"en_US\" \/>\n<meta property=\"og:type\" content=\"article\" \/>\n<meta property=\"og:title\" content=\"Snabb vardagssminkning steg f\u00f6r steg | Imakeyousmile.se\" \/>\n<meta property=\"og:description\" content=\"Snabb vardagssminkning steg f\u00f6r steg | Helena Amiley - H\u00e4r hittar du senaste infromation om sk\u00f6nhet, livsstil, entrepren\u00f6rskap, makeup &amp; tips.\" \/>\n<meta property=\"og:url\" content=\"https:\/\/www.imakeyousmile.se\/en\/snabb-vardagssminkning-steg-for-steg\/\" \/>\n<meta property=\"og:site_name\" content=\"Imakeyousmile.se\" \/>\n<meta property=\"article:author\" content=\"https:\/\/www.facebook.com\/imakeyousmile.se\" \/>\n<meta property=\"article:published_time\" content=\"2019-07-31T03:00:40+00:00\" \/>\n<meta property=\"article:modified_time\" content=\"2021-09-10T09:26:15+00:00\" \/>\n<meta property=\"og:image\" content=\"https:\/\/www.imakeyousmile.se\/wp-content\/uploads\/2019\/07\/1013one.jpg\" \/>\n\t<meta property=\"og:image:width\" content=\"2500\" \/>\n\t<meta property=\"og:image:height\" content=\"2218\" \/>\n<meta name=\"twitter:card\" content=\"summary_large_image\" \/>\n<script type=\"application\/ld+json\" class=\"yoast-schema-graph\">{\"@context\":\"https:\/\/schema.org\",\"@graph\":[{\"@type\":\"Organization\",\"@id\":\"https:\/\/www.imakeyousmile.se\/en\/#organization\",\"name\":\"Imakeyousmile\",\"url\":\"https:\/\/www.imakeyousmile.se\/en\/\",\"sameAs\":[],\"logo\":{\"@type\":\"ImageObject\",\"@id\":\"https:\/\/www.imakeyousmile.se\/en\/#logo\",\"inLanguage\":\"en-US\",\"url\":\"https:\/\/www.imakeyousmile.se\/wp-content\/uploads\/2020\/10\/HELENA-AMILEY_SVART-1-e1603367975324.png\",\"width\":280,\"height\":93,\"caption\":\"Imakeyousmile\"},\"image\":{\"@id\":\"https:\/\/www.imakeyousmile.se\/en\/#logo\"}},{\"@type\":\"WebSite\",\"@id\":\"https:\/\/www.imakeyousmile.se\/en\/#website\",\"url\":\"https:\/\/www.imakeyousmile.se\/en\/\",\"name\":\"Imakeyousmile.se\",\"description\":\"Helena Amiley - Beauty, Entrepreneur, Lifestyle\",\"publisher\":{\"@id\":\"https:\/\/www.imakeyousmile.se\/en\/#organization\"},\"potentialAction\":[{\"@type\":\"SearchAction\",\"target\":\"https:\/\/www.imakeyousmile.se\/en\/?s={search_term_string}\",\"query-input\":\"required name=search_term_string\"}],\"inLanguage\":\"en-US\"},{\"@type\":\"ImageObject\",\"@id\":\"https:\/\/www.imakeyousmile.se\/snabb-vardagssminkning-steg-for-steg\/#primaryimage\",\"inLanguage\":\"en-US\",\"url\":\"https:\/\/www.imakeyousmile.se\/wp-content\/uploads\/2019\/07\/1013one.jpg\",\"width\":2500,\"height\":2218},{\"@type\":\"WebPage\",\"@id\":\"https:\/\/www.imakeyousmile.se\/snabb-vardagssminkning-steg-for-steg\/#webpage\",\"url\":\"https:\/\/www.imakeyousmile.se\/snabb-vardagssminkning-steg-for-steg\/\",\"name\":\"Snabb vardagssminkning steg f\\u00f6r steg | Imakeyousmile.se\",\"isPartOf\":{\"@id\":\"https:\/\/www.imakeyousmile.se\/en\/#website\"},\"primaryImageOfPage\":{\"@id\":\"https:\/\/www.imakeyousmile.se\/snabb-vardagssminkning-steg-for-steg\/#primaryimage\"},\"datePublished\":\"2019-07-31T03:00:40+00:00\",\"dateModified\":\"2021-09-10T09:26:15+00:00\",\"description\":\"Snabb vardagssminkning steg f\\u00f6r steg | Helena Amiley - H\\u00e4r hittar du senaste infromation om sk\\u00f6nhet, livsstil, entrepren\\u00f6rskap, makeup & tips.\",\"inLanguage\":\"en-US\",\"potentialAction\":[{\"@type\":\"ReadAction\",\"target\":[\"https:\/\/www.imakeyousmile.se\/snabb-vardagssminkning-steg-for-steg\/\"]}]},{\"@type\":\"Article\",\"@id\":\"https:\/\/www.imakeyousmile.se\/snabb-vardagssminkning-steg-for-steg\/#article\",\"isPartOf\":{\"@id\":\"https:\/\/www.imakeyousmile.se\/snabb-vardagssminkning-steg-for-steg\/#webpage\"},\"author\":{\"@id\":\"https:\/\/www.imakeyousmile.se\/en\/#\/schema\/person\/b0fd43b1c6bb1c60cfd68bff9b4a10fb\"},\"headline\":\"Snabb vardagssminkning steg f\\u00f6r steg\",\"datePublished\":\"2019-07-31T03:00:40+00:00\",\"dateModified\":\"2021-09-10T09:26:15+00:00\",\"mainEntityOfPage\":{\"@id\":\"https:\/\/www.imakeyousmile.se\/snabb-vardagssminkning-steg-for-steg\/#webpage\"},\"commentCount\":1,\"publisher\":{\"@id\":\"https:\/\/www.imakeyousmile.se\/en\/#organization\"},\"image\":{\"@id\":\"https:\/\/www.imakeyousmile.se\/snabb-vardagssminkning-steg-for-steg\/#primaryimage\"},\"keywords\":\"beauty blog,creative makeup,dark red lips,everyday makeup,glo Micro Brow Pencil,glo Precision Eye Pencil,glo Pressed base,glo Pressed Base Mineralfoundation,glo Redness relief powder,glo Suede Matte Crayon,kreativ sminkning,kryolan,light smokey eyes,ljus sotning,magnetic lash mascara,makeup blog,paese bamboo silk powder,paese contouring palette,paese makeup base,Paese matte trio,paese powder blush,pictorial,pixi eye bright primer,pixi makeup fixing mist,pixi pat away concealing base,sk\\u00f6nhetsblogg,sk\\u00f6nhetsskribent,sminkblogg,snabb vardagssminkning,steg f\\u00f6r steg,swedish blog,tutorial,vardagssminkning,vinr\\u00f6da l\\u00e4ppar\",\"articleSection\":\"Neutrala \/ milda sminkningar,Sminkningar\",\"inLanguage\":\"en-US\",\"potentialAction\":[{\"@type\":\"CommentAction\",\"name\":\"Comment\",\"target\":[\"https:\/\/www.imakeyousmile.se\/snabb-vardagssminkning-steg-for-steg\/#respond\"]}]},{\"@type\":\"Person\",\"@id\":\"https:\/\/www.imakeyousmile.se\/en\/#\/schema\/person\/b0fd43b1c6bb1c60cfd68bff9b4a10fb\",\"name\":\"Helena Amiley\",\"image\":{\"@type\":\"ImageObject\",\"@id\":\"https:\/\/www.imakeyousmile.se\/en\/#personlogo\",\"inLanguage\":\"en-US\",\"url\":\"https:\/\/secure.gravatar.com\/avatar\/5645558e1e355457a23368d7e1b4c904?s=96&d=mm&r=g\",\"caption\":\"Helena Amiley\"},\"description\":\"Jag skriver mest om sk\\u00f6nhet men bjuder \\u00e4ven p\\u00e5 glimtar fr\\u00e5n entrepren\\u00f6rlivet och bygget av v\\u00e5r egen camper van. Vanlife here we come!\",\"sameAs\":[\"https:\/\/www.facebook.com\/imakeyousmile.se\",\"https:\/\/www.instagram.com\/helenaamiley\",\"https:\/\/www.youtube.com\/channel\/UCR5iB6rvpV6Yr8ZjpQfr5mg?view_as=subscriber\"]}]}<\/script>\n<!-- \/ Yoast SEO Premium plugin. -->","_links":{"self":[{"href":"https:\/\/www.imakeyousmile.se\/en\/wp-json\/wp\/v2\/posts\/35375"}],"collection":[{"href":"https:\/\/www.imakeyousmile.se\/en\/wp-json\/wp\/v2\/posts"}],"about":[{"href":"https:\/\/www.imakeyousmile.se\/en\/wp-json\/wp\/v2\/types\/post"}],"author":[{"embeddable":true,"href":"https:\/\/www.imakeyousmile.se\/en\/wp-json\/wp\/v2\/users\/30"}],"replies":[{"embeddable":true,"href":"https:\/\/www.imakeyousmile.se\/en\/wp-json\/wp\/v2\/comments?post=35375"}],"version-history":[{"count":6,"href":"https:\/\/www.imakeyousmile.se\/en\/wp-json\/wp\/v2\/posts\/35375\/revisions"}],"predecessor-version":[{"id":40597,"href":"https:\/\/www.imakeyousmile.se\/en\/wp-json\/wp\/v2\/posts\/35375\/revisions\/40597"}],"wp:featuredmedia":[{"embeddable":true,"href":"https:\/\/www.imakeyousmile.se\/en\/wp-json\/wp\/v2\/media\/35393"}],"wp:attachment":[{"href":"https:\/\/www.imakeyousmile.se\/en\/wp-json\/wp\/v2\/media?parent=35375"}],"wp:term":[{"taxonomy":"category","embeddable":true,"href":"https:\/\/www.imakeyousmile.se\/en\/wp-json\/wp\/v2\/categories?post=35375"},{"taxonomy":"post_tag","embeddable":true,"href":"https:\/\/www.imakeyousmile.se\/en\/wp-json\/wp\/v2\/tags?post=35375"}],"curies":[{"name":"wp","href":"https:\/\/api.w.org\/{rel}","templated":true}]}}