{"id":35472,"date":"2019-08-20T05:00:26","date_gmt":"2019-08-20T03:00:26","guid":{"rendered":"http:\/\/www.imakeyousmile.se\/?p=35472"},"modified":"2021-10-06T11:16:38","modified_gmt":"2021-10-06T09:16:38","slug":"black-white-med-paese-matte-trio-104","status":"publish","type":"post","link":"https:\/\/www.imakeyousmile.se\/en\/black-white-med-paese-matte-trio-104\/","title":{"rendered":"Black &amp; White with Paese Matte Trio 104"},"content":{"rendered":"<p>Last week I showed <a href=\"http:\/\/www.imakeyousmile.se\/en\/fem-looker-med-p\u2026e-matte-trio-101\/\">a post<\/a> with five make-ups done with the trio palette\u00a0<a href=\"https:\/\/creativemakeup.se\/butik\/smink\/paese-matte-trio-eyeshadow\/\">Paese Matte Trio Eyeshadow<\/a> in the shade 101. A matte eye shadow that is divided into three colors (light beige, light brown and dark brown) that is incredibly useful for both everyday make-up and party make-up!<\/p>\n<p>There are two more shades for that eye shadow as well - 103 and 104. The shade 103 is also beige \/ brown but lighter and warmer than 101.<\/p>\n<p>And the eye shadow that I will show you now - 104 - is grayscale with white, gray and dark gray! In today&#039;s make - up I have done a classic light-to-dark make-up with light on the inside of the eye, medium dark in the middle and darker on the outside, to show you each color properly :)<\/p>\n<p>Hope you like the makeup!<\/p>\n<p><img loading=\"lazy\" decoding=\"async\" class=\"alignnone size-full wp-image-35484\" src=\"http:\/\/www.imakeyousmile.se\/wp-content\/uploads\/2019\/08\/triofb.jpg\" alt=\"\" width=\"1200\" height=\"630\" srcset=\"https:\/\/www.imakeyousmile.se\/wp-content\/uploads\/2019\/08\/triofb.jpg 1200w, https:\/\/www.imakeyousmile.se\/wp-content\/uploads\/2019\/08\/triofb-300x158.jpg 300w, https:\/\/www.imakeyousmile.se\/wp-content\/uploads\/2019\/08\/triofb-768x403.jpg 768w, https:\/\/www.imakeyousmile.se\/wp-content\/uploads\/2019\/08\/triofb-1024x538.jpg 1024w, https:\/\/www.imakeyousmile.se\/wp-content\/uploads\/2019\/08\/triofb-696x365.jpg 696w, https:\/\/www.imakeyousmile.se\/wp-content\/uploads\/2019\/08\/triofb-1068x561.jpg 1068w, https:\/\/www.imakeyousmile.se\/wp-content\/uploads\/2019\/08\/triofb-800x420.jpg 800w\" sizes=\"(max-width: 1200px) 100vw, 1200px\" \/><\/p>\n<p><strong>BASE:<\/strong><\/p>\n<p><strong>Face primer -<\/strong> <a href=\"https:\/\/creativemakeup.se\/butik\/smink\/paese-makeup-base\/\">Paese Makeup Base<\/a> (Correcting)<br \/>\n<strong>Concealer -<\/strong>\u00a0<a href=\"https:\/\/ion.lyko.com\/t\/t?a=1117786221&amp;as=1548102449&amp;t=2&amp;tk=1&amp;epi=search-replace-pixipataway&amp;url=https:\/\/lyko.com\/sv\/pixi\/pixi-pat-away-concealing-base-1cream\">Pixi Pat Away Concealing Base<\/a> (1 Cream)<strong><br \/>\nFoundation -<\/strong>\u00a0<a href=\"https:\/\/ion.lyko.com\/t\/t?a=1117786221&amp;as=1548102449&amp;t=2&amp;tk=1&amp;epi=search-replae-pixi-balm&amp;url=https:\/\/lyko.com\/sv\/pixi\/pixi-shea-butter-lipbalm-ripe-rasberry\/\">Pixi Beauty Balm<\/a> (3 Warm)<br \/>\n<strong>Powder that neutralizes redness <\/strong>- <a href=\"https:\/\/ion.lyko.com\/t\/t?a=1117786221&amp;as=1548102449&amp;t=2&amp;tk=1&amp;epi=search-replace-rednessrelief&amp;url=https:\/\/lyko.com\/sv\/glo-skin-beauty\/glo-skin-bea-rednessrelief-powder\/\">glo Redness relief powder<\/a><br \/>\n<strong>Powder -<\/strong> <a href=\"https:\/\/creativemakeup.se\/butik\/smink\/paese-bamboo-silk-powder\/\">Paese Bamboo Silk Powder<\/a><strong><br \/>\n<\/strong><strong>Contouring - <\/strong><a href=\"https:\/\/ion.lyko.com\/t\/t?a=1117786221&#038;as=1548102449&#038;t=2&#038;tk=1&#038;epi=serach-replace-contouringpaletteXX&#038;url=https:\/\/lyko.com\/sv\/sok?q=contouring+palette\">Contouring Palette<\/a> (2)<a href=\"https:\/\/ion.lyko.com\/t\/t?a=1117786221&amp;as=1548102449&amp;t=2&amp;tk=1&amp;epi=search-replace-pixipalette&amp;url=https:\/\/lyko.com\/sv\/sok?q=pixi+palette\"><br \/>\n<\/a><strong>Rouge - <\/strong><a href=\"https:\/\/ion.lyko.com\/t\/t?a=1117786221&#038;as=1548102449&#038;t=2&#038;tk=1&#038;epi=serach-replace-blushrougeXX&#038;url=https:\/\/lyko.com\/sv\/sok?q=blush+rouge\">Paese Powder Blush<\/a> (55)<br \/>\n<strong>Fixing Mist -<\/strong> <a href=\"https:\/\/ion.lyko.com\/t\/t?a=1117786221&amp;as=1548102449&amp;t=2&amp;tk=1&amp;epi=search-replace-fixingmist&amp;url=https:\/\/lyko.com\/sv\/pixi\/pixi-makeup-fixing-mist\">Pixi Makeup Fixing Mist<br \/>\n<\/a><\/p>\n<p><strong>Eyebrows - <\/strong><a href=\"https:\/\/ion.lyko.com\/t\/t?a=1117786221&amp;as=1548102449&amp;t=2&amp;tk=1&amp;epi=search-replace-globrowliner&amp;url=https:\/\/lyko.com\/sv\/glo-skin-beauty\/glo-skin-bea-precisemicro-browliner-aubu\/\">glo Micro Brow Pencil<\/a> (Light brown)<\/p>\n<p><strong>Lip pencil -<\/strong>\u00a0<a href=\"https:\/\/ion.lyko.com\/t\/t?a=1117786221&amp;as=1548102449&amp;t=2&amp;tk=1&amp;epi=search-replace-glolippencil&amp;url=https:\/\/lyko.com\/sv\/glo-skin-beauty\/glo-skin-bea-precison-lip-pencil-soulmat\/\">glo Lip Liner<\/a> (Moxie) all over her lips<\/p>\n<p><img loading=\"lazy\" decoding=\"async\" class=\"alignnone size-full wp-image-35487\" src=\"http:\/\/www.imakeyousmile.se\/wp-content\/uploads\/2019\/08\/twosmok_111.jpg\" alt=\"\" width=\"2500\" height=\"1477\" srcset=\"https:\/\/www.imakeyousmile.se\/wp-content\/uploads\/2019\/08\/twosmok_111.jpg 2500w, https:\/\/www.imakeyousmile.se\/wp-content\/uploads\/2019\/08\/twosmok_111-300x177.jpg 300w, https:\/\/www.imakeyousmile.se\/wp-content\/uploads\/2019\/08\/twosmok_111-768x454.jpg 768w, https:\/\/www.imakeyousmile.se\/wp-content\/uploads\/2019\/08\/twosmok_111-1024x605.jpg 1024w, https:\/\/www.imakeyousmile.se\/wp-content\/uploads\/2019\/08\/twosmok_111-696x411.jpg 696w, https:\/\/www.imakeyousmile.se\/wp-content\/uploads\/2019\/08\/twosmok_111-1068x631.jpg 1068w, https:\/\/www.imakeyousmile.se\/wp-content\/uploads\/2019\/08\/twosmok_111-711x420.jpg 711w\" sizes=\"(max-width: 2500px) 100vw, 2500px\" \/><\/p>\n<p>The darkest color in this palette is dark gray \/ gray black and is therefore easier to work with than a carbon black shade. The result is less hard and it is easier to get an even fade.<\/p>\n<p>This one is absolutely wonderful to make smoky eyes with, especially for you who do not find it difficult to fade a carbon black shadow!<\/p>\n<p><img loading=\"lazy\" decoding=\"async\" class=\"alignnone size-full wp-image-35488\" src=\"http:\/\/www.imakeyousmile.se\/wp-content\/uploads\/2019\/08\/tutorialsmok_111.jpg\" alt=\"\" width=\"2500\" height=\"2619\" srcset=\"https:\/\/www.imakeyousmile.se\/wp-content\/uploads\/2019\/08\/tutorialsmok_111.jpg 2444w, https:\/\/www.imakeyousmile.se\/wp-content\/uploads\/2019\/08\/tutorialsmok_111-286x300.jpg 286w, https:\/\/www.imakeyousmile.se\/wp-content\/uploads\/2019\/08\/tutorialsmok_111-768x805.jpg 768w, https:\/\/www.imakeyousmile.se\/wp-content\/uploads\/2019\/08\/tutorialsmok_111-977x1024.jpg 977w, https:\/\/www.imakeyousmile.se\/wp-content\/uploads\/2019\/08\/tutorialsmok_111-696x729.jpg 696w, https:\/\/www.imakeyousmile.se\/wp-content\/uploads\/2019\/08\/tutorialsmok_111-1068x1119.jpg 1068w, https:\/\/www.imakeyousmile.se\/wp-content\/uploads\/2019\/08\/tutorialsmok_111-401x420.jpg 401w\" sizes=\"(max-width: 2500px) 100vw, 2500px\" \/><\/p>\n<p><strong>EYES:<\/strong><\/p>\n<p>Prime with eye primer before you start! I use <a href=\"https:\/\/ion.lyko.com\/t\/t?a=1117786221&amp;as=1548102449&amp;t=2&amp;tk=1&amp;epi=search-replace-pixi-eyebright&amp;url=https:\/\/lyko.com\/sv\/pixi\/pixi-eye-bright-primer\/?add-to-cart=777\">Pixi Eye Bright Primer<\/a>.<\/p>\n<ol>\n<li>Gray eye shadow in the middle of the eyelid<\/li>\n<li>Dark gray eye shadow at the end of the eyelid<\/li>\n<li>Same shade along the globe line, fade out.<\/li>\n<li>The same shade along the lower lash line<\/li>\n<li>Gray eye shadow in the fade (both along the globe line and the lower lash line) to get an even softer fade.<\/li>\n<li>Light shadow in the corner of the eye and under the brow<br \/>\nMoisten a brush (I moisten with\u00a0<a href=\"https:\/\/ion.lyko.com\/t\/t?a=1117786221&amp;as=1548102449&amp;t=2&amp;tk=1&amp;epi=search-replace-fixingmist&amp;url=https:\/\/lyko.com\/sv\/pixi\/pixi-makeup-fixing-mist\">Pixi Makeup Fixing Mist<\/a>\u00a0which I have for the face too) and apply the dark gray shade as an eyeliner.<\/li>\n<li>Black mascara on all lashes, <a href=\"https:\/\/creativemakeup.se\/butik\/smink\/santhilea-magnetic-lash\/\">Magnetic lash mascara<\/a><\/li>\n<\/ol>\n<p>Clear!<\/p>\n<p>I have tattooed the waterline light + black lashliner (lash marking) between the upper lashes. So for exactly the same result you can supplement with a light eyeliner (e.g. <a href=\"https:\/\/ion.lyko.com\/t\/t?a=1117786221&amp;as=1548102449&amp;t=2&amp;tk=1&amp;epi=search-replace-glo-eyepencil&amp;url=https:\/\/lyko.com\/sv\/glo-skin-beauty\/glominerals-precision-eye-pencil-black\/\">glo Precision Eye Pencil<\/a> in the shade Peach)<\/p>\n<p><img loading=\"lazy\" decoding=\"async\" class=\"alignnone size-full wp-image-35489\" src=\"http:\/\/www.imakeyousmile.se\/wp-content\/uploads\/2019\/08\/IMG_5108_111.jpg\" alt=\"\" width=\"2400\" height=\"3020\" srcset=\"https:\/\/www.imakeyousmile.se\/wp-content\/uploads\/2019\/08\/IMG_5108_111.jpg 2034w, https:\/\/www.imakeyousmile.se\/wp-content\/uploads\/2019\/08\/IMG_5108_111-238x300.jpg 238w, https:\/\/www.imakeyousmile.se\/wp-content\/uploads\/2019\/08\/IMG_5108_111-768x966.jpg 768w, https:\/\/www.imakeyousmile.se\/wp-content\/uploads\/2019\/08\/IMG_5108_111-814x1024.jpg 814w, https:\/\/www.imakeyousmile.se\/wp-content\/uploads\/2019\/08\/IMG_5108_111-696x876.jpg 696w, https:\/\/www.imakeyousmile.se\/wp-content\/uploads\/2019\/08\/IMG_5108_111-1068x1344.jpg 1068w, https:\/\/www.imakeyousmile.se\/wp-content\/uploads\/2019\/08\/IMG_5108_111-334x420.jpg 334w\" sizes=\"(max-width: 2400px) 100vw, 2400px\" \/> <img loading=\"lazy\" decoding=\"async\" class=\"alignnone size-full wp-image-35490\" src=\"http:\/\/www.imakeyousmile.se\/wp-content\/uploads\/2019\/08\/IMG_5051_111.jpg\" alt=\"\" width=\"2400\" height=\"2862\" srcset=\"https:\/\/www.imakeyousmile.se\/wp-content\/uploads\/2019\/08\/IMG_5051_111.jpg 2147w, https:\/\/www.imakeyousmile.se\/wp-content\/uploads\/2019\/08\/IMG_5051_111-252x300.jpg 252w, https:\/\/www.imakeyousmile.se\/wp-content\/uploads\/2019\/08\/IMG_5051_111-768x916.jpg 768w, https:\/\/www.imakeyousmile.se\/wp-content\/uploads\/2019\/08\/IMG_5051_111-859x1024.jpg 859w, https:\/\/www.imakeyousmile.se\/wp-content\/uploads\/2019\/08\/IMG_5051_111-696x830.jpg 696w, https:\/\/www.imakeyousmile.se\/wp-content\/uploads\/2019\/08\/IMG_5051_111-1068x1274.jpg 1068w, https:\/\/www.imakeyousmile.se\/wp-content\/uploads\/2019\/08\/IMG_5051_111-352x420.jpg 352w\" sizes=\"(max-width: 2400px) 100vw, 2400px\" \/> <img loading=\"lazy\" decoding=\"async\" class=\"alignnone size-full wp-image-35491\" src=\"http:\/\/www.imakeyousmile.se\/wp-content\/uploads\/2019\/08\/IMG_5026_111.jpg\" alt=\"\" width=\"2400\" height=\"2911\" srcset=\"https:\/\/www.imakeyousmile.se\/wp-content\/uploads\/2019\/08\/IMG_5026_111.jpg 2111w, https:\/\/www.imakeyousmile.se\/wp-content\/uploads\/2019\/08\/IMG_5026_111-247x300.jpg 247w, https:\/\/www.imakeyousmile.se\/wp-content\/uploads\/2019\/08\/IMG_5026_111-768x932.jpg 768w, https:\/\/www.imakeyousmile.se\/wp-content\/uploads\/2019\/08\/IMG_5026_111-844x1024.jpg 844w, https:\/\/www.imakeyousmile.se\/wp-content\/uploads\/2019\/08\/IMG_5026_111-696x844.jpg 696w, https:\/\/www.imakeyousmile.se\/wp-content\/uploads\/2019\/08\/IMG_5026_111-1068x1295.jpg 1068w, https:\/\/www.imakeyousmile.se\/wp-content\/uploads\/2019\/08\/IMG_5026_111-346x420.jpg 346w\" sizes=\"(max-width: 2400px) 100vw, 2400px\" \/><\/p>\n<p>Hugs are! \u2665<\/p>\n<p>&nbsp;<\/p>\n<p>&nbsp;<\/p>","protected":false},"excerpt":{"rendered":"<p>F\u00f6rra veckan visade jag ett inl\u00e4gg med fem sminkningar gjorda med triopaletten\u00a0Paese Matte Trio Eyeshadow i nyansen 101. En matt \u00f6gonskugga som \u00e4r uppdelad i tre f\u00e4rger (ljus beige, ljusbrun och m\u00f6rkbrun) som \u00e4r otroligt anv\u00e4ndbar b\u00e5de till vardagssminkningar och festsminkningar! Den \u00f6gonskuggan finns tv\u00e5 nyanser till ocks\u00e5 &#8211; 103 och 104. Nyansen 103 \u00e4r [&hellip;]<\/p>\n","protected":false},"author":30,"featured_media":35492,"comment_status":"open","ping_status":"closed","sticky":false,"template":"","format":"standard","meta":{"footnotes":""},"categories":[9,2623],"tags":[4045,1985,16,6280,6470,6546,6302,2748,1865,56,3974,5286,4386,3217,3224,386,15,4380,6568,3772,4315,5990,844,543,433,5202,54,498,945,52,407],"class_list":{"0":"post-35472","1":"post","2":"type-post","3":"status-publish","4":"format-standard","5":"has-post-thumbnail","6":"hentry","7":"category-partysminkningar","8":"category-sminkningar","9":"tag-beauty-blog","10":"tag-creative-makeup","11":"tag-festsminkning","12":"tag-glo-lip-liner","14":"tag-glo-precision-eye-pencil","15":"tag-glo-redness-relief-powder","16":"tag-kreativ-sminkning","17":"tag-magnetic-lash-mascara","18":"tag-makeup-blog","19":"tag-paese-bamboo-silk-powder","20":"tag-paese-contouring-palette","21":"tag-paese-makeup-base","22":"tag-paese-matte-trio","23":"tag-paese-powder-blush","24":"tag-party-makeup","25":"tag-partysminkning","26":"tag-pictorial","27":"tag-pixi-beauty-balm","28":"tag-pixi-eye-bright-primer","29":"tag-pixi-makeup-fixing-mist","30":"tag-pixi-pat-away-concealing-base","31":"tag-red-lips","32":"tag-roda-lappar","33":"tag-skonhetsblogg","34":"tag-skonhetsskribent","35":"tag-sminkblogg","36":"tag-smokey-eyes","37":"tag-sotade-ogon","38":"tag-steg-for-steg-2","39":"tag-tutorial"},"yoast_head":"<!-- This site is optimized with the Yoast SEO Premium plugin v14.9 - https:\/\/yoast.com\/wordpress\/plugins\/seo\/ -->\n<meta name=\"description\" content=\"Black &amp; White med Paese Matte Trio 104 | Helena Amiley - H\u00e4r hittar du senaste infromation om sk\u00f6nhet, livsstil, entrepren\u00f6rskap, makeup &amp; tips.\" \/>\n<meta name=\"robots\" content=\"index, follow, max-snippet:-1, max-image-preview:large, max-video-preview:-1\" \/>\n<link rel=\"canonical\" href=\"https:\/\/www.imakeyousmile.se\/en\/black-white-med-paese-matte-trio-104\/\" \/>\n<meta property=\"og:locale\" content=\"en_US\" \/>\n<meta property=\"og:type\" content=\"article\" \/>\n<meta property=\"og:title\" content=\"Black &amp; White med Paese Matte Trio 104 | Imakeyousmile.se\" \/>\n<meta property=\"og:description\" content=\"Black &amp; White med Paese Matte Trio 104 | Helena Amiley - H\u00e4r hittar du senaste infromation om sk\u00f6nhet, livsstil, entrepren\u00f6rskap, makeup &amp; tips.\" \/>\n<meta property=\"og:url\" content=\"https:\/\/www.imakeyousmile.se\/en\/black-white-med-paese-matte-trio-104\/\" \/>\n<meta property=\"og:site_name\" content=\"Imakeyousmile.se\" \/>\n<meta property=\"article:author\" content=\"https:\/\/www.facebook.com\/imakeyousmile.se\" \/>\n<meta property=\"article:published_time\" content=\"2019-08-20T03:00:26+00:00\" \/>\n<meta property=\"article:modified_time\" content=\"2021-10-06T09:16:38+00:00\" \/>\n<meta property=\"og:image\" content=\"https:\/\/www.imakeyousmile.se\/wp-content\/uploads\/2019\/08\/onesmok_111.jpg\" \/>\n\t<meta property=\"og:image:width\" content=\"2500\" \/>\n\t<meta property=\"og:image:height\" content=\"2022\" \/>\n<meta name=\"twitter:card\" content=\"summary_large_image\" \/>\n<script type=\"application\/ld+json\" class=\"yoast-schema-graph\">{\"@context\":\"https:\/\/schema.org\",\"@graph\":[{\"@type\":\"Organization\",\"@id\":\"https:\/\/www.imakeyousmile.se\/en\/#organization\",\"name\":\"Imakeyousmile\",\"url\":\"https:\/\/www.imakeyousmile.se\/en\/\",\"sameAs\":[],\"logo\":{\"@type\":\"ImageObject\",\"@id\":\"https:\/\/www.imakeyousmile.se\/en\/#logo\",\"inLanguage\":\"en-US\",\"url\":\"https:\/\/www.imakeyousmile.se\/wp-content\/uploads\/2020\/10\/HELENA-AMILEY_SVART-1-e1603367975324.png\",\"width\":280,\"height\":93,\"caption\":\"Imakeyousmile\"},\"image\":{\"@id\":\"https:\/\/www.imakeyousmile.se\/en\/#logo\"}},{\"@type\":\"WebSite\",\"@id\":\"https:\/\/www.imakeyousmile.se\/en\/#website\",\"url\":\"https:\/\/www.imakeyousmile.se\/en\/\",\"name\":\"Imakeyousmile.se\",\"description\":\"Helena Amiley - Beauty, Entrepreneur, Lifestyle\",\"publisher\":{\"@id\":\"https:\/\/www.imakeyousmile.se\/en\/#organization\"},\"potentialAction\":[{\"@type\":\"SearchAction\",\"target\":\"https:\/\/www.imakeyousmile.se\/en\/?s={search_term_string}\",\"query-input\":\"required name=search_term_string\"}],\"inLanguage\":\"en-US\"},{\"@type\":\"ImageObject\",\"@id\":\"https:\/\/www.imakeyousmile.se\/black-white-med-paese-matte-trio-104\/#primaryimage\",\"inLanguage\":\"en-US\",\"url\":\"https:\/\/www.imakeyousmile.se\/wp-content\/uploads\/2019\/08\/onesmok_111.jpg\",\"width\":2500,\"height\":2022},{\"@type\":\"WebPage\",\"@id\":\"https:\/\/www.imakeyousmile.se\/black-white-med-paese-matte-trio-104\/#webpage\",\"url\":\"https:\/\/www.imakeyousmile.se\/black-white-med-paese-matte-trio-104\/\",\"name\":\"Black & White med Paese Matte Trio 104 | Imakeyousmile.se\",\"isPartOf\":{\"@id\":\"https:\/\/www.imakeyousmile.se\/en\/#website\"},\"primaryImageOfPage\":{\"@id\":\"https:\/\/www.imakeyousmile.se\/black-white-med-paese-matte-trio-104\/#primaryimage\"},\"datePublished\":\"2019-08-20T03:00:26+00:00\",\"dateModified\":\"2021-10-06T09:16:38+00:00\",\"description\":\"Black & White med Paese Matte Trio 104 | Helena Amiley - H\\u00e4r hittar du senaste infromation om sk\\u00f6nhet, livsstil, entrepren\\u00f6rskap, makeup & tips.\",\"inLanguage\":\"en-US\",\"potentialAction\":[{\"@type\":\"ReadAction\",\"target\":[\"https:\/\/www.imakeyousmile.se\/black-white-med-paese-matte-trio-104\/\"]}]},{\"@type\":\"Article\",\"@id\":\"https:\/\/www.imakeyousmile.se\/black-white-med-paese-matte-trio-104\/#article\",\"isPartOf\":{\"@id\":\"https:\/\/www.imakeyousmile.se\/black-white-med-paese-matte-trio-104\/#webpage\"},\"author\":{\"@id\":\"https:\/\/www.imakeyousmile.se\/en\/#\/schema\/person\/b0fd43b1c6bb1c60cfd68bff9b4a10fb\"},\"headline\":\"Black &#038; White med Paese Matte Trio 104\",\"datePublished\":\"2019-08-20T03:00:26+00:00\",\"dateModified\":\"2021-10-06T09:16:38+00:00\",\"mainEntityOfPage\":{\"@id\":\"https:\/\/www.imakeyousmile.se\/black-white-med-paese-matte-trio-104\/#webpage\"},\"commentCount\":0,\"publisher\":{\"@id\":\"https:\/\/www.imakeyousmile.se\/en\/#organization\"},\"image\":{\"@id\":\"https:\/\/www.imakeyousmile.se\/black-white-med-paese-matte-trio-104\/#primaryimage\"},\"keywords\":\"beauty blog,creative makeup,Festsminkning,glo Lip Liner,glo Micro Brow Pencil,glo Precision Eye Pencil,glo Redness relief powder,kreativ sminkning,magnetic lash mascara,makeup blog,paese bamboo silk powder,paese contouring palette,paese makeup base,Paese matte trio,paese powder blush,party makeup,Partysminkning,pictorial,Pixi Beauty Balm,pixi eye bright primer,pixi makeup fixing mist,pixi pat away concealing base,red lips,r\\u00f6da l\\u00e4ppar,sk\\u00f6nhetsblogg,sk\\u00f6nhetsskribent,sminkblogg,smokey eyes,sotade \\u00f6gon,steg f\\u00f6r steg,tutorial\",\"articleSection\":\"M\\u00f6rka \/ festliga sminkningar,Sminkningar\",\"inLanguage\":\"en-US\",\"potentialAction\":[{\"@type\":\"CommentAction\",\"name\":\"Comment\",\"target\":[\"https:\/\/www.imakeyousmile.se\/black-white-med-paese-matte-trio-104\/#respond\"]}]},{\"@type\":\"Person\",\"@id\":\"https:\/\/www.imakeyousmile.se\/en\/#\/schema\/person\/b0fd43b1c6bb1c60cfd68bff9b4a10fb\",\"name\":\"Helena Amiley\",\"image\":{\"@type\":\"ImageObject\",\"@id\":\"https:\/\/www.imakeyousmile.se\/en\/#personlogo\",\"inLanguage\":\"en-US\",\"url\":\"https:\/\/secure.gravatar.com\/avatar\/5645558e1e355457a23368d7e1b4c904?s=96&d=mm&r=g\",\"caption\":\"Helena Amiley\"},\"description\":\"Jag skriver mest om sk\\u00f6nhet men bjuder \\u00e4ven p\\u00e5 glimtar fr\\u00e5n entrepren\\u00f6rlivet och bygget av v\\u00e5r egen camper van. Vanlife here we come!\",\"sameAs\":[\"https:\/\/www.facebook.com\/imakeyousmile.se\",\"https:\/\/www.instagram.com\/helenaamiley\",\"https:\/\/www.youtube.com\/channel\/UCR5iB6rvpV6Yr8ZjpQfr5mg?view_as=subscriber\"]}]}<\/script>\n<!-- \/ Yoast SEO Premium plugin. -->","_links":{"self":[{"href":"https:\/\/www.imakeyousmile.se\/en\/wp-json\/wp\/v2\/posts\/35472"}],"collection":[{"href":"https:\/\/www.imakeyousmile.se\/en\/wp-json\/wp\/v2\/posts"}],"about":[{"href":"https:\/\/www.imakeyousmile.se\/en\/wp-json\/wp\/v2\/types\/post"}],"author":[{"embeddable":true,"href":"https:\/\/www.imakeyousmile.se\/en\/wp-json\/wp\/v2\/users\/30"}],"replies":[{"embeddable":true,"href":"https:\/\/www.imakeyousmile.se\/en\/wp-json\/wp\/v2\/comments?post=35472"}],"version-history":[{"count":5,"href":"https:\/\/www.imakeyousmile.se\/en\/wp-json\/wp\/v2\/posts\/35472\/revisions"}],"predecessor-version":[{"id":41723,"href":"https:\/\/www.imakeyousmile.se\/en\/wp-json\/wp\/v2\/posts\/35472\/revisions\/41723"}],"wp:featuredmedia":[{"embeddable":true,"href":"https:\/\/www.imakeyousmile.se\/en\/wp-json\/wp\/v2\/media\/35492"}],"wp:attachment":[{"href":"https:\/\/www.imakeyousmile.se\/en\/wp-json\/wp\/v2\/media?parent=35472"}],"wp:term":[{"taxonomy":"category","embeddable":true,"href":"https:\/\/www.imakeyousmile.se\/en\/wp-json\/wp\/v2\/categories?post=35472"},{"taxonomy":"post_tag","embeddable":true,"href":"https:\/\/www.imakeyousmile.se\/en\/wp-json\/wp\/v2\/tags?post=35472"}],"curies":[{"name":"wp","href":"https:\/\/api.w.org\/{rel}","templated":true}]}}