{"id":36837,"date":"2020-05-13T10:52:04","date_gmt":"2020-05-13T08:52:04","guid":{"rendered":"http:\/\/www.imakeyousmile.se\/?p=36837"},"modified":"2021-09-17T06:57:02","modified_gmt":"2021-09-17T04:57:02","slug":"sminka-sig-somrig","status":"publish","type":"post","link":"https:\/\/www.imakeyousmile.se\/en\/make-up-yourself-summery\/","title":{"rendered":"Make up for summer! (Quick tips)"},"content":{"rendered":"<p>How to think about putting on make-up in the summer?<\/p>\n<p>Spring is really nothing to trust, here I am sitting and writing a post about putting on make-up for the spring sun and then I wake up to several cm of SNOW haha!<\/p>\n<p>Well, in other parts of Sweden (?) And in a few days this post will be just as relevant again :)<\/p>\n<p>I suspect that it&#039;s not just me who does not feel as naturally nice spring as you want to be now in May. You want to feel so summery and fresh when you pick out the spring clothes, but instead I am winter pale, dull and colorless!<\/p>\n<p>My best trick for putting on make-up in the summer? Look here:<\/p>\n<p><img loading=\"lazy\" decoding=\"async\" class=\"alignnone wp-image-36838 size-large\" src=\"https:\/\/www.imakeyousmile.se\/wp-content\/uploads\/2020\/05\/vintergl\u00e5mig-1024x1024.png\" alt=\"make up summery\" width=\"696\" height=\"696\" srcset=\"https:\/\/www.imakeyousmile.se\/wp-content\/uploads\/2020\/05\/vintergl\u00e5mig-1024x1024.png 1024w, https:\/\/www.imakeyousmile.se\/wp-content\/uploads\/2020\/05\/vintergl\u00e5mig-300x300.png 300w, https:\/\/www.imakeyousmile.se\/wp-content\/uploads\/2020\/05\/vintergl\u00e5mig-150x150.png 150w, https:\/\/www.imakeyousmile.se\/wp-content\/uploads\/2020\/05\/vintergl\u00e5mig-768x768.png 768w, https:\/\/www.imakeyousmile.se\/wp-content\/uploads\/2020\/05\/vintergl\u00e5mig-1536x1536.png 1536w, https:\/\/www.imakeyousmile.se\/wp-content\/uploads\/2020\/05\/vintergl\u00e5mig-12x12.png 12w, https:\/\/www.imakeyousmile.se\/wp-content\/uploads\/2020\/05\/vintergl\u00e5mig-696x696.png 696w, https:\/\/www.imakeyousmile.se\/wp-content\/uploads\/2020\/05\/vintergl\u00e5mig-1068x1068.png 1068w, https:\/\/www.imakeyousmile.se\/wp-content\/uploads\/2020\/05\/vintergl\u00e5mig-420x420.png 420w, https:\/\/www.imakeyousmile.se\/wp-content\/uploads\/2020\/05\/vintergl\u00e5mig-20x20.png 20w, https:\/\/www.imakeyousmile.se\/wp-content\/uploads\/2020\/05\/vintergl\u00e5mig.png 1900w\" sizes=\"(max-width: 696px) 100vw, 696px\" \/><\/p>\n<p>Do you know what is actually good about the spring weather ?? You still have so much clothing on your body that it is enough to fake in the face and down on the cleavage, as no one sees the naked truth on arms and legs;)<\/p>\n<ul>\n<li>I use a colored primer in a darker color than my skin tone, because it gives weak coverage, so it still looks natural.<\/li>\n<li>Then I dabble in a little fake freckles (does not have to be many, I only have it on pimples + a few more)<\/li>\n<li>A summery lip color in coral, peach or apricot!<\/li>\n<li>Then quickly apply with an eyeshadow on the eyelid (enough to sweep a little wide on the French edge only) and you get a little <a href=\"https:\/\/www.imakeyousmile.se\/en\/sminka-sig-piggare-fore-efter\/\">alert and lively eyes<\/a> also.<\/li>\n<\/ul>\n<p>When my regular customers at the salon say &quot;oh, you have had time to get color in the spring sun !!&quot; so I feel like the worst cheater, hahaha.<\/p>\n<h4>Product list:<\/h4>\n<p>All products are in my web shop <a href=\"https:\/\/creativemakeup.se\/\">Creativemakeup.se<\/a>!<\/p>\n<p><strong>Face primer - <\/strong><a href=\"https:\/\/ion.lyko.com\/t\/t?a=1117786221&amp;as=1548102449&amp;t=2&amp;tk=1&amp;epi=search-replace-tintedprimer&amp;url=https:\/\/lyko.com\/sv\/glo-skin-beauty\/glominerals-tinted-primer-spf30-medium\">glo Skin Beauty Tinted Primer<\/a> (Medium)<br \/>\n<strong>Concealer -<\/strong> <a href=\"https:\/\/ion.lyko.com\/t\/t?a=1117786221&amp;as=1548102449&amp;t=2&amp;tk=1&amp;epi=search-replace-glo-undereye&amp;url=https:\/\/lyko.com\/sv\/glo-skin-beauty\/glominerals-under-eye-concealer-beige\/\">glo Skin Beauty Under Eye Concealer<\/a> (Golden)<br \/>\n<strong>Powder that neutralizes redness <\/strong>- <a href=\"https:\/\/ion.lyko.com\/t\/t?a=1117786221&amp;as=1548102449&amp;t=2&amp;tk=1&amp;epi=search-replace-rednessrelief&amp;url=https:\/\/lyko.com\/sv\/glo-skin-beauty\/glo-skin-bea-rednessrelief-powder\/\">glo Skin Beauty Redness relief powder<\/a><br \/>\n<strong>Powder -<\/strong> <a href=\"https:\/\/creativemakeup.se\/butik\/smink\/paese-bamboo-silk-powder\/\">Paese Bamboo Silk Powder<\/a><strong><br \/>\n<\/strong><strong>Bronzer -\u00a0<\/strong><a href=\"https:\/\/ion.lyko.com\/t\/t?a=1117786221&#038;as=1548102449&#038;t=2&#038;tk=1&#038;epi=search-replace-pixipalette&#038;url=https:\/\/lyko.com\/sv\/sok?q=pixi+palette\">Pixi Book of beauty Bronze Palette<\/a> (outgoing, sale now!)<a href=\"https:\/\/ion.lyko.com\/t\/t?a=1117786221&amp;as=1548102449&amp;t=2&amp;tk=1&amp;epi=search-replace-pixipalette&amp;url=https:\/\/lyko.com\/sv\/sok?q=pixi+palette\"><br \/>\n<\/a><strong>Rouge - <\/strong><a href=\"https:\/\/ion.lyko.com\/t\/t?a=1117786221&#038;as=1548102449&#038;t=2&#038;tk=1&#038;epi=serach-replace-blushrougeXX&#038;url=https:\/\/lyko.com\/sv\/sok?q=blush+rouge\">Paese Powder Blush<\/a> (57)<\/p>\n<p><strong>Fountain pen + FRACKS -<\/strong> <a href=\"https:\/\/ion.jordklok.se\/t\/t?a=1236848151&amp;as=1548102449&amp;t=2&amp;tk=1&amp;epi=search-replace-benecosbrowpen&amp;url=https:\/\/www.jordklok.se\/sv\/articles\/2.83.3593\/benecos-natural-eyebrow-designer-105-g?q=Benecos%20Natural%20Eyebrow%20Designer,%201,05%20g\">Benecos Eyebrow Designer\u00a0<\/a>(Brown)<br \/>\n<b>Bryngel (+ caring) -<\/b> <a href=\"https:\/\/ion.lyko.com\/t\/t?a=1117786221&amp;as=1548102449&amp;t=2&amp;tk=1&amp;epi=search-replace-refectocilgel&amp;url=https:\/\/lyko.com\/sv\/refectocil\/refectocil-stylinggel\">Refectocil Styling Gel<\/a><\/p>\n<p><strong>Lipstick -<\/strong>\u00a0<a href=\"https:\/\/creativemakeup.se\/butik\/marken\/paese\/paese-lipstick\/\">Paese Argan Oil Lipstick<\/a> (36)<\/p>\n<p><b>Eye shadow <\/b><strong>&#8211;<\/strong> <a href=\"https:\/\/creativemakeup.se\/butik\/marken\/paese\/paese-sparkle-eyeshadow\/\">Paese Sparkle Eyeshadow<\/a> (428)<br \/>\n<b>Light shadow - <\/b><a href=\"https:\/\/creativemakeup.se\/butik\/smink\/paese-kashmir-mono-eyeshadow\/\">Paese Kashmir Eyeshadow<\/a> (667)<b><br \/>\nMascara -\u00a0<\/b><a href=\"https:\/\/creativemakeup.se\/butik\/smink\/santhilea-magnetic-lash\/\">Magnetic lash mascara<\/a><\/p>\n<p>My waterline is tattooed light. So for exactly the same eyes, you can supplement with <a href=\"https:\/\/ion.lyko.com\/t\/t?a=1117786221&amp;as=1548102449&amp;t=2&amp;tk=1&amp;epi=search-replace-glopeach&amp;url=https:\/\/lyko.com\/sv\/glo-skin-beauty\/glominerals-precision-eye-pencil-peach\">glo Skin Beauty Eye Pencil<\/a> (Peach) too.<\/p>\n<p><img loading=\"lazy\" decoding=\"async\" class=\"alignnone size-large wp-image-36840\" src=\"http:\/\/www.imakeyousmile.se\/wp-content\/uploads\/2020\/05\/IMG_7700111-997x1024.jpg\" alt=\"\" width=\"696\" height=\"715\" srcset=\"https:\/\/www.imakeyousmile.se\/wp-content\/uploads\/2020\/05\/IMG_7700111-997x1024.jpg 997w, https:\/\/www.imakeyousmile.se\/wp-content\/uploads\/2020\/05\/IMG_7700111-292x300.jpg 292w, https:\/\/www.imakeyousmile.se\/wp-content\/uploads\/2020\/05\/IMG_7700111-768x789.jpg 768w, https:\/\/www.imakeyousmile.se\/wp-content\/uploads\/2020\/05\/IMG_7700111-1495x1536.jpg 1495w, https:\/\/www.imakeyousmile.se\/wp-content\/uploads\/2020\/05\/IMG_7700111-1994x2048.jpg 1994w, https:\/\/www.imakeyousmile.se\/wp-content\/uploads\/2020\/05\/IMG_7700111-12x12.jpg 12w, https:\/\/www.imakeyousmile.se\/wp-content\/uploads\/2020\/05\/IMG_7700111-696x715.jpg 696w, https:\/\/www.imakeyousmile.se\/wp-content\/uploads\/2020\/05\/IMG_7700111-1068x1097.jpg 1068w, https:\/\/www.imakeyousmile.se\/wp-content\/uploads\/2020\/05\/IMG_7700111-409x420.jpg 409w, https:\/\/www.imakeyousmile.se\/wp-content\/uploads\/2020\/05\/IMG_7700111-20x20.jpg 20w\" sizes=\"(max-width: 696px) 100vw, 696px\" \/><\/p>\n<p>Kraam p\u00e5 er !! \u2665<\/p>","protected":false},"excerpt":{"rendered":"<p>Hur ska man t\u00e4nka f\u00f6r att sminka sig somrig? V\u00e5ren \u00e4r ju verkligen ingenting att lita p\u00e5, h\u00e4r sitter jag och ska skriva ett inl\u00e4gg om att sminka sig till v\u00e5rsolen och s\u00e5 vaknar jag till flera cm SN\u00d6 haha! N\u00e5v\u00e4l, i andra delar av Sverige (?) och om n\u00e5gra dagar kommer detta inl\u00e4gg att [&hellip;]<\/p>\n","protected":false},"author":30,"featured_media":36838,"comment_status":"open","ping_status":"closed","sticky":false,"template":"","format":"standard","meta":{"footnotes":""},"categories":[2827,59,2623,3919],"tags":[6892,72,6893,3514,6894],"class_list":["post-36837","post","type-post","status-publish","format-standard","has-post-thumbnail","hentry","category-vardagssminkningar","category-recensioner-produkttips","category-sminkningar","category-sminktips","tag-sminka-sig-brunare","tag-sminktips","tag-sminktips-var","tag-varsmink","tag-vartips"],"yoast_head":"<!-- This site is optimized with the Yoast SEO Premium plugin v14.9 - https:\/\/yoast.com\/wordpress\/plugins\/seo\/ -->\n<meta name=\"description\" content=\"Hur ska man t\u00e4nka f\u00f6r att sminka sig somrig? Mitt b\u00e4sta knep f\u00f6r att sminka sig somrig? En somrig l\u00e4ppf\u00e4rg i korall, persika eller aprikos!\" \/>\n<meta name=\"robots\" content=\"index, follow, max-snippet:-1, max-image-preview:large, max-video-preview:-1\" \/>\n<link rel=\"canonical\" href=\"https:\/\/www.imakeyousmile.se\/en\/sminka-sig-somrig\/\" \/>\n<meta property=\"og:locale\" content=\"en_US\" \/>\n<meta property=\"og:type\" content=\"article\" \/>\n<meta property=\"og:title\" content=\"Sminka sig somrig! (Snabba tips) | Imakeyousmile.se\" \/>\n<meta property=\"og:description\" content=\"Hur ska man t\u00e4nka f\u00f6r att sminka sig somrig? Mitt b\u00e4sta knep f\u00f6r att sminka sig somrig? En somrig l\u00e4ppf\u00e4rg i korall, persika eller aprikos!\" \/>\n<meta property=\"og:url\" content=\"https:\/\/www.imakeyousmile.se\/en\/sminka-sig-somrig\/\" \/>\n<meta property=\"og:site_name\" content=\"Imakeyousmile.se\" \/>\n<meta property=\"article:author\" content=\"https:\/\/www.facebook.com\/imakeyousmile.se\" \/>\n<meta property=\"article:published_time\" content=\"2020-05-13T08:52:04+00:00\" \/>\n<meta property=\"article:modified_time\" content=\"2021-09-17T04:57:02+00:00\" \/>\n<meta property=\"og:image\" content=\"https:\/\/www.imakeyousmile.se\/wp-content\/uploads\/2020\/05\/vintergl\u00e5mig-1024x1024.png\" \/>\n\t<meta property=\"og:image:width\" content=\"1024\" \/>\n\t<meta property=\"og:image:height\" content=\"1024\" \/>\n<meta name=\"twitter:card\" content=\"summary_large_image\" \/>\n<script type=\"application\/ld+json\" class=\"yoast-schema-graph\">{\"@context\":\"https:\/\/schema.org\",\"@graph\":[{\"@type\":\"Organization\",\"@id\":\"https:\/\/www.imakeyousmile.se\/en\/#organization\",\"name\":\"Imakeyousmile\",\"url\":\"https:\/\/www.imakeyousmile.se\/en\/\",\"sameAs\":[],\"logo\":{\"@type\":\"ImageObject\",\"@id\":\"https:\/\/www.imakeyousmile.se\/en\/#logo\",\"inLanguage\":\"en-US\",\"url\":\"https:\/\/www.imakeyousmile.se\/wp-content\/uploads\/2020\/10\/HELENA-AMILEY_SVART-1-e1603367975324.png\",\"width\":280,\"height\":93,\"caption\":\"Imakeyousmile\"},\"image\":{\"@id\":\"https:\/\/www.imakeyousmile.se\/en\/#logo\"}},{\"@type\":\"WebSite\",\"@id\":\"https:\/\/www.imakeyousmile.se\/en\/#website\",\"url\":\"https:\/\/www.imakeyousmile.se\/en\/\",\"name\":\"Imakeyousmile.se\",\"description\":\"Helena Amiley - Beauty, Entrepreneur, Lifestyle\",\"publisher\":{\"@id\":\"https:\/\/www.imakeyousmile.se\/en\/#organization\"},\"potentialAction\":[{\"@type\":\"SearchAction\",\"target\":\"https:\/\/www.imakeyousmile.se\/en\/?s={search_term_string}\",\"query-input\":\"required name=search_term_string\"}],\"inLanguage\":\"en-US\"},{\"@type\":\"ImageObject\",\"@id\":\"https:\/\/www.imakeyousmile.se\/sminka-sig-somrig\/#primaryimage\",\"inLanguage\":\"en-US\",\"url\":\"https:\/\/www.imakeyousmile.se\/wp-content\/uploads\/2020\/05\/vintergl\\u00e5mig.png\",\"width\":1900,\"height\":1900},{\"@type\":\"WebPage\",\"@id\":\"https:\/\/www.imakeyousmile.se\/sminka-sig-somrig\/#webpage\",\"url\":\"https:\/\/www.imakeyousmile.se\/sminka-sig-somrig\/\",\"name\":\"Sminka sig somrig! (Snabba tips) | Imakeyousmile.se\",\"isPartOf\":{\"@id\":\"https:\/\/www.imakeyousmile.se\/en\/#website\"},\"primaryImageOfPage\":{\"@id\":\"https:\/\/www.imakeyousmile.se\/sminka-sig-somrig\/#primaryimage\"},\"datePublished\":\"2020-05-13T08:52:04+00:00\",\"dateModified\":\"2021-09-17T04:57:02+00:00\",\"description\":\"Hur ska man t\\u00e4nka f\\u00f6r att sminka sig somrig? Mitt b\\u00e4sta knep f\\u00f6r att sminka sig somrig? En somrig l\\u00e4ppf\\u00e4rg i korall, persika eller aprikos!\",\"inLanguage\":\"en-US\",\"potentialAction\":[{\"@type\":\"ReadAction\",\"target\":[\"https:\/\/www.imakeyousmile.se\/sminka-sig-somrig\/\"]}]},{\"@type\":\"Article\",\"@id\":\"https:\/\/www.imakeyousmile.se\/sminka-sig-somrig\/#article\",\"isPartOf\":{\"@id\":\"https:\/\/www.imakeyousmile.se\/sminka-sig-somrig\/#webpage\"},\"author\":{\"@id\":\"https:\/\/www.imakeyousmile.se\/en\/#\/schema\/person\/b0fd43b1c6bb1c60cfd68bff9b4a10fb\"},\"headline\":\"Sminka sig somrig! (Snabba tips)\",\"datePublished\":\"2020-05-13T08:52:04+00:00\",\"dateModified\":\"2021-09-17T04:57:02+00:00\",\"mainEntityOfPage\":{\"@id\":\"https:\/\/www.imakeyousmile.se\/sminka-sig-somrig\/#webpage\"},\"commentCount\":0,\"publisher\":{\"@id\":\"https:\/\/www.imakeyousmile.se\/en\/#organization\"},\"image\":{\"@id\":\"https:\/\/www.imakeyousmile.se\/sminka-sig-somrig\/#primaryimage\"},\"keywords\":\"sminka sig brunare,sminktips,sminktips v\\u00e5r,v\\u00e5rsmink,v\\u00e5rtips\",\"articleSection\":\"Neutrala \/ milda sminkningar,Recensioner &amp; Produkttips,Sminkningar,Sminktips\",\"inLanguage\":\"en-US\",\"potentialAction\":[{\"@type\":\"CommentAction\",\"name\":\"Comment\",\"target\":[\"https:\/\/www.imakeyousmile.se\/sminka-sig-somrig\/#respond\"]}]},{\"@type\":\"Person\",\"@id\":\"https:\/\/www.imakeyousmile.se\/en\/#\/schema\/person\/b0fd43b1c6bb1c60cfd68bff9b4a10fb\",\"name\":\"Helena Amiley\",\"image\":{\"@type\":\"ImageObject\",\"@id\":\"https:\/\/www.imakeyousmile.se\/en\/#personlogo\",\"inLanguage\":\"en-US\",\"url\":\"https:\/\/secure.gravatar.com\/avatar\/5645558e1e355457a23368d7e1b4c904?s=96&d=mm&r=g\",\"caption\":\"Helena Amiley\"},\"description\":\"Jag skriver mest om sk\\u00f6nhet men bjuder \\u00e4ven p\\u00e5 glimtar fr\\u00e5n entrepren\\u00f6rlivet och bygget av v\\u00e5r egen camper van. Vanlife here we come!\",\"sameAs\":[\"https:\/\/www.facebook.com\/imakeyousmile.se\",\"https:\/\/www.instagram.com\/helenaamiley\",\"https:\/\/www.youtube.com\/channel\/UCR5iB6rvpV6Yr8ZjpQfr5mg?view_as=subscriber\"]}]}<\/script>\n<!-- \/ Yoast SEO Premium plugin. -->","_links":{"self":[{"href":"https:\/\/www.imakeyousmile.se\/en\/wp-json\/wp\/v2\/posts\/36837"}],"collection":[{"href":"https:\/\/www.imakeyousmile.se\/en\/wp-json\/wp\/v2\/posts"}],"about":[{"href":"https:\/\/www.imakeyousmile.se\/en\/wp-json\/wp\/v2\/types\/post"}],"author":[{"embeddable":true,"href":"https:\/\/www.imakeyousmile.se\/en\/wp-json\/wp\/v2\/users\/30"}],"replies":[{"embeddable":true,"href":"https:\/\/www.imakeyousmile.se\/en\/wp-json\/wp\/v2\/comments?post=36837"}],"version-history":[{"count":6,"href":"https:\/\/www.imakeyousmile.se\/en\/wp-json\/wp\/v2\/posts\/36837\/revisions"}],"predecessor-version":[{"id":40943,"href":"https:\/\/www.imakeyousmile.se\/en\/wp-json\/wp\/v2\/posts\/36837\/revisions\/40943"}],"wp:featuredmedia":[{"embeddable":true,"href":"https:\/\/www.imakeyousmile.se\/en\/wp-json\/wp\/v2\/media\/36838"}],"wp:attachment":[{"href":"https:\/\/www.imakeyousmile.se\/en\/wp-json\/wp\/v2\/media?parent=36837"}],"wp:term":[{"taxonomy":"category","embeddable":true,"href":"https:\/\/www.imakeyousmile.se\/en\/wp-json\/wp\/v2\/categories?post=36837"},{"taxonomy":"post_tag","embeddable":true,"href":"https:\/\/www.imakeyousmile.se\/en\/wp-json\/wp\/v2\/tags?post=36837"}],"curies":[{"name":"wp","href":"https:\/\/api.w.org\/{rel}","templated":true}]}}