{"id":37090,"date":"2020-08-22T05:33:15","date_gmt":"2020-08-22T03:33:15","guid":{"rendered":"http:\/\/www.imakeyousmile.se\/?p=37090"},"modified":"2020-10-28T08:35:32","modified_gmt":"2020-10-28T07:35:32","slug":"brow-lift-i-uppsala","status":"publish","type":"post","link":"https:\/\/www.imakeyousmile.se\/en\/brow-lift-i-uppsala\/","title":{"rendered":"Brow lift in Uppsala at salon"},"content":{"rendered":"<p>Just wanted to throw in a picture of a nice brow transformation I did on my friend! I do not <a href=\"https:\/\/www.imakeyousmile.se\/en\/allt-om-brow-lift\/\">brow lift<\/a> at the salon really, or I can but my colleagues have much more experience so it is much better to book their brow lift in Uppsala with them.<\/p>\n<p>On this transformation, I did brow lift, brow pick, brow color and lash color!<\/p>\n<p>Look so nice:<\/p>\n<p><img loading=\"lazy\" decoding=\"async\" class=\"alignnone wp-image-37091 size-large\" src=\"https:\/\/www.imakeyousmile.se\/wp-content\/uploads\/2020\/08\/frida_vattenst\u00e4mpel-1024x1024.jpg\" alt=\"brow lift in uppsala\" width=\"696\" height=\"696\" srcset=\"https:\/\/www.imakeyousmile.se\/wp-content\/uploads\/2020\/08\/frida_vattenst\u00e4mpel-1024x1024.jpg 1024w, https:\/\/www.imakeyousmile.se\/wp-content\/uploads\/2020\/08\/frida_vattenst\u00e4mpel-150x150.jpg 150w, https:\/\/www.imakeyousmile.se\/wp-content\/uploads\/2020\/08\/frida_vattenst\u00e4mpel-300x300.jpg 300w, https:\/\/www.imakeyousmile.se\/wp-content\/uploads\/2020\/08\/frida_vattenst\u00e4mpel-768x768.jpg 768w, https:\/\/www.imakeyousmile.se\/wp-content\/uploads\/2020\/08\/frida_vattenst\u00e4mpel-696x696.jpg 696w, https:\/\/www.imakeyousmile.se\/wp-content\/uploads\/2020\/08\/frida_vattenst\u00e4mpel-1068x1068.jpg 1068w, https:\/\/www.imakeyousmile.se\/wp-content\/uploads\/2020\/08\/frida_vattenst\u00e4mpel-420x420.jpg 420w\" sizes=\"(max-width: 696px) 100vw, 696px\" \/><\/p>\n<p>Fuller brows that also get a nice higher shape thanks to the fact that the straws can be brushed upwards, instead of to the side as they actually grow frantically.<\/p>\n<p>Many people also think it is easier to get a nice start on the brows in the front when you put on make-up, if the straws grow up there. Otherwise it can easily get too hard filled or very rounded or square in the front, if you understand what I mean?<\/p>\n<p>And so <a href=\"https:\/\/www.imakeyousmile.se\/en\/komplettera-din-eyeliner-tatuering\/\">carbon black eyelashes<\/a> as the finishing touch :)<\/p>\n<p>Book an appointment with one of my colleagues for brow lift in Uppsala, who is even better at this than I am! <a href=\"https:\/\/creativemakeup.valei.com\">Book online <strong>here<\/strong> (link)<\/a> or call 018 10 50 13. Brow lift in Uppsala is done at the salon Creative Makeup and is located at Storgatan 23c.<\/p>\n<p>Hug!<\/p>","protected":false},"excerpt":{"rendered":"<p>Ville bara sl\u00e4nga in en bild p\u00e5 en fin brynf\u00f6rvandling jag gjorde p\u00e5 min kompis! Jag g\u00f6r inte brow lift p\u00e5 salongen egentligen, eller jag kan men mina kollegor har mycket mer erfarenhet s\u00e5 det \u00e4r mycket b\u00e4ttre att boka sin brow lift i Uppsala hos dem. P\u00e5 denna f\u00f6rvandling gjorde jag brow lift, brynplock, [&hellip;]<\/p>\n","protected":false},"author":30,"featured_media":37091,"comment_status":"open","ping_status":"closed","sticky":false,"template":"","format":"standard","meta":{"footnotes":""},"categories":[7003,12,2956],"tags":[6674,6920,6785,6784,6881,6010,6978,6726,5780,3936,2809,6935],"class_list":{"0":"post-37090","1":"post","2":"type-post","3":"status-publish","4":"format-standard","5":"has-post-thumbnail","6":"hentry","7":"category-fore-efter-kunder","8":"category-ogonbryn","9":"category-sminkjobb","10":"tag-3d-bryn-uppsala","11":"tag-bli-battre-pa-att-sminka-sig-sjalv","15":"tag-brynplock-uppsala","16":"tag-farga-brynen-uppsala","17":"tag-fransar-och-bryn-uppsala","18":"tag-fransfarg-uppsala","19":"tag-makeupartist-uppsala","20":"tag-permanent-makeup-uppsala","21":"tag-sminka-dig-sjalv-kurs"},"yoast_head":"<!-- This site is optimized with the Yoast SEO Premium plugin v14.9 - https:\/\/yoast.com\/wordpress\/plugins\/seo\/ -->\n<meta name=\"description\" content=\"Boka tid hos n\u00e5gon av mina kollegor f\u00f6r brow lift i Uppsala, som \u00e4r \u00e4nnu b\u00e4ttre p\u00e5 detta \u00e4n vad jag \u00e4r! Boka online eller ring 018 10 50 13.\" \/>\n<meta name=\"robots\" content=\"index, follow, max-snippet:-1, max-image-preview:large, max-video-preview:-1\" \/>\n<link rel=\"canonical\" href=\"https:\/\/www.imakeyousmile.se\/en\/brow-lift-i-uppsala\/\" \/>\n<meta property=\"og:locale\" content=\"en_US\" \/>\n<meta property=\"og:type\" content=\"article\" \/>\n<meta property=\"og:title\" content=\"Brow lift i Uppsala p\u00e5 salong | Imakeyousmile.se\" \/>\n<meta property=\"og:description\" content=\"Boka tid hos n\u00e5gon av mina kollegor f\u00f6r brow lift i Uppsala, som \u00e4r \u00e4nnu b\u00e4ttre p\u00e5 detta \u00e4n vad jag \u00e4r! Boka online eller ring 018 10 50 13.\" \/>\n<meta property=\"og:url\" content=\"https:\/\/www.imakeyousmile.se\/en\/brow-lift-i-uppsala\/\" \/>\n<meta property=\"og:site_name\" content=\"Imakeyousmile.se\" \/>\n<meta property=\"article:author\" content=\"https:\/\/www.facebook.com\/imakeyousmile.se\" \/>\n<meta property=\"article:published_time\" content=\"2020-08-22T03:33:15+00:00\" \/>\n<meta property=\"article:modified_time\" content=\"2020-10-28T07:35:32+00:00\" \/>\n<meta property=\"og:image\" content=\"https:\/\/www.imakeyousmile.se\/wp-content\/uploads\/2020\/08\/frida_vattenst\u00e4mpel.jpg\" \/>\n\t<meta property=\"og:image:width\" content=\"2500\" \/>\n\t<meta property=\"og:image:height\" content=\"2500\" \/>\n<meta name=\"twitter:card\" content=\"summary_large_image\" \/>\n<script type=\"application\/ld+json\" class=\"yoast-schema-graph\">{\"@context\":\"https:\/\/schema.org\",\"@graph\":[{\"@type\":\"Organization\",\"@id\":\"https:\/\/www.imakeyousmile.se\/en\/#organization\",\"name\":\"Imakeyousmile\",\"url\":\"https:\/\/www.imakeyousmile.se\/en\/\",\"sameAs\":[],\"logo\":{\"@type\":\"ImageObject\",\"@id\":\"https:\/\/www.imakeyousmile.se\/en\/#logo\",\"inLanguage\":\"en-US\",\"url\":\"https:\/\/www.imakeyousmile.se\/wp-content\/uploads\/2020\/10\/HELENA-AMILEY_SVART-1-e1603367975324.png\",\"width\":280,\"height\":93,\"caption\":\"Imakeyousmile\"},\"image\":{\"@id\":\"https:\/\/www.imakeyousmile.se\/en\/#logo\"}},{\"@type\":\"WebSite\",\"@id\":\"https:\/\/www.imakeyousmile.se\/en\/#website\",\"url\":\"https:\/\/www.imakeyousmile.se\/en\/\",\"name\":\"Imakeyousmile.se\",\"description\":\"Helena Amiley - Beauty, Entrepreneur, Lifestyle\",\"publisher\":{\"@id\":\"https:\/\/www.imakeyousmile.se\/en\/#organization\"},\"potentialAction\":[{\"@type\":\"SearchAction\",\"target\":\"https:\/\/www.imakeyousmile.se\/en\/?s={search_term_string}\",\"query-input\":\"required name=search_term_string\"}],\"inLanguage\":\"en-US\"},{\"@type\":\"ImageObject\",\"@id\":\"https:\/\/www.imakeyousmile.se\/brow-lift-i-uppsala\/#primaryimage\",\"inLanguage\":\"en-US\",\"url\":\"https:\/\/www.imakeyousmile.se\/wp-content\/uploads\/2020\/08\/frida_vattenst\\u00e4mpel.jpg\",\"width\":2500,\"height\":2500},{\"@type\":\"WebPage\",\"@id\":\"https:\/\/www.imakeyousmile.se\/brow-lift-i-uppsala\/#webpage\",\"url\":\"https:\/\/www.imakeyousmile.se\/brow-lift-i-uppsala\/\",\"name\":\"Brow lift i Uppsala p\\u00e5 salong | Imakeyousmile.se\",\"isPartOf\":{\"@id\":\"https:\/\/www.imakeyousmile.se\/en\/#website\"},\"primaryImageOfPage\":{\"@id\":\"https:\/\/www.imakeyousmile.se\/brow-lift-i-uppsala\/#primaryimage\"},\"datePublished\":\"2020-08-22T03:33:15+00:00\",\"dateModified\":\"2020-10-28T07:35:32+00:00\",\"description\":\"Boka tid hos n\\u00e5gon av mina kollegor f\\u00f6r brow lift i Uppsala, som \\u00e4r \\u00e4nnu b\\u00e4ttre p\\u00e5 detta \\u00e4n vad jag \\u00e4r! Boka online eller ring 018 10 50 13.\",\"inLanguage\":\"en-US\",\"potentialAction\":[{\"@type\":\"ReadAction\",\"target\":[\"https:\/\/www.imakeyousmile.se\/brow-lift-i-uppsala\/\"]}]},{\"@type\":\"Article\",\"@id\":\"https:\/\/www.imakeyousmile.se\/brow-lift-i-uppsala\/#article\",\"isPartOf\":{\"@id\":\"https:\/\/www.imakeyousmile.se\/brow-lift-i-uppsala\/#webpage\"},\"author\":{\"@id\":\"https:\/\/www.imakeyousmile.se\/en\/#\/schema\/person\/b0fd43b1c6bb1c60cfd68bff9b4a10fb\"},\"headline\":\"Brow lift i Uppsala p\\u00e5 salong\",\"datePublished\":\"2020-08-22T03:33:15+00:00\",\"dateModified\":\"2020-10-28T07:35:32+00:00\",\"mainEntityOfPage\":{\"@id\":\"https:\/\/www.imakeyousmile.se\/brow-lift-i-uppsala\/#webpage\"},\"commentCount\":0,\"publisher\":{\"@id\":\"https:\/\/www.imakeyousmile.se\/en\/#organization\"},\"image\":{\"@id\":\"https:\/\/www.imakeyousmile.se\/brow-lift-i-uppsala\/#primaryimage\"},\"keywords\":\"3d bryn uppsala,bli b\\u00e4ttre p\\u00e5 att sminka sig sj\\u00e4lv,brow lift f\\u00f6re efter,brow lift uppsala,browlift uppsala,brynplock uppsala,f\\u00e4rga brynen uppsala,fransar och bryn uppsala,fransf\\u00e4rg uppsala,makeupartist uppsala,permanent makeup uppsala,sminka dig sj\\u00e4lv kurs\",\"articleSection\":\"F\\u00f6re &amp; efter (kundjobb),\\u00d6gonbryn,Sminkjobb\",\"inLanguage\":\"en-US\",\"potentialAction\":[{\"@type\":\"CommentAction\",\"name\":\"Comment\",\"target\":[\"https:\/\/www.imakeyousmile.se\/brow-lift-i-uppsala\/#respond\"]}]},{\"@type\":\"Person\",\"@id\":\"https:\/\/www.imakeyousmile.se\/en\/#\/schema\/person\/b0fd43b1c6bb1c60cfd68bff9b4a10fb\",\"name\":\"Helena Amiley\",\"image\":{\"@type\":\"ImageObject\",\"@id\":\"https:\/\/www.imakeyousmile.se\/en\/#personlogo\",\"inLanguage\":\"en-US\",\"url\":\"https:\/\/secure.gravatar.com\/avatar\/5645558e1e355457a23368d7e1b4c904?s=96&d=mm&r=g\",\"caption\":\"Helena Amiley\"},\"description\":\"Jag skriver mest om sk\\u00f6nhet men bjuder \\u00e4ven p\\u00e5 glimtar fr\\u00e5n entrepren\\u00f6rlivet och bygget av v\\u00e5r egen camper van. Vanlife here we come!\",\"sameAs\":[\"https:\/\/www.facebook.com\/imakeyousmile.se\",\"https:\/\/www.instagram.com\/helenaamiley\",\"https:\/\/www.youtube.com\/channel\/UCR5iB6rvpV6Yr8ZjpQfr5mg?view_as=subscriber\"]}]}<\/script>\n<!-- \/ Yoast SEO Premium plugin. -->","_links":{"self":[{"href":"https:\/\/www.imakeyousmile.se\/en\/wp-json\/wp\/v2\/posts\/37090"}],"collection":[{"href":"https:\/\/www.imakeyousmile.se\/en\/wp-json\/wp\/v2\/posts"}],"about":[{"href":"https:\/\/www.imakeyousmile.se\/en\/wp-json\/wp\/v2\/types\/post"}],"author":[{"embeddable":true,"href":"https:\/\/www.imakeyousmile.se\/en\/wp-json\/wp\/v2\/users\/30"}],"replies":[{"embeddable":true,"href":"https:\/\/www.imakeyousmile.se\/en\/wp-json\/wp\/v2\/comments?post=37090"}],"version-history":[{"count":3,"href":"https:\/\/www.imakeyousmile.se\/en\/wp-json\/wp\/v2\/posts\/37090\/revisions"}],"predecessor-version":[{"id":37909,"href":"https:\/\/www.imakeyousmile.se\/en\/wp-json\/wp\/v2\/posts\/37090\/revisions\/37909"}],"wp:featuredmedia":[{"embeddable":true,"href":"https:\/\/www.imakeyousmile.se\/en\/wp-json\/wp\/v2\/media\/37091"}],"wp:attachment":[{"href":"https:\/\/www.imakeyousmile.se\/en\/wp-json\/wp\/v2\/media?parent=37090"}],"wp:term":[{"taxonomy":"category","embeddable":true,"href":"https:\/\/www.imakeyousmile.se\/en\/wp-json\/wp\/v2\/categories?post=37090"},{"taxonomy":"post_tag","embeddable":true,"href":"https:\/\/www.imakeyousmile.se\/en\/wp-json\/wp\/v2\/tags?post=37090"}],"curies":[{"name":"wp","href":"https:\/\/api.w.org\/{rel}","templated":true}]}}