{"id":37115,"date":"2020-08-29T19:34:20","date_gmt":"2020-08-29T17:34:20","guid":{"rendered":"http:\/\/www.imakeyousmile.se\/?p=37115"},"modified":"2020-10-28T08:25:20","modified_gmt":"2020-10-28T07:25:20","slug":"gron-ogonskugga-som-mjuk-eyeliner","status":"publish","type":"post","link":"https:\/\/www.imakeyousmile.se\/en\/green-eyeshadow-like-soft-eyeliner\/","title":{"rendered":"Green eye shadow as a soft eyeliner"},"content":{"rendered":"<p><img loading=\"lazy\" decoding=\"async\" class=\"size-full wp-image-37868 aligncenter\" src=\"https:\/\/www.imakeyousmile.se\/wp-content\/uploads\/2020\/10\/adlinks.png\" alt=\"\" width=\"512\" height=\"42\" srcset=\"https:\/\/www.imakeyousmile.se\/wp-content\/uploads\/2020\/10\/adlinks.png 512w, https:\/\/www.imakeyousmile.se\/wp-content\/uploads\/2020\/10\/adlinks-300x25.png 300w, https:\/\/www.imakeyousmile.se\/wp-content\/uploads\/2020\/10\/adlinks-16x1.png 16w\" sizes=\"(max-width: 512px) 100vw, 512px\" \/><\/p>\n<p>There are several different make-ups to do with green eye shadow, if you want to see more, try that <a href=\"https:\/\/www.imakeyousmile.se\/en\/?s=\u00f6gonskugga\">search<\/a> here in the blog. :)<\/p>\n<p>I have chosen not to print a product list in today&#039;s posts except for the eye shadow, as much is a blissful mix of any upcoming news in the webshop and homemade samples directly from the factory to my upcoming makeup brand;););) if all goes well.<\/p>\n<p>But I really like today&#039;s look! Super nice matte lipstick, green but discreet eyeliner and check what a good base day I have!<\/p>\n<p>The eye shadow that I applied as a smoky eyeliner with a wing is the green eye shadow\u00a0<a href=\"https:\/\/creativemakeup.se\/butik\/smink\/paese-glam-eyeshadow\/\">Paese Glam Eyeshadow<\/a> in shade 206!<\/p>\n<p><img loading=\"lazy\" decoding=\"async\" class=\"alignnone wp-image-37118 size-full\" src=\"https:\/\/www.imakeyousmile.se\/wp-content\/uploads\/2020\/08\/IMG_2154_111.jpg\" alt=\"green eye shadow\" width=\"2400\" height=\"2654\" srcset=\"https:\/\/www.imakeyousmile.se\/wp-content\/uploads\/2020\/08\/IMG_2154_111.jpg 2315w, https:\/\/www.imakeyousmile.se\/wp-content\/uploads\/2020\/08\/IMG_2154_111-271x300.jpg 271w, https:\/\/www.imakeyousmile.se\/wp-content\/uploads\/2020\/08\/IMG_2154_111-768x849.jpg 768w, https:\/\/www.imakeyousmile.se\/wp-content\/uploads\/2020\/08\/IMG_2154_111-926x1024.jpg 926w, https:\/\/www.imakeyousmile.se\/wp-content\/uploads\/2020\/08\/IMG_2154_111-696x770.jpg 696w, https:\/\/www.imakeyousmile.se\/wp-content\/uploads\/2020\/08\/IMG_2154_111-1068x1181.jpg 1068w, https:\/\/www.imakeyousmile.se\/wp-content\/uploads\/2020\/08\/IMG_2154_111-380x420.jpg 380w\" sizes=\"(max-width: 2400px) 100vw, 2400px\" \/><\/p>\n<p>If you would like to see more dark lipsticks in the web shop, you are welcome to shout! I myself love dark, muted colors but they usually do not sell so well - so it is a balance with how much it is worth to stock :)<\/p>\n<p><img loading=\"lazy\" decoding=\"async\" class=\"alignnone wp-image-37120 size-full\" src=\"https:\/\/www.imakeyousmile.se\/wp-content\/uploads\/2020\/08\/twogreeneyel.jpg\" alt=\"green eye shadow with eyeliner\" width=\"2400\" height=\"1197\" srcset=\"https:\/\/www.imakeyousmile.se\/wp-content\/uploads\/2020\/08\/twogreeneyel.jpg 2400w, https:\/\/www.imakeyousmile.se\/wp-content\/uploads\/2020\/08\/twogreeneyel-300x150.jpg 300w, https:\/\/www.imakeyousmile.se\/wp-content\/uploads\/2020\/08\/twogreeneyel-768x383.jpg 768w, https:\/\/www.imakeyousmile.se\/wp-content\/uploads\/2020\/08\/twogreeneyel-1024x511.jpg 1024w, https:\/\/www.imakeyousmile.se\/wp-content\/uploads\/2020\/08\/twogreeneyel-696x347.jpg 696w, https:\/\/www.imakeyousmile.se\/wp-content\/uploads\/2020\/08\/twogreeneyel-1068x533.jpg 1068w, https:\/\/www.imakeyousmile.se\/wp-content\/uploads\/2020\/08\/twogreeneyel-842x420.jpg 842w\" sizes=\"(max-width: 2400px) 100vw, 2400px\" \/><\/p>\n<p>An eyeliner does not always have to be a real eyeliner, not sharp either for that matter. Eye primer and green eye shadow applied with one <a href=\"https:\/\/www.imakeyousmile.se\/en\/allt-om-sminkborstar-fran-nanshy\/\">narrow brush<\/a> - it works just as well too!<\/p>\n<p><img loading=\"lazy\" decoding=\"async\" class=\"alignnone wp-image-37121 size-full\" src=\"https:\/\/www.imakeyousmile.se\/wp-content\/uploads\/2020\/08\/tutorialgreeneyel_111.jpg\" alt=\"step by step eye shadow\" width=\"2400\" height=\"1575\" srcset=\"https:\/\/www.imakeyousmile.se\/wp-content\/uploads\/2020\/08\/tutorialgreeneyel_111.jpg 2400w, https:\/\/www.imakeyousmile.se\/wp-content\/uploads\/2020\/08\/tutorialgreeneyel_111-300x197.jpg 300w, https:\/\/www.imakeyousmile.se\/wp-content\/uploads\/2020\/08\/tutorialgreeneyel_111-768x504.jpg 768w, https:\/\/www.imakeyousmile.se\/wp-content\/uploads\/2020\/08\/tutorialgreeneyel_111-1024x672.jpg 1024w, https:\/\/www.imakeyousmile.se\/wp-content\/uploads\/2020\/08\/tutorialgreeneyel_111-696x457.jpg 696w, https:\/\/www.imakeyousmile.se\/wp-content\/uploads\/2020\/08\/tutorialgreeneyel_111-741x486.jpg 741w, https:\/\/www.imakeyousmile.se\/wp-content\/uploads\/2020\/08\/tutorialgreeneyel_111-1068x701.jpg 1068w, https:\/\/www.imakeyousmile.se\/wp-content\/uploads\/2020\/08\/tutorialgreeneyel_111-640x420.jpg 640w\" sizes=\"(max-width: 2400px) 100vw, 2400px\" \/><\/p>\n<p>Gradually:<\/p>\n<p>The eye shadow is <a href=\"https:\/\/creativemakeup.se\/butik\/smink\/paese-glam-eyeshadow\/\">Paese Glam Eyeshadow<\/a> in shade 206!<\/p>\n<ol>\n<li>Eye primer<\/li>\n<li>Green eye shadow along the lash line<\/li>\n<li>Fade out a bit + add wing<\/li>\n<li>Fade the entire eyeliner even more<\/li>\n<li>Black mascara on the upper lashes, <a href=\"https:\/\/creativemakeup.se\/butik\/marken\/santhilea-london\/santhilea-magnetic-lash\/\">Magnetic Lash Mascara<\/a><\/li>\n<\/ol>\n<p>Five steps and you&#039;re done with this eye makeup!<\/p>\n<p><img loading=\"lazy\" decoding=\"async\" class=\"alignnone wp-image-37122 size-full\" src=\"https:\/\/www.imakeyousmile.se\/wp-content\/uploads\/2020\/08\/IMG_2176_111.jpg\" alt=\"green eyeshadow paese\" width=\"2400\" height=\"1911\" srcset=\"https:\/\/www.imakeyousmile.se\/wp-content\/uploads\/2020\/08\/IMG_2176_111.jpg 2400w, https:\/\/www.imakeyousmile.se\/wp-content\/uploads\/2020\/08\/IMG_2176_111-300x239.jpg 300w, https:\/\/www.imakeyousmile.se\/wp-content\/uploads\/2020\/08\/IMG_2176_111-768x612.jpg 768w, https:\/\/www.imakeyousmile.se\/wp-content\/uploads\/2020\/08\/IMG_2176_111-1024x815.jpg 1024w, https:\/\/www.imakeyousmile.se\/wp-content\/uploads\/2020\/08\/IMG_2176_111-696x554.jpg 696w, https:\/\/www.imakeyousmile.se\/wp-content\/uploads\/2020\/08\/IMG_2176_111-1068x850.jpg 1068w, https:\/\/www.imakeyousmile.se\/wp-content\/uploads\/2020\/08\/IMG_2176_111-527x420.jpg 527w\" sizes=\"(max-width: 2400px) 100vw, 2400px\" \/> <img loading=\"lazy\" decoding=\"async\" class=\"alignnone wp-image-37123 size-full\" src=\"https:\/\/www.imakeyousmile.se\/wp-content\/uploads\/2020\/08\/IMG_2138_111.jpg\" alt=\"discreet green makeup\" width=\"2400\" height=\"2693\" srcset=\"https:\/\/www.imakeyousmile.se\/wp-content\/uploads\/2020\/08\/IMG_2138_111.jpg 2281w, https:\/\/www.imakeyousmile.se\/wp-content\/uploads\/2020\/08\/IMG_2138_111-267x300.jpg 267w, https:\/\/www.imakeyousmile.se\/wp-content\/uploads\/2020\/08\/IMG_2138_111-768x862.jpg 768w, https:\/\/www.imakeyousmile.se\/wp-content\/uploads\/2020\/08\/IMG_2138_111-913x1024.jpg 913w, https:\/\/www.imakeyousmile.se\/wp-content\/uploads\/2020\/08\/IMG_2138_111-696x781.jpg 696w, https:\/\/www.imakeyousmile.se\/wp-content\/uploads\/2020\/08\/IMG_2138_111-1068x1198.jpg 1068w, https:\/\/www.imakeyousmile.se\/wp-content\/uploads\/2020\/08\/IMG_2138_111-374x420.jpg 374w\" sizes=\"(max-width: 2400px) 100vw, 2400px\" \/> <img loading=\"lazy\" decoding=\"async\" class=\"alignnone wp-image-37124 size-full\" src=\"https:\/\/www.imakeyousmile.se\/wp-content\/uploads\/2020\/08\/IMG_2212_111.jpg\" alt=\"discreet green eyeliner\" width=\"2400\" height=\"2724\" srcset=\"https:\/\/www.imakeyousmile.se\/wp-content\/uploads\/2020\/08\/IMG_2212_111.jpg 2256w, https:\/\/www.imakeyousmile.se\/wp-content\/uploads\/2020\/08\/IMG_2212_111-264x300.jpg 264w, https:\/\/www.imakeyousmile.se\/wp-content\/uploads\/2020\/08\/IMG_2212_111-768x872.jpg 768w, https:\/\/www.imakeyousmile.se\/wp-content\/uploads\/2020\/08\/IMG_2212_111-902x1024.jpg 902w, https:\/\/www.imakeyousmile.se\/wp-content\/uploads\/2020\/08\/IMG_2212_111-696x790.jpg 696w, https:\/\/www.imakeyousmile.se\/wp-content\/uploads\/2020\/08\/IMG_2212_111-1068x1212.jpg 1068w, https:\/\/www.imakeyousmile.se\/wp-content\/uploads\/2020\/08\/IMG_2212_111-370x420.jpg 370w\" sizes=\"(max-width: 2400px) 100vw, 2400px\" \/><\/p>\n<p>If you have requests for special <a href=\"https:\/\/www.imakeyousmile.se\/en\/mitt-artioende-i-nyarssminkningar\/\">make-up<\/a> or need help with a problem area, feel free to contact us, send a comment below. :)<\/p>\n<p>Do not forget to test that too <a href=\"https:\/\/www.imakeyousmile.se\/en\/?s=\u00f6gonskugga\">search<\/a> here in the blog.<\/p>\n<p>Hugs are! \u2665<\/p>","protected":false},"excerpt":{"rendered":"<p>Det finns flera olika sminkningar att g\u00f6ra med gr\u00f6n \u00f6gonskugga, vill ni se fler s\u00e5 testa att s\u00f6ka h\u00e4r i bloggen. :) Jag har valt att inte skriva ut produktlista i dagens inl\u00e4gg f\u00f6rutom \u00f6gonskuggan, d\u00e5 mycket \u00e4r en salig blandning av eventuellt kommande nyheter i webbshoppen samt egengjorda prover direkt fr\u00e5n fabrik till mitt [&hellip;]<\/p>\n","protected":false},"author":30,"featured_media":37125,"comment_status":"open","ping_status":"closed","sticky":false,"template":"","format":"standard","meta":{"footnotes":""},"categories":[2828,2827,2623],"tags":[4045,963,1985,5266,4869,1604,3544,6984,2963,1774,6967,2748,56,6628,4380,5202,54,52,407,629,5265],"class_list":["post-37115","post","type-post","status-publish","format-standard","has-post-thumbnail","hentry","category-fargstarka-sminkningar","category-vardagssminkningar","category-sminkningar","tag-beauty-blog","tag-colorful-makeup","tag-creative-makeup","tag-dark-red-lips","tag-everyday-makeup","tag-fargstark-sminkning","tag-green-eyeliner","tag-green-eyesadow","tag-gron-eyeliner","tag-gron-ogonskugga","tag-helena-maria-academy-of-makeup","tag-kreativ-sminkning","tag-makeup-blog","tag-paese-glam","tag-pictorial","tag-skonhetsskribent","tag-sminkblogg","tag-steg-for-steg-2","tag-tutorial","tag-vardagssminkning","tag-vinroda-lappar"],"yoast_head":"<!-- This site is optimized with the Yoast SEO Premium plugin v14.9 - https:\/\/yoast.com\/wordpress\/plugins\/seo\/ -->\n<meta name=\"description\" content=\"Men jag gillar verkligen dagens look! Superfint matt l\u00e4ppstift, gr\u00f6n \u00f6gonskugga men diskret eyeliner och kolla vilken good base day jag har!\" \/>\n<meta name=\"robots\" content=\"index, follow, max-snippet:-1, max-image-preview:large, max-video-preview:-1\" \/>\n<link rel=\"canonical\" href=\"https:\/\/www.imakeyousmile.se\/en\/gron-ogonskugga-som-mjuk-eyeliner\/\" \/>\n<meta property=\"og:locale\" content=\"en_US\" \/>\n<meta property=\"og:type\" content=\"article\" \/>\n<meta property=\"og:title\" content=\"Gr\u00f6n \u00f6gonskugga som mjuk eyeliner | Imakeyousmile.se\" \/>\n<meta property=\"og:description\" content=\"Men jag gillar verkligen dagens look! Superfint matt l\u00e4ppstift, gr\u00f6n \u00f6gonskugga men diskret eyeliner och kolla vilken good base day jag har!\" \/>\n<meta property=\"og:url\" content=\"https:\/\/www.imakeyousmile.se\/en\/gron-ogonskugga-som-mjuk-eyeliner\/\" \/>\n<meta property=\"og:site_name\" content=\"Imakeyousmile.se\" \/>\n<meta property=\"article:author\" content=\"https:\/\/www.facebook.com\/imakeyousmile.se\" \/>\n<meta property=\"article:published_time\" content=\"2020-08-29T17:34:20+00:00\" \/>\n<meta property=\"article:modified_time\" content=\"2020-10-28T07:25:20+00:00\" \/>\n<meta property=\"og:image\" content=\"https:\/\/www.imakeyousmile.se\/wp-content\/uploads\/2020\/08\/IMG_2118_111.jpg\" \/>\n\t<meta property=\"og:image:width\" content=\"2400\" \/>\n\t<meta property=\"og:image:height\" content=\"1904\" \/>\n<meta name=\"twitter:card\" content=\"summary_large_image\" \/>\n<script type=\"application\/ld+json\" class=\"yoast-schema-graph\">{\"@context\":\"https:\/\/schema.org\",\"@graph\":[{\"@type\":\"Organization\",\"@id\":\"https:\/\/www.imakeyousmile.se\/en\/#organization\",\"name\":\"Imakeyousmile\",\"url\":\"https:\/\/www.imakeyousmile.se\/en\/\",\"sameAs\":[],\"logo\":{\"@type\":\"ImageObject\",\"@id\":\"https:\/\/www.imakeyousmile.se\/en\/#logo\",\"inLanguage\":\"en-US\",\"url\":\"https:\/\/www.imakeyousmile.se\/wp-content\/uploads\/2020\/10\/HELENA-AMILEY_SVART-1-e1603367975324.png\",\"width\":280,\"height\":93,\"caption\":\"Imakeyousmile\"},\"image\":{\"@id\":\"https:\/\/www.imakeyousmile.se\/en\/#logo\"}},{\"@type\":\"WebSite\",\"@id\":\"https:\/\/www.imakeyousmile.se\/en\/#website\",\"url\":\"https:\/\/www.imakeyousmile.se\/en\/\",\"name\":\"Imakeyousmile.se\",\"description\":\"Helena Amiley - Beauty, Entrepreneur, Lifestyle\",\"publisher\":{\"@id\":\"https:\/\/www.imakeyousmile.se\/en\/#organization\"},\"potentialAction\":[{\"@type\":\"SearchAction\",\"target\":\"https:\/\/www.imakeyousmile.se\/en\/?s={search_term_string}\",\"query-input\":\"required name=search_term_string\"}],\"inLanguage\":\"en-US\"},{\"@type\":\"ImageObject\",\"@id\":\"https:\/\/www.imakeyousmile.se\/gron-ogonskugga-som-mjuk-eyeliner\/#primaryimage\",\"inLanguage\":\"en-US\",\"url\":\"https:\/\/www.imakeyousmile.se\/wp-content\/uploads\/2020\/08\/IMG_2118_111.jpg\",\"width\":2400,\"height\":1904},{\"@type\":\"WebPage\",\"@id\":\"https:\/\/www.imakeyousmile.se\/gron-ogonskugga-som-mjuk-eyeliner\/#webpage\",\"url\":\"https:\/\/www.imakeyousmile.se\/gron-ogonskugga-som-mjuk-eyeliner\/\",\"name\":\"Gr\\u00f6n \\u00f6gonskugga som mjuk eyeliner | Imakeyousmile.se\",\"isPartOf\":{\"@id\":\"https:\/\/www.imakeyousmile.se\/en\/#website\"},\"primaryImageOfPage\":{\"@id\":\"https:\/\/www.imakeyousmile.se\/gron-ogonskugga-som-mjuk-eyeliner\/#primaryimage\"},\"datePublished\":\"2020-08-29T17:34:20+00:00\",\"dateModified\":\"2020-10-28T07:25:20+00:00\",\"description\":\"Men jag gillar verkligen dagens look! Superfint matt l\\u00e4ppstift, gr\\u00f6n \\u00f6gonskugga men diskret eyeliner och kolla vilken good base day jag har!\",\"inLanguage\":\"en-US\",\"potentialAction\":[{\"@type\":\"ReadAction\",\"target\":[\"https:\/\/www.imakeyousmile.se\/gron-ogonskugga-som-mjuk-eyeliner\/\"]}]},{\"@type\":\"Article\",\"@id\":\"https:\/\/www.imakeyousmile.se\/gron-ogonskugga-som-mjuk-eyeliner\/#article\",\"isPartOf\":{\"@id\":\"https:\/\/www.imakeyousmile.se\/gron-ogonskugga-som-mjuk-eyeliner\/#webpage\"},\"author\":{\"@id\":\"https:\/\/www.imakeyousmile.se\/en\/#\/schema\/person\/b0fd43b1c6bb1c60cfd68bff9b4a10fb\"},\"headline\":\"Gr\\u00f6n \\u00f6gonskugga som mjuk eyeliner\",\"datePublished\":\"2020-08-29T17:34:20+00:00\",\"dateModified\":\"2020-10-28T07:25:20+00:00\",\"mainEntityOfPage\":{\"@id\":\"https:\/\/www.imakeyousmile.se\/gron-ogonskugga-som-mjuk-eyeliner\/#webpage\"},\"commentCount\":0,\"publisher\":{\"@id\":\"https:\/\/www.imakeyousmile.se\/en\/#organization\"},\"image\":{\"@id\":\"https:\/\/www.imakeyousmile.se\/gron-ogonskugga-som-mjuk-eyeliner\/#primaryimage\"},\"keywords\":\"beauty blog,colorful makeup,creative makeup,dark red lips,everyday makeup,f\\u00e4rgstark sminkning,green eyeliner,green eyesadow,gr\\u00f6n eyeliner,gr\\u00f6n \\u00f6gonskugga,Helena Maria Academy of Makeup,kreativ sminkning,makeup blog,paese glam,pictorial,sk\\u00f6nhetsskribent,sminkblogg,steg f\\u00f6r steg,tutorial,vardagssminkning,vinr\\u00f6da l\\u00e4ppar\",\"articleSection\":\"F\\u00e4rgstarka sminkningar,Neutrala \/ milda sminkningar,Sminkningar\",\"inLanguage\":\"en-US\",\"potentialAction\":[{\"@type\":\"CommentAction\",\"name\":\"Comment\",\"target\":[\"https:\/\/www.imakeyousmile.se\/gron-ogonskugga-som-mjuk-eyeliner\/#respond\"]}]},{\"@type\":\"Person\",\"@id\":\"https:\/\/www.imakeyousmile.se\/en\/#\/schema\/person\/b0fd43b1c6bb1c60cfd68bff9b4a10fb\",\"name\":\"Helena Amiley\",\"image\":{\"@type\":\"ImageObject\",\"@id\":\"https:\/\/www.imakeyousmile.se\/en\/#personlogo\",\"inLanguage\":\"en-US\",\"url\":\"https:\/\/secure.gravatar.com\/avatar\/5645558e1e355457a23368d7e1b4c904?s=96&d=mm&r=g\",\"caption\":\"Helena Amiley\"},\"description\":\"Jag skriver mest om sk\\u00f6nhet men bjuder \\u00e4ven p\\u00e5 glimtar fr\\u00e5n entrepren\\u00f6rlivet och bygget av v\\u00e5r egen camper van. Vanlife here we come!\",\"sameAs\":[\"https:\/\/www.facebook.com\/imakeyousmile.se\",\"https:\/\/www.instagram.com\/helenaamiley\",\"https:\/\/www.youtube.com\/channel\/UCR5iB6rvpV6Yr8ZjpQfr5mg?view_as=subscriber\"]}]}<\/script>\n<!-- \/ Yoast SEO Premium plugin. -->","_links":{"self":[{"href":"https:\/\/www.imakeyousmile.se\/en\/wp-json\/wp\/v2\/posts\/37115"}],"collection":[{"href":"https:\/\/www.imakeyousmile.se\/en\/wp-json\/wp\/v2\/posts"}],"about":[{"href":"https:\/\/www.imakeyousmile.se\/en\/wp-json\/wp\/v2\/types\/post"}],"author":[{"embeddable":true,"href":"https:\/\/www.imakeyousmile.se\/en\/wp-json\/wp\/v2\/users\/30"}],"replies":[{"embeddable":true,"href":"https:\/\/www.imakeyousmile.se\/en\/wp-json\/wp\/v2\/comments?post=37115"}],"version-history":[{"count":6,"href":"https:\/\/www.imakeyousmile.se\/en\/wp-json\/wp\/v2\/posts\/37115\/revisions"}],"predecessor-version":[{"id":37882,"href":"https:\/\/www.imakeyousmile.se\/en\/wp-json\/wp\/v2\/posts\/37115\/revisions\/37882"}],"wp:featuredmedia":[{"embeddable":true,"href":"https:\/\/www.imakeyousmile.se\/en\/wp-json\/wp\/v2\/media\/37125"}],"wp:attachment":[{"href":"https:\/\/www.imakeyousmile.se\/en\/wp-json\/wp\/v2\/media?parent=37115"}],"wp:term":[{"taxonomy":"category","embeddable":true,"href":"https:\/\/www.imakeyousmile.se\/en\/wp-json\/wp\/v2\/categories?post=37115"},{"taxonomy":"post_tag","embeddable":true,"href":"https:\/\/www.imakeyousmile.se\/en\/wp-json\/wp\/v2\/tags?post=37115"}],"curies":[{"name":"wp","href":"https:\/\/api.w.org\/{rel}","templated":true}]}}