{"id":3731,"date":"2015-04-11T10:58:00","date_gmt":"2015-04-11T08:58:00","guid":{"rendered":"http:\/\/finest.se\/helenaronnblad\/?p=3731"},"modified":"2015-04-19T10:28:51","modified_gmt":"2015-04-19T08:28:51","slug":"nyhet-ekologisk-brun-utan-sol","status":"publish","type":"post","link":"https:\/\/www.imakeyousmile.se\/en\/novelty-organic-brown-without-sun\/","title":{"rendered":"New - Organic brown without sun!"},"content":{"rendered":"<p>Now spring is here and it will not be until you change from the winter clothes and show more and more skin the closer we get to summer :)<\/p>\n<p>Therefore, it does not feel like a better timing for this news on Byher.se - <a href=\"http:\/\/creativemakeup.se\/produkt\/eco-by-sonya-invisible-tan\/\" target=\"_blank\">Eco By Sonya Invisible Tan<\/a> than one <strong>ecological<\/strong> Brown without sun!<\/p>\n<p>Tan without the sun works like a regular skin lotion and you get results after about 6-8 hours. It is super easy to use, gives an incredibly fine result, is sufficient for several lubrications and the ingredients are 100% natural!<\/p>\n<p>Eco By Sonya is a brand from Australia that started &quot;thanks&quot; to the fact that the founder&#039;s sister got skin cancer due to too much sunbathing. Ugh how awful! But today she feels relatively well as I have understood it, and out of this still came something positive - because there was born the idea of a tan without sun that not only does a good job, but is also good for the skin and the environment! :)<\/p>\n<p><a href=\"http:\/\/cdn.finest.se\/wp-content\/uploads\/sites\/7701\/2015\/04\/1428740642-7902.jpg\"><img loading=\"lazy\" decoding=\"async\" class=\"alignnone size-full wp-image-3733\" src=\"http:\/\/cdn.finest.se\/wp-content\/uploads\/sites\/7701\/2015\/04\/1428740642-7902.jpg\" alt=\"eco-by-sonya-before-after - copy\" width=\"1000\" height=\"681\" \/><\/a><\/p>\n<p>Super nice result huh? I have this even and nice burn all over my body!<\/p>\n<p>This is after a lubrication, you get a nice and clear burn that at the same time looks incredibly natural! The shade is warm and fresh without turning orange, and the color is naturally obtained from cocoa.<\/p>\n<p>The first time I tested it, I had just started working at the salon, and my best friend Frida came in to say hello. And after a while she said &quot;there is something about the light in here, because you look incredibly brown!&quot;. There you have proof of how natural the result looked, she knew that I do not sunbathe solarium but did not have a thought that it was a tan without sun either :)<\/p>\n<p>In addition to a nice color, you also get an incredibly caring result, and even if you are dry in some areas, it still does not get darker there, but still even and nice.<\/p>\n<p>My sister has tested it too, and she had dry eczema-like areas on her arm that completely disappeared after just one use! And yet the color was even where she had been so dry.<\/p>\n<p><a href=\"http:\/\/cdn.finest.se\/wp-content\/uploads\/sites\/7701\/2015\/04\/1428741182-7902.jpg\"><img loading=\"lazy\" decoding=\"async\" class=\"alignnone size-full wp-image-3736\" src=\"http:\/\/cdn.finest.se\/wp-content\/uploads\/sites\/7701\/2015\/04\/1428741182-7902.jpg\" alt=\"eco-by-sonya-invisible-tan\" width=\"1000\" height=\"948\" \/><\/a><\/p>\n<p>One package contains 150 ml and is enough for several lubrications, about 5 pieces, but for me it is enough for many more. It depends of course on the body size, I am only 1.60 tall :)<\/p>\n<p>The ingredients are 100% natural and very caring for the skin! The lotion contains extracts from chamomile, honeysuckle, and grapes, as well as rose oil, avocado oil, cocoa and aloe vera.<\/p>\n<p>The ingredient that activates the skin is\u00a0<span style=\"color: #333333\">dihydroxyacetone, which in this lotion is organically certified!<\/span><\/p>\n<p><span style=\"color: #333333\">Costs SEK 449 and is now available for purchase\u00a0<a href=\"http:\/\/creativemakeup.se\/produkt\/eco-by-sonya-invisible-tan\/\" target=\"_blank\">Byher.se<\/a>\u00a0:)<\/span><\/p>\n<p><a href=\"http:\/\/cdn.finest.se\/wp-content\/uploads\/sites\/7701\/2015\/04\/1428740483-7902.jpg\"><img loading=\"lazy\" decoding=\"async\" class=\"alignnone size-full wp-image-3735\" src=\"http:\/\/cdn.finest.se\/wp-content\/uploads\/sites\/7701\/2015\/04\/1428740483-7902.jpg\" alt=\"organic-brown-without-sun\" width=\"1000\" height=\"536\" \/><\/a><\/p>\n<p>Brown without the sun can also be used on the face as you can see!<\/p>\n<p><a style=\"color: #0f3647\" href=\"http:\/\/cdn.finest.se\/wp-content\/uploads\/sites\/7701\/2015\/04\/1428740640-7902.jpg\"><img loading=\"lazy\" decoding=\"async\" class=\"alignnone size-full wp-image-3732\" src=\"http:\/\/cdn.finest.se\/wp-content\/uploads\/sites\/7701\/2015\/04\/1428740640-7902.jpg\" alt=\"brown-without-sun-on-hands-before-after\" width=\"1000\" height=\"408\" \/><\/a><\/p>\n<p>I will soon write a more detailed post on how to use tan without sun and lots of such tips!<\/p>\n<p>If you have any questions before that, shout it out and I will answer it in the next bus post :)<\/p>\n<p>Hug! \u2665<\/p>","protected":false},"excerpt":{"rendered":"<p>Nu \u00e4r v\u00e5ren h\u00e4r och det st\u00e5r inte p\u00e5 f\u00f6rr\u00e4n man svirar om fr\u00e5n vinterkl\u00e4derna och visar mer och mer hud ju n\u00e4rmare sommaren vi kommer :) D\u00e4rf\u00f6r k\u00e4nns det inte som en b\u00e4ttre tajming f\u00f6r denna nyhet\u00a0p\u00e5 Byher.se &#8211; Eco By Sonya Invisible Tan \u00e4n en ekologisk brun utan sol! Brun utan solen fungerar [&hellip;]<\/p>\n","protected":false},"author":30,"featured_media":0,"comment_status":"open","ping_status":"open","sticky":false,"template":"","format":"standard","meta":{"footnotes":""},"categories":[59],"tags":[3405,3406],"class_list":["post-3731","post","type-post","status-publish","format-standard","hentry","category-recensioner-produkttips","tag-eco-by-sonya","tag-ekologisk-brun-utan-sol"],"yoast_head":"<!-- This site is optimized with the Yoast SEO Premium plugin v14.9 - https:\/\/yoast.com\/wordpress\/plugins\/seo\/ -->\n<meta name=\"description\" content=\"Nyhet - Ekologisk brun utan sol! | Helena Amiley - H\u00e4r hittar du senaste infromation om sk\u00f6nhet, livsstil, entrepren\u00f6rskap, makeup &amp; tips.\" \/>\n<meta name=\"robots\" content=\"index, follow, max-snippet:-1, max-image-preview:large, max-video-preview:-1\" \/>\n<link rel=\"canonical\" href=\"https:\/\/www.imakeyousmile.se\/en\/nyhet-ekologisk-brun-utan-sol\/\" \/>\n<meta property=\"og:locale\" content=\"en_US\" \/>\n<meta property=\"og:type\" content=\"article\" \/>\n<meta property=\"og:title\" content=\"Nyhet - Ekologisk brun utan sol! | Imakeyousmile.se\" \/>\n<meta property=\"og:description\" content=\"Nyhet - Ekologisk brun utan sol! | Helena Amiley - H\u00e4r hittar du senaste infromation om sk\u00f6nhet, livsstil, entrepren\u00f6rskap, makeup &amp; tips.\" \/>\n<meta property=\"og:url\" content=\"https:\/\/www.imakeyousmile.se\/en\/nyhet-ekologisk-brun-utan-sol\/\" \/>\n<meta property=\"og:site_name\" content=\"Imakeyousmile.se\" \/>\n<meta property=\"article:author\" content=\"https:\/\/www.facebook.com\/imakeyousmile.se\" \/>\n<meta property=\"article:published_time\" content=\"2015-04-11T08:58:00+00:00\" \/>\n<meta property=\"article:modified_time\" content=\"2015-04-19T08:28:51+00:00\" \/>\n<meta property=\"og:image\" content=\"http:\/\/cdn.finest.se\/wp-content\/uploads\/sites\/7701\/2015\/04\/1428740642-7902.jpg\" \/>\n<meta name=\"twitter:card\" content=\"summary_large_image\" \/>\n<script type=\"application\/ld+json\" class=\"yoast-schema-graph\">{\"@context\":\"https:\/\/schema.org\",\"@graph\":[{\"@type\":\"Organization\",\"@id\":\"https:\/\/www.imakeyousmile.se\/en\/#organization\",\"name\":\"Imakeyousmile\",\"url\":\"https:\/\/www.imakeyousmile.se\/en\/\",\"sameAs\":[],\"logo\":{\"@type\":\"ImageObject\",\"@id\":\"https:\/\/www.imakeyousmile.se\/en\/#logo\",\"inLanguage\":\"en-US\",\"url\":\"https:\/\/www.imakeyousmile.se\/wp-content\/uploads\/2020\/10\/HELENA-AMILEY_SVART-1-e1603367975324.png\",\"width\":280,\"height\":93,\"caption\":\"Imakeyousmile\"},\"image\":{\"@id\":\"https:\/\/www.imakeyousmile.se\/en\/#logo\"}},{\"@type\":\"WebSite\",\"@id\":\"https:\/\/www.imakeyousmile.se\/en\/#website\",\"url\":\"https:\/\/www.imakeyousmile.se\/en\/\",\"name\":\"Imakeyousmile.se\",\"description\":\"Helena Amiley - Beauty, Entrepreneur, Lifestyle\",\"publisher\":{\"@id\":\"https:\/\/www.imakeyousmile.se\/en\/#organization\"},\"potentialAction\":[{\"@type\":\"SearchAction\",\"target\":\"https:\/\/www.imakeyousmile.se\/en\/?s={search_term_string}\",\"query-input\":\"required name=search_term_string\"}],\"inLanguage\":\"en-US\"},{\"@type\":\"ImageObject\",\"@id\":\"https:\/\/www.imakeyousmile.se\/nyhet-ekologisk-brun-utan-sol\/#primaryimage\",\"inLanguage\":\"en-US\",\"url\":\"http:\/\/cdn.finest.se\/wp-content\/uploads\/sites\/7701\/2015\/04\/1428740642-7902.jpg\"},{\"@type\":\"WebPage\",\"@id\":\"https:\/\/www.imakeyousmile.se\/nyhet-ekologisk-brun-utan-sol\/#webpage\",\"url\":\"https:\/\/www.imakeyousmile.se\/nyhet-ekologisk-brun-utan-sol\/\",\"name\":\"Nyhet - Ekologisk brun utan sol! | Imakeyousmile.se\",\"isPartOf\":{\"@id\":\"https:\/\/www.imakeyousmile.se\/en\/#website\"},\"primaryImageOfPage\":{\"@id\":\"https:\/\/www.imakeyousmile.se\/nyhet-ekologisk-brun-utan-sol\/#primaryimage\"},\"datePublished\":\"2015-04-11T08:58:00+00:00\",\"dateModified\":\"2015-04-19T08:28:51+00:00\",\"description\":\"Nyhet - Ekologisk brun utan sol! | Helena Amiley - H\\u00e4r hittar du senaste infromation om sk\\u00f6nhet, livsstil, entrepren\\u00f6rskap, makeup & tips.\",\"inLanguage\":\"en-US\",\"potentialAction\":[{\"@type\":\"ReadAction\",\"target\":[\"https:\/\/www.imakeyousmile.se\/nyhet-ekologisk-brun-utan-sol\/\"]}]},{\"@type\":\"Article\",\"@id\":\"https:\/\/www.imakeyousmile.se\/nyhet-ekologisk-brun-utan-sol\/#article\",\"isPartOf\":{\"@id\":\"https:\/\/www.imakeyousmile.se\/nyhet-ekologisk-brun-utan-sol\/#webpage\"},\"author\":{\"@id\":\"https:\/\/www.imakeyousmile.se\/en\/#\/schema\/person\/b0fd43b1c6bb1c60cfd68bff9b4a10fb\"},\"headline\":\"Nyhet &#8211; Ekologisk brun utan sol!\",\"datePublished\":\"2015-04-11T08:58:00+00:00\",\"dateModified\":\"2015-04-19T08:28:51+00:00\",\"mainEntityOfPage\":{\"@id\":\"https:\/\/www.imakeyousmile.se\/nyhet-ekologisk-brun-utan-sol\/#webpage\"},\"commentCount\":1,\"publisher\":{\"@id\":\"https:\/\/www.imakeyousmile.se\/en\/#organization\"},\"image\":{\"@id\":\"https:\/\/www.imakeyousmile.se\/nyhet-ekologisk-brun-utan-sol\/#primaryimage\"},\"keywords\":\"eco by sonya,ekologisk brun utan sol\",\"articleSection\":\"Recensioner &amp; Produkttips\",\"inLanguage\":\"en-US\",\"potentialAction\":[{\"@type\":\"CommentAction\",\"name\":\"Comment\",\"target\":[\"https:\/\/www.imakeyousmile.se\/nyhet-ekologisk-brun-utan-sol\/#respond\"]}]},{\"@type\":\"Person\",\"@id\":\"https:\/\/www.imakeyousmile.se\/en\/#\/schema\/person\/b0fd43b1c6bb1c60cfd68bff9b4a10fb\",\"name\":\"Helena Amiley\",\"image\":{\"@type\":\"ImageObject\",\"@id\":\"https:\/\/www.imakeyousmile.se\/en\/#personlogo\",\"inLanguage\":\"en-US\",\"url\":\"https:\/\/secure.gravatar.com\/avatar\/5645558e1e355457a23368d7e1b4c904?s=96&d=mm&r=g\",\"caption\":\"Helena Amiley\"},\"description\":\"Jag skriver mest om sk\\u00f6nhet men bjuder \\u00e4ven p\\u00e5 glimtar fr\\u00e5n entrepren\\u00f6rlivet och bygget av v\\u00e5r egen camper van. Vanlife here we come!\",\"sameAs\":[\"https:\/\/www.facebook.com\/imakeyousmile.se\",\"https:\/\/www.instagram.com\/helenaamiley\",\"https:\/\/www.youtube.com\/channel\/UCR5iB6rvpV6Yr8ZjpQfr5mg?view_as=subscriber\"]}]}<\/script>\n<!-- \/ Yoast SEO Premium plugin. -->","_links":{"self":[{"href":"https:\/\/www.imakeyousmile.se\/en\/wp-json\/wp\/v2\/posts\/3731"}],"collection":[{"href":"https:\/\/www.imakeyousmile.se\/en\/wp-json\/wp\/v2\/posts"}],"about":[{"href":"https:\/\/www.imakeyousmile.se\/en\/wp-json\/wp\/v2\/types\/post"}],"author":[{"embeddable":true,"href":"https:\/\/www.imakeyousmile.se\/en\/wp-json\/wp\/v2\/users\/30"}],"replies":[{"embeddable":true,"href":"https:\/\/www.imakeyousmile.se\/en\/wp-json\/wp\/v2\/comments?post=3731"}],"version-history":[{"count":1,"href":"https:\/\/www.imakeyousmile.se\/en\/wp-json\/wp\/v2\/posts\/3731\/revisions"}],"predecessor-version":[{"id":19466,"href":"https:\/\/www.imakeyousmile.se\/en\/wp-json\/wp\/v2\/posts\/3731\/revisions\/19466"}],"wp:attachment":[{"href":"https:\/\/www.imakeyousmile.se\/en\/wp-json\/wp\/v2\/media?parent=3731"}],"wp:term":[{"taxonomy":"category","embeddable":true,"href":"https:\/\/www.imakeyousmile.se\/en\/wp-json\/wp\/v2\/categories?post=3731"},{"taxonomy":"post_tag","embeddable":true,"href":"https:\/\/www.imakeyousmile.se\/en\/wp-json\/wp\/v2\/tags?post=3731"}],"curies":[{"name":"wp","href":"https:\/\/api.w.org\/{rel}","templated":true}]}}