{"id":40235,"date":"2021-06-09T16:18:10","date_gmt":"2021-06-09T14:18:10","guid":{"rendered":"https:\/\/www.imakeyousmile.se\/?p=40235"},"modified":"2021-06-09T16:48:56","modified_gmt":"2021-06-09T14:48:56","slug":"slutar-pa-creative-makeup","status":"publish","type":"post","link":"https:\/\/www.imakeyousmile.se\/en\/stop-at-creative-makeup\/","title":{"rendered":"We stop at Creative Makeup!"},"content":{"rendered":"<p><em>It&#039;s like the end of an era.<\/em><\/p>\n<p>It&#039;s not often you feel that way: &#039;) but now I do! This is because Miska and I stop at Creative Makeup!<\/p>\n<p>Annika and the rest of the team will continue to run the salon and the webshop, only Miska and I will stop \u2665<\/p>\n<p>Miska and I started my web shop in 2012 with a start-up capital of SEK 23,000, which has since grown into the product stock and sales we have today. Great! My webshop byher.se (&quot;here&quot; as in <strong>He<\/strong>lena <strong>R<\/strong>\u00f6nnblad) was then an individual company then became By Her AB - which today is a limited company that runs an entire beauty salon with employees.<\/p>\n<p>What a journey it has been! On the one hand, it feels like I&#039;m leaving my baby behind and thinking. \u201d<em>what have we done? How is this going to go?<\/em>? \u201d. On the other hand, I feel like I&#039;m done with this chapter and welcome the change! :)<\/p>\n<p><em><img loading=\"lazy\" decoding=\"async\" class=\"alignnone size-large wp-image-40250\" src=\"https:\/\/www.imakeyousmile.se\/wp-content\/uploads\/2021\/05\/IMG_0305_blogg-998x1024.jpg\" alt=\"\" width=\"696\" height=\"714\" srcset=\"https:\/\/www.imakeyousmile.se\/wp-content\/uploads\/2021\/05\/IMG_0305_blogg-998x1024.jpg 998w, https:\/\/www.imakeyousmile.se\/wp-content\/uploads\/2021\/05\/IMG_0305_blogg-292x300.jpg 292w, https:\/\/www.imakeyousmile.se\/wp-content\/uploads\/2021\/05\/IMG_0305_blogg-768x788.jpg 768w, https:\/\/www.imakeyousmile.se\/wp-content\/uploads\/2021\/05\/IMG_0305_blogg-12x12.jpg 12w, https:\/\/www.imakeyousmile.se\/wp-content\/uploads\/2021\/05\/IMG_0305_blogg-696x714.jpg 696w, https:\/\/www.imakeyousmile.se\/wp-content\/uploads\/2021\/05\/IMG_0305_blogg-409x420.jpg 409w, https:\/\/www.imakeyousmile.se\/wp-content\/uploads\/2021\/05\/IMG_0305_blogg-356x364.jpg 356w, https:\/\/www.imakeyousmile.se\/wp-content\/uploads\/2021\/05\/IMG_0305_blogg.jpg 1000w\" sizes=\"(max-width: 696px) 100vw, 696px\" \/><\/em><\/p>\n<p>We published this picture today on Creative Makeup&#039;s social channels and wrote a &quot;goodbye message&quot; from me and Miska. It feels <em>!!<\/em><\/p>\n<h4>Why do we stop?<\/h4>\n<p>That we made this decision is a mixture of several reasons. It is not a spontaneous decision but has been growing for about 1.5 years!<\/p>\n<p>Partly it&#039;s because I&#039;m starting a brand new makeup brand, which is a full time job just that. I do not have time to develop Creative Makeup and do not like to do things half-heartedly.<\/p>\n<p>I started the webshop because I thought it was super fun, I love products!<\/p>\n<p>To then merge with the salon, however, I did not do because I so wanted to run a salon, but because I wanted to build a self-employed business to have a secure salary and at the same time time left to start what I really want to do - a own make-up brand. A goal I had for over 6 years, in other words! :)<\/p>\n<p>The result, however, was that the salon took so much time and focus that what I thought was most fun, the web shop, suffered. Which is totally okay - I have learned so INCREDIBLY much from the salon and do not regret a single second! :) We had a lot of fun!<\/p>\n<p>But 1.5 years ago, it struck me that I ran a salon that I knew I would not continue to work with in the future, it has never been my goal. And an online shop that I do not feel as strongly about anymore as I did not have time to develop it as much as I wanted.<\/p>\n<p>And as I said, I do not like to do things half-heartedly! So we then had two choices; stop Creative Makeup and do something else, or start developing again with new product news, marketing and make the webshop fun again! We chose the latter! I am a fighter, haha! :)<\/p>\n<p>But just when we were going to invest in new products, marketing, etc., the pandemic came. The buffer was instead used for the salon to survive. My and Miska&#039;s salary has been minimal for a very long time. The company is doing well financially\u00a0<em>if<\/em> me and Miska do not take pay. Being an entrepreneur means that you sometimes need to work a lot for free to get a return later. But if you feel that there is nothing &quot;later&quot;, it fails completely.<\/p>\n<p>In other words, we realized that it is better for everyone to &quot;hand over my baby&quot; to my colleagues right now and instead put all the gunpowder on the makeup brand I develop! :)<\/p>\n<p><img loading=\"lazy\" decoding=\"async\" class=\"alignnone size-large wp-image-40245\" src=\"https:\/\/www.imakeyousmile.se\/wp-content\/uploads\/2021\/05\/IMG_3508-1068x1166_111-1024x948.jpg\" alt=\"\" width=\"696\" height=\"644\" srcset=\"https:\/\/www.imakeyousmile.se\/wp-content\/uploads\/2021\/05\/IMG_3508-1068x1166_111-1024x948.jpg 1024w, https:\/\/www.imakeyousmile.se\/wp-content\/uploads\/2021\/05\/IMG_3508-1068x1166_111-300x278.jpg 300w, https:\/\/www.imakeyousmile.se\/wp-content\/uploads\/2021\/05\/IMG_3508-1068x1166_111-768x711.jpg 768w, https:\/\/www.imakeyousmile.se\/wp-content\/uploads\/2021\/05\/IMG_3508-1068x1166_111-13x12.jpg 13w, https:\/\/www.imakeyousmile.se\/wp-content\/uploads\/2021\/05\/IMG_3508-1068x1166_111-696x645.jpg 696w, https:\/\/www.imakeyousmile.se\/wp-content\/uploads\/2021\/05\/IMG_3508-1068x1166_111-454x420.jpg 454w, https:\/\/www.imakeyousmile.se\/wp-content\/uploads\/2021\/05\/IMG_3508-1068x1166_111.jpg 1068w\" sizes=\"(max-width: 696px) 100vw, 696px\" \/><\/p>\n<p>You have worked a lot, believe me! ;)<\/p>\n<h4>How does it feel?<\/h4>\n<p>It&#039;s really mixed feelings! Partly scary financially, there is a while left before I can take a salary from the makeup brand. I also do not have time for a job in the meantime, with fixed working hours and so on, but must be able to work remotely with freelance assignments.<\/p>\n<p>At the same time, change feels good! I do not like when things go in the same rut. And everything works out!<\/p>\n<p>But also nostalgic, I have met my regular customers more often than I meet my friends, they ARE my friends, haha!<\/p>\n<p>And so my fine colleagues that I have grown with for several years, I have grown and they have grown!<\/p>\n<p>I see myself as a pretty good boss at the moment, but when I started at Creative Makeup I was not! I started my own company the same year I graduated and had barely even been employed myself. I did not even know the basics :) I was 22 years old and when my first employees asked \u201c<em>am I free on red days<\/em>? \u201d so I answered \u201d<em>uh I do not know<\/em>&quot; Lol.<\/p>\n<p>We have also &quot;floated away&quot; from the salon over and over for a long time, so it is not like pulling off a patch immediately. 2.5 years ago we started working from home (due to relocation and we no longer had an office at the salon) and for two years I was at the salon only 1-2 days \/ week and took regular customers. But due to the pandemic, I have not even done it now, have not had customers since January!<\/p>\n<p>So it would probably have felt stranger if we had stopped 2.5 years ago when I worked at the salon every day :) But now, as I said, it is very mixed, there is a lot I could be stressed about if I allowed myself - but I say myself that everything will only get better!<\/p>\n<p><img loading=\"lazy\" decoding=\"async\" class=\"alignnone size-large wp-image-40246\" src=\"https:\/\/www.imakeyousmile.se\/wp-content\/uploads\/2021\/05\/IMG_6977_111-1068x559_111-1024x536.jpg\" alt=\"\" width=\"696\" height=\"364\" srcset=\"https:\/\/www.imakeyousmile.se\/wp-content\/uploads\/2021\/05\/IMG_6977_111-1068x559_111-1024x536.jpg 1024w, https:\/\/www.imakeyousmile.se\/wp-content\/uploads\/2021\/05\/IMG_6977_111-1068x559_111-300x157.jpg 300w, https:\/\/www.imakeyousmile.se\/wp-content\/uploads\/2021\/05\/IMG_6977_111-1068x559_111-768x402.jpg 768w, https:\/\/www.imakeyousmile.se\/wp-content\/uploads\/2021\/05\/IMG_6977_111-1068x559_111-16x8.jpg 16w, https:\/\/www.imakeyousmile.se\/wp-content\/uploads\/2021\/05\/IMG_6977_111-1068x559_111-696x364.jpg 696w, https:\/\/www.imakeyousmile.se\/wp-content\/uploads\/2021\/05\/IMG_6977_111-1068x559_111-802x420.jpg 802w, https:\/\/www.imakeyousmile.se\/wp-content\/uploads\/2021\/05\/IMG_6977_111-1068x559_111.jpg 1068w\" sizes=\"(max-width: 696px) 100vw, 696px\" \/><\/p>\n<p>Nostalgia! The whole salon gang gathered a few years ago \u2665 Many great memories !!<\/p>\n<h4>What happens now?<\/h4>\n<p>Now I will continue with my and Miska&#039;s company MH Media AB where we do not &quot;invest time for the future&quot; but do more concrete jobs that provide income immediately. Miska builds websites and does digital marketing for other companies. I photograph, write texts and do various freelance assignments. It gets pretty mixed! :)<\/p>\n<p>And invest time in my other company that develops this makeup brand together with Emma Filipsson. It takes time! :) But it&#039;s moving forward, haha! We do nothing half-hearted so it takes some time but OJ so good it will be late. So annoying to be able to show you when it&#039;s time !!<\/p>\n<p>The blog also generates some revenue via advertising links and Google ads, so I will continue with it as usual of course!<\/p>\n<p>So it&#039;s only Creative Makeup and the webshop that I end up with, but mine <a href=\"https:\/\/academyofmakeup.se\">makeup course online<\/a>, the blog and Instagram will continue as usual :)<\/p>\n<p><img loading=\"lazy\" decoding=\"async\" class=\"alignnone size-large wp-image-40247\" src=\"https:\/\/www.imakeyousmile.se\/wp-content\/uploads\/2021\/05\/IMG_9942_111-879x1024.jpg\" alt=\"\" width=\"696\" height=\"811\" srcset=\"https:\/\/www.imakeyousmile.se\/wp-content\/uploads\/2021\/05\/IMG_9942_111-879x1024.jpg 879w, https:\/\/www.imakeyousmile.se\/wp-content\/uploads\/2021\/05\/IMG_9942_111-257x300.jpg 257w, https:\/\/www.imakeyousmile.se\/wp-content\/uploads\/2021\/05\/IMG_9942_111-768x895.jpg 768w, https:\/\/www.imakeyousmile.se\/wp-content\/uploads\/2021\/05\/IMG_9942_111-10x12.jpg 10w, https:\/\/www.imakeyousmile.se\/wp-content\/uploads\/2021\/05\/IMG_9942_111-696x811.jpg 696w, https:\/\/www.imakeyousmile.se\/wp-content\/uploads\/2021\/05\/IMG_9942_111-360x420.jpg 360w, https:\/\/www.imakeyousmile.se\/wp-content\/uploads\/2021\/05\/IMG_9942_111.jpg 900w\" sizes=\"(max-width: 696px) 100vw, 696px\" \/><\/p>\n<p>As I said, the whole Creative Makeup incl. the webshop to remain! There is great potential with what Miska and I have built up so I think it will flourish even without us \u2665<\/p>\n<p>I think of this Laleh song &quot;it will never be the same, just get better!&quot; Lol.<\/p>\n<p>And do you know anyone who would need to hire me and Miska at MH Media AB, so shout! In addition to websites and digital marketing, I like to do writer-job and photo-job. I am neither a copywriter nor a photographer, but a perfect middle ground when you do not have the time \/ skills yourself but also no budget for the prices that a real photographer charges. For example. product images \/ content for social media, product descriptions, photoshop edits, etc.!<\/p>\n<p>Really want to strike a blow for me and Miska as a team if you need a new website - he builds the website and I take the pictures. Our customers so far are super happy! : D Check e.g. <a href=\"https:\/\/www.peragenda.se\">Peragenda.se<\/a> and <a href=\"https:\/\/www.malbyglas.se\">Malbyglas.se<\/a> to see our previous jobs.<\/p>\n<p>So now I&#039;m going to stop chatting! I like to be honest here in the blog and share with me all parts of life as an entrepreneur :)<\/p>\n<p>Have a continued glorious day fine you !!<\/p>\n<p><em>Also read:\u00a0<a href=\"https:\/\/www.imakeyousmile.se\/en\/8-enkla-sminktips-for-nyborjare-steg-for-steg\/\">12 simple make-up tips for beginners + Make-up (step by step)<\/a><\/em><\/p>","protected":false},"excerpt":{"rendered":"<p>It&#8217;s like the end of an era. Det \u00e4r inte ofta man k\u00e4nner s\u00e5 :&#8217;) men nu g\u00f6r jag det! Det \u00e4r n\u00e4mligen s\u00e5 att jag och Miska slutar p\u00e5 Creative Makeup! Annika och resten av teamet kommer forts\u00e4tta driva salongen och webbshoppen, det \u00e4r bara jag och Miska som slutar \u2665 Jag och Miska [&hellip;]<\/p>\n","protected":false},"author":30,"featured_media":40251,"comment_status":"open","ping_status":"closed","sticky":false,"template":"","format":"standard","meta":{"footnotes":""},"categories":[4032,4070,7006],"tags":[5882,4097,5131],"class_list":["post-40235","post","type-post","status-publish","format-standard","has-post-thumbnail","hentry","category-creative-makeup-by-her","category-entreprenorskap","category-entreprenorslivet","tag-driva-salong","tag-entreprenor","tag-ung-foretagare-uppsala"],"yoast_head":"<!-- This site is optimized with the Yoast SEO Premium plugin v14.9 - https:\/\/yoast.com\/wordpress\/plugins\/seo\/ -->\n<meta name=\"description\" content=\"Vi slutar p\u00e5 Creative Makeup! | Helena Amiley - H\u00e4r hittar du senaste infromation om sk\u00f6nhet, livsstil, entrepren\u00f6rskap, makeup &amp; tips.\" \/>\n<meta name=\"robots\" content=\"index, follow, max-snippet:-1, max-image-preview:large, max-video-preview:-1\" \/>\n<link rel=\"canonical\" href=\"https:\/\/www.imakeyousmile.se\/en\/slutar-pa-creative-makeup\/\" \/>\n<meta property=\"og:locale\" content=\"en_US\" \/>\n<meta property=\"og:type\" content=\"article\" \/>\n<meta property=\"og:title\" content=\"Vi slutar p\u00e5 Creative Makeup! | Imakeyousmile.se\" \/>\n<meta property=\"og:description\" content=\"Vi slutar p\u00e5 Creative Makeup! | Helena Amiley - H\u00e4r hittar du senaste infromation om sk\u00f6nhet, livsstil, entrepren\u00f6rskap, makeup &amp; tips.\" \/>\n<meta property=\"og:url\" content=\"https:\/\/www.imakeyousmile.se\/en\/slutar-pa-creative-makeup\/\" \/>\n<meta property=\"og:site_name\" content=\"Imakeyousmile.se\" \/>\n<meta property=\"article:author\" content=\"https:\/\/www.facebook.com\/imakeyousmile.se\" \/>\n<meta property=\"article:published_time\" content=\"2021-06-09T14:18:10+00:00\" \/>\n<meta property=\"article:modified_time\" content=\"2021-06-09T14:48:56+00:00\" \/>\n<meta property=\"og:image\" content=\"https:\/\/www.imakeyousmile.se\/wp-content\/uploads\/2021\/05\/utvald-bild-vi-slutar.jpg\" \/>\n\t<meta property=\"og:image:width\" content=\"754\" \/>\n\t<meta property=\"og:image:height\" content=\"549\" \/>\n<meta name=\"twitter:card\" content=\"summary_large_image\" \/>\n<script type=\"application\/ld+json\" class=\"yoast-schema-graph\">{\"@context\":\"https:\/\/schema.org\",\"@graph\":[{\"@type\":\"Organization\",\"@id\":\"https:\/\/www.imakeyousmile.se\/en\/#organization\",\"name\":\"Imakeyousmile\",\"url\":\"https:\/\/www.imakeyousmile.se\/en\/\",\"sameAs\":[],\"logo\":{\"@type\":\"ImageObject\",\"@id\":\"https:\/\/www.imakeyousmile.se\/en\/#logo\",\"inLanguage\":\"en-US\",\"url\":\"https:\/\/www.imakeyousmile.se\/wp-content\/uploads\/2020\/10\/HELENA-AMILEY_SVART-1-e1603367975324.png\",\"width\":280,\"height\":93,\"caption\":\"Imakeyousmile\"},\"image\":{\"@id\":\"https:\/\/www.imakeyousmile.se\/en\/#logo\"}},{\"@type\":\"WebSite\",\"@id\":\"https:\/\/www.imakeyousmile.se\/en\/#website\",\"url\":\"https:\/\/www.imakeyousmile.se\/en\/\",\"name\":\"Imakeyousmile.se\",\"description\":\"Helena Amiley - Beauty, Entrepreneur, Lifestyle\",\"publisher\":{\"@id\":\"https:\/\/www.imakeyousmile.se\/en\/#organization\"},\"potentialAction\":[{\"@type\":\"SearchAction\",\"target\":\"https:\/\/www.imakeyousmile.se\/en\/?s={search_term_string}\",\"query-input\":\"required name=search_term_string\"}],\"inLanguage\":\"en-US\"},{\"@type\":\"ImageObject\",\"@id\":\"https:\/\/www.imakeyousmile.se\/slutar-pa-creative-makeup\/#primaryimage\",\"inLanguage\":\"en-US\",\"url\":\"https:\/\/www.imakeyousmile.se\/wp-content\/uploads\/2021\/05\/utvald-bild-vi-slutar.jpg\",\"width\":754,\"height\":549},{\"@type\":\"WebPage\",\"@id\":\"https:\/\/www.imakeyousmile.se\/slutar-pa-creative-makeup\/#webpage\",\"url\":\"https:\/\/www.imakeyousmile.se\/slutar-pa-creative-makeup\/\",\"name\":\"Vi slutar p\\u00e5 Creative Makeup! | Imakeyousmile.se\",\"isPartOf\":{\"@id\":\"https:\/\/www.imakeyousmile.se\/en\/#website\"},\"primaryImageOfPage\":{\"@id\":\"https:\/\/www.imakeyousmile.se\/slutar-pa-creative-makeup\/#primaryimage\"},\"datePublished\":\"2021-06-09T14:18:10+00:00\",\"dateModified\":\"2021-06-09T14:48:56+00:00\",\"description\":\"Vi slutar p\\u00e5 Creative Makeup! | Helena Amiley - H\\u00e4r hittar du senaste infromation om sk\\u00f6nhet, livsstil, entrepren\\u00f6rskap, makeup & tips.\",\"inLanguage\":\"en-US\",\"potentialAction\":[{\"@type\":\"ReadAction\",\"target\":[\"https:\/\/www.imakeyousmile.se\/slutar-pa-creative-makeup\/\"]}]},{\"@type\":\"Article\",\"@id\":\"https:\/\/www.imakeyousmile.se\/slutar-pa-creative-makeup\/#article\",\"isPartOf\":{\"@id\":\"https:\/\/www.imakeyousmile.se\/slutar-pa-creative-makeup\/#webpage\"},\"author\":{\"@id\":\"https:\/\/www.imakeyousmile.se\/en\/#\/schema\/person\/b0fd43b1c6bb1c60cfd68bff9b4a10fb\"},\"headline\":\"Vi slutar p\\u00e5 Creative Makeup!\",\"datePublished\":\"2021-06-09T14:18:10+00:00\",\"dateModified\":\"2021-06-09T14:48:56+00:00\",\"mainEntityOfPage\":{\"@id\":\"https:\/\/www.imakeyousmile.se\/slutar-pa-creative-makeup\/#webpage\"},\"commentCount\":4,\"publisher\":{\"@id\":\"https:\/\/www.imakeyousmile.se\/en\/#organization\"},\"image\":{\"@id\":\"https:\/\/www.imakeyousmile.se\/slutar-pa-creative-makeup\/#primaryimage\"},\"keywords\":\"driva salong,entrepren\\u00f6r,ung f\\u00f6retagare uppsala\",\"articleSection\":\"Creative Makeup,Entrepren\\u00f6rskap,Entrepren\\u00f6rslivet\",\"inLanguage\":\"en-US\",\"potentialAction\":[{\"@type\":\"CommentAction\",\"name\":\"Comment\",\"target\":[\"https:\/\/www.imakeyousmile.se\/slutar-pa-creative-makeup\/#respond\"]}]},{\"@type\":\"Person\",\"@id\":\"https:\/\/www.imakeyousmile.se\/en\/#\/schema\/person\/b0fd43b1c6bb1c60cfd68bff9b4a10fb\",\"name\":\"Helena Amiley\",\"image\":{\"@type\":\"ImageObject\",\"@id\":\"https:\/\/www.imakeyousmile.se\/en\/#personlogo\",\"inLanguage\":\"en-US\",\"url\":\"https:\/\/secure.gravatar.com\/avatar\/5645558e1e355457a23368d7e1b4c904?s=96&d=mm&r=g\",\"caption\":\"Helena Amiley\"},\"description\":\"Jag skriver mest om sk\\u00f6nhet men bjuder \\u00e4ven p\\u00e5 glimtar fr\\u00e5n entrepren\\u00f6rlivet och bygget av v\\u00e5r egen camper van. Vanlife here we come!\",\"sameAs\":[\"https:\/\/www.facebook.com\/imakeyousmile.se\",\"https:\/\/www.instagram.com\/helenaamiley\",\"https:\/\/www.youtube.com\/channel\/UCR5iB6rvpV6Yr8ZjpQfr5mg?view_as=subscriber\"]}]}<\/script>\n<!-- \/ Yoast SEO Premium plugin. -->","_links":{"self":[{"href":"https:\/\/www.imakeyousmile.se\/en\/wp-json\/wp\/v2\/posts\/40235"}],"collection":[{"href":"https:\/\/www.imakeyousmile.se\/en\/wp-json\/wp\/v2\/posts"}],"about":[{"href":"https:\/\/www.imakeyousmile.se\/en\/wp-json\/wp\/v2\/types\/post"}],"author":[{"embeddable":true,"href":"https:\/\/www.imakeyousmile.se\/en\/wp-json\/wp\/v2\/users\/30"}],"replies":[{"embeddable":true,"href":"https:\/\/www.imakeyousmile.se\/en\/wp-json\/wp\/v2\/comments?post=40235"}],"version-history":[{"count":7,"href":"https:\/\/www.imakeyousmile.se\/en\/wp-json\/wp\/v2\/posts\/40235\/revisions"}],"predecessor-version":[{"id":40286,"href":"https:\/\/www.imakeyousmile.se\/en\/wp-json\/wp\/v2\/posts\/40235\/revisions\/40286"}],"wp:featuredmedia":[{"embeddable":true,"href":"https:\/\/www.imakeyousmile.se\/en\/wp-json\/wp\/v2\/media\/40251"}],"wp:attachment":[{"href":"https:\/\/www.imakeyousmile.se\/en\/wp-json\/wp\/v2\/media?parent=40235"}],"wp:term":[{"taxonomy":"category","embeddable":true,"href":"https:\/\/www.imakeyousmile.se\/en\/wp-json\/wp\/v2\/categories?post=40235"},{"taxonomy":"post_tag","embeddable":true,"href":"https:\/\/www.imakeyousmile.se\/en\/wp-json\/wp\/v2\/tags?post=40235"}],"curies":[{"name":"wp","href":"https:\/\/api.w.org\/{rel}","templated":true}]}}