{"id":42612,"date":"2022-09-09T21:32:16","date_gmt":"2022-09-09T19:32:16","guid":{"rendered":"https:\/\/www.imakeyousmile.se\/?p=42612"},"modified":"2022-09-09T21:32:16","modified_gmt":"2022-09-09T19:32:16","slug":"sweed-lashes-mascara","status":"publish","type":"post","link":"https:\/\/www.imakeyousmile.se\/en\/sweed-lashes-mascara\/","title":{"rendered":"Sweed Lashes Mascara Review (Cloud &amp; Lash lift)"},"content":{"rendered":"<p>Sweed Lashes Mascara \u00e4r otroligt omskrivna i sociala medier och h\u00e4r kommer min recension av b\u00e5da varianterna; Sweed Lashes Cloud Mascara och Sweed Lashes Lash Lift Mascara!<\/p>\n<p>Jag \u00e4r en riktig mascara-n\u00f6rd och blir otroligt nyfiken p\u00e5 hypade mascaror, som t.ex. L&#8217;Or\u00e9al Paris Sky High Mascara som jag recenserade i <a href=\"https:\/\/www.imakeyousmile.se\/en\/sky-high-mascara\/\">this blog post<\/a> a while ago.<\/p>\n<p>\u00c4r dessa s\u00e5 bra som det ser ut p\u00e5 Instagram? Och varf\u00f6r \u00e4r d\u00e5 alla recensioner p\u00e5 Lyko ganska blandade \u00e5sikter? Det tror jag mig ha svaret p\u00e5!<\/p>\n<p><img loading=\"lazy\" decoding=\"async\" class=\"alignnone wp-image-42600 size-full\" src=\"https:\/\/www.imakeyousmile.se\/wp-content\/uploads\/2022\/09\/IMG_4531_blogg.jpg\" alt=\"Sweed lashes mascara, recension, cloud mascara, lash lift mascara, sweed, gabbi, \" width=\"700\" height=\"956\" srcset=\"https:\/\/www.imakeyousmile.se\/wp-content\/uploads\/2022\/09\/IMG_4531_blogg.jpg 700w, https:\/\/www.imakeyousmile.se\/wp-content\/uploads\/2022\/09\/IMG_4531_blogg-220x300.jpg 220w, https:\/\/www.imakeyousmile.se\/wp-content\/uploads\/2022\/09\/IMG_4531_blogg-9x12.jpg 9w, https:\/\/www.imakeyousmile.se\/wp-content\/uploads\/2022\/09\/IMG_4531_blogg-696x951.jpg 696w, https:\/\/www.imakeyousmile.se\/wp-content\/uploads\/2022\/09\/IMG_4531_blogg-308x420.jpg 308w\" sizes=\"(max-width: 700px) 100vw, 700px\" \/><\/p>\n<h4>Sweed Lashes Mascara<\/h4>\n<p>Varum\u00e4rket fokuserar p\u00e5 produkter f\u00f6r \u00f6gon och \u00f6gonfransar. De \u00e4r mest k\u00e4nda f\u00f6r sina l\u00f6s\u00f6gonfransar men i sortimentet finns \u00e4ven mascaror, \u00f6gonfransserum, kajalpennor och \u00f6gonbrynspennor.<\/p>\n<p>Det finns i tv\u00e5 olika varianter av Sweed Lashes Mascara:<\/p>\n<p><img loading=\"lazy\" decoding=\"async\" class=\"alignnone wp-image-42598 size-full\" src=\"https:\/\/www.imakeyousmile.se\/wp-content\/uploads\/2022\/09\/IMG_4507_blogg.jpg\" alt=\"Sweed lashes mascara, recension, cloud mascara, lash lift mascara, sweed, gabbi, gummiborste, \" width=\"1000\" height=\"625\" srcset=\"https:\/\/www.imakeyousmile.se\/wp-content\/uploads\/2022\/09\/IMG_4507_blogg.jpg 1000w, https:\/\/www.imakeyousmile.se\/wp-content\/uploads\/2022\/09\/IMG_4507_blogg-300x188.jpg 300w, https:\/\/www.imakeyousmile.se\/wp-content\/uploads\/2022\/09\/IMG_4507_blogg-768x480.jpg 768w, https:\/\/www.imakeyousmile.se\/wp-content\/uploads\/2022\/09\/IMG_4507_blogg-16x10.jpg 16w, https:\/\/www.imakeyousmile.se\/wp-content\/uploads\/2022\/09\/IMG_4507_blogg-696x435.jpg 696w, https:\/\/www.imakeyousmile.se\/wp-content\/uploads\/2022\/09\/IMG_4507_blogg-672x420.jpg 672w\" sizes=\"(max-width: 1000px) 100vw, 1000px\" \/><\/p>\n<h4>Sweed Lashes Cloud Mascara &#8211; Recension<\/h4>\n<p>Sweed Lashes <a href=\"https:\/\/ion.lyko.com\/t\/t?a=1117786221&amp;as=1548102449&amp;t=2&amp;tk=1&amp;epi=SweedLashes&amp;url=https:\/\/lyko.com\/sv\/sweed\/sweed-lashes-cloud-mascara-12ml\">Cloud Mascara<\/a> (adlink) \u00e4r hylsan med moln p\u00e5 sig (hur fint?!) och utlovar ett fj\u00e4derl\u00e4tt resultat med b\u00e5de intensiv volym, definierade \u00f6gonfransar och otrolig l\u00e4ngd. Allt man vill ha allts\u00e5 !! ;)<\/p>\n<p><strong>Application:<\/strong> Borsten \u00e4r v\u00e4ldigt trevlig! En gummiborste som kammar str\u00e5na ordentligt.<\/p>\n<p>Jag hade en v\u00e4ldigt bra \u00f6gonfransperiod n\u00e4r denna bild togs. Men jag har anv\u00e4nt mascaran en i \u00f6ver en m\u00e5nad nu och i skrivande stund \u00e4r mina \u00f6gonfransar b\u00e5ngstyriga och korta! Ni vet hur man ibland bara har en kaos-period med fransarna..<\/p>\n<p>Och d\u00e5 \u00e4r mascaran inte lika l\u00e4tt-jobbad l\u00e4ngre. Kanske f\u00f6r att den \u00e4r just v\u00e4ldigt l\u00e4tt i konsistensen &#8211; man kan inte &#8221;jobba upp&#8221; fransarna s\u00e5 mycket liksom.<\/p>\n<p><strong>Results:<\/strong> Resultatet \u00e4r inte &#8221;wow vilken bra mascara&#8221; men det blir absolut fint resultat som ni ser p\u00e5 bilden :)<\/p>\n<p><strong>Sustainability:<\/strong> Jag har v\u00e4ldigt oljig hy och sv\u00e5rt att hitta mascaror som inte kladdar &#8211; och denna \u00e4r inget undantag. Jag kan inte anv\u00e4nda denna mascara fr\u00e5n morgon till kv\u00e4ll f\u00f6r jag f\u00e5r svarta fl\u00e4ckar under \u00f6gonen i slutet av dagen.<\/p>\n<p><img loading=\"lazy\" decoding=\"async\" class=\"alignnone wp-image-42599 size-full\" src=\"https:\/\/www.imakeyousmile.se\/wp-content\/uploads\/2022\/09\/IMG_4529_blogg.jpg\" alt=\"Sweed lashes mascara, recension, cloud mascara, lash lift mascara, sweed, gabbi, gummiborste\" width=\"1000\" height=\"565\" srcset=\"https:\/\/www.imakeyousmile.se\/wp-content\/uploads\/2022\/09\/IMG_4529_blogg.jpg 1000w, https:\/\/www.imakeyousmile.se\/wp-content\/uploads\/2022\/09\/IMG_4529_blogg-300x170.jpg 300w, https:\/\/www.imakeyousmile.se\/wp-content\/uploads\/2022\/09\/IMG_4529_blogg-768x434.jpg 768w, https:\/\/www.imakeyousmile.se\/wp-content\/uploads\/2022\/09\/IMG_4529_blogg-16x9.jpg 16w, https:\/\/www.imakeyousmile.se\/wp-content\/uploads\/2022\/09\/IMG_4529_blogg-696x393.jpg 696w, https:\/\/www.imakeyousmile.se\/wp-content\/uploads\/2022\/09\/IMG_4529_blogg-743x420.jpg 743w\" sizes=\"(max-width: 1000px) 100vw, 1000px\" \/><\/p>\n<h4>Sweed Lashes Lash Lift Mascara &#8211; Recension<\/h4>\n<p>Sweed Lashes <a href=\"https:\/\/ion.lyko.com\/t\/t?a=1117786221&amp;as=1548102449&amp;t=2&amp;tk=1&amp;epi=SweedLashes&amp;url=https:\/\/lyko.com\/sv\/sweed\/sweed-lashes-lash-lift-mascara\">Lash Lift Mascara<\/a> (adlink) \u00e4r lite rolig eftersom tanken \u00e4r att den ska sv\u00e4rta ner\u00a0MELLAN varje frans och skapa en eyeliner-definition som ger intryck av en fyllig fransrad. Som en lashliner!<\/p>\n<p>Jag har gjort ett separat inl\u00e4gg om fransmarkering\/lashliner i ett tidigare inl\u00e4gg om ni vill veta mer om hur man kan sminka det:\u00a0<a href=\"https:\/\/www.imakeyousmile.se\/en\/fransmarkering-lashliner\/\">French marking \/ Lashliner - That&#039;s how it works!<\/a><\/p>\n<p><strong>Brush:<\/strong> Jag tycker att det funkar! Jag \u00e4r inte f\u00f6r\u00e4lskad i borsten \u00f6verlag men den \u00e4r helt okej.<\/p>\n<p><strong>Application:<\/strong> Den separerar mer \u00e4n cloud-mascaran och \u00e4r v\u00e4ldigt l\u00e4ttapplicerad.<\/p>\n<p><strong>Results:<\/strong> Under min bra \u00f6gonfransperiod (som jag n\u00e4mnde ovan) s\u00e5 blir denna Sweed Lashes Mascara fin! Ett ganska naturligt resultat som ni ser p\u00e5 bilden. Men under min d\u00e5liga fransperiod s\u00e5 var den katastrof, f\u00f6r taggarna p\u00e5 borsten \u00e4r inte tillr\u00e4ckligt l\u00e5nga d\u00e5 f\u00f6r att kamma s\u00e5 mycket som jag hade beh\u00f6vt f\u00f6r att f\u00e5 pli p\u00e5 \u00f6gonfransarna.<\/p>\n<p>Men fint resultat en bra \u00f6gonfransperiod, men inte heller wow, men \u00e4nd\u00e5 fint!<\/p>\n<p><strong>Sustainability:<\/strong> P\u00e5 samma s\u00e4tt som Cloud-mascaran s\u00e5 kladdar denna p\u00e5 mig. Tyv\u00e4rr!<\/p>\n<p><img loading=\"lazy\" decoding=\"async\" class=\"alignnone wp-image-42617 size-full\" src=\"https:\/\/www.imakeyousmile.se\/wp-content\/uploads\/2022\/09\/IMG_4873.jpg\" alt=\"mascara som kladdar, m\u00f6rk under \u00f6gonen, oljig hy mascara\" width=\"1284\" height=\"1775\" srcset=\"https:\/\/www.imakeyousmile.se\/wp-content\/uploads\/2022\/09\/IMG_4873.jpg 1284w, https:\/\/www.imakeyousmile.se\/wp-content\/uploads\/2022\/09\/IMG_4873-217x300.jpg 217w, https:\/\/www.imakeyousmile.se\/wp-content\/uploads\/2022\/09\/IMG_4873-741x1024.jpg 741w, https:\/\/www.imakeyousmile.se\/wp-content\/uploads\/2022\/09\/IMG_4873-768x1062.jpg 768w, https:\/\/www.imakeyousmile.se\/wp-content\/uploads\/2022\/09\/IMG_4873-1111x1536.jpg 1111w, https:\/\/www.imakeyousmile.se\/wp-content\/uploads\/2022\/09\/IMG_4873-9x12.jpg 9w, https:\/\/www.imakeyousmile.se\/wp-content\/uploads\/2022\/09\/IMG_4873-696x962.jpg 696w, https:\/\/www.imakeyousmile.se\/wp-content\/uploads\/2022\/09\/IMG_4873-1068x1476.jpg 1068w, https:\/\/www.imakeyousmile.se\/wp-content\/uploads\/2022\/09\/IMG_4873-304x420.jpg 304w\" sizes=\"(max-width: 1284px) 100vw, 1284px\" \/><\/p>\n<p>Lite d\u00e5lig bild eftersom det var s\u00e5 m\u00f6rkt p\u00e5 kv\u00e4llskvisten, men s\u00e5 h\u00e4r svarta fl\u00e4ckar f\u00e5r jag under \u00f6gonen av b\u00e5da dessa mascaror.<\/p>\n<p>I produktbeskrivningen p\u00e5 Lyko s\u00e5 st\u00e5r det ordagrant &#8221;utan att smula eller kladda&#8221; men det claimet g\u00e4ller inte personer med oljig hy enligt mig.<\/p>\n<p><img loading=\"lazy\" decoding=\"async\" class=\"alignnone wp-image-42606 size-full\" src=\"https:\/\/www.imakeyousmile.se\/wp-content\/uploads\/2022\/09\/IMG_4842_blogg.jpg\" alt=\"sweed recension, cloud, lash lift, mascara\" width=\"1000\" height=\"865\" srcset=\"https:\/\/www.imakeyousmile.se\/wp-content\/uploads\/2022\/09\/IMG_4842_blogg.jpg 1000w, https:\/\/www.imakeyousmile.se\/wp-content\/uploads\/2022\/09\/IMG_4842_blogg-300x260.jpg 300w, https:\/\/www.imakeyousmile.se\/wp-content\/uploads\/2022\/09\/IMG_4842_blogg-768x664.jpg 768w, https:\/\/www.imakeyousmile.se\/wp-content\/uploads\/2022\/09\/IMG_4842_blogg-14x12.jpg 14w, https:\/\/www.imakeyousmile.se\/wp-content\/uploads\/2022\/09\/IMG_4842_blogg-696x602.jpg 696w, https:\/\/www.imakeyousmile.se\/wp-content\/uploads\/2022\/09\/IMG_4842_blogg-486x420.jpg 486w, https:\/\/www.imakeyousmile.se\/wp-content\/uploads\/2022\/09\/IMG_4842_blogg-534x462.jpg 534w\" sizes=\"(max-width: 1000px) 100vw, 1000px\" \/><\/p>\n<h4>Summary<\/h4>\n<p>Jag \u00e4r \u00f6vertygad att om man har l\u00e5nga och l\u00e4ttjobbad \u00f6gonfransar naturligt, och inte oljig hy, s\u00e5 kommer man gilla Sweed Lashes Mascara! F\u00f6r de ger verkligen en fin volym och l\u00e4ngd samtidigt som de separerar.<\/p>\n<p>Men anledningen till att mascarorna \u00e4r en vattendelare gissar jag \u00e4r f\u00f6r att ingen av dom \u00e4r s\u00e4rskilt klockren n\u00e4r fransarna \u00e4r mer b\u00e5ngstyriga, s\u00e5 det beror helt p\u00e5 hur dina fransar \u00e4r naturligt.<\/p>\n<p>Summa summarum: Ingen mascara f\u00f6r mig, varken Cloud eller Lash Lift, eftersom h\u00e5llbarheten inte lirar med min oljiga hy. Men m\u00e5nga gillar dom och jag f\u00f6rst\u00e5r \u00e4nd\u00e5 varf\u00f6r! :)<\/p>\n<p><strong>Also read:<\/strong><\/p>\n<ul>\n<li>Min nya favoritmascara: <a href=\"https:\/\/www.imakeyousmile.se\/en\/lancome-lash-idole-mascara\/\">Lanc\u00f4me Lash Id\u00f4le Mascara (Review)<\/a><\/li>\n<li>Test med 14 popul\u00e4ra mascaror:\u00a0<a href=\"https:\/\/www.imakeyousmile.se\/en\/mascara\/\">Mascara B\u00e4st i Test \u21d2 B\u00e4sta Mascaran (2022)\u00a0<\/a><\/li>\n<\/ul>","protected":false},"excerpt":{"rendered":"<p>Sweed Lashes Mascara \u00e4r otroligt omskrivna i sociala medier och h\u00e4r kommer min recension av b\u00e5da varianterna; Sweed Lashes Cloud Mascara och Sweed Lashes Lash Lift Mascara! Jag \u00e4r en riktig mascara-n\u00f6rd och blir otroligt nyfiken p\u00e5 hypade mascaror, som t.ex. L&#8217;Or\u00e9al Paris Sky High Mascara som jag recenserade i detta blogginl\u00e4gg f\u00f6r ett tag [&hellip;]<\/p>\n","protected":false},"author":30,"featured_media":42609,"comment_status":"open","ping_status":"closed","sticky":false,"template":"","format":"standard","meta":{"footnotes":""},"categories":[61,59,6997],"tags":[7867,7868,7864,7865,7866],"class_list":["post-42612","post","type-post","status-publish","format-standard","has-post-thumbnail","hentry","category-ogonfransar","category-recensioner-produkttips","category-skonhet","tag-cloud-mascara","tag-lash-lift-mascara","tag-sweed-lashes","tag-sweed-lashes-mascara","tag-sweed-lashes-recension"],"yoast_head":"<!-- This site is optimized with the Yoast SEO Premium plugin v14.9 - https:\/\/yoast.com\/wordpress\/plugins\/seo\/ -->\n<meta name=\"description\" content=\"Sweed Lashes Mascara \u00e4r otroligt omskrivna och h\u00e4r \u00e4r min recension av b\u00e5da varianterna; Cloud Mascara och Lash Lift Mascara!\" \/>\n<meta name=\"robots\" content=\"index, follow, max-snippet:-1, max-image-preview:large, max-video-preview:-1\" \/>\n<link rel=\"canonical\" href=\"https:\/\/www.imakeyousmile.se\/en\/sweed-lashes-mascara\/\" \/>\n<meta property=\"og:locale\" content=\"en_US\" \/>\n<meta property=\"og:type\" content=\"article\" \/>\n<meta property=\"og:title\" content=\"Sweed Lashes Mascara Recension (Cloud &amp; Lash lift) | Imakeyousmile.se\" \/>\n<meta property=\"og:description\" content=\"Sweed Lashes Mascara \u00e4r otroligt omskrivna och h\u00e4r \u00e4r min recension av b\u00e5da varianterna; Cloud Mascara och Lash Lift Mascara!\" \/>\n<meta property=\"og:url\" content=\"https:\/\/www.imakeyousmile.se\/en\/sweed-lashes-mascara\/\" \/>\n<meta property=\"og:site_name\" content=\"Imakeyousmile.se\" \/>\n<meta property=\"article:author\" content=\"https:\/\/www.facebook.com\/imakeyousmile.se\" \/>\n<meta property=\"article:published_time\" content=\"2022-09-09T19:32:16+00:00\" \/>\n<meta property=\"og:image\" content=\"https:\/\/www.imakeyousmile.se\/wp-content\/uploads\/2022\/09\/Sweed-mascara-utvald-bild.jpg\" \/>\n\t<meta property=\"og:image:width\" content=\"700\" \/>\n\t<meta property=\"og:image:height\" content=\"511\" \/>\n<meta name=\"twitter:card\" content=\"summary_large_image\" \/>\n<script type=\"application\/ld+json\" class=\"yoast-schema-graph\">{\"@context\":\"https:\/\/schema.org\",\"@graph\":[{\"@type\":\"Organization\",\"@id\":\"https:\/\/www.imakeyousmile.se\/en\/#organization\",\"name\":\"Imakeyousmile\",\"url\":\"https:\/\/www.imakeyousmile.se\/en\/\",\"sameAs\":[],\"logo\":{\"@type\":\"ImageObject\",\"@id\":\"https:\/\/www.imakeyousmile.se\/en\/#logo\",\"inLanguage\":\"en-US\",\"url\":\"https:\/\/www.imakeyousmile.se\/wp-content\/uploads\/2020\/10\/HELENA-AMILEY_SVART-1-e1603367975324.png\",\"width\":280,\"height\":93,\"caption\":\"Imakeyousmile\"},\"image\":{\"@id\":\"https:\/\/www.imakeyousmile.se\/en\/#logo\"}},{\"@type\":\"WebSite\",\"@id\":\"https:\/\/www.imakeyousmile.se\/en\/#website\",\"url\":\"https:\/\/www.imakeyousmile.se\/en\/\",\"name\":\"Imakeyousmile.se\",\"description\":\"Helena Amiley - Beauty, Entrepreneur, Lifestyle\",\"publisher\":{\"@id\":\"https:\/\/www.imakeyousmile.se\/en\/#organization\"},\"potentialAction\":[{\"@type\":\"SearchAction\",\"target\":\"https:\/\/www.imakeyousmile.se\/en\/?s={search_term_string}\",\"query-input\":\"required name=search_term_string\"}],\"inLanguage\":\"en-US\"},{\"@type\":\"ImageObject\",\"@id\":\"https:\/\/www.imakeyousmile.se\/sweed-lashes-mascara\/#primaryimage\",\"inLanguage\":\"en-US\",\"url\":\"https:\/\/www.imakeyousmile.se\/wp-content\/uploads\/2022\/09\/Sweed-mascara-utvald-bild.jpg\",\"width\":700,\"height\":511},{\"@type\":\"WebPage\",\"@id\":\"https:\/\/www.imakeyousmile.se\/sweed-lashes-mascara\/#webpage\",\"url\":\"https:\/\/www.imakeyousmile.se\/sweed-lashes-mascara\/\",\"name\":\"Sweed Lashes Mascara Recension (Cloud & Lash lift) | Imakeyousmile.se\",\"isPartOf\":{\"@id\":\"https:\/\/www.imakeyousmile.se\/en\/#website\"},\"primaryImageOfPage\":{\"@id\":\"https:\/\/www.imakeyousmile.se\/sweed-lashes-mascara\/#primaryimage\"},\"datePublished\":\"2022-09-09T19:32:16+00:00\",\"dateModified\":\"2022-09-09T19:32:16+00:00\",\"description\":\"Sweed Lashes Mascara \\u00e4r otroligt omskrivna och h\\u00e4r \\u00e4r min recension av b\\u00e5da varianterna; Cloud Mascara och Lash Lift Mascara!\",\"inLanguage\":\"en-US\",\"potentialAction\":[{\"@type\":\"ReadAction\",\"target\":[\"https:\/\/www.imakeyousmile.se\/sweed-lashes-mascara\/\"]}]},{\"@type\":\"Article\",\"@id\":\"https:\/\/www.imakeyousmile.se\/sweed-lashes-mascara\/#article\",\"isPartOf\":{\"@id\":\"https:\/\/www.imakeyousmile.se\/sweed-lashes-mascara\/#webpage\"},\"author\":{\"@id\":\"https:\/\/www.imakeyousmile.se\/en\/#\/schema\/person\/b0fd43b1c6bb1c60cfd68bff9b4a10fb\"},\"headline\":\"Sweed Lashes Mascara Recension (Cloud &#038; Lash lift)\",\"datePublished\":\"2022-09-09T19:32:16+00:00\",\"dateModified\":\"2022-09-09T19:32:16+00:00\",\"mainEntityOfPage\":{\"@id\":\"https:\/\/www.imakeyousmile.se\/sweed-lashes-mascara\/#webpage\"},\"commentCount\":2,\"publisher\":{\"@id\":\"https:\/\/www.imakeyousmile.se\/en\/#organization\"},\"image\":{\"@id\":\"https:\/\/www.imakeyousmile.se\/sweed-lashes-mascara\/#primaryimage\"},\"keywords\":\"cloud mascara,lash lift mascara,sweed lashes,sweed lashes mascara,sweed lashes recension\",\"articleSection\":\"\\u00d6gonfransar,Recensioner &amp; Produkttips,Sk\\u00f6nhet\",\"inLanguage\":\"en-US\",\"potentialAction\":[{\"@type\":\"CommentAction\",\"name\":\"Comment\",\"target\":[\"https:\/\/www.imakeyousmile.se\/sweed-lashes-mascara\/#respond\"]}]},{\"@type\":\"Person\",\"@id\":\"https:\/\/www.imakeyousmile.se\/en\/#\/schema\/person\/b0fd43b1c6bb1c60cfd68bff9b4a10fb\",\"name\":\"Helena Amiley\",\"image\":{\"@type\":\"ImageObject\",\"@id\":\"https:\/\/www.imakeyousmile.se\/en\/#personlogo\",\"inLanguage\":\"en-US\",\"url\":\"https:\/\/secure.gravatar.com\/avatar\/5645558e1e355457a23368d7e1b4c904?s=96&d=mm&r=g\",\"caption\":\"Helena Amiley\"},\"description\":\"Jag skriver mest om sk\\u00f6nhet men bjuder \\u00e4ven p\\u00e5 glimtar fr\\u00e5n entrepren\\u00f6rlivet och bygget av v\\u00e5r egen camper van. Vanlife here we come!\",\"sameAs\":[\"https:\/\/www.facebook.com\/imakeyousmile.se\",\"https:\/\/www.instagram.com\/helenaamiley\",\"https:\/\/www.youtube.com\/channel\/UCR5iB6rvpV6Yr8ZjpQfr5mg?view_as=subscriber\"]}]}<\/script>\n<!-- \/ Yoast SEO Premium plugin. -->","_links":{"self":[{"href":"https:\/\/www.imakeyousmile.se\/en\/wp-json\/wp\/v2\/posts\/42612"}],"collection":[{"href":"https:\/\/www.imakeyousmile.se\/en\/wp-json\/wp\/v2\/posts"}],"about":[{"href":"https:\/\/www.imakeyousmile.se\/en\/wp-json\/wp\/v2\/types\/post"}],"author":[{"embeddable":true,"href":"https:\/\/www.imakeyousmile.se\/en\/wp-json\/wp\/v2\/users\/30"}],"replies":[{"embeddable":true,"href":"https:\/\/www.imakeyousmile.se\/en\/wp-json\/wp\/v2\/comments?post=42612"}],"version-history":[{"count":5,"href":"https:\/\/www.imakeyousmile.se\/en\/wp-json\/wp\/v2\/posts\/42612\/revisions"}],"predecessor-version":[{"id":42621,"href":"https:\/\/www.imakeyousmile.se\/en\/wp-json\/wp\/v2\/posts\/42612\/revisions\/42621"}],"wp:featuredmedia":[{"embeddable":true,"href":"https:\/\/www.imakeyousmile.se\/en\/wp-json\/wp\/v2\/media\/42609"}],"wp:attachment":[{"href":"https:\/\/www.imakeyousmile.se\/en\/wp-json\/wp\/v2\/media?parent=42612"}],"wp:term":[{"taxonomy":"category","embeddable":true,"href":"https:\/\/www.imakeyousmile.se\/en\/wp-json\/wp\/v2\/categories?post=42612"},{"taxonomy":"post_tag","embeddable":true,"href":"https:\/\/www.imakeyousmile.se\/en\/wp-json\/wp\/v2\/tags?post=42612"}],"curies":[{"name":"wp","href":"https:\/\/api.w.org\/{rel}","templated":true}]}}