{"id":4450,"date":"2013-02-12T20:23:48","date_gmt":"2013-02-12T19:23:48","guid":{"rendered":"http:\/\/www.imakeyousmile.se\/?p=4450"},"modified":"2015-04-19T10:20:56","modified_gmt":"2015-04-19T08:20:56","slug":"vardag-och-fest","status":"publish","type":"post","link":"https:\/\/www.imakeyousmile.se\/en\/everyday-and-party\/","title":{"rendered":"Everyday and party"},"content":{"rendered":"<p>Here is yesterday&#039;s make - up, which suited well at work without being too much, at the same time as it was a little extra nice afterwards when we celebrated Dad&#039;s birthday!<\/p>\n<p><a href=\"http:\/\/www.imakeyousmile.se\/en\/vardag-och-fest\/img_2991\/\" rel=\"attachment wp-att-4455\"><img loading=\"lazy\" decoding=\"async\" title=\"IMG_2991\" src=\"http:\/\/www.imakeyousmile.se\/wp-content\/uploads\/2013\/02\/IMG_2991-1024x479.jpg\" alt=\"\" width=\"588\" height=\"275\" \/><\/a><span style=\"text-align: center;\">\u00a0<\/span><\/p>\n<p style=\"text-align: left;\"><em>The eyeshadows are from the 252 Palette.<\/em><\/p>\n<p style=\"text-align: left;\">I hope you do not find me annoyed with this palette that you can not buy anywhere (<em>as far as I know<\/em>). I&#039;m waiting for the very last papers now before everything is ready for the webshop!<\/p>\n<p><a href=\"http:\/\/www.imakeyousmile.se\/en\/vardag-och-fest\/img_2996\/\" rel=\"attachment wp-att-4456\"><img loading=\"lazy\" decoding=\"async\" title=\"IMG_2996\" src=\"http:\/\/www.imakeyousmile.se\/wp-content\/uploads\/2013\/02\/IMG_2996-951x1024.jpg\" alt=\"\" width=\"571\" height=\"614\" \/><\/a><\/p>\n<p><span style=\"color: #ff99cc;\"><strong><span style=\"color: #ff99cc;\"><span style=\"color: #ffcc99;\">Light eye shadow<\/span>\u00a0<\/span><\/strong><\/span>deepest on the eyelid and along the lower lash line.<br \/>\n<strong><span style=\"color: #993300;\">Dark brown eye shadow<\/span><\/strong> at the end of the eyelid and the lower lash line.<br \/>\n<strong><span style=\"color: #d94525;\">Copper brown<\/span><\/strong> <span style=\"color: #d94525;\"><strong>eye shadow<\/strong><\/span> along the globe line.<\/p>\n<p><strong><span style=\"color: #999999;\">White eyeliner<\/span><\/strong> along the waterline<em>, H&amp;M.<\/em><\/p>\n<p><strong>Black mascara<\/strong> on all lashes, <em>Make Up Store Multilash.<\/em><\/p>\n<p>&nbsp;<\/p>\n<p><a href=\"http:\/\/www.imakeyousmile.se\/en\/vardag-och-fest\/img_3009\/\" rel=\"attachment wp-att-4457\"><img loading=\"lazy\" decoding=\"async\" title=\"IMG_3009\" src=\"http:\/\/www.imakeyousmile.se\/wp-content\/uploads\/2013\/02\/IMG_3009-718x1024.jpg\" alt=\"\" width=\"574\" height=\"819\" \/><\/a><\/p>\n<p style=\"text-align: left;\">\u00a0Now I will crawl into bed, my bus left at 05.40 this morning and I will take the same tomorrow. God what I dislike it right now, I do not want to work I want to be home and put on makeup! :)<\/p>\n<p style=\"text-align: left;\"><strong>Kiss on is!<\/strong><\/p>","protected":false},"excerpt":{"rendered":"<p>H\u00e4r kommer g\u00e5rdagens sminkning, som passade bra p\u00e5 jobbet utan att vara f\u00f6r mycket, samtidigt som den var lite extra fin efter\u00e5t d\u00e5 vi firade pappas f\u00f6delsedag! \u00a0 \u00d6gonskuggorna \u00e4r fr\u00e5n 252 Paletten. Hoppas ni inte tycker att jag blir tjatig med denna palett som ni inte kan k\u00f6pa n\u00e5gonstans (vad jag vet). Jag v\u00e4ntar [&hellip;]<\/p>\n","protected":false},"author":30,"featured_media":4455,"comment_status":"open","ping_status":"open","sticky":false,"template":"","format":"standard","meta":{"footnotes":""},"categories":[2827],"tags":[],"class_list":["post-4450","post","type-post","status-publish","format-standard","has-post-thumbnail","hentry","category-vardagssminkningar"],"yoast_head":"<!-- This site is optimized with the Yoast SEO Premium plugin v14.9 - https:\/\/yoast.com\/wordpress\/plugins\/seo\/ -->\n<meta name=\"description\" content=\"Vardag och fest | Helena Amiley - H\u00e4r hittar du senaste infromation om sk\u00f6nhet, livsstil, entrepren\u00f6rskap, makeup &amp; tips.\" \/>\n<meta name=\"robots\" content=\"index, follow, max-snippet:-1, max-image-preview:large, max-video-preview:-1\" \/>\n<link rel=\"canonical\" href=\"https:\/\/www.imakeyousmile.se\/en\/vardag-och-fest\/\" \/>\n<meta property=\"og:locale\" content=\"en_US\" \/>\n<meta property=\"og:type\" content=\"article\" \/>\n<meta property=\"og:title\" content=\"Vardag och fest | Imakeyousmile.se\" \/>\n<meta property=\"og:description\" content=\"Vardag och fest | Helena Amiley - H\u00e4r hittar du senaste infromation om sk\u00f6nhet, livsstil, entrepren\u00f6rskap, makeup &amp; tips.\" \/>\n<meta property=\"og:url\" content=\"https:\/\/www.imakeyousmile.se\/en\/vardag-och-fest\/\" \/>\n<meta property=\"og:site_name\" content=\"Imakeyousmile.se\" \/>\n<meta property=\"article:author\" content=\"https:\/\/www.facebook.com\/imakeyousmile.se\" \/>\n<meta property=\"article:published_time\" content=\"2013-02-12T19:23:48+00:00\" \/>\n<meta property=\"article:modified_time\" content=\"2015-04-19T08:20:56+00:00\" \/>\n<meta property=\"og:image\" content=\"https:\/\/www.imakeyousmile.se\/wp-content\/uploads\/2013\/02\/IMG_2991.jpg\" \/>\n\t<meta property=\"og:image:width\" content=\"2560\" \/>\n\t<meta property=\"og:image:height\" content=\"1200\" \/>\n<meta name=\"twitter:card\" content=\"summary_large_image\" \/>\n<script type=\"application\/ld+json\" class=\"yoast-schema-graph\">{\"@context\":\"https:\/\/schema.org\",\"@graph\":[{\"@type\":\"Organization\",\"@id\":\"https:\/\/www.imakeyousmile.se\/en\/#organization\",\"name\":\"Imakeyousmile\",\"url\":\"https:\/\/www.imakeyousmile.se\/en\/\",\"sameAs\":[],\"logo\":{\"@type\":\"ImageObject\",\"@id\":\"https:\/\/www.imakeyousmile.se\/en\/#logo\",\"inLanguage\":\"en-US\",\"url\":\"https:\/\/www.imakeyousmile.se\/wp-content\/uploads\/2020\/10\/HELENA-AMILEY_SVART-1-e1603367975324.png\",\"width\":280,\"height\":93,\"caption\":\"Imakeyousmile\"},\"image\":{\"@id\":\"https:\/\/www.imakeyousmile.se\/en\/#logo\"}},{\"@type\":\"WebSite\",\"@id\":\"https:\/\/www.imakeyousmile.se\/en\/#website\",\"url\":\"https:\/\/www.imakeyousmile.se\/en\/\",\"name\":\"Imakeyousmile.se\",\"description\":\"Helena Amiley - Beauty, Entrepreneur, Lifestyle\",\"publisher\":{\"@id\":\"https:\/\/www.imakeyousmile.se\/en\/#organization\"},\"potentialAction\":[{\"@type\":\"SearchAction\",\"target\":\"https:\/\/www.imakeyousmile.se\/en\/?s={search_term_string}\",\"query-input\":\"required name=search_term_string\"}],\"inLanguage\":\"en-US\"},{\"@type\":\"ImageObject\",\"@id\":\"https:\/\/www.imakeyousmile.se\/vardag-och-fest\/#primaryimage\",\"inLanguage\":\"en-US\",\"url\":\"https:\/\/www.imakeyousmile.se\/wp-content\/uploads\/2013\/02\/IMG_2991.jpg\",\"width\":2560,\"height\":1200},{\"@type\":\"WebPage\",\"@id\":\"https:\/\/www.imakeyousmile.se\/vardag-och-fest\/#webpage\",\"url\":\"https:\/\/www.imakeyousmile.se\/vardag-och-fest\/\",\"name\":\"Vardag och fest | Imakeyousmile.se\",\"isPartOf\":{\"@id\":\"https:\/\/www.imakeyousmile.se\/en\/#website\"},\"primaryImageOfPage\":{\"@id\":\"https:\/\/www.imakeyousmile.se\/vardag-och-fest\/#primaryimage\"},\"datePublished\":\"2013-02-12T19:23:48+00:00\",\"dateModified\":\"2015-04-19T08:20:56+00:00\",\"description\":\"Vardag och fest | Helena Amiley - H\\u00e4r hittar du senaste infromation om sk\\u00f6nhet, livsstil, entrepren\\u00f6rskap, makeup & tips.\",\"inLanguage\":\"en-US\",\"potentialAction\":[{\"@type\":\"ReadAction\",\"target\":[\"https:\/\/www.imakeyousmile.se\/vardag-och-fest\/\"]}]},{\"@type\":\"Article\",\"@id\":\"https:\/\/www.imakeyousmile.se\/vardag-och-fest\/#article\",\"isPartOf\":{\"@id\":\"https:\/\/www.imakeyousmile.se\/vardag-och-fest\/#webpage\"},\"author\":{\"@id\":\"https:\/\/www.imakeyousmile.se\/en\/#\/schema\/person\/b0fd43b1c6bb1c60cfd68bff9b4a10fb\"},\"headline\":\"Vardag och fest\",\"datePublished\":\"2013-02-12T19:23:48+00:00\",\"dateModified\":\"2015-04-19T08:20:56+00:00\",\"mainEntityOfPage\":{\"@id\":\"https:\/\/www.imakeyousmile.se\/vardag-och-fest\/#webpage\"},\"commentCount\":0,\"publisher\":{\"@id\":\"https:\/\/www.imakeyousmile.se\/en\/#organization\"},\"image\":{\"@id\":\"https:\/\/www.imakeyousmile.se\/vardag-och-fest\/#primaryimage\"},\"articleSection\":\"Neutrala \/ milda sminkningar\",\"inLanguage\":\"en-US\",\"potentialAction\":[{\"@type\":\"CommentAction\",\"name\":\"Comment\",\"target\":[\"https:\/\/www.imakeyousmile.se\/vardag-och-fest\/#respond\"]}]},{\"@type\":\"Person\",\"@id\":\"https:\/\/www.imakeyousmile.se\/en\/#\/schema\/person\/b0fd43b1c6bb1c60cfd68bff9b4a10fb\",\"name\":\"Helena Amiley\",\"image\":{\"@type\":\"ImageObject\",\"@id\":\"https:\/\/www.imakeyousmile.se\/en\/#personlogo\",\"inLanguage\":\"en-US\",\"url\":\"https:\/\/secure.gravatar.com\/avatar\/5645558e1e355457a23368d7e1b4c904?s=96&d=mm&r=g\",\"caption\":\"Helena Amiley\"},\"description\":\"Jag skriver mest om sk\\u00f6nhet men bjuder \\u00e4ven p\\u00e5 glimtar fr\\u00e5n entrepren\\u00f6rlivet och bygget av v\\u00e5r egen camper van. Vanlife here we come!\",\"sameAs\":[\"https:\/\/www.facebook.com\/imakeyousmile.se\",\"https:\/\/www.instagram.com\/helenaamiley\",\"https:\/\/www.youtube.com\/channel\/UCR5iB6rvpV6Yr8ZjpQfr5mg?view_as=subscriber\"]}]}<\/script>\n<!-- \/ Yoast SEO Premium plugin. -->","_links":{"self":[{"href":"https:\/\/www.imakeyousmile.se\/en\/wp-json\/wp\/v2\/posts\/4450"}],"collection":[{"href":"https:\/\/www.imakeyousmile.se\/en\/wp-json\/wp\/v2\/posts"}],"about":[{"href":"https:\/\/www.imakeyousmile.se\/en\/wp-json\/wp\/v2\/types\/post"}],"author":[{"embeddable":true,"href":"https:\/\/www.imakeyousmile.se\/en\/wp-json\/wp\/v2\/users\/30"}],"replies":[{"embeddable":true,"href":"https:\/\/www.imakeyousmile.se\/en\/wp-json\/wp\/v2\/comments?post=4450"}],"version-history":[{"count":1,"href":"https:\/\/www.imakeyousmile.se\/en\/wp-json\/wp\/v2\/posts\/4450\/revisions"}],"predecessor-version":[{"id":19123,"href":"https:\/\/www.imakeyousmile.se\/en\/wp-json\/wp\/v2\/posts\/4450\/revisions\/19123"}],"wp:featuredmedia":[{"embeddable":true,"href":"https:\/\/www.imakeyousmile.se\/en\/wp-json\/wp\/v2\/media\/4455"}],"wp:attachment":[{"href":"https:\/\/www.imakeyousmile.se\/en\/wp-json\/wp\/v2\/media?parent=4450"}],"wp:term":[{"taxonomy":"category","embeddable":true,"href":"https:\/\/www.imakeyousmile.se\/en\/wp-json\/wp\/v2\/categories?post=4450"},{"taxonomy":"post_tag","embeddable":true,"href":"https:\/\/www.imakeyousmile.se\/en\/wp-json\/wp\/v2\/tags?post=4450"}],"curies":[{"name":"wp","href":"https:\/\/api.w.org\/{rel}","templated":true}]}}