{"id":4514,"date":"2013-02-15T17:46:11","date_gmt":"2013-02-15T16:46:11","guid":{"rendered":"http:\/\/www.imakeyousmile.se\/?p=4514"},"modified":"2013-02-24T15:42:28","modified_gmt":"2013-02-24T14:42:28","slug":"pur-minerals-foundation","status":"publish","type":"post","link":"https:\/\/www.imakeyousmile.se\/en\/pure-minerals-foundation\/","title":{"rendered":"Pure Minerals foundation"},"content":{"rendered":"<p>My skin has gotten sooo much better, and mostly less oily, since I started using <em>glo Minerals Pressed Base <\/em>foundation, which quickly became a favorite.<\/p>\n<p>But now, after testing my new foundation from <a href=\"https:\/\/ion.lyko.com\/t\/t?a=1117786221&#038;as=1548102449&#038;t=2&#038;tk=1&#038;epi=search-replace-flytandefoundation&#038;url=https:\/\/lyko.com\/sv\/sok?q=flytande+foundation\" target=\"_blank\"><strong><em>Pure Minerals<\/em> <\/strong><\/a>so am I<strong> <em>like this<\/em> fresh<\/strong> after a full day at work!<\/p>\n<p>&nbsp;<br \/>\n<a href=\"http:\/\/www.imakeyousmile.se\/en\/pur-minerals-foundation\/img_3323\/\" rel=\"attachment wp-att-4515\"><img loading=\"lazy\" decoding=\"async\" class=\"alignnone  wp-image-4515\" title=\"IMG_3323\" src=\"http:\/\/www.imakeyousmile.se\/wp-content\/uploads\/2013\/02\/IMG_3323-771x1024.jpg\" alt=\"\" width=\"617\" height=\"819\" srcset=\"https:\/\/www.imakeyousmile.se\/wp-content\/uploads\/2013\/02\/IMG_3323-771x1024.jpg 771w, https:\/\/www.imakeyousmile.se\/wp-content\/uploads\/2013\/02\/IMG_3323-225x300.jpg 225w, https:\/\/www.imakeyousmile.se\/wp-content\/uploads\/2013\/02\/IMG_3323-940x1248.jpg 940w, https:\/\/www.imakeyousmile.se\/wp-content\/uploads\/2013\/02\/IMG_3323-620x823.jpg 620w, https:\/\/www.imakeyousmile.se\/wp-content\/uploads\/2013\/02\/IMG_3323.jpg 1928w\" sizes=\"(max-width: 617px) 100vw, 617px\" \/><\/a><\/p>\n<p>I&#039;m kind of in a state of shock, I who was basically able to lubricate my dry cuticles after pulling my hand over my forehead, hahaha.<\/p>\n<p>Now I&#039;m barely fluffy around the nostrils! Just a little extra luster;)<\/p>\n<p>This Foundation also provides superb coverage, although Glo Minerals is probably a bit better if, for example, you compare coverage of red areas.<\/p>\n<p>You can look at before and after pictures <a href=\"http:\/\/modernmom.se\/skonhet\/superbra-foundation\/#.USomzDBhXLl\" target=\"_blank\"><strong><em>modernmom.se<\/em><\/strong><\/a>! :)<\/p>","protected":false},"excerpt":{"rendered":"<p>Min hy har blivit s\u00e5\u00e5\u00e5 mycket b\u00e4ttre, och fr\u00e4mst mindre\u00a0fet,\u00a0sen jag b\u00f6rjade anv\u00e4nda glo Minerals Pressed Base foundation, som snabbt blev en favorit. Men\u00a0nu, efter att ha\u00a0testat\u00a0min nya foundation fr\u00e5n P\u00fcr Minerals s\u00e5 \u00e4r jag s\u00e5 h\u00e4r fr\u00e4sch efter en heldag p\u00e5 jobbet! &nbsp; Jag\u00a0\u00e4r typ i chocktillst\u00e5nd, jag som i princip kunnat sm\u00f6rja in [&hellip;]<\/p>\n","protected":false},"author":30,"featured_media":0,"comment_status":"open","ping_status":"open","sticky":false,"template":"","format":"standard","meta":{"footnotes":""},"categories":[24,59],"tags":[413,414],"class_list":["post-4514","post","type-post","status-publish","format-standard","hentry","category-grundsmink","category-recensioner-produkttips","tag-pur-minerals-foundation","tag-smink-mot-oljig-hy"],"yoast_head":"<!-- This site is optimized with the Yoast SEO Premium plugin v14.9 - https:\/\/yoast.com\/wordpress\/plugins\/seo\/ -->\n<meta name=\"description\" content=\"P\u00fcr Minerals foundation | Helena Amiley - H\u00e4r hittar du senaste infromation om sk\u00f6nhet, livsstil, entrepren\u00f6rskap, makeup &amp; tips.\" \/>\n<meta name=\"robots\" content=\"index, follow, max-snippet:-1, max-image-preview:large, max-video-preview:-1\" \/>\n<link rel=\"canonical\" href=\"https:\/\/www.imakeyousmile.se\/en\/pur-minerals-foundation\/\" \/>\n<meta property=\"og:locale\" content=\"en_US\" \/>\n<meta property=\"og:type\" content=\"article\" \/>\n<meta property=\"og:title\" content=\"P\u00fcr Minerals foundation | Imakeyousmile.se\" \/>\n<meta property=\"og:description\" content=\"P\u00fcr Minerals foundation | Helena Amiley - H\u00e4r hittar du senaste infromation om sk\u00f6nhet, livsstil, entrepren\u00f6rskap, makeup &amp; tips.\" \/>\n<meta property=\"og:url\" content=\"https:\/\/www.imakeyousmile.se\/en\/pur-minerals-foundation\/\" \/>\n<meta property=\"og:site_name\" content=\"Imakeyousmile.se\" \/>\n<meta property=\"article:author\" content=\"https:\/\/www.facebook.com\/imakeyousmile.se\" \/>\n<meta property=\"article:published_time\" content=\"2013-02-15T16:46:11+00:00\" \/>\n<meta property=\"article:modified_time\" content=\"2013-02-24T14:42:28+00:00\" \/>\n<meta property=\"og:image\" content=\"http:\/\/www.imakeyousmile.se\/wp-content\/uploads\/2013\/02\/IMG_3323-771x1024.jpg\" \/>\n<meta name=\"twitter:card\" content=\"summary_large_image\" \/>\n<script type=\"application\/ld+json\" class=\"yoast-schema-graph\">{\"@context\":\"https:\/\/schema.org\",\"@graph\":[{\"@type\":\"Organization\",\"@id\":\"https:\/\/www.imakeyousmile.se\/en\/#organization\",\"name\":\"Imakeyousmile\",\"url\":\"https:\/\/www.imakeyousmile.se\/en\/\",\"sameAs\":[],\"logo\":{\"@type\":\"ImageObject\",\"@id\":\"https:\/\/www.imakeyousmile.se\/en\/#logo\",\"inLanguage\":\"en-US\",\"url\":\"https:\/\/www.imakeyousmile.se\/wp-content\/uploads\/2020\/10\/HELENA-AMILEY_SVART-1-e1603367975324.png\",\"width\":280,\"height\":93,\"caption\":\"Imakeyousmile\"},\"image\":{\"@id\":\"https:\/\/www.imakeyousmile.se\/en\/#logo\"}},{\"@type\":\"WebSite\",\"@id\":\"https:\/\/www.imakeyousmile.se\/en\/#website\",\"url\":\"https:\/\/www.imakeyousmile.se\/en\/\",\"name\":\"Imakeyousmile.se\",\"description\":\"Helena Amiley - Beauty, Entrepreneur, Lifestyle\",\"publisher\":{\"@id\":\"https:\/\/www.imakeyousmile.se\/en\/#organization\"},\"potentialAction\":[{\"@type\":\"SearchAction\",\"target\":\"https:\/\/www.imakeyousmile.se\/en\/?s={search_term_string}\",\"query-input\":\"required name=search_term_string\"}],\"inLanguage\":\"en-US\"},{\"@type\":\"ImageObject\",\"@id\":\"https:\/\/www.imakeyousmile.se\/pur-minerals-foundation\/#primaryimage\",\"inLanguage\":\"en-US\",\"url\":\"http:\/\/www.imakeyousmile.se\/wp-content\/uploads\/2013\/02\/IMG_3323-771x1024.jpg\"},{\"@type\":\"WebPage\",\"@id\":\"https:\/\/www.imakeyousmile.se\/pur-minerals-foundation\/#webpage\",\"url\":\"https:\/\/www.imakeyousmile.se\/pur-minerals-foundation\/\",\"name\":\"P\\u00fcr Minerals foundation | Imakeyousmile.se\",\"isPartOf\":{\"@id\":\"https:\/\/www.imakeyousmile.se\/en\/#website\"},\"primaryImageOfPage\":{\"@id\":\"https:\/\/www.imakeyousmile.se\/pur-minerals-foundation\/#primaryimage\"},\"datePublished\":\"2013-02-15T16:46:11+00:00\",\"dateModified\":\"2013-02-24T14:42:28+00:00\",\"description\":\"P\\u00fcr Minerals foundation | Helena Amiley - H\\u00e4r hittar du senaste infromation om sk\\u00f6nhet, livsstil, entrepren\\u00f6rskap, makeup & tips.\",\"inLanguage\":\"en-US\",\"potentialAction\":[{\"@type\":\"ReadAction\",\"target\":[\"https:\/\/www.imakeyousmile.se\/pur-minerals-foundation\/\"]}]},{\"@type\":\"Article\",\"@id\":\"https:\/\/www.imakeyousmile.se\/pur-minerals-foundation\/#article\",\"isPartOf\":{\"@id\":\"https:\/\/www.imakeyousmile.se\/pur-minerals-foundation\/#webpage\"},\"author\":{\"@id\":\"https:\/\/www.imakeyousmile.se\/en\/#\/schema\/person\/b0fd43b1c6bb1c60cfd68bff9b4a10fb\"},\"headline\":\"P\\u00fcr Minerals foundation\",\"datePublished\":\"2013-02-15T16:46:11+00:00\",\"dateModified\":\"2013-02-24T14:42:28+00:00\",\"mainEntityOfPage\":{\"@id\":\"https:\/\/www.imakeyousmile.se\/pur-minerals-foundation\/#webpage\"},\"commentCount\":0,\"publisher\":{\"@id\":\"https:\/\/www.imakeyousmile.se\/en\/#organization\"},\"image\":{\"@id\":\"https:\/\/www.imakeyousmile.se\/pur-minerals-foundation\/#primaryimage\"},\"keywords\":\"P\\u00fcr Minerals foundation,smink mot oljig hy\",\"articleSection\":\"Bassmink,Recensioner &amp; Produkttips\",\"inLanguage\":\"en-US\",\"potentialAction\":[{\"@type\":\"CommentAction\",\"name\":\"Comment\",\"target\":[\"https:\/\/www.imakeyousmile.se\/pur-minerals-foundation\/#respond\"]}]},{\"@type\":\"Person\",\"@id\":\"https:\/\/www.imakeyousmile.se\/en\/#\/schema\/person\/b0fd43b1c6bb1c60cfd68bff9b4a10fb\",\"name\":\"Helena Amiley\",\"image\":{\"@type\":\"ImageObject\",\"@id\":\"https:\/\/www.imakeyousmile.se\/en\/#personlogo\",\"inLanguage\":\"en-US\",\"url\":\"https:\/\/secure.gravatar.com\/avatar\/5645558e1e355457a23368d7e1b4c904?s=96&d=mm&r=g\",\"caption\":\"Helena Amiley\"},\"description\":\"Jag skriver mest om sk\\u00f6nhet men bjuder \\u00e4ven p\\u00e5 glimtar fr\\u00e5n entrepren\\u00f6rlivet och bygget av v\\u00e5r egen camper van. Vanlife here we come!\",\"sameAs\":[\"https:\/\/www.facebook.com\/imakeyousmile.se\",\"https:\/\/www.instagram.com\/helenaamiley\",\"https:\/\/www.youtube.com\/channel\/UCR5iB6rvpV6Yr8ZjpQfr5mg?view_as=subscriber\"]}]}<\/script>\n<!-- \/ Yoast SEO Premium plugin. -->","_links":{"self":[{"href":"https:\/\/www.imakeyousmile.se\/en\/wp-json\/wp\/v2\/posts\/4514"}],"collection":[{"href":"https:\/\/www.imakeyousmile.se\/en\/wp-json\/wp\/v2\/posts"}],"about":[{"href":"https:\/\/www.imakeyousmile.se\/en\/wp-json\/wp\/v2\/types\/post"}],"author":[{"embeddable":true,"href":"https:\/\/www.imakeyousmile.se\/en\/wp-json\/wp\/v2\/users\/30"}],"replies":[{"embeddable":true,"href":"https:\/\/www.imakeyousmile.se\/en\/wp-json\/wp\/v2\/comments?post=4514"}],"version-history":[{"count":0,"href":"https:\/\/www.imakeyousmile.se\/en\/wp-json\/wp\/v2\/posts\/4514\/revisions"}],"wp:attachment":[{"href":"https:\/\/www.imakeyousmile.se\/en\/wp-json\/wp\/v2\/media?parent=4514"}],"wp:term":[{"taxonomy":"category","embeddable":true,"href":"https:\/\/www.imakeyousmile.se\/en\/wp-json\/wp\/v2\/categories?post=4514"},{"taxonomy":"post_tag","embeddable":true,"href":"https:\/\/www.imakeyousmile.se\/en\/wp-json\/wp\/v2\/tags?post=4514"}],"curies":[{"name":"wp","href":"https:\/\/api.w.org\/{rel}","templated":true}]}}