{"id":4530,"date":"2013-02-16T20:30:52","date_gmt":"2013-02-16T19:30:52","guid":{"rendered":"http:\/\/www.imakeyousmile.se\/?p=4530"},"modified":"2021-09-27T08:22:04","modified_gmt":"2021-09-27T06:22:04","slug":"skarp-sminkning","status":"publish","type":"post","link":"https:\/\/www.imakeyousmile.se\/en\/sharp-make-up\/","title":{"rendered":"Sharp make-up"},"content":{"rendered":"<p>Played a bit with my eyeliner yesterday, and created this cool look with a narrow eyeliner on the lower lash line.<\/p>\n<p>A calm effect :)<br \/>\n<a href=\"http:\/\/www.imakeyousmile.se\/en\/skarp-sminkning\/img_3380\/\" rel=\"attachment wp-att-4531\"><img loading=\"lazy\" decoding=\"async\" class=\"alignnone wp-image-4531\" title=\"IMG_3380\" src=\"http:\/\/www.imakeyousmile.se\/wp-content\/uploads\/2013\/02\/IMG_3380-1024x999.jpg\" alt=\"\" width=\"588\" height=\"574\" srcset=\"https:\/\/www.imakeyousmile.se\/wp-content\/uploads\/2013\/02\/IMG_3380-1024x999.jpg 1024w, https:\/\/www.imakeyousmile.se\/wp-content\/uploads\/2013\/02\/IMG_3380-300x292.jpg 300w, https:\/\/www.imakeyousmile.se\/wp-content\/uploads\/2013\/02\/IMG_3380-940x917.jpg 940w, https:\/\/www.imakeyousmile.se\/wp-content\/uploads\/2013\/02\/IMG_3380-620x604.jpg 620w\" sizes=\"(max-width: 588px) 100vw, 588px\" \/><\/a><\/p>\n<p><span style=\"color: #ffcc99;\"><strong>Light eye shadow<\/strong><\/span> on the eyelid and in the corner of the eye, <a href=\"https:\/\/ion.lyko.com\/t\/t?a=1117786221&amp;as=1548102449&amp;t=2&amp;tk=1&amp;epi=search-replace-eyeshadow&amp;url=https:\/\/lyko.com\/sv\/sok?q=eyeshadow\" target=\"_blank\" rel=\"noopener\"><strong><em>Kryolan Nr. 1<\/em><\/strong><\/a>.<br \/>\n<strong><span style=\"color: #000000;\">Black eye shadow<\/span><\/strong> at the end of the eyelid and along the globe line, <a href=\"https:\/\/ion.lyko.com\/t\/t?a=1117786221&amp;as=1548102449&amp;t=2&amp;tk=1&amp;epi=search-replace-eyeshadow&amp;url=https:\/\/lyko.com\/sv\/sok?q=black+shadow\" target=\"_blank\" rel=\"noopener\"><strong><em>Smashbox Kiss n Tell<\/em><\/strong><\/a>.<br \/>\n<strong><span style=\"color: #008000;\">A little khaki green eye shadow<\/span><\/strong> over the globe line, <em>252 Palettes<\/em>.<\/p>\n<p><strong><span style=\"color: #999999;\">White eyeliner<\/span> <\/strong>along the waterline, <a href=\"https:\/\/ion.lyko.com\/t\/t?a=1117786221&amp;as=1548102449&amp;t=2&amp;tk=1&amp;epi=search-replace-isadorainliner&amp;url=https:\/\/lyko.com\/sv\/isadora\/isadora-inliner-kajal-50-satin-white\" target=\"_blank\" rel=\"noopener\"><strong><em>IsaDora Inliner (50 Satin White)<\/em><\/strong><\/a><br \/>\n<strong><span style=\"color: #000000;\">Black eyeliner<\/span><\/strong> along the upper and lower rows of lashes, <a href=\"https:\/\/id.partykungen.se\/t\/t?a=1280241905&amp;as=1548102449&amp;t=2&amp;tk=1&amp;epi=search-replace-kryolancake&amp;url=https:\/\/www.partykungen.se\/kryolan-cake-makeup-svart-30020.html\" target=\"_blank\" rel=\"noopener\"><strong><em>Kryolan Cake Eyeliner<\/em><\/strong><\/a>.<\/p>\n<p><span style=\"color: #000000;\"><strong>Black mascara<\/strong><\/span> on the upper lashes,\u00a0 <a href=\"https:\/\/ion.lyko.com\/t\/t?a=1117786221&amp;as=1548102449&amp;t=2&amp;tk=1&amp;epi=search-replace-makeupstore&amp;url=https:\/\/lyko.com\/sv\/make-up-store\" target=\"_blank\" rel=\"noopener\"><strong><em>Make Up Store Multilash<\/em><\/strong><\/a>.<\/p>\n<p>My lashes have not wanted to work together for several days, frustrating\u2026 :)<\/p>\n<p>&nbsp;<\/p>\n<p><a href=\"http:\/\/www.imakeyousmile.se\/en\/skarp-sminkning\/img_3394\/\" rel=\"attachment wp-att-4532\"><img loading=\"lazy\" decoding=\"async\" class=\"alignnone wp-image-4532\" title=\"IMG_3394\" src=\"http:\/\/www.imakeyousmile.se\/wp-content\/uploads\/2013\/02\/IMG_3394-785x1024.jpg\" alt=\"\" width=\"628\" height=\"819\" srcset=\"https:\/\/www.imakeyousmile.se\/wp-content\/uploads\/2013\/02\/IMG_3394-785x1024.jpg 785w, https:\/\/www.imakeyousmile.se\/wp-content\/uploads\/2013\/02\/IMG_3394-230x300.jpg 230w, https:\/\/www.imakeyousmile.se\/wp-content\/uploads\/2013\/02\/IMG_3394-940x1224.jpg 940w, https:\/\/www.imakeyousmile.se\/wp-content\/uploads\/2013\/02\/IMG_3394.jpg 1964w\" sizes=\"(max-width: 628px) 100vw, 628px\" \/><\/a><\/p>\n<p><strong><span style=\"color: #ff0000;\">Red lips<\/span><\/strong>, <a href=\"https:\/\/ion.lyko.com\/t\/t?a=1117786221&amp;as=1548102449&amp;t=2&amp;tk=1&amp;epi=search-replace-isadoralipgloss&amp;url=https:\/\/lyko.com\/sv\/sok?q=isadora+l%C3%A4ppglans\" target=\"_blank\" rel=\"noopener\"><strong><em>IsaDora Moisturizing Lip Gloss (21 Red Carpet)<\/em><\/strong><\/a><\/p>\n<p>&nbsp;<\/p>\n<p>Now I will pour a glass of wine and wait for the best Frida who comes here and presents her new Darling for the first time;) hihihi.<\/p>\n<p>Or what you now call a guy before you have officially been together!<\/p>\n<p>I&#039;m as overprotective of Frida as she is of me. In other words, he should be more nervous in front of me than in Frida&#039;s parents, haha :)<\/p>\n<p>&nbsp;<\/p>\n<p><strong>Wish you a nice Saturday night!<\/strong><\/p>","protected":false},"excerpt":{"rendered":"<p>Lekte lite med min eyeliner ig\u00e5r, och skapade denna coola look med en smal eyeliner p\u00e5 undre fransraden. En rolig effekt :) Ljus \u00f6gonskugga p\u00e5 \u00f6gonlocket och i \u00f6gonvr\u00e5n, Kryolan Nr. 1. Svart \u00f6gonskugga ytterst p\u00e5 \u00f6gonlocket och l\u00e4ngs globlinjen, Smashbox Kiss n Tell. Lite khakigr\u00f6n \u00f6gonskugga \u00f6ver globlinjen, 252 Paletten. Vit kajalpenna l\u00e4ngs vattenlinjen, [&hellip;]<\/p>\n","protected":false},"author":30,"featured_media":0,"comment_status":"open","ping_status":"open","sticky":false,"template":"","format":"standard","meta":{"footnotes":""},"categories":[3],"tags":[415,15],"class_list":["post-4530","post","type-post","status-publish","format-standard","hentry","category-allmant","tag-fest","tag-partysminkning"],"yoast_head":"<!-- This site is optimized with the Yoast SEO Premium plugin v14.9 - https:\/\/yoast.com\/wordpress\/plugins\/seo\/ -->\n<meta name=\"description\" content=\"Skarp sminkning | Helena Amiley - H\u00e4r hittar du senaste infromation om sk\u00f6nhet, livsstil, entrepren\u00f6rskap, makeup &amp; tips.\" \/>\n<meta name=\"robots\" content=\"index, follow, max-snippet:-1, max-image-preview:large, max-video-preview:-1\" \/>\n<link rel=\"canonical\" href=\"https:\/\/www.imakeyousmile.se\/en\/skarp-sminkning\/\" \/>\n<meta property=\"og:locale\" content=\"en_US\" \/>\n<meta property=\"og:type\" content=\"article\" \/>\n<meta property=\"og:title\" content=\"Skarp sminkning | Imakeyousmile.se\" \/>\n<meta property=\"og:description\" content=\"Skarp sminkning | Helena Amiley - H\u00e4r hittar du senaste infromation om sk\u00f6nhet, livsstil, entrepren\u00f6rskap, makeup &amp; tips.\" \/>\n<meta property=\"og:url\" content=\"https:\/\/www.imakeyousmile.se\/en\/skarp-sminkning\/\" \/>\n<meta property=\"og:site_name\" content=\"Imakeyousmile.se\" \/>\n<meta property=\"article:author\" content=\"https:\/\/www.facebook.com\/imakeyousmile.se\" \/>\n<meta property=\"article:published_time\" content=\"2013-02-16T19:30:52+00:00\" \/>\n<meta property=\"article:modified_time\" content=\"2021-09-27T06:22:04+00:00\" \/>\n<meta property=\"og:image\" content=\"http:\/\/www.imakeyousmile.se\/wp-content\/uploads\/2013\/02\/IMG_3380-1024x999.jpg\" \/>\n<meta name=\"twitter:card\" content=\"summary_large_image\" \/>\n<script type=\"application\/ld+json\" class=\"yoast-schema-graph\">{\"@context\":\"https:\/\/schema.org\",\"@graph\":[{\"@type\":\"Organization\",\"@id\":\"https:\/\/www.imakeyousmile.se\/en\/#organization\",\"name\":\"Imakeyousmile\",\"url\":\"https:\/\/www.imakeyousmile.se\/en\/\",\"sameAs\":[],\"logo\":{\"@type\":\"ImageObject\",\"@id\":\"https:\/\/www.imakeyousmile.se\/en\/#logo\",\"inLanguage\":\"en-US\",\"url\":\"https:\/\/www.imakeyousmile.se\/wp-content\/uploads\/2020\/10\/HELENA-AMILEY_SVART-1-e1603367975324.png\",\"width\":280,\"height\":93,\"caption\":\"Imakeyousmile\"},\"image\":{\"@id\":\"https:\/\/www.imakeyousmile.se\/en\/#logo\"}},{\"@type\":\"WebSite\",\"@id\":\"https:\/\/www.imakeyousmile.se\/en\/#website\",\"url\":\"https:\/\/www.imakeyousmile.se\/en\/\",\"name\":\"Imakeyousmile.se\",\"description\":\"Helena Amiley - Beauty, Entrepreneur, Lifestyle\",\"publisher\":{\"@id\":\"https:\/\/www.imakeyousmile.se\/en\/#organization\"},\"potentialAction\":[{\"@type\":\"SearchAction\",\"target\":\"https:\/\/www.imakeyousmile.se\/en\/?s={search_term_string}\",\"query-input\":\"required name=search_term_string\"}],\"inLanguage\":\"en-US\"},{\"@type\":\"ImageObject\",\"@id\":\"https:\/\/www.imakeyousmile.se\/skarp-sminkning\/#primaryimage\",\"inLanguage\":\"en-US\",\"url\":\"http:\/\/www.imakeyousmile.se\/wp-content\/uploads\/2013\/02\/IMG_3380-1024x999.jpg\"},{\"@type\":\"WebPage\",\"@id\":\"https:\/\/www.imakeyousmile.se\/skarp-sminkning\/#webpage\",\"url\":\"https:\/\/www.imakeyousmile.se\/skarp-sminkning\/\",\"name\":\"Skarp sminkning | Imakeyousmile.se\",\"isPartOf\":{\"@id\":\"https:\/\/www.imakeyousmile.se\/en\/#website\"},\"primaryImageOfPage\":{\"@id\":\"https:\/\/www.imakeyousmile.se\/skarp-sminkning\/#primaryimage\"},\"datePublished\":\"2013-02-16T19:30:52+00:00\",\"dateModified\":\"2021-09-27T06:22:04+00:00\",\"description\":\"Skarp sminkning | Helena Amiley - H\\u00e4r hittar du senaste infromation om sk\\u00f6nhet, livsstil, entrepren\\u00f6rskap, makeup & tips.\",\"inLanguage\":\"en-US\",\"potentialAction\":[{\"@type\":\"ReadAction\",\"target\":[\"https:\/\/www.imakeyousmile.se\/skarp-sminkning\/\"]}]},{\"@type\":\"Article\",\"@id\":\"https:\/\/www.imakeyousmile.se\/skarp-sminkning\/#article\",\"isPartOf\":{\"@id\":\"https:\/\/www.imakeyousmile.se\/skarp-sminkning\/#webpage\"},\"author\":{\"@id\":\"https:\/\/www.imakeyousmile.se\/en\/#\/schema\/person\/b0fd43b1c6bb1c60cfd68bff9b4a10fb\"},\"headline\":\"Skarp sminkning\",\"datePublished\":\"2013-02-16T19:30:52+00:00\",\"dateModified\":\"2021-09-27T06:22:04+00:00\",\"mainEntityOfPage\":{\"@id\":\"https:\/\/www.imakeyousmile.se\/skarp-sminkning\/#webpage\"},\"commentCount\":0,\"publisher\":{\"@id\":\"https:\/\/www.imakeyousmile.se\/en\/#organization\"},\"image\":{\"@id\":\"https:\/\/www.imakeyousmile.se\/skarp-sminkning\/#primaryimage\"},\"keywords\":\"Fest,Partysminkning\",\"articleSection\":\"\\u00d6vrigt\",\"inLanguage\":\"en-US\",\"potentialAction\":[{\"@type\":\"CommentAction\",\"name\":\"Comment\",\"target\":[\"https:\/\/www.imakeyousmile.se\/skarp-sminkning\/#respond\"]}]},{\"@type\":\"Person\",\"@id\":\"https:\/\/www.imakeyousmile.se\/en\/#\/schema\/person\/b0fd43b1c6bb1c60cfd68bff9b4a10fb\",\"name\":\"Helena Amiley\",\"image\":{\"@type\":\"ImageObject\",\"@id\":\"https:\/\/www.imakeyousmile.se\/en\/#personlogo\",\"inLanguage\":\"en-US\",\"url\":\"https:\/\/secure.gravatar.com\/avatar\/5645558e1e355457a23368d7e1b4c904?s=96&d=mm&r=g\",\"caption\":\"Helena Amiley\"},\"description\":\"Jag skriver mest om sk\\u00f6nhet men bjuder \\u00e4ven p\\u00e5 glimtar fr\\u00e5n entrepren\\u00f6rlivet och bygget av v\\u00e5r egen camper van. Vanlife here we come!\",\"sameAs\":[\"https:\/\/www.facebook.com\/imakeyousmile.se\",\"https:\/\/www.instagram.com\/helenaamiley\",\"https:\/\/www.youtube.com\/channel\/UCR5iB6rvpV6Yr8ZjpQfr5mg?view_as=subscriber\"]}]}<\/script>\n<!-- \/ Yoast SEO Premium plugin. -->","_links":{"self":[{"href":"https:\/\/www.imakeyousmile.se\/en\/wp-json\/wp\/v2\/posts\/4530"}],"collection":[{"href":"https:\/\/www.imakeyousmile.se\/en\/wp-json\/wp\/v2\/posts"}],"about":[{"href":"https:\/\/www.imakeyousmile.se\/en\/wp-json\/wp\/v2\/types\/post"}],"author":[{"embeddable":true,"href":"https:\/\/www.imakeyousmile.se\/en\/wp-json\/wp\/v2\/users\/30"}],"replies":[{"embeddable":true,"href":"https:\/\/www.imakeyousmile.se\/en\/wp-json\/wp\/v2\/comments?post=4530"}],"version-history":[{"count":1,"href":"https:\/\/www.imakeyousmile.se\/en\/wp-json\/wp\/v2\/posts\/4530\/revisions"}],"predecessor-version":[{"id":41156,"href":"https:\/\/www.imakeyousmile.se\/en\/wp-json\/wp\/v2\/posts\/4530\/revisions\/41156"}],"wp:attachment":[{"href":"https:\/\/www.imakeyousmile.se\/en\/wp-json\/wp\/v2\/media?parent=4530"}],"wp:term":[{"taxonomy":"category","embeddable":true,"href":"https:\/\/www.imakeyousmile.se\/en\/wp-json\/wp\/v2\/categories?post=4530"},{"taxonomy":"post_tag","embeddable":true,"href":"https:\/\/www.imakeyousmile.se\/en\/wp-json\/wp\/v2\/tags?post=4530"}],"curies":[{"name":"wp","href":"https:\/\/api.w.org\/{rel}","templated":true}]}}