{"id":5625,"date":"2013-04-28T00:19:38","date_gmt":"2013-04-27T22:19:38","guid":{"rendered":"http:\/\/www.imakeyousmile.se\/?p=5625"},"modified":"2013-04-28T00:19:39","modified_gmt":"2013-04-27T22:19:39","slug":"dubbel-eyeliner","status":"publish","type":"post","link":"https:\/\/www.imakeyousmile.se\/en\/double-eyeliner\/","title":{"rendered":"Double Eyeliner"},"content":{"rendered":"<p>Oh I have had such a great day today !!<\/p>\n<p>A year ago, it was my class that went to 3rd at Vackstan\u00e4sgymnasiet and showed off our final collections in a big fashion show. <em>(Movie clips on my collection are available <a href=\"http:\/\/www.imakeyousmile.se\/en\/vackstanas-modevisning-2\/\" target=\"_blank\">here <\/a>for you who want to see)<\/em><\/p>\n<p>And today I and some friends from school were watching this year&#039;s threes! Oh how good they were all !! :) And god what I miss everyone from school, did not want to go home !!! Now the separation anxiety came back, must move closer to everyone soon!<\/p>\n<p>&nbsp;<\/p>\n<p>Anyway, here comes today&#039;s makeup :)<\/p>\n<p>&nbsp;<\/p>\n<p><a href=\"http:\/\/www.imakeyousmile.se\/en\/dubbel-eyeliner\/img_9211-kopia\/\" rel=\"attachment wp-att-5626\"><img loading=\"lazy\" decoding=\"async\" class=\"alignnone  wp-image-5626\" title=\"IMG_9211 - copy\" src=\"http:\/\/www.imakeyousmile.se\/wp-content\/uploads\/2013\/04\/IMG_9211-kopia-1024x719.jpg\" alt=\"\" width=\"686\" height=\"482\" srcset=\"https:\/\/www.imakeyousmile.se\/wp-content\/uploads\/2013\/04\/IMG_9211-kopia-1024x719.jpg 1024w, https:\/\/www.imakeyousmile.se\/wp-content\/uploads\/2013\/04\/IMG_9211-kopia-300x210.jpg 300w, https:\/\/www.imakeyousmile.se\/wp-content\/uploads\/2013\/04\/IMG_9211-kopia-940x660.jpg 940w, https:\/\/www.imakeyousmile.se\/wp-content\/uploads\/2013\/04\/IMG_9211-kopia-620x435.jpg 620w\" sizes=\"(max-width: 686px) 100vw, 686px\" \/><\/a><\/p>\n<p>Double eyeliner and copper soot under the eye, sickly good combo!<\/p>\n<p><a href=\"http:\/\/www.imakeyousmile.se\/en\/dubbel-eyeliner\/img_9211\/\" rel=\"attachment wp-att-5627\"><img loading=\"lazy\" decoding=\"async\" class=\"alignnone  wp-image-5627\" title=\"IMG_9211\" src=\"http:\/\/www.imakeyousmile.se\/wp-content\/uploads\/2013\/04\/IMG_9211-989x1024.jpg\" alt=\"\" width=\"686\" height=\"710\" srcset=\"https:\/\/www.imakeyousmile.se\/wp-content\/uploads\/2013\/04\/IMG_9211-989x1024.jpg 989w, https:\/\/www.imakeyousmile.se\/wp-content\/uploads\/2013\/04\/IMG_9211-290x300.jpg 290w, https:\/\/www.imakeyousmile.se\/wp-content\/uploads\/2013\/04\/IMG_9211-940x972.jpg 940w, https:\/\/www.imakeyousmile.se\/wp-content\/uploads\/2013\/04\/IMG_9211-620x641.jpg 620w, https:\/\/www.imakeyousmile.se\/wp-content\/uploads\/2013\/04\/IMG_9211.jpg 1711w\" sizes=\"(max-width: 686px) 100vw, 686px\" \/><\/a><\/p>\n<p><strong><span style=\"color: #000000;\">Black eyeliner<\/span><\/strong> + wing, <a href=\"https:\/\/id.partykungen.se\/t\/t?a=1280241905&#038;as=1548102449&#038;t=2&#038;tk=1&#038;epi=search-replace-kryolancake&#038;url=https:\/\/www.partykungen.se\/kryolan-cake-makeup-svart-30020.html\" target=\"_blank\">Kryolan Cake Eyeliner.<\/a><br \/>\n<strong><span style=\"color: #0000ff;\">Blue eyeliner<\/span><\/strong> + wing, <a href=\"https:\/\/ion.lyko.com\/t\/t?a=1117786221&#038;as=1548102449&#038;t=2&#038;tk=1&#038;epi=search-replace-eyedust&#038;url=https:\/\/lyko.com\/sv\/sok?q=make+up+store+eyedust\" target=\"_blank\">Make Up Store Eyedust (Sight)<\/a> mixed with water.<\/p>\n<p><strong><span style=\"color: #999999;\">White eyeliner<\/span><\/strong> along the waterline, <a href=\"https:\/\/ion.lyko.com\/t\/t?a=1117786221&#038;as=1548102449&#038;t=2&#038;tk=1&#038;epi=search-replace-isadorainliner&#038;url=https:\/\/lyko.com\/sv\/isadora\/isadora-inliner-kajal-56-blonde\" target=\"_blank\">IsaDora Inliner Kajal (50 Satin White)<\/a><br \/>\n<strong><span style=\"color: #ffcc99;\">Light eye shadow<\/span> <\/strong>in the corner of the eye and on the entire eyelid, <a href=\"https:\/\/ion.lyko.com\/t\/t?a=1117786221&#038;as=1548102449&#038;t=2&#038;tk=1&#038;epi=search-replace-eyeshadow&#038;url=https:\/\/lyko.com\/sv\/sok?q=eyeshadow\" target=\"_blank\">Annika&#039;s Favorite Shadow<\/a>.<br \/>\n<strong><span style=\"color: #d0572e;\">Copper-colored eye shadow<\/span><\/strong> along the lower lash line,<a href=\"https:\/\/ion.lyko.com\/t\/t?a=1117786221&#038;as=1548102449&#038;t=2&#038;tk=1&#038;epi=search-replace-palette&#038;url=https:\/\/lyko.com\/sv\/smink\/paletter?fromsearch=palette\" target=\"_blank\"> iMys 4-palette Brown<\/a>.<\/p>\n<p><strong><span style=\"color: #000000;\">Black mascara<\/span><\/strong> on all lashes,<a href=\"https:\/\/ion.lyko.com\/t\/t?a=1117786221&#038;as=1548102449&#038;t=2&#038;tk=1&#038;epi=search-replace-MUSmascara&#038;url=https:\/\/lyko.com\/sv\/sok?q=make+up+store+mascara\" target=\"_blank\"> Make Up Store Multilash<\/a>.<\/p>\n<p>&nbsp;<\/p>\n<p><a href=\"http:\/\/www.imakeyousmile.se\/en\/dubbel-eyeliner\/img_9223\/\" rel=\"attachment wp-att-5628\"><img loading=\"lazy\" decoding=\"async\" class=\"alignnone  wp-image-5628\" title=\"IMG_9223\" src=\"http:\/\/www.imakeyousmile.se\/wp-content\/uploads\/2013\/04\/IMG_9223-784x1024.jpg\" alt=\"\" width=\"627\" height=\"819\" srcset=\"https:\/\/www.imakeyousmile.se\/wp-content\/uploads\/2013\/04\/IMG_9223-784x1024.jpg 784w, https:\/\/www.imakeyousmile.se\/wp-content\/uploads\/2013\/04\/IMG_9223-229x300.jpg 229w, https:\/\/www.imakeyousmile.se\/wp-content\/uploads\/2013\/04\/IMG_9223-940x1227.jpg 940w, https:\/\/www.imakeyousmile.se\/wp-content\/uploads\/2013\/04\/IMG_9223-620x809.jpg 620w, https:\/\/www.imakeyousmile.se\/wp-content\/uploads\/2013\/04\/IMG_9223.jpg 1960w\" sizes=\"(max-width: 627px) 100vw, 627px\" \/><\/a><\/p>\n<p>Lips,<a href=\"https:\/\/ion.lyko.com\/t\/t?a=1117786221&#038;as=1548102449&#038;t=2&#038;tk=1&#038;epi=search-replace-isadoralipgloss&#038;url=https:\/\/lyko.com\/sv\/sok?q=isadora+l%C3%A4ppglans\" target=\"_blank\"> IsaDora Moisturizing Lip Gloss (21 Red Carpet)<\/a> mixed with <a href=\"https:\/\/ion.lyko.com\/t\/t?a=1117786221&#038;as=1548102449&#038;t=2&#038;tk=1&#038;epi=search-replace-isadoralipgloss&#038;url=https:\/\/lyko.com\/sv\/sok?q=isadora+l%C3%A4ppglans\" target=\"_blank\">Wet n Wild Silk Finish Lipstick<\/a>.<\/p>\n<p><a href=\"http:\/\/www.imakeyousmile.se\/en\/dubbel-eyeliner\/img_9225\/\" rel=\"attachment wp-att-5629\"><img loading=\"lazy\" decoding=\"async\" class=\"alignnone  wp-image-5629\" title=\"IMG_9225\" src=\"http:\/\/www.imakeyousmile.se\/wp-content\/uploads\/2013\/04\/IMG_9225-780x1024.jpg\" alt=\"\" width=\"624\" height=\"819\" srcset=\"https:\/\/www.imakeyousmile.se\/wp-content\/uploads\/2013\/04\/IMG_9225-780x1024.jpg 780w, https:\/\/www.imakeyousmile.se\/wp-content\/uploads\/2013\/04\/IMG_9225-228x300.jpg 228w, https:\/\/www.imakeyousmile.se\/wp-content\/uploads\/2013\/04\/IMG_9225-940x1233.jpg 940w, https:\/\/www.imakeyousmile.se\/wp-content\/uploads\/2013\/04\/IMG_9225-620x813.jpg 620w, https:\/\/www.imakeyousmile.se\/wp-content\/uploads\/2013\/04\/IMG_9225.jpg 1951w\" sizes=\"(max-width: 624px) 100vw, 624px\" \/><\/a><\/p>\n<p>Now I&#039;ll crawl under the covers, and treat myself to a longer sleep tomorrow! Nodding to only I see myself close my eyes in the picture above;)<\/p>\n<p>A little beauty sleep would be needed I feel.<\/p>\n<p>Hope you had as good a Saturday as I did!<br \/>\n<em>Hug, Helena<\/em><\/p>\n<p>&nbsp;<\/p>","protected":false},"excerpt":{"rendered":"<p>\u00c5h jag har haft en s\u00e5 himla bra dag idag!! F\u00f6r ett \u00e5r sedan var det min klass som gick i 3:an p\u00e5 Vackstan\u00e4sgymnasiet och visade upp v\u00e5ra slutkollektioner i en stor modevisning. (Filmklipp p\u00e5 min kollektion finns h\u00e4r f\u00f6r er som vill se) Och idag var jag och n\u00e5gra kompisar fr\u00e5n skolan och tittade [&hellip;]<\/p>\n","protected":false},"author":30,"featured_media":0,"comment_status":"open","ping_status":"closed","sticky":false,"template":"","format":"standard","meta":{"footnotes":""},"categories":[3],"tags":[638,637,509,441],"class_list":["post-5625","post","type-post","status-publish","format-standard","hentry","category-allmant","tag-bla-eyeliner","tag-dubbel-eyeliner","tag-eyeliner","tag-fargglad-eyeliner"],"yoast_head":"<!-- This site is optimized with the Yoast SEO Premium plugin v14.9 - https:\/\/yoast.com\/wordpress\/plugins\/seo\/ -->\n<meta name=\"description\" content=\"Dubbel Eyeliner | Helena Amiley - H\u00e4r hittar du senaste infromation om sk\u00f6nhet, livsstil, entrepren\u00f6rskap, makeup &amp; tips.\" \/>\n<meta name=\"robots\" content=\"index, follow, max-snippet:-1, max-image-preview:large, max-video-preview:-1\" \/>\n<link rel=\"canonical\" href=\"https:\/\/www.imakeyousmile.se\/en\/dubbel-eyeliner\/\" \/>\n<meta property=\"og:locale\" content=\"en_US\" \/>\n<meta property=\"og:type\" content=\"article\" \/>\n<meta property=\"og:title\" content=\"Dubbel Eyeliner | Imakeyousmile.se\" \/>\n<meta property=\"og:description\" content=\"Dubbel Eyeliner | Helena Amiley - H\u00e4r hittar du senaste infromation om sk\u00f6nhet, livsstil, entrepren\u00f6rskap, makeup &amp; tips.\" \/>\n<meta property=\"og:url\" content=\"https:\/\/www.imakeyousmile.se\/en\/dubbel-eyeliner\/\" \/>\n<meta property=\"og:site_name\" content=\"Imakeyousmile.se\" \/>\n<meta property=\"article:author\" content=\"https:\/\/www.facebook.com\/imakeyousmile.se\" \/>\n<meta property=\"article:published_time\" content=\"2013-04-27T22:19:38+00:00\" \/>\n<meta property=\"article:modified_time\" content=\"2013-04-27T22:19:39+00:00\" \/>\n<meta property=\"og:image\" content=\"http:\/\/www.imakeyousmile.se\/wp-content\/uploads\/2013\/04\/IMG_9211-kopia-1024x719.jpg\" \/>\n<meta name=\"twitter:card\" content=\"summary_large_image\" \/>\n<script type=\"application\/ld+json\" class=\"yoast-schema-graph\">{\"@context\":\"https:\/\/schema.org\",\"@graph\":[{\"@type\":\"Organization\",\"@id\":\"https:\/\/www.imakeyousmile.se\/en\/#organization\",\"name\":\"Imakeyousmile\",\"url\":\"https:\/\/www.imakeyousmile.se\/en\/\",\"sameAs\":[],\"logo\":{\"@type\":\"ImageObject\",\"@id\":\"https:\/\/www.imakeyousmile.se\/en\/#logo\",\"inLanguage\":\"en-US\",\"url\":\"https:\/\/www.imakeyousmile.se\/wp-content\/uploads\/2020\/10\/HELENA-AMILEY_SVART-1-e1603367975324.png\",\"width\":280,\"height\":93,\"caption\":\"Imakeyousmile\"},\"image\":{\"@id\":\"https:\/\/www.imakeyousmile.se\/en\/#logo\"}},{\"@type\":\"WebSite\",\"@id\":\"https:\/\/www.imakeyousmile.se\/en\/#website\",\"url\":\"https:\/\/www.imakeyousmile.se\/en\/\",\"name\":\"Imakeyousmile.se\",\"description\":\"Helena Amiley - Beauty, Entrepreneur, Lifestyle\",\"publisher\":{\"@id\":\"https:\/\/www.imakeyousmile.se\/en\/#organization\"},\"potentialAction\":[{\"@type\":\"SearchAction\",\"target\":\"https:\/\/www.imakeyousmile.se\/en\/?s={search_term_string}\",\"query-input\":\"required name=search_term_string\"}],\"inLanguage\":\"en-US\"},{\"@type\":\"ImageObject\",\"@id\":\"https:\/\/www.imakeyousmile.se\/dubbel-eyeliner\/#primaryimage\",\"inLanguage\":\"en-US\",\"url\":\"http:\/\/www.imakeyousmile.se\/wp-content\/uploads\/2013\/04\/IMG_9211-kopia-1024x719.jpg\"},{\"@type\":\"WebPage\",\"@id\":\"https:\/\/www.imakeyousmile.se\/dubbel-eyeliner\/#webpage\",\"url\":\"https:\/\/www.imakeyousmile.se\/dubbel-eyeliner\/\",\"name\":\"Dubbel Eyeliner | Imakeyousmile.se\",\"isPartOf\":{\"@id\":\"https:\/\/www.imakeyousmile.se\/en\/#website\"},\"primaryImageOfPage\":{\"@id\":\"https:\/\/www.imakeyousmile.se\/dubbel-eyeliner\/#primaryimage\"},\"datePublished\":\"2013-04-27T22:19:38+00:00\",\"dateModified\":\"2013-04-27T22:19:39+00:00\",\"description\":\"Dubbel Eyeliner | Helena Amiley - H\\u00e4r hittar du senaste infromation om sk\\u00f6nhet, livsstil, entrepren\\u00f6rskap, makeup & tips.\",\"inLanguage\":\"en-US\",\"potentialAction\":[{\"@type\":\"ReadAction\",\"target\":[\"https:\/\/www.imakeyousmile.se\/dubbel-eyeliner\/\"]}]},{\"@type\":\"Article\",\"@id\":\"https:\/\/www.imakeyousmile.se\/dubbel-eyeliner\/#article\",\"isPartOf\":{\"@id\":\"https:\/\/www.imakeyousmile.se\/dubbel-eyeliner\/#webpage\"},\"author\":{\"@id\":\"https:\/\/www.imakeyousmile.se\/en\/#\/schema\/person\/b0fd43b1c6bb1c60cfd68bff9b4a10fb\"},\"headline\":\"Dubbel Eyeliner\",\"datePublished\":\"2013-04-27T22:19:38+00:00\",\"dateModified\":\"2013-04-27T22:19:39+00:00\",\"mainEntityOfPage\":{\"@id\":\"https:\/\/www.imakeyousmile.se\/dubbel-eyeliner\/#webpage\"},\"commentCount\":0,\"publisher\":{\"@id\":\"https:\/\/www.imakeyousmile.se\/en\/#organization\"},\"image\":{\"@id\":\"https:\/\/www.imakeyousmile.se\/dubbel-eyeliner\/#primaryimage\"},\"keywords\":\"bl\\u00e5 eyeliner,dubbel eyeliner,eyeliner,f\\u00e4rgglad eyeliner\",\"articleSection\":\"\\u00d6vrigt\",\"inLanguage\":\"en-US\",\"potentialAction\":[{\"@type\":\"CommentAction\",\"name\":\"Comment\",\"target\":[\"https:\/\/www.imakeyousmile.se\/dubbel-eyeliner\/#respond\"]}]},{\"@type\":\"Person\",\"@id\":\"https:\/\/www.imakeyousmile.se\/en\/#\/schema\/person\/b0fd43b1c6bb1c60cfd68bff9b4a10fb\",\"name\":\"Helena Amiley\",\"image\":{\"@type\":\"ImageObject\",\"@id\":\"https:\/\/www.imakeyousmile.se\/en\/#personlogo\",\"inLanguage\":\"en-US\",\"url\":\"https:\/\/secure.gravatar.com\/avatar\/5645558e1e355457a23368d7e1b4c904?s=96&d=mm&r=g\",\"caption\":\"Helena Amiley\"},\"description\":\"Jag skriver mest om sk\\u00f6nhet men bjuder \\u00e4ven p\\u00e5 glimtar fr\\u00e5n entrepren\\u00f6rlivet och bygget av v\\u00e5r egen camper van. Vanlife here we come!\",\"sameAs\":[\"https:\/\/www.facebook.com\/imakeyousmile.se\",\"https:\/\/www.instagram.com\/helenaamiley\",\"https:\/\/www.youtube.com\/channel\/UCR5iB6rvpV6Yr8ZjpQfr5mg?view_as=subscriber\"]}]}<\/script>\n<!-- \/ Yoast SEO Premium plugin. -->","_links":{"self":[{"href":"https:\/\/www.imakeyousmile.se\/en\/wp-json\/wp\/v2\/posts\/5625"}],"collection":[{"href":"https:\/\/www.imakeyousmile.se\/en\/wp-json\/wp\/v2\/posts"}],"about":[{"href":"https:\/\/www.imakeyousmile.se\/en\/wp-json\/wp\/v2\/types\/post"}],"author":[{"embeddable":true,"href":"https:\/\/www.imakeyousmile.se\/en\/wp-json\/wp\/v2\/users\/30"}],"replies":[{"embeddable":true,"href":"https:\/\/www.imakeyousmile.se\/en\/wp-json\/wp\/v2\/comments?post=5625"}],"version-history":[{"count":0,"href":"https:\/\/www.imakeyousmile.se\/en\/wp-json\/wp\/v2\/posts\/5625\/revisions"}],"wp:attachment":[{"href":"https:\/\/www.imakeyousmile.se\/en\/wp-json\/wp\/v2\/media?parent=5625"}],"wp:term":[{"taxonomy":"category","embeddable":true,"href":"https:\/\/www.imakeyousmile.se\/en\/wp-json\/wp\/v2\/categories?post=5625"},{"taxonomy":"post_tag","embeddable":true,"href":"https:\/\/www.imakeyousmile.se\/en\/wp-json\/wp\/v2\/tags?post=5625"}],"curies":[{"name":"wp","href":"https:\/\/api.w.org\/{rel}","templated":true}]}}