{"id":587,"date":"2012-11-30T08:05:20","date_gmt":"2012-11-30T07:05:20","guid":{"rendered":"http:\/\/www.imakeyousmile.se\/?p=587"},"modified":"2012-11-28T18:23:05","modified_gmt":"2012-11-28T17:23:05","slug":"sminkning-fargcirkeln","status":"publish","type":"post","link":"https:\/\/www.imakeyousmile.se\/en\/make-up-color-circle\/","title":{"rendered":"Make-up The color circle"},"content":{"rendered":"<p>To immerse myself in yesterday&#039;s post about color combinations, that it is easiest to blur together<strong> two colors lying next to each other in the color circle<\/strong>, so I felt a little funny and did a color circle make-up with all the colors!<\/p>\n<p>If you did not understand yesterday, I hope you understand now! :)<\/p>\n<p><img loading=\"lazy\" decoding=\"async\" class=\"aligncenter\" title=\"fc3a4rgcirkel\" src=\"http:\/\/www.imakeyousmile.se\/wp-content\/uploads\/2012\/11\/fc3a4rgcirkel.jpg\" alt=\"\" width=\"400\" height=\"400\" \/><\/p>\n<p style=\"text-align: center;\"><a href=\"http:\/\/www.imakeyousmile.se\/wp-content\/uploads\/2012\/11\/IMG_4826-Copy.jpg\"><img loading=\"lazy\" decoding=\"async\" class=\"aligncenter  wp-image-588\" title=\"IMG_4826 - Copy\" src=\"http:\/\/www.imakeyousmile.se\/wp-content\/uploads\/2012\/11\/IMG_4826-Copy-662x426.jpg\" alt=\"\" width=\"463\" height=\"298\" srcset=\"https:\/\/www.imakeyousmile.se\/wp-content\/uploads\/2012\/11\/IMG_4826-Copy-662x426.jpg 662w, https:\/\/www.imakeyousmile.se\/wp-content\/uploads\/2012\/11\/IMG_4826-Copy-300x193.jpg 300w, https:\/\/www.imakeyousmile.se\/wp-content\/uploads\/2012\/11\/IMG_4826-Copy-720x463.jpg 720w\" sizes=\"(max-width: 463px) 100vw, 463px\" \/><\/a><\/p>\n<p style=\"text-align: center;\"><strong><span style=\"color: #ffcc00;\">Yellow<\/span>&#8211;<span style=\"color: #ff6600;\">Orange<\/span>&#8211;<span style=\"color: #ff0000;\">RED<\/span>&#8211;<span style=\"color: #ff00ff;\">Pink<\/span>&#8211;<span style=\"color: #5930ce;\">Purple<\/span><span style=\"color: #3366ff;\">Blue<\/span>&#8211;<span style=\"color: #99cc00;\">Green<\/span><span style=\"color: #ffcc00;\">-Yellow<\/span><\/strong><\/p>\n<p style=\"text-align: center;\"><a href=\"http:\/\/www.imakeyousmile.se\/wp-content\/uploads\/2012\/11\/IMG_4826.jpg\"><img loading=\"lazy\" decoding=\"async\" class=\"aligncenter  wp-image-589\" title=\"IMG_4826\" src=\"http:\/\/www.imakeyousmile.se\/wp-content\/uploads\/2012\/11\/IMG_4826-662x664.jpg\" alt=\"\" width=\"397\" height=\"398\" srcset=\"https:\/\/www.imakeyousmile.se\/wp-content\/uploads\/2012\/11\/IMG_4826-662x664.jpg 662w, https:\/\/www.imakeyousmile.se\/wp-content\/uploads\/2012\/11\/IMG_4826-150x150.jpg 150w, https:\/\/www.imakeyousmile.se\/wp-content\/uploads\/2012\/11\/IMG_4826-298x300.jpg 298w, https:\/\/www.imakeyousmile.se\/wp-content\/uploads\/2012\/11\/IMG_4826-537x540.jpg 537w, https:\/\/www.imakeyousmile.se\/wp-content\/uploads\/2012\/11\/IMG_4826.jpg 976w\" sizes=\"(max-width: 397px) 100vw, 397px\" \/><\/a><\/p>\n<p style=\"text-align: center;\"><em>All eyeshadows are from Eleven 180 Palette.<\/em><\/p>\n<p style=\"text-align: center;\"><span style=\"color: #ffcc00;\"><strong>Yellow<\/strong><\/span> eye shadow in the corner of the eye.<br \/>\n<span style=\"color: #ff6600;\"><strong>Orange<\/strong><\/span> eye shadow on the inside of the eyelid.<br \/>\n<strong><span style=\"color: #ff0000;\">RED<\/span><\/strong> eye shadow in the middle of the eyelid.<br \/>\n<strong><span style=\"color: #ff00ff;\">Pink<\/span><\/strong> eye shadow at the end of the eyelid.<br \/>\n<span style=\"color: #6549b6;\"><strong>Purple<\/strong><\/span> eye shadow at the end of the lower lash line and along the globe line.<br \/>\n<strong><span style=\"color: #3366ff;\">Blue<\/span><\/strong> eye shadow in the middle of the lower lash line.<br \/>\n<strong><span style=\"color: #99cc00;\">Green<\/span><\/strong> eye shadow at the bottom of the lower lash line.<\/p>\n<p style=\"text-align: center;\"><a href=\"http:\/\/www.imakeyousmile.se\/wp-content\/uploads\/2012\/11\/IMG_4845.jpg\"><img loading=\"lazy\" decoding=\"async\" class=\"aligncenter  wp-image-590\" title=\"IMG_4845\" src=\"http:\/\/www.imakeyousmile.se\/wp-content\/uploads\/2012\/11\/IMG_4845-662x1029.jpg\" alt=\"\" width=\"461\" height=\"717\" srcset=\"https:\/\/www.imakeyousmile.se\/wp-content\/uploads\/2012\/11\/IMG_4845-662x1029.jpg 662w, https:\/\/www.imakeyousmile.se\/wp-content\/uploads\/2012\/11\/IMG_4845-193x300.jpg 193w, https:\/\/www.imakeyousmile.se\/wp-content\/uploads\/2012\/11\/IMG_4845-347x540.jpg 347w, https:\/\/www.imakeyousmile.se\/wp-content\/uploads\/2012\/11\/IMG_4845.jpg 1647w\" sizes=\"(max-width: 461px) 100vw, 461px\" \/><\/a><\/p>\n<p style=\"text-align: left;\">Will probably return to this theme, thought it was a bit fun! And it is very &quot;harmonious for the eye&quot; to follow the color circle.<\/p>\n<p>But then maybe put down more than 10 minutes before work;)<\/p>\n<h1 style=\"text-align: center;\"><em>Kiss!<\/em><\/h1>","protected":false},"excerpt":{"rendered":"<p>F\u00f6r att f\u00f6rdjupa mig i g\u00e5rdagens inl\u00e4gg om f\u00e4rgkombinationer, att det \u00e4r \u00e4r enklast att sudda ihop tv\u00e5 f\u00e4rger som ligger bredvid varandra i f\u00e4rgcirkeln, s\u00e5 k\u00e4nde jag mig lite rolig och gjorde en f\u00e4rgcirkel-sminkning med alla f\u00e4rger! F\u00f6rstod ni inte ig\u00e5r s\u00e5 hoppas jag att ni f\u00f6rst\u00e5r nu! :) Gul&#8211;Orange&#8211;R\u00f6d&#8211;Rosa&#8211;Lila-Bl\u00e5&#8211;Gr\u00f6n-Gul Alla \u00f6gonskuggor \u00e4r fr\u00e5n [&hellip;]<\/p>\n","protected":false},"author":30,"featured_media":0,"comment_status":"open","ping_status":"open","sticky":false,"template":"","format":"standard","meta":{"footnotes":""},"categories":[3],"tags":[47,48],"class_list":["post-587","post","type-post","status-publish","format-standard","hentry","category-allmant","tag-fargcirkeln-sminkning","tag-fargglad-sminkning"],"yoast_head":"<!-- This site is optimized with the Yoast SEO Premium plugin v14.9 - https:\/\/yoast.com\/wordpress\/plugins\/seo\/ -->\n<meta name=\"description\" content=\"Sminkning F\u00e4rgcirkeln | Helena Amiley - H\u00e4r hittar du senaste infromation om sk\u00f6nhet, livsstil, entrepren\u00f6rskap, makeup &amp; tips.\" \/>\n<meta name=\"robots\" content=\"index, follow, max-snippet:-1, max-image-preview:large, max-video-preview:-1\" \/>\n<link rel=\"canonical\" href=\"https:\/\/www.imakeyousmile.se\/en\/sminkning-fargcirkeln\/\" \/>\n<meta property=\"og:locale\" content=\"en_US\" \/>\n<meta property=\"og:type\" content=\"article\" \/>\n<meta property=\"og:title\" content=\"Sminkning F\u00e4rgcirkeln | Imakeyousmile.se\" \/>\n<meta property=\"og:description\" content=\"Sminkning F\u00e4rgcirkeln | Helena Amiley - H\u00e4r hittar du senaste infromation om sk\u00f6nhet, livsstil, entrepren\u00f6rskap, makeup &amp; tips.\" \/>\n<meta property=\"og:url\" content=\"https:\/\/www.imakeyousmile.se\/en\/sminkning-fargcirkeln\/\" \/>\n<meta property=\"og:site_name\" content=\"Imakeyousmile.se\" \/>\n<meta property=\"article:author\" content=\"https:\/\/www.facebook.com\/imakeyousmile.se\" \/>\n<meta property=\"article:published_time\" content=\"2012-11-30T07:05:20+00:00\" \/>\n<meta property=\"article:modified_time\" content=\"2012-11-28T17:23:05+00:00\" \/>\n<meta property=\"og:image\" content=\"http:\/\/www.imakeyousmile.se\/wp-content\/uploads\/2012\/11\/fc3a4rgcirkel.jpg\" \/>\n<meta name=\"twitter:card\" content=\"summary_large_image\" \/>\n<script type=\"application\/ld+json\" class=\"yoast-schema-graph\">{\"@context\":\"https:\/\/schema.org\",\"@graph\":[{\"@type\":\"Organization\",\"@id\":\"https:\/\/www.imakeyousmile.se\/en\/#organization\",\"name\":\"Imakeyousmile\",\"url\":\"https:\/\/www.imakeyousmile.se\/en\/\",\"sameAs\":[],\"logo\":{\"@type\":\"ImageObject\",\"@id\":\"https:\/\/www.imakeyousmile.se\/en\/#logo\",\"inLanguage\":\"en-US\",\"url\":\"https:\/\/www.imakeyousmile.se\/wp-content\/uploads\/2020\/10\/HELENA-AMILEY_SVART-1-e1603367975324.png\",\"width\":280,\"height\":93,\"caption\":\"Imakeyousmile\"},\"image\":{\"@id\":\"https:\/\/www.imakeyousmile.se\/en\/#logo\"}},{\"@type\":\"WebSite\",\"@id\":\"https:\/\/www.imakeyousmile.se\/en\/#website\",\"url\":\"https:\/\/www.imakeyousmile.se\/en\/\",\"name\":\"Imakeyousmile.se\",\"description\":\"Helena Amiley - Beauty, Entrepreneur, Lifestyle\",\"publisher\":{\"@id\":\"https:\/\/www.imakeyousmile.se\/en\/#organization\"},\"potentialAction\":[{\"@type\":\"SearchAction\",\"target\":\"https:\/\/www.imakeyousmile.se\/en\/?s={search_term_string}\",\"query-input\":\"required name=search_term_string\"}],\"inLanguage\":\"en-US\"},{\"@type\":\"ImageObject\",\"@id\":\"https:\/\/www.imakeyousmile.se\/sminkning-fargcirkeln\/#primaryimage\",\"inLanguage\":\"en-US\",\"url\":\"http:\/\/www.imakeyousmile.se\/wp-content\/uploads\/2012\/11\/fc3a4rgcirkel.jpg\"},{\"@type\":\"WebPage\",\"@id\":\"https:\/\/www.imakeyousmile.se\/sminkning-fargcirkeln\/#webpage\",\"url\":\"https:\/\/www.imakeyousmile.se\/sminkning-fargcirkeln\/\",\"name\":\"Sminkning F\\u00e4rgcirkeln | Imakeyousmile.se\",\"isPartOf\":{\"@id\":\"https:\/\/www.imakeyousmile.se\/en\/#website\"},\"primaryImageOfPage\":{\"@id\":\"https:\/\/www.imakeyousmile.se\/sminkning-fargcirkeln\/#primaryimage\"},\"datePublished\":\"2012-11-30T07:05:20+00:00\",\"dateModified\":\"2012-11-28T17:23:05+00:00\",\"description\":\"Sminkning F\\u00e4rgcirkeln | Helena Amiley - H\\u00e4r hittar du senaste infromation om sk\\u00f6nhet, livsstil, entrepren\\u00f6rskap, makeup & tips.\",\"inLanguage\":\"en-US\",\"potentialAction\":[{\"@type\":\"ReadAction\",\"target\":[\"https:\/\/www.imakeyousmile.se\/sminkning-fargcirkeln\/\"]}]},{\"@type\":\"Article\",\"@id\":\"https:\/\/www.imakeyousmile.se\/sminkning-fargcirkeln\/#article\",\"isPartOf\":{\"@id\":\"https:\/\/www.imakeyousmile.se\/sminkning-fargcirkeln\/#webpage\"},\"author\":{\"@id\":\"https:\/\/www.imakeyousmile.se\/en\/#\/schema\/person\/b0fd43b1c6bb1c60cfd68bff9b4a10fb\"},\"headline\":\"Sminkning F\\u00e4rgcirkeln\",\"datePublished\":\"2012-11-30T07:05:20+00:00\",\"dateModified\":\"2012-11-28T17:23:05+00:00\",\"mainEntityOfPage\":{\"@id\":\"https:\/\/www.imakeyousmile.se\/sminkning-fargcirkeln\/#webpage\"},\"commentCount\":0,\"publisher\":{\"@id\":\"https:\/\/www.imakeyousmile.se\/en\/#organization\"},\"image\":{\"@id\":\"https:\/\/www.imakeyousmile.se\/sminkning-fargcirkeln\/#primaryimage\"},\"keywords\":\"F\\u00e4rgcirkeln sminkning,F\\u00e4rgglad sminkning\",\"articleSection\":\"\\u00d6vrigt\",\"inLanguage\":\"en-US\",\"potentialAction\":[{\"@type\":\"CommentAction\",\"name\":\"Comment\",\"target\":[\"https:\/\/www.imakeyousmile.se\/sminkning-fargcirkeln\/#respond\"]}]},{\"@type\":\"Person\",\"@id\":\"https:\/\/www.imakeyousmile.se\/en\/#\/schema\/person\/b0fd43b1c6bb1c60cfd68bff9b4a10fb\",\"name\":\"Helena Amiley\",\"image\":{\"@type\":\"ImageObject\",\"@id\":\"https:\/\/www.imakeyousmile.se\/en\/#personlogo\",\"inLanguage\":\"en-US\",\"url\":\"https:\/\/secure.gravatar.com\/avatar\/5645558e1e355457a23368d7e1b4c904?s=96&d=mm&r=g\",\"caption\":\"Helena Amiley\"},\"description\":\"Jag skriver mest om sk\\u00f6nhet men bjuder \\u00e4ven p\\u00e5 glimtar fr\\u00e5n entrepren\\u00f6rlivet och bygget av v\\u00e5r egen camper van. Vanlife here we come!\",\"sameAs\":[\"https:\/\/www.facebook.com\/imakeyousmile.se\",\"https:\/\/www.instagram.com\/helenaamiley\",\"https:\/\/www.youtube.com\/channel\/UCR5iB6rvpV6Yr8ZjpQfr5mg?view_as=subscriber\"]}]}<\/script>\n<!-- \/ Yoast SEO Premium plugin. -->","_links":{"self":[{"href":"https:\/\/www.imakeyousmile.se\/en\/wp-json\/wp\/v2\/posts\/587"}],"collection":[{"href":"https:\/\/www.imakeyousmile.se\/en\/wp-json\/wp\/v2\/posts"}],"about":[{"href":"https:\/\/www.imakeyousmile.se\/en\/wp-json\/wp\/v2\/types\/post"}],"author":[{"embeddable":true,"href":"https:\/\/www.imakeyousmile.se\/en\/wp-json\/wp\/v2\/users\/30"}],"replies":[{"embeddable":true,"href":"https:\/\/www.imakeyousmile.se\/en\/wp-json\/wp\/v2\/comments?post=587"}],"version-history":[{"count":0,"href":"https:\/\/www.imakeyousmile.se\/en\/wp-json\/wp\/v2\/posts\/587\/revisions"}],"wp:attachment":[{"href":"https:\/\/www.imakeyousmile.se\/en\/wp-json\/wp\/v2\/media?parent=587"}],"wp:term":[{"taxonomy":"category","embeddable":true,"href":"https:\/\/www.imakeyousmile.se\/en\/wp-json\/wp\/v2\/categories?post=587"},{"taxonomy":"post_tag","embeddable":true,"href":"https:\/\/www.imakeyousmile.se\/en\/wp-json\/wp\/v2\/tags?post=587"}],"curies":[{"name":"wp","href":"https:\/\/api.w.org\/{rel}","templated":true}]}}